{"id":16876,"date":"2021-07-05T01:19:54","date_gmt":"2021-07-05T04:19:54","guid":{"rendered":"https:\/\/correiodasemana.com\/site\/?p=16876"},"modified":"2021-07-05T01:19:54","modified_gmt":"2021-07-05T04:19:54","slug":"padre-jose-linhares-ponte-lanca-livros-sobre-historia-da-santa-casa-de-misericordia-de-sobral","status":"publish","type":"post","link":"https:\/\/correiodasemana.com\/site\/padre-jose-linhares-ponte-lanca-livros-sobre-historia-da-santa-casa-de-misericordia-de-sobral\/","title":{"rendered":"Padre Jos\u00e9 Linhares Ponte lan\u00e7a livros sobre hist\u00f3ria da Santa Casa de Miseric\u00f3rdia de Sobral"},"content":{"rendered":"<p>Padre Z\u00e9 ainda recebeu uma comenda de agradecimento pelos 33 anos de dedica\u00e7\u00e3o ao desenvolvimento do hospital, pelas m\u00e3os do bispo da Diocese de Sobral e provedor do Complexo Santa Casa de Sobral, Dom Jos\u00e9 Luiz Gomes de Vasconcelos.<\/p>\n<p>Por Henrique Brito<\/p>\n<p>\u201cDedico esta obra a todos os pacientes que receberam e recebem da Santa Casa de Miseric\u00f3rdia de Sobral o al\u00edvio corporal e espiritual \u00e0s suas dores e doen\u00e7as\u201d, \u00e9 com essa dedicat\u00f3ria que Padre Jos\u00e9 Linhares Ponte inicia os dois volumes de seu livro\u00a0\u201cA Hist\u00f3ria da Santa Casa de Miseric\u00f3rdia de Sobral\u201d, lan\u00e7ados no s\u00e1bado (26\/06) em uma solenidade que aconteceu no audit\u00f3rio da institui\u00e7\u00e3o da qual ele foi administrador por 33 anos, e que com 96 anos de exist\u00eancia acolhe todos os munic\u00edpios da regi\u00e3o norte do estado do Cear\u00e1, estendendo sua a\u00e7\u00e3o a Estados vizinhos como Piau\u00ed e Maranh\u00e3o.<br \/>\nA solenidade de lan\u00e7amento seguiu os protocolos de seguran\u00e7a no combate \u00e0 Covid-19, e contou com a presen\u00e7a da dire\u00e7\u00e3o-geral do hospital, de m\u00e9dicos e amigos do autor, e de membros da sociedade sobralense. Na ocasi\u00e3o, a mesa de honra foi formada pelo bispo da Diocese de Sobral e provedor do Complexo Santa Casa, Dom Jos\u00e9 Luiz Gomes de Vasconcelos, pelo diretor-geral do Complexo Santa Casa, Klebson Carvalho Soares, pela religiosa Filha de Sant\u2019Ana, Irm\u00e3 Ana Expedita de Jesus Oliveira Lopes, pela diretora de Enfermagem do Complexo Santa Casa, Dra. Maria da Concei\u00e7\u00e3o Nunes da Silva, e pelo diretor t\u00e9cnico do Hospital do Cora\u00e7\u00e3o de Sobral, Dr. Joaquim David Carneiro Neto. A apresenta\u00e7\u00e3o da obra foi realizada pelo m\u00e9dico Dr. Evangelista da Ponte, que explicou os principais temas abordados pelo autor, e como est\u00e1 dividida a hist\u00f3ria.<br \/>\nNa ocasi\u00e3o, o autor dos livros ainda recebeu uma comenda de agradecimento pelos 33 anos de dedica\u00e7\u00e3o ao desenvolvimento do hospital, pelas m\u00e3os do bispo da Diocese de Sobral, Dom Jos\u00e9 Luiz Gomes de Vasconcelos. Emocionado, Padre Z\u00e9 revelou o sentimento por tr\u00e1s de produzir os livros:\u00a0\u201cQuem n\u00e3o guarda a sua mem\u00f3ria, perde a sua hist\u00f3ria. \u00c9 o que tem nesses livros. Em uma mod\u00e9stia muito pessoal gostaria de deixar isso agregado \u00e0 bel\u00edssima hist\u00f3ria de Sobral. Esta obra tem uma pequena parcela desse hospital que sempre recebeu Jesus Cristo. Nesses corredores transita o Senhor Jesus, que est\u00e1 presente junto \u00e0 b\u00ean\u00e7\u00e3o da m\u00e3e Nossa Senhora Auxiliadora\u201d, enfatiza.<br \/>\nOs Livros<br \/>\nO Volume I do livro \u201cA Hist\u00f3ria da Santa Casa de Miseric\u00f3rdia de Sobral\u201d aborda aspectos hist\u00f3ricos como a origem e inaugura\u00e7\u00e3o do hospital, a forma\u00e7\u00e3o da mesa administrativa, descri\u00e7\u00e3o do pr\u00e9dio, os primeiros aparelhos cir\u00fargicos, al\u00e9m da hist\u00f3ria das religiosas Filhas de Sant\u2019Ana que est\u00e3o presentes desde o in\u00edcio da obra.\u00a0\u201cPadre Z\u00e9 dividiu muito bem a hist\u00f3ria dessa institui\u00e7\u00e3o por meio daquilo que lhe rege \u2013 sonho, saga e sacramental\u201d, relata o m\u00e9dico Dr. Jo\u00e3o Evangelista da Ponte.<br \/>\nNo volume II, Padre Z\u00e9 apresenta os objetos que ressaltam o valor e import\u00e2ncia que a institui\u00e7\u00e3o possui. A hist\u00f3ria passa pela entroniza\u00e7\u00e3o da bandeira do hospital, o hino da Santa Casa, a medalha Dom Jos\u00e9, os projetos desenvolvidos durante sua administra\u00e7\u00e3o, bem como alguns relatos sobre o corpo cl\u00ednico da \u00e9poca.<br \/>\nTestemunha e protagonista<br \/>\nPara o diretor-geral do Complexo Santa Casa de Miseric\u00f3rdia de Sobral, Klebson Carvalho Soares, o momento de lan\u00e7amento dos livros escritos por Padre Z\u00e9 foi especial para a institui\u00e7\u00e3o.\u00a0\u201cPadre Z\u00e9 escreveu dois livros que contam a hist\u00f3ria da Santa Casa. Esse homem fez e continua fazendo a diferen\u00e7a na vida das pessoas. A Santa Casa estende a m\u00e3e a todas as pessoas, principalmente \u00e0s mais necessitadas\u201d, destaca.<br \/>\nO bispo da Diocese de Sobral e provedor do Complexo Santa Casa Dom Jos\u00e9 Luiz Gomes de Vasconcelos, ressaltou o papel da Igreja como detentora do m\u00e9rito de preceder o Estado e oferecer dedica\u00e7\u00e3o aos enfermos, fundando hospitais, educando crian\u00e7as adolescentes e adultos, e acolhendo pessoas e situa\u00e7\u00f5es vulner\u00e1veis com a cria\u00e7\u00e3o de abrigos e orfanatos.\u00a0\u201cEm Sobral n\u00e3o foi diferente, e seu primeiro pastor, Dom Jos\u00e9 Tupinamb\u00e1 da Frota, cumpriu com zelo sua miss\u00e3o apost\u00f3lica. Os anos se passaram e as obras de Deus constru\u00eddas com as m\u00e3os de Dom Jos\u00e9 permanecem de p\u00e9, destacando-se a Santa Casa de Miseric\u00f3rdia de Sobral, cuja hist\u00f3ria nosso querido Padre Z\u00e9 \u00e9 testemunha ocular e protagonista\u201d, detalha o bispo.<br \/>\nEmo\u00e7\u00e3o e pedido<br \/>\nPadre Z\u00e9 estava emocionado desde o momento em que entrou na Santa Casa.\u00a0\u201cFico emocionado toda vez que boto os p\u00e9s nos solos dessa institui\u00e7\u00e3o. Derramei suor, sangue e l\u00e1grimas para construir este hospital. Estive aqui por 33 anos, e voltar aqui sempre far\u00e1 barulho no meu cora\u00e7\u00e3o\u201d, aponta o ex-administrador.<br \/>\nAo final de sua fala, depois de agradecer a todos que contribu\u00edram para que suas obras ganhassem vida, Padre Z\u00e9 realizou um convite especial aos presentes:\u00a0\u201cA Santa Casa foi feita com a inten\u00e7\u00e3o de agasalhar, acolher, proporcionar ternura e afeto ao povo da nossa regi\u00e3o. Lembrem-se que essa casa \u00e9 uma Casa Santa. Quando voc\u00eas encontrarem algu\u00e9m com gotas de sangue, enxugai-as. Quando encontrarem pessoas com l\u00e1grimas , enxugai-as, quando encontrarem pessoas com suor, sejam generosos, estendam a m\u00e3o. Enxuguem as l\u00e1grimas e os sangues, porque atr\u00e1s de voc\u00eas est\u00e1 o Cristo Jesus, que pelas vossas m\u00e3os salva os que mais sofrem\u201d, conclui o emocionado autor das mem\u00f3rias da Santa Casa.<\/p>\n<p>Biografia Padre Z\u00e9<br \/>\nPadre Jos\u00e9 Linhares Ponte nasceu em Sobral no dia 21 de outubro de 1930, filho de Francisco Jacinto Ferreira da Ponte e Maria Linhares. Concluiu os cursos de Filosofia Plena na Universidade Federal do Piau\u00ed e de Teologia no Semin\u00e1rio Arquidiocesano de Fortaleza. Ordenou-se e recebeu a ordem do presbiterado das m\u00e3os de Dom Jos\u00e9 Tupinamb\u00e1 da Frota.<br \/>\nExerceu v\u00e1rios cargos na Diocese de Sobral, nomeado por bispos diocesanos. Assumiu a dire\u00e7\u00e3o do Col\u00e9gio Sobralense e a provedoria da Santa Casa de Sobral, sendo nomeado, dois anos depois, como administrador do hospital.<br \/>\nFoi professor de Ci\u00eancias Religiosas e Psicologia na Faculdade de Filosofia Dom Jos\u00e9, ministrou aulas de Pastoral Hospitalar na Faculdade de Enfermagem e Obstetr\u00edcia da UVA. Colaborou e presidiu v\u00e1rios \u00f3rg\u00e3os da sociedade civil, nacionais e internacionais. Foi reeleito Deputado Federal em seis legislaturas e presidiu o Conselho Estadual de Educa\u00e7\u00e3o do Estado do Cear\u00e1.<br \/>\n&#8212;<br \/>\nSanta Casa de Miseric\u00f3rdia de Sobral &#8211; Assessoria de Comunica\u00e7\u00e3o &#8211; Thais Menezes\/ Henrique Brito\/ Domingos Jr.<\/p>\n<p><img fetchpriority=\"high\" decoding=\"async\" class=\"alignleft size-medium wp-image-16877\" src=\"https:\/\/correiodasemana.com\/site\/wp-content\/uploads\/2021\/07\/padre-ze-lanca-livro-sobre-a-historia-da-santa-casa-de-sobral-1-300x201.jpg\" alt=\"\" width=\"300\" height=\"201\" srcset=\"https:\/\/correiodasemana.com\/site\/wp-content\/uploads\/2021\/07\/padre-ze-lanca-livro-sobre-a-historia-da-santa-casa-de-sobral-1-300x201.jpg 300w, https:\/\/correiodasemana.com\/site\/wp-content\/uploads\/2021\/07\/padre-ze-lanca-livro-sobre-a-historia-da-santa-casa-de-sobral-1.jpg 724w\" sizes=\"(max-width: 300px) 100vw, 300px\" \/> <img decoding=\"async\" class=\"alignleft size-medium wp-image-16878\" src=\"https:\/\/correiodasemana.com\/site\/wp-content\/uploads\/2021\/07\/padre-ze-lanca-livro-sobre-a-historia-da-santa-casa-de-sobral-2-300x201.jpg\" alt=\"\" width=\"300\" height=\"201\" srcset=\"https:\/\/correiodasemana.com\/site\/wp-content\/uploads\/2021\/07\/padre-ze-lanca-livro-sobre-a-historia-da-santa-casa-de-sobral-2-300x201.jpg 300w, https:\/\/correiodasemana.com\/site\/wp-content\/uploads\/2021\/07\/padre-ze-lanca-livro-sobre-a-historia-da-santa-casa-de-sobral-2.jpg 724w\" sizes=\"(max-width: 300px) 100vw, 300px\" \/> <img decoding=\"async\" class=\"alignleft size-medium wp-image-16879\" src=\"https:\/\/correiodasemana.com\/site\/wp-content\/uploads\/2021\/07\/padre-ze-lanca-livro-sobre-a-historia-da-santa-casa-de-sobral-3-300x201.jpg\" alt=\"\" width=\"300\" height=\"201\" srcset=\"https:\/\/correiodasemana.com\/site\/wp-content\/uploads\/2021\/07\/padre-ze-lanca-livro-sobre-a-historia-da-santa-casa-de-sobral-3-300x201.jpg 300w, https:\/\/correiodasemana.com\/site\/wp-content\/uploads\/2021\/07\/padre-ze-lanca-livro-sobre-a-historia-da-santa-casa-de-sobral-3.jpg 724w\" sizes=\"(max-width: 300px) 100vw, 300px\" \/> <img loading=\"lazy\" decoding=\"async\" class=\"alignleft size-medium wp-image-16880\" src=\"https:\/\/correiodasemana.com\/site\/wp-content\/uploads\/2021\/07\/padre-ze-lanca-livro-sobre-a-historia-da-santa-casa-de-sobral-4-300x201.jpg\" alt=\"\" width=\"300\" height=\"201\" srcset=\"https:\/\/correiodasemana.com\/site\/wp-content\/uploads\/2021\/07\/padre-ze-lanca-livro-sobre-a-historia-da-santa-casa-de-sobral-4-300x201.jpg 300w, https:\/\/correiodasemana.com\/site\/wp-content\/uploads\/2021\/07\/padre-ze-lanca-livro-sobre-a-historia-da-santa-casa-de-sobral-4.jpg 724w\" sizes=\"(max-width: 300px) 100vw, 300px\" \/><\/p>\n","protected":false},"excerpt":{"rendered":"<p>Padre Z\u00e9 ainda recebeu uma comenda de agradecimento pelos 33 anos de dedica\u00e7\u00e3o ao desenvolvimento&#8230;<\/p>\n","protected":false},"author":1,"featured_media":16880,"comment_status":"open","ping_status":"open","sticky":false,"template":"","format":"standard","meta":{"_jetpack_memberships_contains_paid_content":false,"footnotes":"","jetpack_publicize_message":"","jetpack_publicize_feature_enabled":true,"jetpack_social_post_already_shared":true,"jetpack_social_options":{"image_generator_settings":{"template":"highway","default_image_id":0,"font":"","enabled":false},"version":2}},"categories":[1],"tags":[],"class_list":["post-16876","post","type-post","status-publish","format-standard","has-post-thumbnail","hentry","category-atualidade"],"jetpack_publicize_connections":[],"jetpack_featured_media_url":"https:\/\/correiodasemana.com\/site\/wp-content\/uploads\/2021\/07\/padre-ze-lanca-livro-sobre-a-historia-da-santa-casa-de-sobral-4.jpg","jetpack-related-posts":[{"id":24967,"url":"https:\/\/correiodasemana.com\/site\/santa-casa-de-misericordia-de-sobral-comemora-98-anos-de-historia\/","url_meta":{"origin":16876,"position":0},"title":"Santa Casa de Miseric\u00f3rdia de Sobral comemora 98 anos de hist\u00f3ria","author":"","date":"Maio 30, 2023","format":false,"excerpt":"Com 98 anos de hist\u00f3ria, a Santa Casa de Miseric\u00f3rdia de Sobral promoveu uma s\u00e9rie de eventos comemorativos durante a \u00faltima semana. Neste s\u00e1bado (27\/05), foi realizada a solenidade de encerramento das comemora\u00e7\u00f5es de anivers\u00e1rio. A ocasi\u00e3o contou com a presen\u00e7a do ex-administrador da institui\u00e7\u00e3o, Padre Jos\u00e9 Linhares Ponte que\u2026","rel":"","context":"In &quot;Atualidade&quot;","block_context":{"text":"Atualidade","link":"https:\/\/correiodasemana.com\/site\/category\/atualidade\/"},"img":{"alt_text":"","src":"https:\/\/i0.wp.com\/correiodasemana.com\/site\/wp-content\/uploads\/2023\/05\/Snapinsta.app_349572578_1440148436802954_6680664736749739937_n_1024.jpg?resize=350%2C200&ssl=1","width":350,"height":200,"srcset":"https:\/\/i0.wp.com\/correiodasemana.com\/site\/wp-content\/uploads\/2023\/05\/Snapinsta.app_349572578_1440148436802954_6680664736749739937_n_1024.jpg?resize=350%2C200&ssl=1 1x, https:\/\/i0.wp.com\/correiodasemana.com\/site\/wp-content\/uploads\/2023\/05\/Snapinsta.app_349572578_1440148436802954_6680664736749739937_n_1024.jpg?resize=525%2C300&ssl=1 1.5x, https:\/\/i0.wp.com\/correiodasemana.com\/site\/wp-content\/uploads\/2023\/05\/Snapinsta.app_349572578_1440148436802954_6680664736749739937_n_1024.jpg?resize=700%2C400&ssl=1 2x, https:\/\/i0.wp.com\/correiodasemana.com\/site\/wp-content\/uploads\/2023\/05\/Snapinsta.app_349572578_1440148436802954_6680664736749739937_n_1024.jpg?resize=1050%2C600&ssl=1 3x"},"classes":[]},{"id":16984,"url":"https:\/\/correiodasemana.com\/site\/a-santa-casa-pelo-padre-ze-linhares\/","url_meta":{"origin":16876,"position":1},"title":"A Santa Casa pelo Padre Z\u00e9 Linhares\u00a0","author":"","date":"Julho 12, 2021","format":false,"excerpt":"O t\u00edtulo desta coluna que hoje ser\u00e1 maior que o habitual, tem sentido amplo. Referiremos \u00e0 publica\u00e7\u00e3o do livro enciclop\u00e9dico e hist\u00f3rico em dois volumes escrito pelo Padre Jos\u00e9 Linhares Ponte, nosso querido Padre Z\u00e9: \u201cA Hist\u00f3ria da Santa Casa de Miseric\u00f3rdia de Sobral: Sonho, Saga, Sacramental (Mist\u00e9rio e Milagre)\u201d.\u2026","rel":"","context":"In &quot;Artigos&quot;","block_context":{"text":"Artigos","link":"https:\/\/correiodasemana.com\/site\/category\/artigos\/"},"img":{"alt_text":"","src":"https:\/\/i0.wp.com\/correiodasemana.com\/site\/wp-content\/uploads\/2019\/07\/Jose%CC%81-1.jpg?resize=350%2C200&ssl=1","width":350,"height":200,"srcset":"https:\/\/i0.wp.com\/correiodasemana.com\/site\/wp-content\/uploads\/2019\/07\/Jose%CC%81-1.jpg?resize=350%2C200&ssl=1 1x, https:\/\/i0.wp.com\/correiodasemana.com\/site\/wp-content\/uploads\/2019\/07\/Jose%CC%81-1.jpg?resize=525%2C300&ssl=1 1.5x, https:\/\/i0.wp.com\/correiodasemana.com\/site\/wp-content\/uploads\/2019\/07\/Jose%CC%81-1.jpg?resize=700%2C400&ssl=1 2x"},"classes":[]},{"id":33905,"url":"https:\/\/correiodasemana.com\/site\/dom-vasconcelos-preside-missa-solene-que-marca-centenario-da-santa-casa-de-misericordia-de-sobral\/","url_meta":{"origin":16876,"position":2},"title":"Dom Vasconcelos preside Missa Solene que marca centen\u00e1rio da Santa Casa de Miseric\u00f3rdia de Sobral","author":"adminredacao","date":"Junho 3, 2025","format":false,"excerpt":"Ap\u00f3s a celebra\u00e7\u00e3o foi descerrada a placa comemorativa alusiva os 100 anos do hospital Em clima de f\u00e9, gratid\u00e3o e emo\u00e7\u00e3o, a Santa Casa de Miseric\u00f3rdia de Sobral celebrou, na sexta- feira ( 23\/05 ) uma Missa Solene em a\u00e7\u00e3o de gra\u00e7as pelos seus 100 anos de hist\u00f3ria. A cerim\u00f4nia\u2026","rel":"","context":"In &quot;Atualidade&quot;","block_context":{"text":"Atualidade","link":"https:\/\/correiodasemana.com\/site\/category\/atualidade\/"},"img":{"alt_text":"","src":"https:\/\/i0.wp.com\/correiodasemana.com\/site\/wp-content\/uploads\/2025\/06\/100-anos-santa-casa-2.jpeg?resize=350%2C200&ssl=1","width":350,"height":200,"srcset":"https:\/\/i0.wp.com\/correiodasemana.com\/site\/wp-content\/uploads\/2025\/06\/100-anos-santa-casa-2.jpeg?resize=350%2C200&ssl=1 1x, https:\/\/i0.wp.com\/correiodasemana.com\/site\/wp-content\/uploads\/2025\/06\/100-anos-santa-casa-2.jpeg?resize=525%2C300&ssl=1 1.5x, https:\/\/i0.wp.com\/correiodasemana.com\/site\/wp-content\/uploads\/2025\/06\/100-anos-santa-casa-2.jpeg?resize=700%2C400&ssl=1 2x, https:\/\/i0.wp.com\/correiodasemana.com\/site\/wp-content\/uploads\/2025\/06\/100-anos-santa-casa-2.jpeg?resize=1050%2C600&ssl=1 3x, https:\/\/i0.wp.com\/correiodasemana.com\/site\/wp-content\/uploads\/2025\/06\/100-anos-santa-casa-2.jpeg?resize=1400%2C800&ssl=1 4x"},"classes":[]},{"id":32688,"url":"https:\/\/correiodasemana.com\/site\/panegirico-ao-academico-conego-jose-linhares-ponte-na-sessao-de-saudade-da-academia-sobralense-de-estudos-e-letras-asel\/","url_meta":{"origin":16876,"position":3},"title":"Paneg\u00edrico ao Acad\u00eamico C\u00f4nego Jos\u00e9 Linhares Ponte na Sess\u00e3o de Saudade da Academia Sobralense de Estudos e Letras \u2013 ASEL.","author":"adminredacao","date":"Fevereiro 25, 2025","format":false,"excerpt":"Saudade... Hoje, no rito acad\u00eamico iniciado l\u00e1 nos idos de 1635, pelo Cardeal Richelieu, na Fran\u00e7a, tecemos a mem\u00f3ria de um confrade que partiu para a eternidade. E, contritamente, nos unimos para enaltecer sua passagem pela terra e sua presen\u00e7a entre n\u00f3s. Ele \u00e9 imortal. A condi\u00e7\u00e3o de imortal n\u00e3o\u2026","rel":"","context":"In &quot;Atualidade&quot;","block_context":{"text":"Atualidade","link":"https:\/\/correiodasemana.com\/site\/category\/atualidade\/"},"img":{"alt_text":"","src":"https:\/\/i0.wp.com\/correiodasemana.com\/site\/wp-content\/uploads\/2025\/02\/Prof.-Luis-Lira-e-Padre-Jose-Linhares.jpg?resize=350%2C200&ssl=1","width":350,"height":200,"srcset":"https:\/\/i0.wp.com\/correiodasemana.com\/site\/wp-content\/uploads\/2025\/02\/Prof.-Luis-Lira-e-Padre-Jose-Linhares.jpg?resize=350%2C200&ssl=1 1x, https:\/\/i0.wp.com\/correiodasemana.com\/site\/wp-content\/uploads\/2025\/02\/Prof.-Luis-Lira-e-Padre-Jose-Linhares.jpg?resize=525%2C300&ssl=1 1.5x, https:\/\/i0.wp.com\/correiodasemana.com\/site\/wp-content\/uploads\/2025\/02\/Prof.-Luis-Lira-e-Padre-Jose-Linhares.jpg?resize=700%2C400&ssl=1 2x, https:\/\/i0.wp.com\/correiodasemana.com\/site\/wp-content\/uploads\/2025\/02\/Prof.-Luis-Lira-e-Padre-Jose-Linhares.jpg?resize=1050%2C600&ssl=1 3x"},"classes":[]},{"id":32148,"url":"https:\/\/correiodasemana.com\/site\/conego-jose-linhares-ponte-decano-da-diocese-de-sobral-morre-aos-94-anos\/","url_meta":{"origin":16876,"position":4},"title":"C\u00f4nego Jos\u00e9 Linhares Ponte, decano da Diocese de Sobral, morre aos 94 anos","author":"adminredacao","date":"Janeiro 15, 2025","format":false,"excerpt":"A popula\u00e7\u00e3o cearense recebeu com muita como\u00e7\u00e3o a not\u00edcia do falecimento do C\u00f4nego Jos\u00e9 Linhares Ponte, decano da Diocese de Sobral e ex-deputado federal, ocorrido na \u00faltima quarta-feira, 08 de janeiro, em Fortaleza\/CE. O ex-parlamentar estava internado na Unidade de Terapia Intensiva (UTI) do Hospital Monte Klinikum desde o dia\u2026","rel":"","context":"In &quot;Atualidade&quot;","block_context":{"text":"Atualidade","link":"https:\/\/correiodasemana.com\/site\/category\/atualidade\/"},"img":{"alt_text":"","src":"https:\/\/i0.wp.com\/correiodasemana.com\/site\/wp-content\/uploads\/2021\/07\/padre-ze-lanca-livro-sobre-a-historia-da-santa-casa-de-sobral-1.jpg?resize=350%2C200&ssl=1","width":350,"height":200,"srcset":"https:\/\/i0.wp.com\/correiodasemana.com\/site\/wp-content\/uploads\/2021\/07\/padre-ze-lanca-livro-sobre-a-historia-da-santa-casa-de-sobral-1.jpg?resize=350%2C200&ssl=1 1x, https:\/\/i0.wp.com\/correiodasemana.com\/site\/wp-content\/uploads\/2021\/07\/padre-ze-lanca-livro-sobre-a-historia-da-santa-casa-de-sobral-1.jpg?resize=525%2C300&ssl=1 1.5x, https:\/\/i0.wp.com\/correiodasemana.com\/site\/wp-content\/uploads\/2021\/07\/padre-ze-lanca-livro-sobre-a-historia-da-santa-casa-de-sobral-1.jpg?resize=700%2C400&ssl=1 2x"},"classes":[]},{"id":32254,"url":"https:\/\/correiodasemana.com\/site\/tributo-ao-conego-jose-linhares-ponte\/","url_meta":{"origin":16876,"position":5},"title":"Tributo ao C\u00f4nego Jos\u00e9 Linhares Ponte","author":"adminredacao","date":"Janeiro 16, 2025","format":false,"excerpt":"O Papa Francisco nos ensina que \u201cO sacerdote \u00e9 convidado, antes de mais nada, a cultivar a proximidade, a intimidade com Deus, e desta rela\u00e7\u00e3o poder\u00e1 haurir todas as for\u00e7as necess\u00e1rias para o seu minist\u00e9rio\u201d. A mola mestra da f\u00e9 crist\u00e3 \u00e9 a ressurrei\u00e7\u00e3o e nos momentos de despedida, cabe-nos\u2026","rel":"","context":"In &quot;A voz do Pastor&quot;","block_context":{"text":"A voz do Pastor","link":"https:\/\/correiodasemana.com\/site\/category\/a-voz-do-pastor\/"},"img":{"alt_text":"","src":"https:\/\/i0.wp.com\/correiodasemana.com\/site\/wp-content\/uploads\/2024\/04\/Dom-Jose-Luiz-Gomes-Vasconcelos-bispo-diocesano-de-Sobral.jpeg?resize=350%2C200&ssl=1","width":350,"height":200,"srcset":"https:\/\/i0.wp.com\/correiodasemana.com\/site\/wp-content\/uploads\/2024\/04\/Dom-Jose-Luiz-Gomes-Vasconcelos-bispo-diocesano-de-Sobral.jpeg?resize=350%2C200&ssl=1 1x, https:\/\/i0.wp.com\/correiodasemana.com\/site\/wp-content\/uploads\/2024\/04\/Dom-Jose-Luiz-Gomes-Vasconcelos-bispo-diocesano-de-Sobral.jpeg?resize=525%2C300&ssl=1 1.5x, https:\/\/i0.wp.com\/correiodasemana.com\/site\/wp-content\/uploads\/2024\/04\/Dom-Jose-Luiz-Gomes-Vasconcelos-bispo-diocesano-de-Sobral.jpeg?resize=700%2C400&ssl=1 2x, https:\/\/i0.wp.com\/correiodasemana.com\/site\/wp-content\/uploads\/2024\/04\/Dom-Jose-Luiz-Gomes-Vasconcelos-bispo-diocesano-de-Sobral.jpeg?resize=1050%2C600&ssl=1 3x"},"classes":[]}],"jetpack_sharing_enabled":true,"_links":{"self":[{"href":"https:\/\/correiodasemana.com\/site\/wp-json\/wp\/v2\/posts\/16876","targetHints":{"allow":["GET"]}}],"collection":[{"href":"https:\/\/correiodasemana.com\/site\/wp-json\/wp\/v2\/posts"}],"about":[{"href":"https:\/\/correiodasemana.com\/site\/wp-json\/wp\/v2\/types\/post"}],"author":[{"embeddable":true,"href":"https:\/\/correiodasemana.com\/site\/wp-json\/wp\/v2\/users\/1"}],"replies":[{"embeddable":true,"href":"https:\/\/correiodasemana.com\/site\/wp-json\/wp\/v2\/comments?post=16876"}],"version-history":[{"count":1,"href":"https:\/\/correiodasemana.com\/site\/wp-json\/wp\/v2\/posts\/16876\/revisions"}],"predecessor-version":[{"id":16881,"href":"https:\/\/correiodasemana.com\/site\/wp-json\/wp\/v2\/posts\/16876\/revisions\/16881"}],"wp:featuredmedia":[{"embeddable":true,"href":"https:\/\/correiodasemana.com\/site\/wp-json\/wp\/v2\/media\/16880"}],"wp:attachment":[{"href":"https:\/\/correiodasemana.com\/site\/wp-json\/wp\/v2\/media?parent=16876"}],"wp:term":[{"taxonomy":"category","embeddable":true,"href":"https:\/\/correiodasemana.com\/site\/wp-json\/wp\/v2\/categories?post=16876"},{"taxonomy":"post_tag","embeddable":true,"href":"https:\/\/correiodasemana.com\/site\/wp-json\/wp\/v2\/tags?post=16876"}],"curies":[{"name":"wp","href":"https:\/\/api.w.org\/{rel}","templated":true}]}}