{"id":16886,"date":"2021-07-05T01:27:50","date_gmt":"2021-07-05T04:27:50","guid":{"rendered":"https:\/\/correiodasemana.com\/site\/?p=16886"},"modified":"2021-07-05T01:27:50","modified_gmt":"2021-07-05T04:27:50","slug":"celebrada-missa-de-acolhida-ao-novo-vigario-paroquial-da-paroquia-de-nossa-senhora-do-perpetuo-socorro","status":"publish","type":"post","link":"https:\/\/correiodasemana.com\/site\/celebrada-missa-de-acolhida-ao-novo-vigario-paroquial-da-paroquia-de-nossa-senhora-do-perpetuo-socorro\/","title":{"rendered":"Celebrada Missa de Acolhida ao novo Vig\u00e1rio Paroquial da Par\u00f3quia de Nossa Senhora do Perp\u00e9tuo Socorro"},"content":{"rendered":"<p>Por Samuel Carvalho Reda\u00e7\u00e3o Correio da Semana<br \/>\nNo \u00faltimo domingo (27), foi celebrada a missa de acolhida ao Padre Ronaldo Marques, novo vig\u00e1rio paroquial da Par\u00f3quia de Nossa Senhora do Perp\u00e9tuo Socorro em Massap\u00ea. A missa foi presida pelo Bispo diocesano Dom Vasconcelos \u00e0s 18h00 na igreja matriz da cidade. Toda celebra\u00e7\u00e3o foi realizada mantendo medidas sanit\u00e1rias de distanciamento social e transmitida ao vivo no facebook da Diocese.<br \/>\nA ocis\u00e3o tamb\u00e9m foi concelebrada pelos Pe. Marcos Neves (P\u00e1roco da Par\u00f3quia Nossa Senhora do Perp\u00e9tuo Socorro), Pe. Gerson Luiz (P\u00e1roco da Par\u00f3quia S\u00e3o Francisco de Assis &#8211; Forquilha\/CE) e Pe. Ronaldo Marques (Vig\u00e1rio Paroquial). \u201cHoje a par\u00f3quia de Massap\u00ea, que teve a tristeza de perder o seu vig\u00e1rio paroquial para o covid-19, tem a alegra de receber o novo cooperador do Padre Marcos Neves, aquele que ser\u00e1 o vig\u00e1rio paroquial, Padre Ronaldo Marques\u201d falou Dom Vasconcelos. Durante a missa foi lida a previs\u00e3o can\u00f4nica que oficializou o padre no cargo paroquial.<br \/>\nNa homilia, o bispo fez mem\u00f3ria da partida do Padre Mailson, sepultado h\u00e1 30 dias na data da missa. \u201cTemos passado por grandes sofrimentos, essa pandemia que assolou a humanidade inteira em todos os pa\u00edses do mundo nos deixou com grande dor no cora\u00e7\u00e3o. Tem nos feito refletir sobre o sentido da vida e sobre o sentido da morte. Ainda n\u00e3o me saiu da mem\u00f3ria aquele dia, h\u00e1 30 dias atr\u00e1s quando sepultamos padre Mailson\u201d, relatou emocionado Dom Vasconcelos.<br \/>\nTamb\u00e9m foi realizada a investidura dos Ministros Extraordin\u00e1rios da Sagrada Comunh\u00e3o. Os ministros realizaram votos durante e receberam a aspers\u00e3o com \u00e1gua benta das vestes de cada um deles. Tamb\u00e9m receberam uma ben\u00e7\u00e3o com imposi\u00e7\u00e3o de m\u00e3os do bispo e foram vestidos com suas vestes apropriadas.<br \/>\nAo fim da missa, o novo vig\u00e1rio paroquial foi acolhido por seus paroquianos onde recebeu uma manifesta\u00e7\u00e3o de boas-vindas, assim como um discurso que apresentou as comunidades que a par\u00f3quia de Nossa Senhora do Perp\u00e9tuo Socorro abrange. \u201cExplicar a minha miss\u00e3o \u00e9 tempo de gra\u00e7as, de ben\u00e7\u00e3o, de amor e alegria \u00e0 igreja de Cristo e ao povo de Deus. Quando eu recebia o convite de Dom Vasconcelos j\u00e1 no aguardo imediato do meu sim eu disse para ele em seguida a mesma inquietude que tinha em meu cora\u00e7\u00e3o antes de ser ordenado di\u00e1cono: eu n\u00e3o procuro lugar, eu procuro Jesus Cristo\u201d, disse Padre Ronaldo em seu discurso de agradecimento onde deixou claro que veio para somar com amor e alegria na par\u00f3quia.<\/p>\n<p><img decoding=\"async\" class=\"alignleft size-medium wp-image-16887\" src=\"https:\/\/correiodasemana.com\/site\/wp-content\/uploads\/2021\/07\/missa-para-novo-vigario-1-300x157.jpg\" alt=\"\" width=\"300\" height=\"157\" srcset=\"https:\/\/correiodasemana.com\/site\/wp-content\/uploads\/2021\/07\/missa-para-novo-vigario-1-300x157.jpg 300w, https:\/\/correiodasemana.com\/site\/wp-content\/uploads\/2021\/07\/missa-para-novo-vigario-1.jpg 750w\" sizes=\"(max-width: 300px) 100vw, 300px\" \/> <img fetchpriority=\"high\" decoding=\"async\" class=\"alignleft size-medium wp-image-16888\" src=\"https:\/\/correiodasemana.com\/site\/wp-content\/uploads\/2021\/07\/missa-para-novo-vigario-2-240x300.jpg\" alt=\"\" width=\"240\" height=\"300\" srcset=\"https:\/\/correiodasemana.com\/site\/wp-content\/uploads\/2021\/07\/missa-para-novo-vigario-2-240x300.jpg 240w, https:\/\/correiodasemana.com\/site\/wp-content\/uploads\/2021\/07\/missa-para-novo-vigario-2.jpg 640w\" sizes=\"(max-width: 240px) 100vw, 240px\" \/> <img decoding=\"async\" class=\"alignleft size-medium wp-image-16889\" src=\"https:\/\/correiodasemana.com\/site\/wp-content\/uploads\/2021\/07\/missa-para-novo-vigario-3-300x157.jpg\" alt=\"\" width=\"300\" height=\"157\" srcset=\"https:\/\/correiodasemana.com\/site\/wp-content\/uploads\/2021\/07\/missa-para-novo-vigario-3-300x157.jpg 300w, https:\/\/correiodasemana.com\/site\/wp-content\/uploads\/2021\/07\/missa-para-novo-vigario-3.jpg 750w\" sizes=\"(max-width: 300px) 100vw, 300px\" \/><\/p>\n","protected":false},"excerpt":{"rendered":"<p>Por Samuel Carvalho Reda\u00e7\u00e3o Correio da Semana No \u00faltimo domingo (27), foi celebrada a missa&#8230;<\/p>\n","protected":false},"author":1,"featured_media":16889,"comment_status":"open","ping_status":"open","sticky":false,"template":"","format":"standard","meta":{"_jetpack_memberships_contains_paid_content":false,"footnotes":"","jetpack_publicize_message":"","jetpack_publicize_feature_enabled":true,"jetpack_social_post_already_shared":true,"jetpack_social_options":{"image_generator_settings":{"template":"highway","default_image_id":0,"font":"","enabled":false},"version":2}},"categories":[1],"tags":[],"class_list":["post-16886","post","type-post","status-publish","format-standard","has-post-thumbnail","hentry","category-atualidade"],"jetpack_publicize_connections":[],"jetpack_featured_media_url":"https:\/\/correiodasemana.com\/site\/wp-content\/uploads\/2021\/07\/missa-para-novo-vigario-3.jpg","jetpack-related-posts":[{"id":18287,"url":"https:\/\/correiodasemana.com\/site\/dom-jose-luiz-gomes-de-vasconcelos-celebra-32-anos-de-ordenacao-sacerdotal\/","url_meta":{"origin":16886,"position":0},"title":"Dom Jos\u00e9 Luiz Gomes de Vasconcelos celebra 32 anos de Ordena\u00e7\u00e3o Sacerdotal","author":"","date":"Dezembro 12, 2021","format":false,"excerpt":"Por Thais Helena (Reda\u00e7\u00e3o Jornal Correio da Semana) H\u00e1 32 anos o atual Bispo Diocesano de Sobral, Dom Vasconcelos era ordenado sacerdote na Igreja Matriz de Nossa Senhora do Perp\u00e9tuo Socorro em Garanhuns pela imposi\u00e7\u00e3o das m\u00e3os de Dom Tiago Postma. Tr\u00eas meses ap\u00f3s sua Ordena\u00e7\u00e3o Presbiteral recebeu provis\u00e3o de\u2026","rel":"","context":"In &quot;Atualidade&quot;","block_context":{"text":"Atualidade","link":"https:\/\/correiodasemana.com\/site\/category\/atualidade\/"},"img":{"alt_text":"","src":"https:\/\/i0.wp.com\/correiodasemana.com\/site\/wp-content\/uploads\/2021\/12\/niver-de-dom-vasconcelos-3.jpg?resize=350%2C200&ssl=1","width":350,"height":200,"srcset":"https:\/\/i0.wp.com\/correiodasemana.com\/site\/wp-content\/uploads\/2021\/12\/niver-de-dom-vasconcelos-3.jpg?resize=350%2C200&ssl=1 1x, https:\/\/i0.wp.com\/correiodasemana.com\/site\/wp-content\/uploads\/2021\/12\/niver-de-dom-vasconcelos-3.jpg?resize=525%2C300&ssl=1 1.5x, https:\/\/i0.wp.com\/correiodasemana.com\/site\/wp-content\/uploads\/2021\/12\/niver-de-dom-vasconcelos-3.jpg?resize=700%2C400&ssl=1 2x"},"classes":[]},{"id":18749,"url":"https:\/\/correiodasemana.com\/site\/paroquia-de-massape-acolhe-novo-paroco-e-vigario-paroquial\/","url_meta":{"origin":16886,"position":1},"title":"Par\u00f3quia de Massap\u00ea acolhe novo P\u00e1roco e Vig\u00e1rio Paroquial","author":"","date":"Fevereiro 7, 2022","format":false,"excerpt":"(Por Thais Helena - Reda\u00e7\u00e3o Correio da Semana) No S\u00e1bado, 29\/02, a Par\u00f3quia de Nossa Senhora do Perp\u00e9tuo Socorro de Massap\u00ea acolheu com alegria seu novo P\u00e1roco, Pe. Emanuel Franklin Leit\u00e3o J\u00fanior e o seu Vig\u00e1rio Paroquial, Pe. Aristides de Oliveira Carneiro. A Celebra\u00e7\u00e3o Eucar\u00edstica e a posse can\u00f4nica foram\u2026","rel":"","context":"In &quot;Atualidade&quot;","block_context":{"text":"Atualidade","link":"https:\/\/correiodasemana.com\/site\/category\/atualidade\/"},"img":{"alt_text":"","src":"https:\/\/i0.wp.com\/correiodasemana.com\/site\/wp-content\/uploads\/2022\/02\/paroquia-massape-10.jpg?resize=350%2C200&ssl=1","width":350,"height":200,"srcset":"https:\/\/i0.wp.com\/correiodasemana.com\/site\/wp-content\/uploads\/2022\/02\/paroquia-massape-10.jpg?resize=350%2C200&ssl=1 1x, https:\/\/i0.wp.com\/correiodasemana.com\/site\/wp-content\/uploads\/2022\/02\/paroquia-massape-10.jpg?resize=525%2C300&ssl=1 1.5x, https:\/\/i0.wp.com\/correiodasemana.com\/site\/wp-content\/uploads\/2022\/02\/paroquia-massape-10.jpg?resize=700%2C400&ssl=1 2x"},"classes":[]},{"id":17590,"url":"https:\/\/correiodasemana.com\/site\/a-mae-do-socorro-celebra-seu-filho-servo-de-deus\/","url_meta":{"origin":16886,"position":2},"title":"A m\u00e3e do Socorro celebra seu filho Servo de Deus","author":"","date":"Setembro 26, 2021","format":false,"excerpt":"Por Ir. Carminda Am\u00e9lia Carvalho Alves, mrcj Abrir as portas da Igreja Matriz Nossa Senhora do Perp\u00e9tuo Socorro, em Massap\u00ea (CE) para acolher um n\u00famero significativo de fi\u00e9is da sede da par\u00f3quia, das comunidades e de outras cidades, numa Celebra\u00e7\u00e3o Eucar\u00edstica, dia 20 de setembro, que contou com a presen\u00e7a\u2026","rel":"","context":"In &quot;Atualidade&quot;","block_context":{"text":"Atualidade","link":"https:\/\/correiodasemana.com\/site\/category\/atualidade\/"},"img":{"alt_text":"","src":"https:\/\/i0.wp.com\/correiodasemana.com\/site\/wp-content\/uploads\/2021\/09\/DSC_3967.jpg?resize=350%2C200&ssl=1","width":350,"height":200,"srcset":"https:\/\/i0.wp.com\/correiodasemana.com\/site\/wp-content\/uploads\/2021\/09\/DSC_3967.jpg?resize=350%2C200&ssl=1 1x, https:\/\/i0.wp.com\/correiodasemana.com\/site\/wp-content\/uploads\/2021\/09\/DSC_3967.jpg?resize=525%2C300&ssl=1 1.5x, https:\/\/i0.wp.com\/correiodasemana.com\/site\/wp-content\/uploads\/2021\/09\/DSC_3967.jpg?resize=700%2C400&ssl=1 2x"},"classes":[]},{"id":29659,"url":"https:\/\/correiodasemana.com\/site\/capela-de-santa-terezinha-em-lisieux-acolhe-pe-antonio-jose-como-vigario-paroquial\/","url_meta":{"origin":16886,"position":3},"title":"Capela de Santa Terezinha em Lisieux, acolhe Pe. Ant\u00f4nio Jos\u00e9 como vig\u00e1rio paroquial","author":"adminredacao","date":"Junho 18, 2024","format":false,"excerpt":"No \u00faltimo domingo, em 16 de junho, Dom Vasconcelos esteve no distrito de Lisieux para presidir a Santa Missa e apresentar aos paroquianos o Pe. Ant\u00f4nio Jos\u00e9 Viana Monte, como novo vig\u00e1rio paroquial, onde ir\u00e1 contribuir com os trabalhos da capela dedicada a Santa Terezinha localizada naquela comunidade. O sacerdote\u2026","rel":"","context":"In &quot;Atualidade&quot;","block_context":{"text":"Atualidade","link":"https:\/\/correiodasemana.com\/site\/category\/atualidade\/"},"img":{"alt_text":"","src":"https:\/\/i0.wp.com\/correiodasemana.com\/site\/wp-content\/uploads\/2024\/06\/WhatsApp-Image-2024-06-17-at-10.59.02.jpeg?resize=350%2C200&ssl=1","width":350,"height":200,"srcset":"https:\/\/i0.wp.com\/correiodasemana.com\/site\/wp-content\/uploads\/2024\/06\/WhatsApp-Image-2024-06-17-at-10.59.02.jpeg?resize=350%2C200&ssl=1 1x, https:\/\/i0.wp.com\/correiodasemana.com\/site\/wp-content\/uploads\/2024\/06\/WhatsApp-Image-2024-06-17-at-10.59.02.jpeg?resize=525%2C300&ssl=1 1.5x, https:\/\/i0.wp.com\/correiodasemana.com\/site\/wp-content\/uploads\/2024\/06\/WhatsApp-Image-2024-06-17-at-10.59.02.jpeg?resize=700%2C400&ssl=1 2x, https:\/\/i0.wp.com\/correiodasemana.com\/site\/wp-content\/uploads\/2024\/06\/WhatsApp-Image-2024-06-17-at-10.59.02.jpeg?resize=1050%2C600&ssl=1 3x, https:\/\/i0.wp.com\/correiodasemana.com\/site\/wp-content\/uploads\/2024\/06\/WhatsApp-Image-2024-06-17-at-10.59.02.jpeg?resize=1400%2C800&ssl=1 4x"},"classes":[]},{"id":15192,"url":"https:\/\/correiodasemana.com\/site\/diocese-de-sobral-divulga-transferencias-e-nomeacoes-de-alguns-padres\/","url_meta":{"origin":16886,"position":4},"title":"Diocese de Sobral divulga transfer\u00eancias e nomea\u00e7\u00f5es de alguns padres","author":"","date":"Dezembro 27, 2020","format":false,"excerpt":"DOM JOS\u00c9 LUIZ GOMES DE VASCONCELOS Pasce oves meas Por merc\u00ea de Deus e da Santa S\u00e9 Apost\u00f3lica - Bispo Diocesano de Sobral Sauda\u00e7\u00e3o, paz e b\u00ean\u00e7\u00e3os em nosso Senhor Jesus Cristo! Car\u00edssimos Diocesanos, Tendo em vista as necessidades pastorais de nossa Igreja Particular; no sincero desejo de melhor assistir\u2026","rel":"","context":"In &quot;Diocese&quot;","block_context":{"text":"Diocese","link":"https:\/\/correiodasemana.com\/site\/category\/diocese\/"},"img":{"alt_text":"","src":"https:\/\/i0.wp.com\/correiodasemana.com\/site\/wp-content\/uploads\/2020\/12\/WhatsApp-Image-2020-12-19-at-18.12.46-1.jpeg?resize=350%2C200&ssl=1","width":350,"height":200,"srcset":"https:\/\/i0.wp.com\/correiodasemana.com\/site\/wp-content\/uploads\/2020\/12\/WhatsApp-Image-2020-12-19-at-18.12.46-1.jpeg?resize=350%2C200&ssl=1 1x, https:\/\/i0.wp.com\/correiodasemana.com\/site\/wp-content\/uploads\/2020\/12\/WhatsApp-Image-2020-12-19-at-18.12.46-1.jpeg?resize=525%2C300&ssl=1 1.5x, https:\/\/i0.wp.com\/correiodasemana.com\/site\/wp-content\/uploads\/2020\/12\/WhatsApp-Image-2020-12-19-at-18.12.46-1.jpeg?resize=700%2C400&ssl=1 2x, https:\/\/i0.wp.com\/correiodasemana.com\/site\/wp-content\/uploads\/2020\/12\/WhatsApp-Image-2020-12-19-at-18.12.46-1.jpeg?resize=1050%2C600&ssl=1 3x"},"classes":[]},{"id":30147,"url":"https:\/\/correiodasemana.com\/site\/em-uruoca-padre-aristides-toma-posse-como-novo-administrador-paroquial-da-paroquia-de-nossa-senhora-do-livramento\/","url_meta":{"origin":16886,"position":5},"title":"Em Uruoca, Padre Aristides toma posse como novo administrador paroquial da Par\u00f3quia de Nossa Senhora do Livramento","author":"adminredacao","date":"Julho 29, 2024","format":false,"excerpt":"Os paroquianos da Par\u00f3quia dedicada \u00e0 Nossa Senhora do Livramento em Uruoca, conheceram no \u00faltimo dia 25 de julho, quinta-feira, o novo administrador paroquial, Pe. Aristides Carneiro, durante Santa Missa com Rito de Posse Can\u00f4nica presidida por Dom Vasconcelos na igreja matriz. O sacerdote \u00e9 o quarto administrador paroquial desta\u2026","rel":"","context":"In &quot;Atualidade&quot;","block_context":{"text":"Atualidade","link":"https:\/\/correiodasemana.com\/site\/category\/atualidade\/"},"img":{"alt_text":"","src":"https:\/\/i0.wp.com\/correiodasemana.com\/site\/wp-content\/uploads\/2024\/07\/WhatsApp-Image-2024-07-27-at-15.54.11.jpeg?resize=350%2C200&ssl=1","width":350,"height":200,"srcset":"https:\/\/i0.wp.com\/correiodasemana.com\/site\/wp-content\/uploads\/2024\/07\/WhatsApp-Image-2024-07-27-at-15.54.11.jpeg?resize=350%2C200&ssl=1 1x, https:\/\/i0.wp.com\/correiodasemana.com\/site\/wp-content\/uploads\/2024\/07\/WhatsApp-Image-2024-07-27-at-15.54.11.jpeg?resize=525%2C300&ssl=1 1.5x, https:\/\/i0.wp.com\/correiodasemana.com\/site\/wp-content\/uploads\/2024\/07\/WhatsApp-Image-2024-07-27-at-15.54.11.jpeg?resize=700%2C400&ssl=1 2x, https:\/\/i0.wp.com\/correiodasemana.com\/site\/wp-content\/uploads\/2024\/07\/WhatsApp-Image-2024-07-27-at-15.54.11.jpeg?resize=1050%2C600&ssl=1 3x, https:\/\/i0.wp.com\/correiodasemana.com\/site\/wp-content\/uploads\/2024\/07\/WhatsApp-Image-2024-07-27-at-15.54.11.jpeg?resize=1400%2C800&ssl=1 4x"},"classes":[]}],"jetpack_sharing_enabled":true,"_links":{"self":[{"href":"https:\/\/correiodasemana.com\/site\/wp-json\/wp\/v2\/posts\/16886","targetHints":{"allow":["GET"]}}],"collection":[{"href":"https:\/\/correiodasemana.com\/site\/wp-json\/wp\/v2\/posts"}],"about":[{"href":"https:\/\/correiodasemana.com\/site\/wp-json\/wp\/v2\/types\/post"}],"author":[{"embeddable":true,"href":"https:\/\/correiodasemana.com\/site\/wp-json\/wp\/v2\/users\/1"}],"replies":[{"embeddable":true,"href":"https:\/\/correiodasemana.com\/site\/wp-json\/wp\/v2\/comments?post=16886"}],"version-history":[{"count":1,"href":"https:\/\/correiodasemana.com\/site\/wp-json\/wp\/v2\/posts\/16886\/revisions"}],"predecessor-version":[{"id":16890,"href":"https:\/\/correiodasemana.com\/site\/wp-json\/wp\/v2\/posts\/16886\/revisions\/16890"}],"wp:featuredmedia":[{"embeddable":true,"href":"https:\/\/correiodasemana.com\/site\/wp-json\/wp\/v2\/media\/16889"}],"wp:attachment":[{"href":"https:\/\/correiodasemana.com\/site\/wp-json\/wp\/v2\/media?parent=16886"}],"wp:term":[{"taxonomy":"category","embeddable":true,"href":"https:\/\/correiodasemana.com\/site\/wp-json\/wp\/v2\/categories?post=16886"},{"taxonomy":"post_tag","embeddable":true,"href":"https:\/\/correiodasemana.com\/site\/wp-json\/wp\/v2\/tags?post=16886"}],"curies":[{"name":"wp","href":"https:\/\/api.w.org\/{rel}","templated":true}]}}