{"id":16891,"date":"2021-07-05T01:29:55","date_gmt":"2021-07-05T04:29:55","guid":{"rendered":"https:\/\/correiodasemana.com\/site\/?p=16891"},"modified":"2021-07-05T01:29:55","modified_gmt":"2021-07-05T04:29:55","slug":"sisbuva-retorna-as-atividades-com-agendamento-remoto","status":"publish","type":"post","link":"https:\/\/correiodasemana.com\/site\/sisbuva-retorna-as-atividades-com-agendamento-remoto\/","title":{"rendered":"SisbUVA retorna \u00e0s atividades com agendamento remoto"},"content":{"rendered":"<p>O Sistema de Bibliotecas da Universidade Estadual Vale do Acara\u00fa (SisbUVA) tem concentrado esfor\u00e7os para atender a demanda de seus usu\u00e1rios com seguran\u00e7a no contexto de pandemia. Ap\u00f3s o \u00faltimo decreto estadual de 26 de junho deste ano, que trata da flexibiliza\u00e7\u00e3o das atividades socioecon\u00f4micas do Estado, este setor vem adotando o agendamento remoto para garantias de empr\u00e9stimos de material bibliogr\u00e1fico, evitando o livre acesso aos espa\u00e7os f\u00edsicos das bibliotecas. Alunos, professores e funcion\u00e1rios, que desejarem utilizar o acervo, devem fazer uma solicita\u00e7\u00e3o remota atrav\u00e9s do e-mail biblioteca_central@uvanet.br ou pelo telefone e whatsapp(88) 3611 64 15.<br \/>\nAp\u00f3s este primeiro contato, o funcion\u00e1rio seleciona os itens pleiteados e realiza o empr\u00e9stimo sem que os usu\u00e1rios adentrem ao ambiente das estantes. Ap\u00f3s a sele\u00e7\u00e3o, o material \u00e9 colocado no atendimento para que o solicitante o retire com toda seguran\u00e7a sanit\u00e1ria. O prazo de devolu\u00e7\u00e3o \u00e9 de 30 dias a contar da data de retirada. Ao retornar, o material \u00e9 deixado em quarentena, num local reservado durante 7 dias, e s\u00f3 depois deste per\u00edodo, ser\u00e1 disponibilizado para novo empr\u00e9stimo. A diretora do SisbUVA, Claudineide Teles, assevera que este procedimento somado ao protocolo de precau\u00e7\u00e3o contra a Covid 19 que prioriza distanciamento social, uso de m\u00e1scara e higieniza\u00e7\u00e3o sistem\u00e1tica das m\u00e3os \u00e9 seguido rigorosamente e seguro ao atendimento.<br \/>\nOutras atividades<br \/>\nEm 2019, o SisbUVA foi selecionado para desenvolver a\u00e7\u00f5es junto \u00e0 Plataforma Recode (organiza\u00e7\u00e3o da sociedade civil que usa a tecnologia para gerar oportunidade e estimular a transforma\u00e7\u00e3o social e o empreendimento digital). Nas a\u00e7\u00f5es a serem desenvolvidas, segundo uma enquete realizada pelo Instagram do SisbUVA, foram selecionadas quatro atividades dentre as tem\u00e1ticas sugeridas pela Recode Bibliotecas: divulga\u00e7\u00e3o de v\u00eddeo sobre Projeto ODS (Objetivo de Desenvolvimento Sustent\u00e1vel) e biblioteca para o mundo mais consciente; exposi\u00e7\u00e3o de fotografia, Bibliotecas afetivas e singulares em tempo de pandemia; aulas de alongamento com o tema Educa\u00e7\u00e3o em parceria com o SESC Sobral; Clube da Leitura da UVA com Livro leitura e literatura.<\/p>\n","protected":false},"excerpt":{"rendered":"<p>O Sistema de Bibliotecas da Universidade Estadual Vale do Acara\u00fa (SisbUVA) tem concentrado esfor\u00e7os para&#8230;<\/p>\n","protected":false},"author":1,"featured_media":12099,"comment_status":"open","ping_status":"open","sticky":false,"template":"","format":"standard","meta":{"_jetpack_memberships_contains_paid_content":false,"footnotes":"","jetpack_publicize_message":"","jetpack_publicize_feature_enabled":true,"jetpack_social_post_already_shared":true,"jetpack_social_options":{"image_generator_settings":{"template":"highway","default_image_id":0,"font":"","enabled":false},"version":2}},"categories":[1],"tags":[],"class_list":["post-16891","post","type-post","status-publish","format-standard","has-post-thumbnail","hentry","category-atualidade"],"jetpack_publicize_connections":[],"jetpack_featured_media_url":"https:\/\/correiodasemana.com\/site\/wp-content\/uploads\/2020\/07\/UVA.jpg","jetpack-related-posts":[{"id":12098,"url":"https:\/\/correiodasemana.com\/site\/pesquisa-revela-dados-sobre-a-comunidade-academica-da-uva-no-contexto-da-covid-19\/","url_meta":{"origin":16891,"position":0},"title":"Pesquisa revela dados sobre a comunidade acad\u00eamica da UVA no contexto da COVID-19","author":"","date":"Julho 22, 2020","format":false,"excerpt":"EDUCA\u00c7\u00c3O SUPERIOR Em pesquisa realizada no per\u00edodo de 11 a 20 de junho de 2020, a Pr\u00f3-Reitoria de Ensino de Gradua\u00e7\u00e3o (PROGRAD) ouviu alunos, professores e funcion\u00e1rios da Universidade Estadual Vale do Acara\u00fa (UVA) sobre diversas quest\u00f5es vivenciadas pela comunidade acad\u00eamica no contexto de excepcionalidade, provocado pela pandemia do novo\u2026","rel":"","context":"In &quot;Atualidade&quot;","block_context":{"text":"Atualidade","link":"https:\/\/correiodasemana.com\/site\/category\/atualidade\/"},"img":{"alt_text":"","src":"https:\/\/i0.wp.com\/correiodasemana.com\/site\/wp-content\/uploads\/2020\/07\/UVA.jpg?resize=350%2C200&ssl=1","width":350,"height":200,"srcset":"https:\/\/i0.wp.com\/correiodasemana.com\/site\/wp-content\/uploads\/2020\/07\/UVA.jpg?resize=350%2C200&ssl=1 1x, https:\/\/i0.wp.com\/correiodasemana.com\/site\/wp-content\/uploads\/2020\/07\/UVA.jpg?resize=525%2C300&ssl=1 1.5x"},"classes":[]},{"id":12233,"url":"https:\/\/correiodasemana.com\/site\/pesquisa-revela-dados-sobre-a-comunidade-academica-da-uva-no-contexto-da-pandemia-de-covid-19\/","url_meta":{"origin":16891,"position":1},"title":"Pesquisa revela dados sobre a comunidade acad\u00eamica da UVA no contexto da pandemia de Covid-19","author":"","date":"Julho 25, 2020","format":false,"excerpt":"Uma das quest\u00f5es levantadas na pesquisa foi quanto ao interesse e disponibilidade de participar de atividades pedag\u00f3gicas n\u00e3o presenciais. Em pesquisa, realizada no per\u00edodo de 11 a 20 de junho de 2020, a Pr\u00f3-Reitoria de Ensino de Gradua\u00e7\u00e3o (PROGRAD) ouviu alunos, professores e funcion\u00e1rios da Universidade Estadual Vale do Acara\u00fa\u2026","rel":"","context":"In &quot;Atualidade&quot;","block_context":{"text":"Atualidade","link":"https:\/\/correiodasemana.com\/site\/category\/atualidade\/"},"img":{"alt_text":"","src":"https:\/\/i0.wp.com\/correiodasemana.com\/site\/wp-content\/uploads\/2020\/07\/UVA.jpg?resize=350%2C200&ssl=1","width":350,"height":200,"srcset":"https:\/\/i0.wp.com\/correiodasemana.com\/site\/wp-content\/uploads\/2020\/07\/UVA.jpg?resize=350%2C200&ssl=1 1x, https:\/\/i0.wp.com\/correiodasemana.com\/site\/wp-content\/uploads\/2020\/07\/UVA.jpg?resize=525%2C300&ssl=1 1.5x"},"classes":[]},{"id":12359,"url":"https:\/\/correiodasemana.com\/site\/agencias-do-inss-e-adiada-para-24-de-agosto-reabertura-das\/","url_meta":{"origin":16891,"position":2},"title":"Reabertura das ag\u00eancias do INSS \u00e9 adiada para 24 de agosto","author":"","date":"Julho 29, 2020","format":false,"excerpt":"Retorno estava previsto para a pr\u00f3xima segunda-feira (3) O Instituto Nacional do Seguro Social (INSS) publicou hoje (29), no\u00a0Di\u00e1rio Oficial da Uni\u00e3o,\u00a0portaria que adia para o pr\u00f3ximo dia 24 a reabertura gradual de suas ag\u00eancias f\u00edsicas em todo o pa\u00eds, devido \u00e0 pandemia do novo coronav\u00edrus. A\u00a0Portaria 36\u00a0resulta de decis\u00e3o\u2026","rel":"","context":"In &quot;Atualidade&quot;","block_context":{"text":"Atualidade","link":"https:\/\/correiodasemana.com\/site\/category\/atualidade\/"},"img":{"alt_text":"","src":"https:\/\/i0.wp.com\/correiodasemana.com\/site\/wp-content\/uploads\/2020\/07\/966943-07072015-dsc_5170-2.jpg?resize=350%2C200&ssl=1","width":350,"height":200,"srcset":"https:\/\/i0.wp.com\/correiodasemana.com\/site\/wp-content\/uploads\/2020\/07\/966943-07072015-dsc_5170-2.jpg?resize=350%2C200&ssl=1 1x, https:\/\/i0.wp.com\/correiodasemana.com\/site\/wp-content\/uploads\/2020\/07\/966943-07072015-dsc_5170-2.jpg?resize=525%2C300&ssl=1 1.5x, https:\/\/i0.wp.com\/correiodasemana.com\/site\/wp-content\/uploads\/2020\/07\/966943-07072015-dsc_5170-2.jpg?resize=700%2C400&ssl=1 2x, https:\/\/i0.wp.com\/correiodasemana.com\/site\/wp-content\/uploads\/2020\/07\/966943-07072015-dsc_5170-2.jpg?resize=1050%2C600&ssl=1 3x"},"classes":[]},{"id":12011,"url":"https:\/\/correiodasemana.com\/site\/agencia-brasil-explica-como-agendar-servicos-no-meu-inss\/","url_meta":{"origin":16891,"position":3},"title":"Ag\u00eancia Brasil explica: como agendar servi\u00e7os no Meu INSS","author":"","date":"Julho 20, 2020","format":false,"excerpt":"Atendimento remoto foi prorrogado at\u00e9\u00a031 de julho O atendimento presencial nas ag\u00eancias do Instituto Nacional do Seguro Social (INSS) est\u00e1 suspenso temporariamente desde mar\u00e7o, devido \u00e0 pandemia de covid-19. A data para a\u00a0abertura das ag\u00eancias\u00a0\u00e9 o dia\u00a03 de agosto. O atendimento exclusivo por meio de canais remotos foi prorrogado at\u00e9\u00a031\u2026","rel":"","context":"In &quot;Atualidade&quot;","block_context":{"text":"Atualidade","link":"https:\/\/correiodasemana.com\/site\/category\/atualidade\/"},"img":{"alt_text":"","src":"https:\/\/i0.wp.com\/correiodasemana.com\/site\/wp-content\/uploads\/2020\/07\/966943-07072015-dsc_5170.jpg?resize=350%2C200&ssl=1","width":350,"height":200,"srcset":"https:\/\/i0.wp.com\/correiodasemana.com\/site\/wp-content\/uploads\/2020\/07\/966943-07072015-dsc_5170.jpg?resize=350%2C200&ssl=1 1x, https:\/\/i0.wp.com\/correiodasemana.com\/site\/wp-content\/uploads\/2020\/07\/966943-07072015-dsc_5170.jpg?resize=525%2C300&ssl=1 1.5x, https:\/\/i0.wp.com\/correiodasemana.com\/site\/wp-content\/uploads\/2020\/07\/966943-07072015-dsc_5170.jpg?resize=700%2C400&ssl=1 2x"},"classes":[]},{"id":11732,"url":"https:\/\/correiodasemana.com\/site\/reabertura-das-agencias-do-inss-e-adiada-para-dia-3-de-agosto-medida-foi-publicada-hoje-no-diario-oficial-da-uniao\/","url_meta":{"origin":16891,"position":4},"title":"Reabertura das ag\u00eancias do INSS \u00e9 adiada para dia 3 de agosto  Medida foi publicada hoje no Di\u00e1rio Oficial da Uni\u00e3o","author":"","date":"Julho 12, 2020","format":false,"excerpt":"O atendimento presencial nas ag\u00eancias da Previd\u00eancia Social foi adiado para 3 de agosto. O adiamento est\u00e1 na Portaria Conjunta n\u00b0 27 da Secretaria Especial de Previd\u00eancia e Trabalho do Minist\u00e9rio da Economia e do Instituto Nacional do Seguro Social (INSS), publicada hoje (8), no\u00a0Di\u00e1rio Oficial da Uni\u00e3o. O atendimento\u2026","rel":"","context":"In &quot;Atualidade&quot;","block_context":{"text":"Atualidade","link":"https:\/\/correiodasemana.com\/site\/category\/atualidade\/"},"img":{"alt_text":"","src":"https:\/\/i0.wp.com\/correiodasemana.com\/site\/wp-content\/uploads\/2020\/07\/naom_5f0595a8af737.jpg?resize=350%2C200&ssl=1","width":350,"height":200,"srcset":"https:\/\/i0.wp.com\/correiodasemana.com\/site\/wp-content\/uploads\/2020\/07\/naom_5f0595a8af737.jpg?resize=350%2C200&ssl=1 1x, https:\/\/i0.wp.com\/correiodasemana.com\/site\/wp-content\/uploads\/2020\/07\/naom_5f0595a8af737.jpg?resize=525%2C300&ssl=1 1.5x, https:\/\/i0.wp.com\/correiodasemana.com\/site\/wp-content\/uploads\/2020\/07\/naom_5f0595a8af737.jpg?resize=700%2C400&ssl=1 2x, https:\/\/i0.wp.com\/correiodasemana.com\/site\/wp-content\/uploads\/2020\/07\/naom_5f0595a8af737.jpg?resize=1050%2C600&ssl=1 3x, https:\/\/i0.wp.com\/correiodasemana.com\/site\/wp-content\/uploads\/2020\/07\/naom_5f0595a8af737.jpg?resize=1400%2C800&ssl=1 4x"},"classes":[]},{"id":13681,"url":"https:\/\/correiodasemana.com\/site\/governo-do-ceara-lanca-conjunto-de-medidas-de-biosseguranca-para-retomada-das-aulas-presenciais\/","url_meta":{"origin":16891,"position":5},"title":"Governo do Cear\u00e1 lan\u00e7a conjunto de medidas de biosseguran\u00e7a para retomada das aulas presenciais","author":"","date":"Setembro 22, 2020","format":false,"excerpt":"As institui\u00e7\u00f5es de ensino tamb\u00e9m devem garantir a op\u00e7\u00e3o de aulas remotas para os estudantes que assim preferirem Com a nova fase de transi\u00e7\u00e3o para a retomada da educa\u00e7\u00e3o cearense, a partir de 1\u00ba de outubro, o Governo do Cear\u00e1 lan\u00e7ou, no \u00faltimo domingo (20), um conjunto de medidas de\u2026","rel":"","context":"In &quot;Atualidade&quot;","block_context":{"text":"Atualidade","link":"https:\/\/correiodasemana.com\/site\/category\/atualidade\/"},"img":{"alt_text":"","src":"https:\/\/i0.wp.com\/correiodasemana.com\/site\/wp-content\/uploads\/2020\/09\/200901_RETORNO-AULAS-PRESENCIAIS_TF_TF5594-scaled.jpg?resize=350%2C200&ssl=1","width":350,"height":200,"srcset":"https:\/\/i0.wp.com\/correiodasemana.com\/site\/wp-content\/uploads\/2020\/09\/200901_RETORNO-AULAS-PRESENCIAIS_TF_TF5594-scaled.jpg?resize=350%2C200&ssl=1 1x, https:\/\/i0.wp.com\/correiodasemana.com\/site\/wp-content\/uploads\/2020\/09\/200901_RETORNO-AULAS-PRESENCIAIS_TF_TF5594-scaled.jpg?resize=525%2C300&ssl=1 1.5x, https:\/\/i0.wp.com\/correiodasemana.com\/site\/wp-content\/uploads\/2020\/09\/200901_RETORNO-AULAS-PRESENCIAIS_TF_TF5594-scaled.jpg?resize=700%2C400&ssl=1 2x, https:\/\/i0.wp.com\/correiodasemana.com\/site\/wp-content\/uploads\/2020\/09\/200901_RETORNO-AULAS-PRESENCIAIS_TF_TF5594-scaled.jpg?resize=1050%2C600&ssl=1 3x, https:\/\/i0.wp.com\/correiodasemana.com\/site\/wp-content\/uploads\/2020\/09\/200901_RETORNO-AULAS-PRESENCIAIS_TF_TF5594-scaled.jpg?resize=1400%2C800&ssl=1 4x"},"classes":[]}],"jetpack_sharing_enabled":true,"_links":{"self":[{"href":"https:\/\/correiodasemana.com\/site\/wp-json\/wp\/v2\/posts\/16891","targetHints":{"allow":["GET"]}}],"collection":[{"href":"https:\/\/correiodasemana.com\/site\/wp-json\/wp\/v2\/posts"}],"about":[{"href":"https:\/\/correiodasemana.com\/site\/wp-json\/wp\/v2\/types\/post"}],"author":[{"embeddable":true,"href":"https:\/\/correiodasemana.com\/site\/wp-json\/wp\/v2\/users\/1"}],"replies":[{"embeddable":true,"href":"https:\/\/correiodasemana.com\/site\/wp-json\/wp\/v2\/comments?post=16891"}],"version-history":[{"count":1,"href":"https:\/\/correiodasemana.com\/site\/wp-json\/wp\/v2\/posts\/16891\/revisions"}],"predecessor-version":[{"id":16892,"href":"https:\/\/correiodasemana.com\/site\/wp-json\/wp\/v2\/posts\/16891\/revisions\/16892"}],"wp:featuredmedia":[{"embeddable":true,"href":"https:\/\/correiodasemana.com\/site\/wp-json\/wp\/v2\/media\/12099"}],"wp:attachment":[{"href":"https:\/\/correiodasemana.com\/site\/wp-json\/wp\/v2\/media?parent=16891"}],"wp:term":[{"taxonomy":"category","embeddable":true,"href":"https:\/\/correiodasemana.com\/site\/wp-json\/wp\/v2\/categories?post=16891"},{"taxonomy":"post_tag","embeddable":true,"href":"https:\/\/correiodasemana.com\/site\/wp-json\/wp\/v2\/tags?post=16891"}],"curies":[{"name":"wp","href":"https:\/\/api.w.org\/{rel}","templated":true}]}}