{"id":16893,"date":"2021-07-05T01:31:10","date_gmt":"2021-07-05T04:31:10","guid":{"rendered":"https:\/\/correiodasemana.com\/site\/?p=16893"},"modified":"2021-07-05T01:31:10","modified_gmt":"2021-07-05T04:31:10","slug":"guaramiranga-e-a-primeira-cidade-do-estado-do-ceara-a-vacinar-toda-a-sua-populacao","status":"publish","type":"post","link":"https:\/\/correiodasemana.com\/site\/guaramiranga-e-a-primeira-cidade-do-estado-do-ceara-a-vacinar-toda-a-sua-populacao\/","title":{"rendered":"Guaramiranga \u00e9 a primeira cidade do estado do Cear\u00e1 a vacinar toda a sua popula\u00e7\u00e3o"},"content":{"rendered":"<p>Por Samuel Carvalho Reda\u00e7\u00e3o Correio da Semana<\/p>\n<p>O munic\u00edpio de Guaramiranga, cidade do Maci\u00e7o de Baturit\u00e9 no interior do Cear\u00e1, se tornou, neste domingo (27), a primeira cidade do estado a vacinar toda a popula\u00e7\u00e3o adulta com pelo menos uma dose da vacina contra a Covid-19. O importante marco para a sa\u00fade do estado foi confirmado pela Prefeitura da cidade e com a presen\u00e7a de representantes da Secretaria da Sa\u00fade do estado (Sesa).<br \/>\nSegundo o Instituto Brasileiro de Geografia e Estat\u00edstica (IBGE), a popula\u00e7\u00e3o estimada do munic\u00edpio em 2020 era de 5.132 habitantes. De acordo com dados do \u00faltimo censo, realizado em 2010, havia 4.164 pessoas morando na cidade. A Sesa informou que ir\u00e1 monitorar a efic\u00e1cia da vacina\u00e7\u00e3o em Guaramiranga, uma vez que a totalidade da sua popula\u00e7\u00e3o est\u00e1 parcialmente imunizada.<br \/>\n\u201c\u00c9 um dia de festa; uma festa contida por conta da Covid-19, mas a gente sabe que \u00e9 poss\u00edvel vacinar at\u00e9 agosto toda a popula\u00e7\u00e3o adulta do Cear\u00e1. A gente precisa que os munic\u00edpios, assim como Guaramiranga, tenham empenho no cadastro e na aplica\u00e7\u00e3o da vacina\u201d, disse a secret\u00e1ria executiva de Vigil\u00e2ncia e Regula\u00e7\u00e3o da Sa\u00fade do Cear\u00e1, Magda Almeida, que estava no evento de vacina\u00e7\u00e3o em massa onde o munic\u00edpio conseguiu aplicar os imunizantes em mais pessoas do que o previsto nos dados do IBGE. Essa a\u00e7\u00e3o sinaliza o sucesso no cadastramento de cidad\u00e3os no site Sa\u00fade Digital, que gerencia os cadastros de todos os cearenses no processo de vacina\u00e7\u00e3o.<br \/>\nDe acordo com a Sesa, a popula\u00e7\u00e3o adulta do munic\u00edpio participar\u00e1 de um inqu\u00e9rito que vai avaliar a resposta imune e falha vacinal, atrav\u00e9s de sorologia, anticorpos neutralizantes e seguimento dos casos de RT-PCR positivos. O munic\u00edpio foi escolhido por estar nos crit\u00e9rios definidos pela Secretaria, com popula\u00e7\u00e3o inferior a 5 mil habitantes e mais de 100% deste grupo cadastrado no Sa\u00fade Digital (isto ocorre porque os dados do IBGE s\u00e3o de 2010).<\/p>\n","protected":false},"excerpt":{"rendered":"<p>Por Samuel Carvalho Reda\u00e7\u00e3o Correio da Semana O munic\u00edpio de Guaramiranga, cidade do Maci\u00e7o de&#8230;<\/p>\n","protected":false},"author":1,"featured_media":16863,"comment_status":"open","ping_status":"open","sticky":false,"template":"","format":"standard","meta":{"_jetpack_memberships_contains_paid_content":false,"footnotes":"","jetpack_publicize_message":"","jetpack_publicize_feature_enabled":true,"jetpack_social_post_already_shared":true,"jetpack_social_options":{"image_generator_settings":{"template":"highway","default_image_id":0,"font":"","enabled":false},"version":2}},"categories":[1],"tags":[],"class_list":["post-16893","post","type-post","status-publish","format-standard","has-post-thumbnail","hentry","category-atualidade"],"jetpack_publicize_connections":[],"jetpack_featured_media_url":"https:\/\/correiodasemana.com\/site\/wp-content\/uploads\/2021\/06\/O-cadastro-e-requisito-obrigatorio-para-tomar-a-vacina-contra-a-Covid-19.jpg","jetpack-related-posts":[{"id":16862,"url":"https:\/\/correiodasemana.com\/site\/sobral-lidera-ranking-de-cidades-mais-populosas-do-estado-em-porcentagem-de-vacinacao-contra-a-covid-19\/","url_meta":{"origin":16893,"position":0},"title":"Sobral lidera ranking de cidades mais populosas do Estado em porcentagem de vacina\u00e7\u00e3o contra a covid-19","author":"","date":"Junho 27, 2021","format":false,"excerpt":"Por Samuel Carvalho Reda\u00e7\u00e3o Correio da Semana Sobral lidera a campanha de imuniza\u00e7\u00e3o entre as dez maiores cidades do Estado do Cear\u00e1 com Com 41,2% da popula\u00e7\u00e3o vacinada com a primeira dose da vacina contra a Covid-19 de acordo com dados da plataforma Vacin\u00f4metro, da Secretaria da Sa\u00fade do Cear\u00e1\u2026","rel":"","context":"In &quot;Atualidade&quot;","block_context":{"text":"Atualidade","link":"https:\/\/correiodasemana.com\/site\/category\/atualidade\/"},"img":{"alt_text":"","src":"https:\/\/i0.wp.com\/correiodasemana.com\/site\/wp-content\/uploads\/2021\/06\/O-cadastro-e-requisito-obrigatorio-para-tomar-a-vacina-contra-a-Covid-19.jpg?resize=350%2C200&ssl=1","width":350,"height":200,"srcset":"https:\/\/i0.wp.com\/correiodasemana.com\/site\/wp-content\/uploads\/2021\/06\/O-cadastro-e-requisito-obrigatorio-para-tomar-a-vacina-contra-a-Covid-19.jpg?resize=350%2C200&ssl=1 1x, https:\/\/i0.wp.com\/correiodasemana.com\/site\/wp-content\/uploads\/2021\/06\/O-cadastro-e-requisito-obrigatorio-para-tomar-a-vacina-contra-a-Covid-19.jpg?resize=525%2C300&ssl=1 1.5x, https:\/\/i0.wp.com\/correiodasemana.com\/site\/wp-content\/uploads\/2021\/06\/O-cadastro-e-requisito-obrigatorio-para-tomar-a-vacina-contra-a-Covid-19.jpg?resize=700%2C400&ssl=1 2x, https:\/\/i0.wp.com\/correiodasemana.com\/site\/wp-content\/uploads\/2021\/06\/O-cadastro-e-requisito-obrigatorio-para-tomar-a-vacina-contra-a-Covid-19.jpg?resize=1050%2C600&ssl=1 3x"},"classes":[]},{"id":17901,"url":"https:\/\/correiodasemana.com\/site\/25-cidades-do-estado-do-ceara-ainda-apresentam-indicies-altissimos-para-a-transmissao-de-covid-19\/","url_meta":{"origin":16893,"position":1},"title":"25 cidades do Estado do Cear\u00e1 ainda apresentam indicies alt\u00edssimos para a transmiss\u00e3o de covid-19","author":"","date":"Outubro 31, 2021","format":false,"excerpt":"Por Samuel Carvalho Reda\u00e7\u00e3o Correio da Semana Apesar da melhora nos indicies de covid-19 em todo o estado, no decorrer dos \u00faltimos per\u00edodos, mas ainda assim, nas semanas epidemiol\u00f3gicas 41 e 42 - do dia 10 a 23 de outubro em 25 dos 184 munic\u00edpios do Cear\u00e1, o n\u00edvel de\u2026","rel":"","context":"In &quot;Atualidade&quot;","block_context":{"text":"Atualidade","link":"https:\/\/correiodasemana.com\/site\/category\/atualidade\/"},"img":{"alt_text":"","src":"https:\/\/i0.wp.com\/correiodasemana.com\/site\/wp-content\/uploads\/2020\/11\/frasco_rotulado_como_vacina_contra_covid-19_em_foto_de_ilustracao_10_04_2020_reuters_dado_ruvic_illustration1408200865-1.jpg?resize=350%2C200&ssl=1","width":350,"height":200,"srcset":"https:\/\/i0.wp.com\/correiodasemana.com\/site\/wp-content\/uploads\/2020\/11\/frasco_rotulado_como_vacina_contra_covid-19_em_foto_de_ilustracao_10_04_2020_reuters_dado_ruvic_illustration1408200865-1.jpg?resize=350%2C200&ssl=1 1x, https:\/\/i0.wp.com\/correiodasemana.com\/site\/wp-content\/uploads\/2020\/11\/frasco_rotulado_como_vacina_contra_covid-19_em_foto_de_ilustracao_10_04_2020_reuters_dado_ruvic_illustration1408200865-1.jpg?resize=525%2C300&ssl=1 1.5x, https:\/\/i0.wp.com\/correiodasemana.com\/site\/wp-content\/uploads\/2020\/11\/frasco_rotulado_como_vacina_contra_covid-19_em_foto_de_ilustracao_10_04_2020_reuters_dado_ruvic_illustration1408200865-1.jpg?resize=700%2C400&ssl=1 2x, https:\/\/i0.wp.com\/correiodasemana.com\/site\/wp-content\/uploads\/2020\/11\/frasco_rotulado_como_vacina_contra_covid-19_em_foto_de_ilustracao_10_04_2020_reuters_dado_ruvic_illustration1408200865-1.jpg?resize=1050%2C600&ssl=1 3x"},"classes":[]},{"id":17433,"url":"https:\/\/correiodasemana.com\/site\/ceara-registra-primeira-morte-por-variante-delta-do-coronavirus-vitima-nao-estava-vacinada\/","url_meta":{"origin":16893,"position":2},"title":"Cear\u00e1 registra primeira morte por variante delta do coronav\u00edrus; v\u00edtima n\u00e3o estava vacinada","author":"","date":"Setembro 6, 2021","format":false,"excerpt":"Por Samuel Carvalho Reda\u00e7\u00e3o Correio da Semana A secretaria de sa\u00fade do Estado do Cear\u00e1 (Sesa) informou na \u00faltima ter\u00e7a-feira (31) o \u00f3bito de um paciente em Fortaleza por complica\u00e7\u00f5es da variante delta da covid-19 o \u00faltimo domingo (29). O homem tinha 45 anos, com quadro de obesidade e de\u2026","rel":"","context":"In &quot;Atualidade&quot;","block_context":{"text":"Atualidade","link":"https:\/\/correiodasemana.com\/site\/category\/atualidade\/"},"img":{"alt_text":"","src":"https:\/\/i0.wp.com\/correiodasemana.com\/site\/wp-content\/uploads\/2021\/09\/000_9e38rz-9364463.jpg?resize=350%2C200&ssl=1","width":350,"height":200,"srcset":"https:\/\/i0.wp.com\/correiodasemana.com\/site\/wp-content\/uploads\/2021\/09\/000_9e38rz-9364463.jpg?resize=350%2C200&ssl=1 1x, https:\/\/i0.wp.com\/correiodasemana.com\/site\/wp-content\/uploads\/2021\/09\/000_9e38rz-9364463.jpg?resize=525%2C300&ssl=1 1.5x, https:\/\/i0.wp.com\/correiodasemana.com\/site\/wp-content\/uploads\/2021\/09\/000_9e38rz-9364463.jpg?resize=700%2C400&ssl=1 2x"},"classes":[]},{"id":16685,"url":"https:\/\/correiodasemana.com\/site\/estimativa-do-governo-do-estado-preve-que-vacinacao-dos-grupos-nao-prioritarios-inicie-ainda-em-junho\/","url_meta":{"origin":16893,"position":3},"title":"Estimativa do Governo do estado prev\u00ea que vacina\u00e7\u00e3o dos grupos n\u00e3o priorit\u00e1rios inicie ainda em junho","author":"","date":"Junho 7, 2021","format":false,"excerpt":"Por Samuel Carvalho - Reda\u00e7\u00e3o Correio da Semana Segundo Sayonara Cidade, vice-presidente da Comiss\u00e3o Intergestores Bipartite (CIB) do Cear\u00e1 a vacina\u00e7\u00e3o contra Covid-19 para pessoas que n\u00e3o fazem parte do grupo priorit\u00e1rio deve come\u00e7ar ainda em junho. O governo estadual prev\u00ea que a imuniza\u00e7\u00e3o dos grupos priorit\u00e1rios da Fase 4\u2026","rel":"","context":"In &quot;Atualidade&quot;","block_context":{"text":"Atualidade","link":"https:\/\/correiodasemana.com\/site\/category\/atualidade\/"},"img":{"alt_text":"","src":"https:\/\/i0.wp.com\/correiodasemana.com\/site\/wp-content\/uploads\/2021\/06\/1611055102756.jpg?resize=350%2C200&ssl=1","width":350,"height":200,"srcset":"https:\/\/i0.wp.com\/correiodasemana.com\/site\/wp-content\/uploads\/2021\/06\/1611055102756.jpg?resize=350%2C200&ssl=1 1x, https:\/\/i0.wp.com\/correiodasemana.com\/site\/wp-content\/uploads\/2021\/06\/1611055102756.jpg?resize=525%2C300&ssl=1 1.5x, https:\/\/i0.wp.com\/correiodasemana.com\/site\/wp-content\/uploads\/2021\/06\/1611055102756.jpg?resize=700%2C400&ssl=1 2x"},"classes":[]},{"id":17599,"url":"https:\/\/correiodasemana.com\/site\/municipios-cearenses-ja-podem-aplicar-terceira-dose-da-vacina-em-pessoas-imunossuprimidas\/","url_meta":{"origin":16893,"position":4},"title":"Munic\u00edpios cearenses j\u00e1 podem aplicar terceira dose da vacina em pessoas imunossuprimidas","author":"","date":"Setembro 26, 2021","format":false,"excerpt":"Por Samuel Carvalho - Reda\u00e7\u00e3o Correio da Semana A Secretaria da Sa\u00fade (Sesa) anunciou ontem, quinta-feira (23) o inicio da vacina\u00e7\u00e3o em pessoas idosas de at\u00e9 70 anos e pacientes com grau elevado de imunossupress\u00e3o com a terceira dose (D3). Os imunizantes j\u00e1 est\u00e3o sendo enviados aos munic\u00edpios. Atrav\u00e9s de\u2026","rel":"","context":"In &quot;Atualidade&quot;","block_context":{"text":"Atualidade","link":"https:\/\/correiodasemana.com\/site\/category\/atualidade\/"},"img":{"alt_text":"","src":"https:\/\/i0.wp.com\/correiodasemana.com\/site\/wp-content\/uploads\/2020\/12\/2020-11-04t192156z_1_lynxmpega31lb_rtroptp_4_health-coronavirus-britain-vaccine.jpg?resize=350%2C200&ssl=1","width":350,"height":200,"srcset":"https:\/\/i0.wp.com\/correiodasemana.com\/site\/wp-content\/uploads\/2020\/12\/2020-11-04t192156z_1_lynxmpega31lb_rtroptp_4_health-coronavirus-britain-vaccine.jpg?resize=350%2C200&ssl=1 1x, https:\/\/i0.wp.com\/correiodasemana.com\/site\/wp-content\/uploads\/2020\/12\/2020-11-04t192156z_1_lynxmpega31lb_rtroptp_4_health-coronavirus-britain-vaccine.jpg?resize=525%2C300&ssl=1 1.5x, https:\/\/i0.wp.com\/correiodasemana.com\/site\/wp-content\/uploads\/2020\/12\/2020-11-04t192156z_1_lynxmpega31lb_rtroptp_4_health-coronavirus-britain-vaccine.jpg?resize=700%2C400&ssl=1 2x, https:\/\/i0.wp.com\/correiodasemana.com\/site\/wp-content\/uploads\/2020\/12\/2020-11-04t192156z_1_lynxmpega31lb_rtroptp_4_health-coronavirus-britain-vaccine.jpg?resize=1050%2C600&ssl=1 3x"},"classes":[]},{"id":15017,"url":"https:\/\/correiodasemana.com\/site\/o-mais-importante-e-que-tenhamos-a-vacina-o-mais-rapido-diz-camilo-apos-reuniao-com-ministro-da-saude\/","url_meta":{"origin":16893,"position":5},"title":"\u201cO mais importante \u00e9 que tenhamos a vacina o mais r\u00e1pido\u201d, diz Camilo, ap\u00f3s reuni\u00e3o com ministro da Sa\u00fade","author":"","date":"Dezembro 15, 2020","format":false,"excerpt":"Em reuni\u00e3o realizada em Bras\u00edlia, o governador do Cear\u00e1, Camilo Santana esteve na tarde desta segunda-feira (14) com o ministro da Sa\u00fade, Eduardo Pazuello. Em pauta as demandas do Cear\u00e1, mas principalmente, sobre a vacina da Covid-19. \u201cTenho lutado para que a vacina chegue ao nosso estado o mais r\u00e1pido\u2026","rel":"","context":"In &quot;Atualidade&quot;","block_context":{"text":"Atualidade","link":"https:\/\/correiodasemana.com\/site\/category\/atualidade\/"},"img":{"alt_text":"","src":"https:\/\/i0.wp.com\/correiodasemana.com\/site\/wp-content\/uploads\/2020\/12\/pazuello.jpg?resize=350%2C200&ssl=1","width":350,"height":200,"srcset":"https:\/\/i0.wp.com\/correiodasemana.com\/site\/wp-content\/uploads\/2020\/12\/pazuello.jpg?resize=350%2C200&ssl=1 1x, https:\/\/i0.wp.com\/correiodasemana.com\/site\/wp-content\/uploads\/2020\/12\/pazuello.jpg?resize=525%2C300&ssl=1 1.5x, https:\/\/i0.wp.com\/correiodasemana.com\/site\/wp-content\/uploads\/2020\/12\/pazuello.jpg?resize=700%2C400&ssl=1 2x, https:\/\/i0.wp.com\/correiodasemana.com\/site\/wp-content\/uploads\/2020\/12\/pazuello.jpg?resize=1050%2C600&ssl=1 3x, https:\/\/i0.wp.com\/correiodasemana.com\/site\/wp-content\/uploads\/2020\/12\/pazuello.jpg?resize=1400%2C800&ssl=1 4x"},"classes":[]}],"jetpack_sharing_enabled":true,"_links":{"self":[{"href":"https:\/\/correiodasemana.com\/site\/wp-json\/wp\/v2\/posts\/16893","targetHints":{"allow":["GET"]}}],"collection":[{"href":"https:\/\/correiodasemana.com\/site\/wp-json\/wp\/v2\/posts"}],"about":[{"href":"https:\/\/correiodasemana.com\/site\/wp-json\/wp\/v2\/types\/post"}],"author":[{"embeddable":true,"href":"https:\/\/correiodasemana.com\/site\/wp-json\/wp\/v2\/users\/1"}],"replies":[{"embeddable":true,"href":"https:\/\/correiodasemana.com\/site\/wp-json\/wp\/v2\/comments?post=16893"}],"version-history":[{"count":1,"href":"https:\/\/correiodasemana.com\/site\/wp-json\/wp\/v2\/posts\/16893\/revisions"}],"predecessor-version":[{"id":16894,"href":"https:\/\/correiodasemana.com\/site\/wp-json\/wp\/v2\/posts\/16893\/revisions\/16894"}],"wp:featuredmedia":[{"embeddable":true,"href":"https:\/\/correiodasemana.com\/site\/wp-json\/wp\/v2\/media\/16863"}],"wp:attachment":[{"href":"https:\/\/correiodasemana.com\/site\/wp-json\/wp\/v2\/media?parent=16893"}],"wp:term":[{"taxonomy":"category","embeddable":true,"href":"https:\/\/correiodasemana.com\/site\/wp-json\/wp\/v2\/categories?post=16893"},{"taxonomy":"post_tag","embeddable":true,"href":"https:\/\/correiodasemana.com\/site\/wp-json\/wp\/v2\/tags?post=16893"}],"curies":[{"name":"wp","href":"https:\/\/api.w.org\/{rel}","templated":true}]}}