{"id":16900,"date":"2021-07-05T01:48:38","date_gmt":"2021-07-05T04:48:38","guid":{"rendered":"https:\/\/correiodasemana.com\/site\/?p=16900"},"modified":"2021-07-05T01:49:42","modified_gmt":"2021-07-05T04:49:42","slug":"servico-de-neonatologia-da-santa-casa-de-sobral-promove-arraia-dos-prematuros","status":"publish","type":"post","link":"https:\/\/correiodasemana.com\/site\/servico-de-neonatologia-da-santa-casa-de-sobral-promove-arraia-dos-prematuros\/","title":{"rendered":"Servi\u00e7o de Neonatologia da Santa Casa de Sobral promove arrai\u00e1 dos prematuros"},"content":{"rendered":"<p><strong>O momento promove a integra\u00e7\u00e3o e o acolhimento entre as m\u00e3es que criam um v\u00ednculo durante o tempo em que estavam acompanhando o internamento dos filhos.<\/strong><\/p>\n<p>Ascom Complexo SCMS<\/p>\n<p>Buscando proporcionar um momento de descontra\u00e7\u00e3o para as m\u00e3es dos rec\u00e9m-nascidos internados na Unidade de Cuidado Intermedi\u00e1rio Neonatal Canguru (UCINCa) da Santa Casa de Miseric\u00f3rdia de Sobral, na quinta-feira (24\/06), profissionais da Resid\u00eancia Multiprofissional em Neonatologia realizaram o arrai\u00e1 dos prematuros.<br \/>\nO momento, embalado por comidas t\u00edpicas e muita alegria foi uma oportunidade de promover a integra\u00e7\u00e3o e o acolhimento entre as m\u00e3es que criaram um v\u00ednculo durante o tempo em que estavam acompanhando o internamento de seus filhos.\u00a0\u201cBuscamos possibilitar por meio dessa a\u00e7\u00e3o que as mam\u00e3es recordassem a felicidade de comemorar esta data, agora com uma felicidade a mais que \u00e9 a presen\u00e7a dos seus beb\u00eas\u201d,\u00a0destacou a residente em Neonatologia, Samara Evangelista.<\/p>\n<p>Supera\u00e7\u00e3o<br \/>\nH\u00e1 dois meses internado na Santa Casa, Jos\u00e9 Miguel nasceu prematuro de 33 semanas, pesando 1.805 kg e medindo 45 cm. Desde que nasceu, o rec\u00e9m-nascido vem recebendo toda assist\u00eancia especializada no hospital. Natural do munic\u00edpio de Senador S\u00e1, Daniele Vasconcelos Cordeiro, m\u00e3e do pequeno Jos\u00e9 Miguel aproveitou o Dia de S\u00e3o Jo\u00e3o para comemorar a vida do seu filho e agradeceu os profissionais do servi\u00e7o de Neonatologia pela assist\u00eancia.<br \/>\n\u201cMinhas palavras s\u00e3o somente de gratid\u00e3o. Sou grata a Deus e a todos que contribu\u00edram para que hoje o meu filho esteja bem. Toda equipe da UTI Neo II foram anjos na vida do meu pequeno, pois o cuidado e o amor que todos tinham por ele era gigantesco. Meu filho \u00e9 o meu maior orgulho, \u00e9 forte, inteligente e vitorioso, \u00e9 uma prova de que existe milagre\u201d, agradeceu Daniele.<br \/>\nSanta Casa de Miseric\u00f3rdia de Sobral &#8211; Assessoria de Comunica\u00e7\u00e3o &#8211; Thais Menezes\/ Henrique Brito\/ Domingos Jr.<\/p>\n<p><img fetchpriority=\"high\" decoding=\"async\" class=\"alignleft size-medium wp-image-16901\" src=\"https:\/\/correiodasemana.com\/site\/wp-content\/uploads\/2021\/07\/foto-1-arraia-300x225.jpeg\" alt=\"\" width=\"300\" height=\"225\" srcset=\"https:\/\/correiodasemana.com\/site\/wp-content\/uploads\/2021\/07\/foto-1-arraia-300x225.jpeg 300w, https:\/\/correiodasemana.com\/site\/wp-content\/uploads\/2021\/07\/foto-1-arraia.jpeg 768w\" sizes=\"(max-width: 300px) 100vw, 300px\" \/> <img decoding=\"async\" class=\"alignleft size-medium wp-image-16902\" src=\"https:\/\/correiodasemana.com\/site\/wp-content\/uploads\/2021\/07\/foto-2-arraia-300x221.jpg\" alt=\"\" width=\"300\" height=\"221\" srcset=\"https:\/\/correiodasemana.com\/site\/wp-content\/uploads\/2021\/07\/foto-2-arraia-300x221.jpg 300w, https:\/\/correiodasemana.com\/site\/wp-content\/uploads\/2021\/07\/foto-2-arraia.jpg 768w\" sizes=\"(max-width: 300px) 100vw, 300px\" \/><\/p>\n","protected":false},"excerpt":{"rendered":"<p>O momento promove a integra\u00e7\u00e3o e o acolhimento entre as m\u00e3es que criam um v\u00ednculo&#8230;<\/p>\n","protected":false},"author":1,"featured_media":16901,"comment_status":"open","ping_status":"open","sticky":false,"template":"","format":"standard","meta":{"_jetpack_memberships_contains_paid_content":false,"footnotes":"","jetpack_publicize_message":"","jetpack_publicize_feature_enabled":true,"jetpack_social_post_already_shared":true,"jetpack_social_options":{"image_generator_settings":{"template":"highway","default_image_id":0,"font":"","enabled":false},"version":2}},"categories":[1],"tags":[],"class_list":["post-16900","post","type-post","status-publish","format-standard","has-post-thumbnail","hentry","category-atualidade"],"jetpack_publicize_connections":[],"jetpack_featured_media_url":"https:\/\/correiodasemana.com\/site\/wp-content\/uploads\/2021\/07\/foto-1-arraia.jpeg","jetpack-related-posts":[{"id":36028,"url":"https:\/\/correiodasemana.com\/site\/bebes-prematuros-ganham-dia-da-touca-maluca-na-santa-casa-de-sobral\/","url_meta":{"origin":16900,"position":0},"title":"Beb\u00eas prematuros ganham \u201cDia da Touca Maluca\u201d na Santa Casa de Sobral","author":"adminredacao","date":"Outubro 29, 2025","format":false,"excerpt":"Em alus\u00e3o ao M\u00eas das Crian\u00e7as, a Santa Casa de Miseric\u00f3rdia de Sobral promoveu uma vers\u00e3o especial e l\u00fadica do \u201cDia da Touca Maluca\u201d para os beb\u00eas prematuros da Unidade de Neonatologia. A iniciativa teve como objetivo proporcionar um momento de alegria e fortalecimento do v\u00ednculo entre m\u00e3es e filhos\u2026","rel":"","context":"In &quot;Atualidade&quot;","block_context":{"text":"Atualidade","link":"https:\/\/correiodasemana.com\/site\/category\/atualidade\/"},"img":{"alt_text":"","src":"https:\/\/i0.wp.com\/correiodasemana.com\/site\/wp-content\/uploads\/2025\/10\/Bebes-de-touca-3-scaled.jpg?resize=350%2C200&ssl=1","width":350,"height":200,"srcset":"https:\/\/i0.wp.com\/correiodasemana.com\/site\/wp-content\/uploads\/2025\/10\/Bebes-de-touca-3-scaled.jpg?resize=350%2C200&ssl=1 1x, https:\/\/i0.wp.com\/correiodasemana.com\/site\/wp-content\/uploads\/2025\/10\/Bebes-de-touca-3-scaled.jpg?resize=525%2C300&ssl=1 1.5x, https:\/\/i0.wp.com\/correiodasemana.com\/site\/wp-content\/uploads\/2025\/10\/Bebes-de-touca-3-scaled.jpg?resize=700%2C400&ssl=1 2x, https:\/\/i0.wp.com\/correiodasemana.com\/site\/wp-content\/uploads\/2025\/10\/Bebes-de-touca-3-scaled.jpg?resize=1050%2C600&ssl=1 3x, https:\/\/i0.wp.com\/correiodasemana.com\/site\/wp-content\/uploads\/2025\/10\/Bebes-de-touca-3-scaled.jpg?resize=1400%2C800&ssl=1 4x"},"classes":[]},{"id":18103,"url":"https:\/\/correiodasemana.com\/site\/no-dia-da-prematuridade-maes-de-bebes-internados-na-santa-casa-de-sobral-participam-de-sensibilizacao-sobre-separacao-zero\/","url_meta":{"origin":16900,"position":1},"title":"No dia da prematuridade, m\u00e3es de beb\u00eas internados na Santa Casa de Sobral participam de sensibiliza\u00e7\u00e3o sobre separa\u00e7\u00e3o zero","author":"","date":"Novembro 22, 2021","format":false,"excerpt":"O m\u00eas de novembro, no cen\u00e1rio nacional e internacional, instiga para reflex\u00f5es sobre a prematuridade. Ascom Complexo SCMS Celebrado anualmente em 17 de novembro, o dia mundial da prematuridade \u00e9 destaque nas atividades realizadas durante o Novembro Roxo - m\u00eas de sensibiliza\u00e7\u00e3o para a causa da prematuridade. Neste ano, a\u2026","rel":"","context":"In &quot;Atualidade&quot;","block_context":{"text":"Atualidade","link":"https:\/\/correiodasemana.com\/site\/category\/atualidade\/"},"img":{"alt_text":"","src":"https:\/\/correiodasemana.com\/site\/wp-content\/uploads\/2021\/11\/santa-casa-sobral-2.bmp","width":350,"height":200,"srcset":"https:\/\/correiodasemana.com\/site\/wp-content\/uploads\/2021\/11\/santa-casa-sobral-2.bmp 1x, https:\/\/correiodasemana.com\/site\/wp-content\/uploads\/2021\/11\/santa-casa-sobral-2.bmp 1.5x, https:\/\/correiodasemana.com\/site\/wp-content\/uploads\/2021\/11\/santa-casa-sobral-2.bmp 2x"},"classes":[]},{"id":13332,"url":"https:\/\/correiodasemana.com\/site\/santa-casa-de-misericordia-de-sobral-encerra-o-mes-de-incentivo-ao-aleitamento-materno-com-homenagem-as-maes-de-bebes-prematuros-internados-no-hospital\/","url_meta":{"origin":16900,"position":2},"title":"Santa Casa de Miseric\u00f3rdia de Sobral encerra o m\u00eas de incentivo ao aleitamento materno com homenagem \u00e0s m\u00e3es de beb\u00eas prematuros internados no hospital","author":"","date":"Setembro 2, 2020","format":false,"excerpt":"Encerrando as a\u00e7\u00f5es desenvolvidas no hospital durante o m\u00eas de incentivo ao aleitamento materno, conhecido tamb\u00e9m como Agosto Dourado, a Santa Casa de Miseric\u00f3rdia de Sobral (SCMS) organizou na segunda-feira (31\/08) um momento de agradecimento aos profissionais que se engajam diariamente na campanha de amamenta\u00e7\u00e3o, e tamb\u00e9m homenagear a luta\u2026","rel":"","context":"In &quot;Atualidade&quot;","block_context":{"text":"Atualidade","link":"https:\/\/correiodasemana.com\/site\/category\/atualidade\/"},"img":{"alt_text":"","src":"https:\/\/i0.wp.com\/correiodasemana.com\/site\/wp-content\/uploads\/2020\/09\/A4-scaled.jpg?resize=350%2C200&ssl=1","width":350,"height":200,"srcset":"https:\/\/i0.wp.com\/correiodasemana.com\/site\/wp-content\/uploads\/2020\/09\/A4-scaled.jpg?resize=350%2C200&ssl=1 1x, https:\/\/i0.wp.com\/correiodasemana.com\/site\/wp-content\/uploads\/2020\/09\/A4-scaled.jpg?resize=525%2C300&ssl=1 1.5x, https:\/\/i0.wp.com\/correiodasemana.com\/site\/wp-content\/uploads\/2020\/09\/A4-scaled.jpg?resize=700%2C400&ssl=1 2x, https:\/\/i0.wp.com\/correiodasemana.com\/site\/wp-content\/uploads\/2020\/09\/A4-scaled.jpg?resize=1050%2C600&ssl=1 3x, https:\/\/i0.wp.com\/correiodasemana.com\/site\/wp-content\/uploads\/2020\/09\/A4-scaled.jpg?resize=1400%2C800&ssl=1 4x"},"classes":[]},{"id":14659,"url":"https:\/\/correiodasemana.com\/site\/semana-da-prematuridade-tem-programacao-especial-no-hrn\/","url_meta":{"origin":16900,"position":3},"title":"Semana da Prematuridade tem programa\u00e7\u00e3o especial no HRN","author":"","date":"Novembro 23, 2020","format":false,"excerpt":"Por Joc\u00e9lio Tavares. Com informa\u00e7\u00f5es da Ascom HRN. Pequenos e fr\u00e1geis, os beb\u00eas prematuros precisam de cuidados especiais em virtude de complica\u00e7\u00f5es como pulm\u00f5es imaturos, dificuldade de regular a temperatura corporal e ganho de peso lento. A Campanha Novembro Roxo chama a aten\u00e7\u00e3o para a prematuridade, refletindo sobre os cuidados\u2026","rel":"","context":"In &quot;Atualidade&quot;","block_context":{"text":"Atualidade","link":"https:\/\/correiodasemana.com\/site\/category\/atualidade\/"},"img":{"alt_text":"","src":"https:\/\/i0.wp.com\/correiodasemana.com\/site\/wp-content\/uploads\/2020\/11\/prematuridade-16.jpg?resize=350%2C200&ssl=1","width":350,"height":200,"srcset":"https:\/\/i0.wp.com\/correiodasemana.com\/site\/wp-content\/uploads\/2020\/11\/prematuridade-16.jpg?resize=350%2C200&ssl=1 1x, https:\/\/i0.wp.com\/correiodasemana.com\/site\/wp-content\/uploads\/2020\/11\/prematuridade-16.jpg?resize=525%2C300&ssl=1 1.5x, https:\/\/i0.wp.com\/correiodasemana.com\/site\/wp-content\/uploads\/2020\/11\/prematuridade-16.jpg?resize=700%2C400&ssl=1 2x"},"classes":[]},{"id":36503,"url":"https:\/\/correiodasemana.com\/site\/novembro-roxo-santa-casa-de-sobral-promove-semana-da-prematuridade-e-reforca-a-importancia-do-cuidado-com-os-bebes\/","url_meta":{"origin":16900,"position":4},"title":"Novembro Roxo: Santa Casa de Sobral promove Semana da Prematuridade e refor\u00e7a a import\u00e2ncia do cuidado com os beb\u00eas","author":"adminredacao","date":"Novembro 25, 2025","format":false,"excerpt":"Os beb\u00eas prematuros nascem, em geral, menores e mais fr\u00e1geis, exigindo uma s\u00e9rie de cuidados especiais. Considera-se prematuro o parto que ocorre antes de a gesta\u00e7\u00e3o completar 37 semanas. A Santa Casa de Miseric\u00f3rdia de Sobral disp\u00f5e de um Servi\u00e7o de Neonatologia especializado nesse atendimento, com 15 leitos de UTI\u2026","rel":"","context":"In &quot;Atualidade&quot;","block_context":{"text":"Atualidade","link":"https:\/\/correiodasemana.com\/site\/category\/atualidade\/"},"img":{"alt_text":"","src":"https:\/\/i0.wp.com\/correiodasemana.com\/site\/wp-content\/uploads\/2025\/11\/Prematuridade-3.jpeg?resize=350%2C200&ssl=1","width":350,"height":200,"srcset":"https:\/\/i0.wp.com\/correiodasemana.com\/site\/wp-content\/uploads\/2025\/11\/Prematuridade-3.jpeg?resize=350%2C200&ssl=1 1x, https:\/\/i0.wp.com\/correiodasemana.com\/site\/wp-content\/uploads\/2025\/11\/Prematuridade-3.jpeg?resize=525%2C300&ssl=1 1.5x, https:\/\/i0.wp.com\/correiodasemana.com\/site\/wp-content\/uploads\/2025\/11\/Prematuridade-3.jpeg?resize=700%2C400&ssl=1 2x"},"classes":[]},{"id":14241,"url":"https:\/\/correiodasemana.com\/site\/santa-casa-de-misericordia-de-sobral-implanta-projeto-polvoando-com-amor-que-acalma-bebes-prematuros-dentro-de-incubadoras\/","url_meta":{"origin":16900,"position":5},"title":"Santa Casa de Miseric\u00f3rdia de Sobral implanta projeto \u2018Polvoando com Amor\u2019 que acalma beb\u00eas prematuros dentro de incubadoras","author":"","date":"Outubro 25, 2020","format":false,"excerpt":"Projeto proporciona seguran\u00e7a e conforto a beb\u00eas nas incubadoras das Unidades de Terapia Intensiva Neonatais (UTINs) com a presen\u00e7a de polvos feitos de croch\u00ea. Ascom Complexo SCMS Com o objetivo de proporcionar um tratamento mais humanizado a pacientes rec\u00e9m-nascidos prematuros, a Santa Casa de Miseric\u00f3rdia de Sobral (SCMS) implantou na\u2026","rel":"","context":"In &quot;Atualidade&quot;","block_context":{"text":"Atualidade","link":"https:\/\/correiodasemana.com\/site\/category\/atualidade\/"},"img":{"alt_text":"","src":"https:\/\/i0.wp.com\/correiodasemana.com\/site\/wp-content\/uploads\/2020\/10\/POLVO-1.jpg?resize=350%2C200&ssl=1","width":350,"height":200,"srcset":"https:\/\/i0.wp.com\/correiodasemana.com\/site\/wp-content\/uploads\/2020\/10\/POLVO-1.jpg?resize=350%2C200&ssl=1 1x, https:\/\/i0.wp.com\/correiodasemana.com\/site\/wp-content\/uploads\/2020\/10\/POLVO-1.jpg?resize=525%2C300&ssl=1 1.5x"},"classes":[]}],"jetpack_sharing_enabled":true,"_links":{"self":[{"href":"https:\/\/correiodasemana.com\/site\/wp-json\/wp\/v2\/posts\/16900","targetHints":{"allow":["GET"]}}],"collection":[{"href":"https:\/\/correiodasemana.com\/site\/wp-json\/wp\/v2\/posts"}],"about":[{"href":"https:\/\/correiodasemana.com\/site\/wp-json\/wp\/v2\/types\/post"}],"author":[{"embeddable":true,"href":"https:\/\/correiodasemana.com\/site\/wp-json\/wp\/v2\/users\/1"}],"replies":[{"embeddable":true,"href":"https:\/\/correiodasemana.com\/site\/wp-json\/wp\/v2\/comments?post=16900"}],"version-history":[{"count":2,"href":"https:\/\/correiodasemana.com\/site\/wp-json\/wp\/v2\/posts\/16900\/revisions"}],"predecessor-version":[{"id":16904,"href":"https:\/\/correiodasemana.com\/site\/wp-json\/wp\/v2\/posts\/16900\/revisions\/16904"}],"wp:featuredmedia":[{"embeddable":true,"href":"https:\/\/correiodasemana.com\/site\/wp-json\/wp\/v2\/media\/16901"}],"wp:attachment":[{"href":"https:\/\/correiodasemana.com\/site\/wp-json\/wp\/v2\/media?parent=16900"}],"wp:term":[{"taxonomy":"category","embeddable":true,"href":"https:\/\/correiodasemana.com\/site\/wp-json\/wp\/v2\/categories?post=16900"},{"taxonomy":"post_tag","embeddable":true,"href":"https:\/\/correiodasemana.com\/site\/wp-json\/wp\/v2\/tags?post=16900"}],"curies":[{"name":"wp","href":"https:\/\/api.w.org\/{rel}","templated":true}]}}