{"id":16908,"date":"2021-07-05T02:13:03","date_gmt":"2021-07-05T05:13:03","guid":{"rendered":"https:\/\/correiodasemana.com\/site\/?p=16908"},"modified":"2021-07-05T02:13:03","modified_gmt":"2021-07-05T05:13:03","slug":"contas-de-luz-ficarao-812-mais-caras-a-partir-de-julho-devido-a-crise-hidrica-no-pais","status":"publish","type":"post","link":"https:\/\/correiodasemana.com\/site\/contas-de-luz-ficarao-812-mais-caras-a-partir-de-julho-devido-a-crise-hidrica-no-pais\/","title":{"rendered":"Contas de luz ficar\u00e3o 8,12% mais caras a partir de julho devido \u00e0 crise h\u00eddrica no pa\u00eds"},"content":{"rendered":"<p>Por Samuel Carvalho \/ Reda\u00e7\u00e3o Correio da Semana<\/p>\n<p>O agravamento da crise h\u00eddrica acarretou o pior cen\u00e1rio dos \u00faltimos 91 anos. Devido a isto, a Ag\u00eancia Nacional de Energia El\u00e9trica (Aneel) poder\u00e1 aumentar ainda mais a bandeira vermelha n\u00edvel dois nas contas de luz nos pr\u00f3ximos meses. A Aneel vai receber contribui\u00e7\u00f5es sobre a proposta de 1\u00ba a 30 de julho. A discuss\u00e3o prev\u00ea que a bandeira vermelha possa ser elevada para at\u00e9 R$ 11,50 a cada 100 quilowatts-hora consumidos a partir de agosto.<br \/>\na Aneel aprovou um reajuste de 52%, passando a taxa adicional de R$ 6,24 a cada 100 quilowatts-hora (kWh) para R$ 9,49 a partir de julho, proposta esta que contrariou os c\u00e1lculos da \u00e1rea t\u00e9cnica da ag\u00eancia. De acordo com o Broadcast, sistema de not\u00edcias em tempo real do Grupo Estado, foi calculado que a bandeira vermelha n\u00edvel 2 deveria subir para um valor entre R$ 11,50 e R$ 12,00 a cada 100 kWh com objetivo de cobrir os custos do acionamento de t\u00e9rmicas para garantir o abastecimento.<br \/>\nAtualmente a conta bandeira j\u00e1 est\u00e1 no vermelho e conta com um d\u00e9ficit de R$ 1,5 bilh\u00e3o. Segundo as estimativas da Aneel, se fosse mantida a taxa adicional em R$ 9,49 a cada 100 kWh at\u00e9 o final do ano, haveria 46% de chances de um d\u00e9ficit de R$ 2 bilh\u00f5es, chegando a R$ 3,5 bilh\u00f5es. J\u00e1 um reajuste para R$ 11,50 pode minimizar o risco, mas n\u00e3o descart\u00e1-lo completamente.<br \/>\n\u201cVivemos um per\u00edodo muito at\u00edpico, o pior dos \u00faltimos 91 anos, por isso \u00e9 necess\u00e1rio poupar \u00e1gua nos reservat\u00f3rios das hidrel\u00e9tricas e acionar todo o parque termel\u00e9trico\u201d, disse diretor-geral da ag\u00eancia reguladora, Andr\u00e9 Pepitone. \u201cAs t\u00e9rmicas nos d\u00e3o seguran\u00e7a para suprir a demanda, mas precisam de combust\u00edvel para operar, e isso tem um custo, g\u00e1s natural, diesel e \u00f3leo combust\u00edvel.\u201d<br \/>\nO aumento no valor da cobran\u00e7a extra da bandeira tarif\u00e1ria vermelha patamar 2 sobre o consumo de energia el\u00e9trica tem previs\u00e3o de deixas as contas luz 8,12% mais caras, em julho. O c\u00e1lculo \u00e9 do economista Andr\u00e9 Braz, coordenador dos \u00cdndices de Pre\u00e7os do Instituto Brasileiro de Economia da Funda\u00e7\u00e3o Get\u00falio Vargas (Ibre\/FGV). Para efeitos pr\u00e1ticos uma fam\u00edlia que tenha gastado R$ 100 com a conta de luz de junho agora pagar\u00e1 R$ 108,12 em julho, se mantiver o mesmo patamar de consumo.<\/p>\n","protected":false},"excerpt":{"rendered":"<p>Por Samuel Carvalho \/ Reda\u00e7\u00e3o Correio da Semana O agravamento da crise h\u00eddrica acarretou o&#8230;<\/p>\n","protected":false},"author":1,"featured_media":16909,"comment_status":"open","ping_status":"open","sticky":false,"template":"","format":"standard","meta":{"_jetpack_memberships_contains_paid_content":false,"footnotes":"","jetpack_publicize_message":"","jetpack_publicize_feature_enabled":true,"jetpack_social_post_already_shared":true,"jetpack_social_options":{"image_generator_settings":{"template":"highway","default_image_id":0,"font":"","enabled":false},"version":2}},"categories":[1],"tags":[],"class_list":["post-16908","post","type-post","status-publish","format-standard","has-post-thumbnail","hentry","category-atualidade"],"jetpack_publicize_connections":[],"jetpack_featured_media_url":"https:\/\/correiodasemana.com\/site\/wp-content\/uploads\/2021\/07\/Enel.jpg","jetpack-related-posts":[{"id":17430,"url":"https:\/\/correiodasemana.com\/site\/eneel-institui-nova-bandeira-tarifaria-e-taxa-extra-de-r-1420-pelo-consumo-de-100-kwh\/","url_meta":{"origin":16908,"position":0},"title":"Eneel institui nova bandeira tarif\u00e1ria e taxa extra de R$ 14,20 pelo consumo de 100 kWh","author":"","date":"Setembro 6, 2021","format":false,"excerpt":"Por Samuel Carvalho - Reda\u00e7\u00e3o Correio da Semana A Ag\u00eancia Nacional de Energia El\u00e9trica (Aneel) a criou uma nova bandeira tarif\u00e1ria, chamada bandeira tarif\u00e1ria \u2018escassez h\u00eddrica\u2019 devido a gravidade da crise h\u00eddrica no pa\u00eds. O novo valor da taxa extra \u00e9 de R$ 14,20 pelo consumo de 100 kWh, conforme\u2026","rel":"","context":"In &quot;Atualidade&quot;","block_context":{"text":"Atualidade","link":"https:\/\/correiodasemana.com\/site\/category\/atualidade\/"},"img":{"alt_text":"","src":"https:\/\/i0.wp.com\/correiodasemana.com\/site\/wp-content\/uploads\/2021\/09\/Foto_enel.jpeg?resize=350%2C200&ssl=1","width":350,"height":200,"srcset":"https:\/\/i0.wp.com\/correiodasemana.com\/site\/wp-content\/uploads\/2021\/09\/Foto_enel.jpeg?resize=350%2C200&ssl=1 1x, https:\/\/i0.wp.com\/correiodasemana.com\/site\/wp-content\/uploads\/2021\/09\/Foto_enel.jpeg?resize=525%2C300&ssl=1 1.5x, https:\/\/i0.wp.com\/correiodasemana.com\/site\/wp-content\/uploads\/2021\/09\/Foto_enel.jpeg?resize=700%2C400&ssl=1 2x, https:\/\/i0.wp.com\/correiodasemana.com\/site\/wp-content\/uploads\/2021\/09\/Foto_enel.jpeg?resize=1050%2C600&ssl=1 3x"},"classes":[]},{"id":21773,"url":"https:\/\/correiodasemana.com\/site\/camara-federal-aprova-projeto-que-pode-encarecer-em-24-a-conta-de-luz-no-norte-e-no-nordeste\/","url_meta":{"origin":16908,"position":1},"title":"C\u00e2mara Federal aprova projeto que pode encarecer em 2,4% a conta de luz no Norte e no Nordeste","author":"","date":"Novembro 22, 2022","format":false,"excerpt":"Consumidores do Norte e do Nordeste, \u00e1reas que atualmente s\u00e3o grandes produtoras e exportadoras de energia el\u00e9trica para outras regi\u00f5es, podem ter de pagar uma conta de luz at\u00e9 2,4% mais alta do que no resto do Pa\u00eds por causa de um projeto de lei aprovado na C\u00e2mara e que,\u2026","rel":"","context":"In &quot;Atualidade&quot;","block_context":{"text":"Atualidade","link":"https:\/\/correiodasemana.com\/site\/category\/atualidade\/"},"img":{"alt_text":"","src":"https:\/\/i0.wp.com\/correiodasemana.com\/site\/wp-content\/uploads\/2022\/11\/ENERGIA-LUZ-CONTA.jpg?resize=350%2C200&ssl=1","width":350,"height":200,"srcset":"https:\/\/i0.wp.com\/correiodasemana.com\/site\/wp-content\/uploads\/2022\/11\/ENERGIA-LUZ-CONTA.jpg?resize=350%2C200&ssl=1 1x, https:\/\/i0.wp.com\/correiodasemana.com\/site\/wp-content\/uploads\/2022\/11\/ENERGIA-LUZ-CONTA.jpg?resize=525%2C300&ssl=1 1.5x, https:\/\/i0.wp.com\/correiodasemana.com\/site\/wp-content\/uploads\/2022\/11\/ENERGIA-LUZ-CONTA.jpg?resize=700%2C400&ssl=1 2x, https:\/\/i0.wp.com\/correiodasemana.com\/site\/wp-content\/uploads\/2022\/11\/ENERGIA-LUZ-CONTA.jpg?resize=1050%2C600&ssl=1 3x, https:\/\/i0.wp.com\/correiodasemana.com\/site\/wp-content\/uploads\/2022\/11\/ENERGIA-LUZ-CONTA.jpg?resize=1400%2C800&ssl=1 4x"},"classes":[]},{"id":19616,"url":"https:\/\/correiodasemana.com\/site\/reajustes-neste-ano-chegam-a-24-mas-fim-da-taxa-extra-deve-compensar-diz-aneel\/","url_meta":{"origin":16908,"position":2},"title":"Reajustes neste ano chegam a 24%, mas fim da taxa extra deve compensar, diz Aneel","author":"","date":"Abril 24, 2022","format":false,"excerpt":"Reajustes tarif\u00e1rios anuais repassam ao consumidor alta dos custos das empresas distribuidoras de energia. Principal motivo \u00e9 a infla\u00e7\u00e3o. Por J\u00e9ssica Sant\u2019Ana, g1\u00a0\u2014 Bras\u00edlia A\u00a0Ag\u00eancia Nacional de Energia El\u00e9trica\u00a0(Aneel) tem aprovado neste ano reajustes tarif\u00e1rios que variam de 7% a 24% nas contas de luz de clientes residenciais das distribuidoras\u2026","rel":"","context":"In &quot;Atualidade&quot;","block_context":{"text":"Atualidade","link":"https:\/\/correiodasemana.com\/site\/category\/atualidade\/"},"img":{"alt_text":"","src":"https:\/\/i0.wp.com\/correiodasemana.com\/site\/wp-content\/uploads\/2022\/04\/conta-de-luz.jpg?resize=350%2C200&ssl=1","width":350,"height":200,"srcset":"https:\/\/i0.wp.com\/correiodasemana.com\/site\/wp-content\/uploads\/2022\/04\/conta-de-luz.jpg?resize=350%2C200&ssl=1 1x, https:\/\/i0.wp.com\/correiodasemana.com\/site\/wp-content\/uploads\/2022\/04\/conta-de-luz.jpg?resize=525%2C300&ssl=1 1.5x, https:\/\/i0.wp.com\/correiodasemana.com\/site\/wp-content\/uploads\/2022\/04\/conta-de-luz.jpg?resize=700%2C400&ssl=1 2x, https:\/\/i0.wp.com\/correiodasemana.com\/site\/wp-content\/uploads\/2022\/04\/conta-de-luz.jpg?resize=1050%2C600&ssl=1 3x"},"classes":[]},{"id":21624,"url":"https:\/\/correiodasemana.com\/site\/ceara-ultrapassa-429-mil-conexoes-de-geracao-propria-de-energia-solar-segundo-absolar\/","url_meta":{"origin":16908,"position":3},"title":"Cear\u00e1 ultrapassa 42,9 mil conex\u00f5es de gera\u00e7\u00e3o pr\u00f3pria de energia solar, segundo ABSOLAR","author":"","date":"Novembro 13, 2022","format":false,"excerpt":"Tecnologia fotovoltaica em telhados, fechadas e pequenos terrenos j\u00e1 proporcionou ao estado a atra\u00e7\u00e3o de mais de R$ 2,5 bilh\u00f5es em investimentos Novembro de 2022\u00a0\u2013\u00a0Segundo recente mapeamento da Associa\u00e7\u00e3o Brasileira de Energia Solar Fotovoltaica (ABSOLAR), o estado do Cear\u00e1 ultrapassou 42,9 mil conex\u00f5es de gera\u00e7\u00e3o pr\u00f3pria de energia solar em\u2026","rel":"","context":"In &quot;Atualidade&quot;","block_context":{"text":"Atualidade","link":"https:\/\/correiodasemana.com\/site\/category\/atualidade\/"},"img":{"alt_text":"","src":"https:\/\/i0.wp.com\/correiodasemana.com\/site\/wp-content\/uploads\/2022\/11\/abisolar.jpg?resize=350%2C200&ssl=1","width":350,"height":200,"srcset":"https:\/\/i0.wp.com\/correiodasemana.com\/site\/wp-content\/uploads\/2022\/11\/abisolar.jpg?resize=350%2C200&ssl=1 1x, https:\/\/i0.wp.com\/correiodasemana.com\/site\/wp-content\/uploads\/2022\/11\/abisolar.jpg?resize=525%2C300&ssl=1 1.5x"},"classes":[]},{"id":21883,"url":"https:\/\/correiodasemana.com\/site\/camara-aprova-audiencia-sobre-taxa-de-postes-para-provedores\/","url_meta":{"origin":16908,"position":4},"title":"C\u00e2mara aprova audi\u00eancia sobre taxa de postes para provedores","author":"","date":"Novembro 28, 2022","format":false,"excerpt":"A Comiss\u00e3o de Minas e Energia (CME) da C\u00e2mara dos Deputados aprovou nesta quarta-feira (23) proposta do deputado federal Danilo Forte (Uni\u00e3o-CE) para a realiza\u00e7\u00e3o de uma audi\u00eancia p\u00fablica sobre a cobran\u00e7a de uma taxa pelo uso dos postes de energia pelos provedores de internet. \u201cEssa audi\u00eancia p\u00fablica pode ser\u2026","rel":"","context":"In &quot;Atualidade&quot;","block_context":{"text":"Atualidade","link":"https:\/\/correiodasemana.com\/site\/category\/atualidade\/"},"img":{"alt_text":"","src":"https:\/\/i0.wp.com\/correiodasemana.com\/site\/wp-content\/uploads\/2022\/11\/camara-ceara.jpg?resize=350%2C200&ssl=1","width":350,"height":200},"classes":[]},{"id":24159,"url":"https:\/\/correiodasemana.com\/site\/conta-de-luz-tera-aumento-de-1154-no-ceara\/","url_meta":{"origin":16908,"position":5},"title":"Conta de luz ter\u00e1 aumento de 11,54% no Cear\u00e1","author":"","date":"Abril 19, 2023","format":false,"excerpt":"Ag\u00eancia Nacional de Energia El\u00e9trica (Aneel) aprovou, nesta ter\u00e7a-feira, 18, a revis\u00e3o tarif\u00e1ria na conta de luz. O aumento ser\u00e1 de 4,60% para os clientes residenciais, e para o consumidor rural, a alta ser\u00e1 de 11,54%. Os novos valores passam a vigorar a partir deste s\u00e1bado, 22. \u2060 \u2060 O\u2026","rel":"","context":"In &quot;Atualidade&quot;","block_context":{"text":"Atualidade","link":"https:\/\/correiodasemana.com\/site\/category\/atualidade\/"},"img":{"alt_text":"","src":"https:\/\/i0.wp.com\/correiodasemana.com\/site\/wp-content\/uploads\/2023\/04\/lampada-energia-eletrica-conta-de-luz-1627657898726_v2_900x506.jpg?resize=350%2C200&ssl=1","width":350,"height":200,"srcset":"https:\/\/i0.wp.com\/correiodasemana.com\/site\/wp-content\/uploads\/2023\/04\/lampada-energia-eletrica-conta-de-luz-1627657898726_v2_900x506.jpg?resize=350%2C200&ssl=1 1x, https:\/\/i0.wp.com\/correiodasemana.com\/site\/wp-content\/uploads\/2023\/04\/lampada-energia-eletrica-conta-de-luz-1627657898726_v2_900x506.jpg?resize=525%2C300&ssl=1 1.5x, https:\/\/i0.wp.com\/correiodasemana.com\/site\/wp-content\/uploads\/2023\/04\/lampada-energia-eletrica-conta-de-luz-1627657898726_v2_900x506.jpg?resize=700%2C400&ssl=1 2x"},"classes":[]}],"jetpack_sharing_enabled":true,"_links":{"self":[{"href":"https:\/\/correiodasemana.com\/site\/wp-json\/wp\/v2\/posts\/16908","targetHints":{"allow":["GET"]}}],"collection":[{"href":"https:\/\/correiodasemana.com\/site\/wp-json\/wp\/v2\/posts"}],"about":[{"href":"https:\/\/correiodasemana.com\/site\/wp-json\/wp\/v2\/types\/post"}],"author":[{"embeddable":true,"href":"https:\/\/correiodasemana.com\/site\/wp-json\/wp\/v2\/users\/1"}],"replies":[{"embeddable":true,"href":"https:\/\/correiodasemana.com\/site\/wp-json\/wp\/v2\/comments?post=16908"}],"version-history":[{"count":1,"href":"https:\/\/correiodasemana.com\/site\/wp-json\/wp\/v2\/posts\/16908\/revisions"}],"predecessor-version":[{"id":16910,"href":"https:\/\/correiodasemana.com\/site\/wp-json\/wp\/v2\/posts\/16908\/revisions\/16910"}],"wp:featuredmedia":[{"embeddable":true,"href":"https:\/\/correiodasemana.com\/site\/wp-json\/wp\/v2\/media\/16909"}],"wp:attachment":[{"href":"https:\/\/correiodasemana.com\/site\/wp-json\/wp\/v2\/media?parent=16908"}],"wp:term":[{"taxonomy":"category","embeddable":true,"href":"https:\/\/correiodasemana.com\/site\/wp-json\/wp\/v2\/categories?post=16908"},{"taxonomy":"post_tag","embeddable":true,"href":"https:\/\/correiodasemana.com\/site\/wp-json\/wp\/v2\/tags?post=16908"}],"curies":[{"name":"wp","href":"https:\/\/api.w.org\/{rel}","templated":true}]}}