{"id":16911,"date":"2021-07-05T02:17:26","date_gmt":"2021-07-05T05:17:26","guid":{"rendered":"https:\/\/correiodasemana.com\/site\/?p=16911"},"modified":"2021-07-05T02:17:26","modified_gmt":"2021-07-05T05:17:26","slug":"dom-vasconcelos-visita-museu-diocesano-dom-jose","status":"publish","type":"post","link":"https:\/\/correiodasemana.com\/site\/dom-vasconcelos-visita-museu-diocesano-dom-jose\/","title":{"rendered":"Dom Vasconcelos visita Museu Diocesano Dom Jos\u00e9"},"content":{"rendered":"<p>O Bispo Diocesano da Diocese de Sobral, Dom Jos\u00e9 Luiz Gomes de Vasconcelos, visitou na manh\u00e3 de quinta-feira, 01, o Museu Diocesano Dom Jos\u00e9 que est\u00e1 em restaura\u00e7\u00e3o do pr\u00e9dio, objeto de conv\u00eanio realizado entre o Munic\u00edpio de Sobral com o Instituto do Patrim\u00f4nio Hist\u00f3rico e Art\u00edstico Nacional (IPHAN), viabilizados pelo PAC Cidades Hist\u00f3ricas. Dom Vasconcelos foi conferir de perto as obras que est\u00e3o em aproximadamente 40% j\u00e1 executados pela S\u00e3o Jorge Constru\u00e7\u00f5es, empresa ganhadora da licita\u00e7\u00e3o para as obras de restaura\u00e7\u00e3o do pr\u00e9dio do Museu.<br \/>\nO Bispo foi recebido pelo professor Jos\u00e9 Lu\u00eds Lira, diretor do Museu, servidores do Museu e pelo engenheiro Jonas Tabosa da S\u00e3o Jorge Constru\u00e7\u00f5es. Foi explanado tanto a restaura\u00e7\u00e3o e o futuro projeto museol\u00f3gico que ser\u00e1 aplicado na furura exposi\u00e7\u00e3o do Museu, respeitando o hist\u00f3rico da institui\u00e7\u00e3o, fundada pelo primeiro Bispo de Sobral, Dom Jos\u00e9 Tupinamb\u00e1 da Frota, h\u00e1 70 anos.<br \/>\nDom Vasconcelos ficou satisfeito com o andamento da obra e o diretor, Jos\u00e9 Lira, reiterou o desejo de que seja ressacralizada dentro do Museu a antiga capela que ali existiu quando fora Pal\u00e1cio Episcopal.<br \/>\nAp\u00f3s a restaura\u00e7\u00e3o a entrada do Museu Diocesano Dom Jos\u00e9 ser\u00e1 pela Avenida Dom Jos\u00e9, como o fora no projeto original do pr\u00e9dio, um palacete de estilo luso-brasileiro constru\u00eddo em 1844 pelo Major Jo\u00e3o Pedro Bandeira de Melo, adquirido por Dom Jos\u00e9 Tupinamb\u00e1 da Frota nos anos 1930.<\/p>\n<p><img fetchpriority=\"high\" decoding=\"async\" class=\"alignleft size-medium wp-image-16912\" src=\"https:\/\/correiodasemana.com\/site\/wp-content\/uploads\/2021\/07\/visita-ao-museu-dom-jose-sobral-6-300x201.jpg\" alt=\"\" width=\"300\" height=\"201\" srcset=\"https:\/\/correiodasemana.com\/site\/wp-content\/uploads\/2021\/07\/visita-ao-museu-dom-jose-sobral-6-300x201.jpg 300w, https:\/\/correiodasemana.com\/site\/wp-content\/uploads\/2021\/07\/visita-ao-museu-dom-jose-sobral-6.jpg 724w\" sizes=\"(max-width: 300px) 100vw, 300px\" \/> <img decoding=\"async\" class=\"alignleft size-medium wp-image-16913\" src=\"https:\/\/correiodasemana.com\/site\/wp-content\/uploads\/2021\/07\/visita-ao-museu-dom-jose-sobral-7-300x201.jpg\" alt=\"\" width=\"300\" height=\"201\" srcset=\"https:\/\/correiodasemana.com\/site\/wp-content\/uploads\/2021\/07\/visita-ao-museu-dom-jose-sobral-7-300x201.jpg 300w, https:\/\/correiodasemana.com\/site\/wp-content\/uploads\/2021\/07\/visita-ao-museu-dom-jose-sobral-7.jpg 724w\" sizes=\"(max-width: 300px) 100vw, 300px\" \/> <img decoding=\"async\" class=\"alignleft size-medium wp-image-16914\" src=\"https:\/\/correiodasemana.com\/site\/wp-content\/uploads\/2021\/07\/visita-ao-museu-dom-jose-sobral-8-300x201.jpg\" alt=\"\" width=\"300\" height=\"201\" srcset=\"https:\/\/correiodasemana.com\/site\/wp-content\/uploads\/2021\/07\/visita-ao-museu-dom-jose-sobral-8-300x201.jpg 300w, https:\/\/correiodasemana.com\/site\/wp-content\/uploads\/2021\/07\/visita-ao-museu-dom-jose-sobral-8.jpg 724w\" sizes=\"(max-width: 300px) 100vw, 300px\" \/> <img loading=\"lazy\" decoding=\"async\" class=\"alignleft size-medium wp-image-16915\" src=\"https:\/\/correiodasemana.com\/site\/wp-content\/uploads\/2021\/07\/visita-ao-museu-dom-jose-sobral-9-300x201.jpg\" alt=\"\" width=\"300\" height=\"201\" srcset=\"https:\/\/correiodasemana.com\/site\/wp-content\/uploads\/2021\/07\/visita-ao-museu-dom-jose-sobral-9-300x201.jpg 300w, https:\/\/correiodasemana.com\/site\/wp-content\/uploads\/2021\/07\/visita-ao-museu-dom-jose-sobral-9.jpg 724w\" sizes=\"(max-width: 300px) 100vw, 300px\" \/> <img loading=\"lazy\" decoding=\"async\" class=\"alignleft size-medium wp-image-16916\" src=\"https:\/\/correiodasemana.com\/site\/wp-content\/uploads\/2021\/07\/visita-ao-museu-dom-jose-sobral-10-300x201.jpg\" alt=\"\" width=\"300\" height=\"201\" srcset=\"https:\/\/correiodasemana.com\/site\/wp-content\/uploads\/2021\/07\/visita-ao-museu-dom-jose-sobral-10-300x201.jpg 300w, https:\/\/correiodasemana.com\/site\/wp-content\/uploads\/2021\/07\/visita-ao-museu-dom-jose-sobral-10.jpg 724w\" sizes=\"(max-width: 300px) 100vw, 300px\" \/> <img loading=\"lazy\" decoding=\"async\" class=\"alignleft size-medium wp-image-16917\" src=\"https:\/\/correiodasemana.com\/site\/wp-content\/uploads\/2021\/07\/visita-ao-museu-dom-jose-sobral-11-300x201.jpg\" alt=\"\" width=\"300\" height=\"201\" srcset=\"https:\/\/correiodasemana.com\/site\/wp-content\/uploads\/2021\/07\/visita-ao-museu-dom-jose-sobral-11-300x201.jpg 300w, https:\/\/correiodasemana.com\/site\/wp-content\/uploads\/2021\/07\/visita-ao-museu-dom-jose-sobral-11.jpg 724w\" sizes=\"(max-width: 300px) 100vw, 300px\" \/> <img loading=\"lazy\" decoding=\"async\" class=\"alignleft size-medium wp-image-16918\" src=\"https:\/\/correiodasemana.com\/site\/wp-content\/uploads\/2021\/07\/visita-ao-museu-dom-jose-sobral-12-300x201.jpg\" alt=\"\" width=\"300\" height=\"201\" srcset=\"https:\/\/correiodasemana.com\/site\/wp-content\/uploads\/2021\/07\/visita-ao-museu-dom-jose-sobral-12-300x201.jpg 300w, https:\/\/correiodasemana.com\/site\/wp-content\/uploads\/2021\/07\/visita-ao-museu-dom-jose-sobral-12.jpg 724w\" sizes=\"(max-width: 300px) 100vw, 300px\" \/><\/p>\n","protected":false},"excerpt":{"rendered":"<p>O Bispo Diocesano da Diocese de Sobral, Dom Jos\u00e9 Luiz Gomes de Vasconcelos, visitou na&#8230;<\/p>\n","protected":false},"author":1,"featured_media":16913,"comment_status":"open","ping_status":"open","sticky":false,"template":"","format":"standard","meta":{"_jetpack_memberships_contains_paid_content":false,"footnotes":"","jetpack_publicize_message":"","jetpack_publicize_feature_enabled":true,"jetpack_social_post_already_shared":true,"jetpack_social_options":{"image_generator_settings":{"template":"highway","default_image_id":0,"font":"","enabled":false},"version":2}},"categories":[1],"tags":[],"class_list":["post-16911","post","type-post","status-publish","format-standard","has-post-thumbnail","hentry","category-atualidade"],"jetpack_publicize_connections":[],"jetpack_featured_media_url":"https:\/\/correiodasemana.com\/site\/wp-content\/uploads\/2021\/07\/visita-ao-museu-dom-jose-sobral-7.jpg","jetpack-related-posts":[{"id":37757,"url":"https:\/\/correiodasemana.com\/site\/visita-tecnica-ao-predio-do-museu-diocesano-dom-jose\/","url_meta":{"origin":16911,"position":0},"title":"Visita t\u00e9cnica ao pr\u00e9dio do Museu Diocesano Dom Jos\u00e9","author":"adminredacao","date":"Mar\u00e7o 20, 2026","format":false,"excerpt":"Na tarde desta quinta-feira, 12\/03, a Secret\u00e1ria do Urbanismo, Habita\u00e7\u00e3o e Meio Ambiente (SEUMA), Evysdanna Gomes de Paula, o Secret\u00e1rio da Infraestrutura (SEINFRA) de Sobral, Paulo Giovani, a Chefe do Escrit\u00f3rio T\u00e9cnico do IPHAN em Sobral, Ana Caroline Alves Parente Nogueira, o empres\u00e1rio propriet\u00e1rio da S\u00e3o Jorge Constru\u00e7\u00f5es, Igor Lucetti\u2026","rel":"","context":"In &quot;Atualidade&quot;","block_context":{"text":"Atualidade","link":"https:\/\/correiodasemana.com\/site\/category\/atualidade\/"},"img":{"alt_text":"","src":"https:\/\/i0.wp.com\/correiodasemana.com\/site\/wp-content\/uploads\/2026\/03\/visita-tecnica-ao-museu-dom-jose-2.jpeg?resize=350%2C200&ssl=1","width":350,"height":200,"srcset":"https:\/\/i0.wp.com\/correiodasemana.com\/site\/wp-content\/uploads\/2026\/03\/visita-tecnica-ao-museu-dom-jose-2.jpeg?resize=350%2C200&ssl=1 1x, https:\/\/i0.wp.com\/correiodasemana.com\/site\/wp-content\/uploads\/2026\/03\/visita-tecnica-ao-museu-dom-jose-2.jpeg?resize=525%2C300&ssl=1 1.5x, https:\/\/i0.wp.com\/correiodasemana.com\/site\/wp-content\/uploads\/2026\/03\/visita-tecnica-ao-museu-dom-jose-2.jpeg?resize=700%2C400&ssl=1 2x, https:\/\/i0.wp.com\/correiodasemana.com\/site\/wp-content\/uploads\/2026\/03\/visita-tecnica-ao-museu-dom-jose-2.jpeg?resize=1050%2C600&ssl=1 3x"},"classes":[]},{"id":26132,"url":"https:\/\/correiodasemana.com\/site\/fachada-do-museu-diocesano-dom-jose-sera-pintada-com-cor-azul-serena\/","url_meta":{"origin":16911,"position":1},"title":"Fachada do Museu Diocesano Dom Jos\u00e9 ser\u00e1 pintada com cor azul serena","author":"adminredacao","date":"Agosto 14, 2023","format":false,"excerpt":"A Coordena\u00e7\u00e3o do Patrim\u00f4nio, da Secretaria do Urbanismo, Habita\u00e7\u00e3o e Meio Ambiente (Seuma), realizou, na quinta-feira (10\/08), uma visita \u00e0s obras de restauro do Museu Dom Jos\u00e9 para a escolha da cor da fachada do im\u00f3vel. Acompanhados do Prof. Dr. Jos\u00e9 Lu\u00eds Lira, diretor do Museu e na oportunidade representando\u2026","rel":"","context":"In &quot;Atualidade&quot;","block_context":{"text":"Atualidade","link":"https:\/\/correiodasemana.com\/site\/category\/atualidade\/"},"img":{"alt_text":"","src":"https:\/\/i0.wp.com\/correiodasemana.com\/site\/wp-content\/uploads\/2023\/08\/aad.jpg?resize=350%2C200&ssl=1","width":350,"height":200,"srcset":"https:\/\/i0.wp.com\/correiodasemana.com\/site\/wp-content\/uploads\/2023\/08\/aad.jpg?resize=350%2C200&ssl=1 1x, https:\/\/i0.wp.com\/correiodasemana.com\/site\/wp-content\/uploads\/2023\/08\/aad.jpg?resize=525%2C300&ssl=1 1.5x"},"classes":[]},{"id":14400,"url":"https:\/\/correiodasemana.com\/site\/museu-diocesano-dom-jose-realiza-obras-de-restauracao\/","url_meta":{"origin":16911,"position":2},"title":"Museu Diocesano Dom Jos\u00e9 realiza obras de restaura\u00e7\u00e3o","author":"","date":"Novembro 3, 2020","format":false,"excerpt":"O museu pertencente \u00e0 Diocese de Sobral \u00e9 considerado o quinto museu de arte sacra mais importante do Brasil, com mais de trinta mil pe\u00e7as em seu acervo. Por Joc\u00e9lio Tavares. O Museu Diocesano Dom Jos\u00e9, iniciou, no \u00faltimo m\u00eas de agosto, as obras de restaura\u00e7\u00e3o do pr\u00e9dio, localizado no\u2026","rel":"","context":"In &quot;Atualidade&quot;","block_context":{"text":"Atualidade","link":"https:\/\/correiodasemana.com\/site\/category\/atualidade\/"},"img":{"alt_text":"","src":"https:\/\/i0.wp.com\/correiodasemana.com\/site\/wp-content\/uploads\/2020\/11\/DSC8325.jpg?resize=350%2C200&ssl=1","width":350,"height":200,"srcset":"https:\/\/i0.wp.com\/correiodasemana.com\/site\/wp-content\/uploads\/2020\/11\/DSC8325.jpg?resize=350%2C200&ssl=1 1x, https:\/\/i0.wp.com\/correiodasemana.com\/site\/wp-content\/uploads\/2020\/11\/DSC8325.jpg?resize=525%2C300&ssl=1 1.5x"},"classes":[]},{"id":9745,"url":"https:\/\/correiodasemana.com\/site\/museu-diocesano-dom-jose-e-fechado-para-obras-de-restauracao\/","url_meta":{"origin":16911,"position":3},"title":"Museu Diocesano Dom Jos\u00e9 \u00e9 fechado para obras de restaura\u00e7\u00e3o\u00a0","author":"","date":"Novembro 11, 2019","format":false,"excerpt":"O museu ficar\u00e1 de portas fechadas a partir do dia 9 de novembro, com um prazo de seis meses, podendo ser estendido de acordo com as necessidades da obra de restauro Aconteceu na manh\u00e3 da segunda-feira (4) uma coletiva de imprensa no Museu Diocesano Dom Jos\u00e9, para anunciar o in\u00edcio\u2026","rel":"","context":"In &quot;Atualidade&quot;","block_context":{"text":"Atualidade","link":"https:\/\/correiodasemana.com\/site\/category\/atualidade\/"},"img":{"alt_text":"","src":"https:\/\/i0.wp.com\/correiodasemana.com\/site\/wp-content\/uploads\/2019\/11\/DSC_2832.jpg?resize=350%2C200&ssl=1","width":350,"height":200,"srcset":"https:\/\/i0.wp.com\/correiodasemana.com\/site\/wp-content\/uploads\/2019\/11\/DSC_2832.jpg?resize=350%2C200&ssl=1 1x, https:\/\/i0.wp.com\/correiodasemana.com\/site\/wp-content\/uploads\/2019\/11\/DSC_2832.jpg?resize=525%2C300&ssl=1 1.5x, https:\/\/i0.wp.com\/correiodasemana.com\/site\/wp-content\/uploads\/2019\/11\/DSC_2832.jpg?resize=700%2C400&ssl=1 2x"},"classes":[]},{"id":16077,"url":"https:\/\/correiodasemana.com\/site\/especial-museu-diocesano-dom-jose-70o-ano\/","url_meta":{"origin":16911,"position":4},"title":"ESPECIAL \u2013 MUSEU DIOCESANO DOM JOS\u00c9: 70\u00ba ANO","author":"","date":"Mar\u00e7o 29, 2021","format":false,"excerpt":"Por Jos\u00e9 Lu\u00eds Lira\u00a0 - Diretor do Museu Diocesano Dom Jos\u00e9 Falando sobre o Museu Diocesano Dom Jos\u00e9, Gustavo Barroso afirmou: \u201cO Museu de Sobral \u00e9 na realidade o terceiro do Brasil\u201d. Dom Jos\u00e9 Tupinamb\u00e1 da Frota, primeiro Bispo Diocesano, declarou o Museu Diocesano de Sobral fundado no dia 29\/03\/1951,\u2026","rel":"","context":"In &quot;Atualidade&quot;","block_context":{"text":"Atualidade","link":"https:\/\/correiodasemana.com\/site\/category\/atualidade\/"},"img":{"alt_text":"","src":"https:\/\/i0.wp.com\/correiodasemana.com\/site\/wp-content\/uploads\/2021\/03\/Setor-de-numismatica-scaled.jpg?resize=350%2C200&ssl=1","width":350,"height":200,"srcset":"https:\/\/i0.wp.com\/correiodasemana.com\/site\/wp-content\/uploads\/2021\/03\/Setor-de-numismatica-scaled.jpg?resize=350%2C200&ssl=1 1x, https:\/\/i0.wp.com\/correiodasemana.com\/site\/wp-content\/uploads\/2021\/03\/Setor-de-numismatica-scaled.jpg?resize=525%2C300&ssl=1 1.5x, https:\/\/i0.wp.com\/correiodasemana.com\/site\/wp-content\/uploads\/2021\/03\/Setor-de-numismatica-scaled.jpg?resize=700%2C400&ssl=1 2x, https:\/\/i0.wp.com\/correiodasemana.com\/site\/wp-content\/uploads\/2021\/03\/Setor-de-numismatica-scaled.jpg?resize=1050%2C600&ssl=1 3x, https:\/\/i0.wp.com\/correiodasemana.com\/site\/wp-content\/uploads\/2021\/03\/Setor-de-numismatica-scaled.jpg?resize=1400%2C800&ssl=1 4x"},"classes":[]},{"id":35235,"url":"https:\/\/correiodasemana.com\/site\/dom-vasconcelos-e-prof-lira-participam-de-roda-de-conversa-no-casarao-montalverne\/","url_meta":{"origin":16911,"position":5},"title":"Dom Vasconcelos e Prof. Lira participam de Roda de Conversa no Casar\u00e3o Mont\u2019Alverne","author":"adminredacao","date":"Agosto 25, 2025","format":false,"excerpt":"Um dia ap\u00f3s o dia do Patrim\u00f4nio Hist\u00f3rico do Brasil e no dia do Historiador, ter\u00e7a-feira, 19 de agosto, entre 17 e 19 horas, Dom Jos\u00e9 Luiz Gomes de Vasconcelos, Bispo de Sobral, e o Professor Jos\u00e9 Lu\u00eds Lira, diretor do Museu Diocesano Dom Jos\u00e9, de Sobral, participaram de uma\u2026","rel":"","context":"In &quot;Atualidade&quot;","block_context":{"text":"Atualidade","link":"https:\/\/correiodasemana.com\/site\/category\/atualidade\/"},"img":{"alt_text":"","src":"https:\/\/i0.wp.com\/correiodasemana.com\/site\/wp-content\/uploads\/2025\/08\/WhatsApp-Image-2025-08-21-at-08.26.38.jpeg?resize=350%2C200&ssl=1","width":350,"height":200,"srcset":"https:\/\/i0.wp.com\/correiodasemana.com\/site\/wp-content\/uploads\/2025\/08\/WhatsApp-Image-2025-08-21-at-08.26.38.jpeg?resize=350%2C200&ssl=1 1x, https:\/\/i0.wp.com\/correiodasemana.com\/site\/wp-content\/uploads\/2025\/08\/WhatsApp-Image-2025-08-21-at-08.26.38.jpeg?resize=525%2C300&ssl=1 1.5x, https:\/\/i0.wp.com\/correiodasemana.com\/site\/wp-content\/uploads\/2025\/08\/WhatsApp-Image-2025-08-21-at-08.26.38.jpeg?resize=700%2C400&ssl=1 2x"},"classes":[]}],"jetpack_sharing_enabled":true,"_links":{"self":[{"href":"https:\/\/correiodasemana.com\/site\/wp-json\/wp\/v2\/posts\/16911","targetHints":{"allow":["GET"]}}],"collection":[{"href":"https:\/\/correiodasemana.com\/site\/wp-json\/wp\/v2\/posts"}],"about":[{"href":"https:\/\/correiodasemana.com\/site\/wp-json\/wp\/v2\/types\/post"}],"author":[{"embeddable":true,"href":"https:\/\/correiodasemana.com\/site\/wp-json\/wp\/v2\/users\/1"}],"replies":[{"embeddable":true,"href":"https:\/\/correiodasemana.com\/site\/wp-json\/wp\/v2\/comments?post=16911"}],"version-history":[{"count":1,"href":"https:\/\/correiodasemana.com\/site\/wp-json\/wp\/v2\/posts\/16911\/revisions"}],"predecessor-version":[{"id":16919,"href":"https:\/\/correiodasemana.com\/site\/wp-json\/wp\/v2\/posts\/16911\/revisions\/16919"}],"wp:featuredmedia":[{"embeddable":true,"href":"https:\/\/correiodasemana.com\/site\/wp-json\/wp\/v2\/media\/16913"}],"wp:attachment":[{"href":"https:\/\/correiodasemana.com\/site\/wp-json\/wp\/v2\/media?parent=16911"}],"wp:term":[{"taxonomy":"category","embeddable":true,"href":"https:\/\/correiodasemana.com\/site\/wp-json\/wp\/v2\/categories?post=16911"},{"taxonomy":"post_tag","embeddable":true,"href":"https:\/\/correiodasemana.com\/site\/wp-json\/wp\/v2\/tags?post=16911"}],"curies":[{"name":"wp","href":"https:\/\/api.w.org\/{rel}","templated":true}]}}