{"id":16963,"date":"2021-07-12T00:51:36","date_gmt":"2021-07-12T03:51:36","guid":{"rendered":"https:\/\/correiodasemana.com\/site\/?p=16963"},"modified":"2021-07-12T00:51:54","modified_gmt":"2021-07-12T03:51:54","slug":"diretor-da-santa-casa-de-misericordia-de-sobral-participa-de-reuniao-com-ministro-da-saude","status":"publish","type":"post","link":"https:\/\/correiodasemana.com\/site\/diretor-da-santa-casa-de-misericordia-de-sobral-participa-de-reuniao-com-ministro-da-saude\/","title":{"rendered":"Diretor da Santa Casa de Miseric\u00f3rdia de Sobral participa de reuni\u00e3o com Ministro da Sa\u00fade"},"content":{"rendered":"<p><strong><em>O balan\u00e7o dos servi\u00e7os prestados pela Institui\u00e7\u00e3o filantr\u00f3pica aos 55 munic\u00edpios da Regi\u00e3o Norte do estado do Cear\u00e1 foi apresentado ao Ministro.<\/em><\/strong><\/p>\n<p>O diretor-geral da Santa Casa de Miseric\u00f3rdia de Sobral Dr. Klebson Carvalho, participou de uma reuni\u00e3o com o Ministro da Sa\u00fade Marcelo Queiroga, nesta quarta-feira (30\/06) em Bras\u00edlia. Na ocasi\u00e3o, o gestor apresentou um balan\u00e7o dos servi\u00e7os prestados pela Institui\u00e7\u00e3o filantr\u00f3pica aos 55 munic\u00edpios da Regi\u00e3o Norte do estado do Cear\u00e1 e solicitou aumento financeiro do teto do hospital por destinar 100% dos seus servi\u00e7os ao Sistema \u00danico de Sa\u00fade (SUS) e pelo atendimento em alta complexidade.<br \/>\nDe acordo com dados da Confedera\u00e7\u00e3o das Santas Casas e Hospitais Filantr\u00f3picos (CMB), as institui\u00e7\u00f5es filantr\u00f3picas respondem por mais de 50% dos atendimentos realizados pelo SUS no Brasil e cerca de 60% dos procedimentos de alta complexidade.<br \/>\n\u201cEstamos buscando parceria com o Governo Federal para proporcionar o atendimento de qualidade e humanizado que a popula\u00e7\u00e3o merece ter. Atualmente, a Santa Casa de Sobral opera com taxa de ocupa\u00e7\u00e3o acima da sua capacidade de interna\u00e7\u00e3o. S\u00e3o pacientes diagnosticados com diversas comorbidades, al\u00e9m da Covid-19. Apesar de estarmos vivenciando uma pandemia que afetou financeiramente a maioria dos hospitais do pa\u00eds, onde houve o aumento de at\u00e9 100% no pre\u00e7o dos medicamentos e equipamentos de prote\u00e7\u00e3o individual, continuamos atendendo e salvando vidas\u201d,\u00a0ressaltou o diretor da Santa Casa de Sobral, Dr. Klebson Carvalho.<br \/>\nParticiparam tamb\u00e9m da ocasi\u00e3o, as advogadas que comp\u00f5em o setor Jur\u00eddico da Santa Casa, Dra. S\u00e1via Angelim e Dra. Caroline Cordeiro. Durante a reuni\u00e3o, tamb\u00e9m foi solicitado ao Minist\u00e9rio da Sa\u00fade o deferimento de uma a\u00e7\u00e3o relacionada ao Programa Nacional de Apoio \u00e0 Aten\u00e7\u00e3o Oncol\u00f3gica (Pronon) que permite que empresas tributadas pelo lucro real e pessoas f\u00edsicas optantes pelo modelo de declara\u00e7\u00e3o completa destinem at\u00e9 1% do seu Imposto de Renda para projetos de entidades filantr\u00f3picas na \u00e1rea oncol\u00f3gica.<br \/>\nSanta Casa de Miseric\u00f3rdia de Sobral &#8211; Assessoria de Comunica\u00e7\u00e3o &#8211; Thais Menezes\/ Henrique Brito\/ Domingos Jr.<\/p>\n","protected":false},"excerpt":{"rendered":"<p>O balan\u00e7o dos servi\u00e7os prestados pela Institui\u00e7\u00e3o filantr\u00f3pica aos 55 munic\u00edpios da Regi\u00e3o Norte do&#8230;<\/p>\n","protected":false},"author":1,"featured_media":16964,"comment_status":"open","ping_status":"open","sticky":false,"template":"","format":"standard","meta":{"_jetpack_memberships_contains_paid_content":false,"footnotes":"","jetpack_publicize_message":"","jetpack_publicize_feature_enabled":true,"jetpack_social_post_already_shared":true,"jetpack_social_options":{"image_generator_settings":{"template":"highway","default_image_id":0,"font":"","enabled":false},"version":2}},"categories":[1],"tags":[],"class_list":["post-16963","post","type-post","status-publish","format-standard","has-post-thumbnail","hentry","category-atualidade"],"jetpack_publicize_connections":[],"jetpack_featured_media_url":"https:\/\/correiodasemana.com\/site\/wp-content\/uploads\/2021\/07\/Reuniao-MS.jpeg","jetpack-related-posts":[{"id":17247,"url":"https:\/\/correiodasemana.com\/site\/em-visita-ao-hospital-do-coracao-de-sobral-ministro-da-saude-participa-de-procedimento-no-servico-de-hemodinamica-da-instituicao\/","url_meta":{"origin":16963,"position":0},"title":"Em visita ao Hospital do Cora\u00e7\u00e3o de Sobral, Ministro da Sa\u00fade participa de procedimento no servi\u00e7o de Hemodin\u00e2mica da Institui\u00e7\u00e3o","author":"","date":"Agosto 15, 2021","format":false,"excerpt":"Em toda a hist\u00f3ria da unidade,\u00a0\u00a0Marcelo Queiroga foi o primeiro Ministro da Sa\u00fade a visitar a Institui\u00e7\u00e3o. O Hospital do Cora\u00e7\u00e3o de Sobral recebeu, nesta quinta-feira (12\/08), o Ministro da Sa\u00fade Dr. Marcelo Queiroga. O gestor conheceu os servi\u00e7os prestados pela Institui\u00e7\u00e3o que \u00e9 refer\u00eancia em procedimentos cardiol\u00f3gicos para 55\u2026","rel":"","context":"In &quot;Santa Casa&quot;","block_context":{"text":"Santa Casa","link":"https:\/\/correiodasemana.com\/site\/category\/santa-casa\/"},"img":{"alt_text":"","src":"https:\/\/i0.wp.com\/correiodasemana.com\/site\/wp-content\/uploads\/2021\/08\/Foto-2-1-scaled.jpg?resize=350%2C200&ssl=1","width":350,"height":200,"srcset":"https:\/\/i0.wp.com\/correiodasemana.com\/site\/wp-content\/uploads\/2021\/08\/Foto-2-1-scaled.jpg?resize=350%2C200&ssl=1 1x, https:\/\/i0.wp.com\/correiodasemana.com\/site\/wp-content\/uploads\/2021\/08\/Foto-2-1-scaled.jpg?resize=525%2C300&ssl=1 1.5x, https:\/\/i0.wp.com\/correiodasemana.com\/site\/wp-content\/uploads\/2021\/08\/Foto-2-1-scaled.jpg?resize=700%2C400&ssl=1 2x, https:\/\/i0.wp.com\/correiodasemana.com\/site\/wp-content\/uploads\/2021\/08\/Foto-2-1-scaled.jpg?resize=1050%2C600&ssl=1 3x, https:\/\/i0.wp.com\/correiodasemana.com\/site\/wp-content\/uploads\/2021\/08\/Foto-2-1-scaled.jpg?resize=1400%2C800&ssl=1 4x"},"classes":[]},{"id":8268,"url":"https:\/\/correiodasemana.com\/site\/direcao-da-santa-casa-apresenta-balanco-da-gestao-ao-prefeito-ivo-gomes\/","url_meta":{"origin":16963,"position":1},"title":"Dire\u00e7\u00e3o da Santa Casa apresenta balan\u00e7o da gest\u00e3o ao prefeito Ivo Gomes","author":"","date":"Julho 16, 2019","format":false,"excerpt":"Na tarde desta quarta-feira (10), o diretor da Santa Casa de Miseric\u00f3rdia de Sobral, Klebson Carvalho Soares, acompanhado do diretor t\u00e9cnico, S\u00e1vio Arcanjo, do diretor de Ensino, professor Vicente Pinto e do diretor do Hospital do Cora\u00e7\u00e3o, David Neto, foram recebidos em audi\u00eancia pelo prefeito de Sobral, Ivo Gomes, com\u2026","rel":"","context":"In &quot;Santa Casa&quot;","block_context":{"text":"Santa Casa","link":"https:\/\/correiodasemana.com\/site\/category\/santa-casa\/"},"img":{"alt_text":"","src":"https:\/\/i0.wp.com\/correiodasemana.com\/site\/wp-content\/uploads\/2019\/07\/DSC_2376.jpg?resize=350%2C200&ssl=1","width":350,"height":200,"srcset":"https:\/\/i0.wp.com\/correiodasemana.com\/site\/wp-content\/uploads\/2019\/07\/DSC_2376.jpg?resize=350%2C200&ssl=1 1x, https:\/\/i0.wp.com\/correiodasemana.com\/site\/wp-content\/uploads\/2019\/07\/DSC_2376.jpg?resize=525%2C300&ssl=1 1.5x, https:\/\/i0.wp.com\/correiodasemana.com\/site\/wp-content\/uploads\/2019\/07\/DSC_2376.jpg?resize=700%2C400&ssl=1 2x"},"classes":[]},{"id":9981,"url":"https:\/\/correiodasemana.com\/site\/provedor-da-santa-casa-de-misericordia-de-sobral-e-homenageado-no-ii-congresso-cearense-de-hospitais-e-entidades-filantropicas\/","url_meta":{"origin":16963,"position":2},"title":"Provedor da Santa Casa de Miseric\u00f3rdia de Sobral \u00e9 homenageado no II Congresso Cearense de Hospitais e Entidades Filantr\u00f3picas","author":"","date":"Novembro 27, 2019","format":false,"excerpt":"Dom Vasconcelos foi lembrado pelo trabalho e dedica\u00e7\u00e3o na busca paraproporcionar sa\u00fade de qualidade atoda zona norte do Estado do Cear\u00e1 O provedor da Santa Casa de Miseric\u00f3rdia de Sobral, bispo Dom Jos\u00e9 Luiz Gomes de Vasconcelos, foi homenageado na quinta-feira (21) na solenidade de abertura do II Congresso Cearense\u2026","rel":"","context":"In &quot;Artigos&quot;","block_context":{"text":"Artigos","link":"https:\/\/correiodasemana.com\/site\/category\/artigos\/"},"img":{"alt_text":"","src":"https:\/\/i0.wp.com\/correiodasemana.com\/site\/wp-content\/uploads\/2019\/11\/Foto-2b.jpg?resize=350%2C200&ssl=1","width":350,"height":200,"srcset":"https:\/\/i0.wp.com\/correiodasemana.com\/site\/wp-content\/uploads\/2019\/11\/Foto-2b.jpg?resize=350%2C200&ssl=1 1x, https:\/\/i0.wp.com\/correiodasemana.com\/site\/wp-content\/uploads\/2019\/11\/Foto-2b.jpg?resize=525%2C300&ssl=1 1.5x, https:\/\/i0.wp.com\/correiodasemana.com\/site\/wp-content\/uploads\/2019\/11\/Foto-2b.jpg?resize=700%2C400&ssl=1 2x, https:\/\/i0.wp.com\/correiodasemana.com\/site\/wp-content\/uploads\/2019\/11\/Foto-2b.jpg?resize=1050%2C600&ssl=1 3x, https:\/\/i0.wp.com\/correiodasemana.com\/site\/wp-content\/uploads\/2019\/11\/Foto-2b.jpg?resize=1400%2C800&ssl=1 4x"},"classes":[]},{"id":10784,"url":"https:\/\/correiodasemana.com\/site\/santa-casa-de-misericordia-de-sobral-recebe-visita-do-prefeito-da-cidade\/","url_meta":{"origin":16963,"position":3},"title":"Santa Casa de Miseric\u00f3rdia de Sobral recebe visita do prefeito da cidade","author":"","date":"Fevereiro 10, 2020","format":false,"excerpt":"Visita teve como objetivo conhecer o funcionamento de alguns setores do Hospital e desenvolver planos para melhorar a qualidade da sa\u00fade em Sobral e regi\u00e3o Assessoria de Comunica\u00e7\u00e3o do Complexo SCMS A Santa Casa de Miseric\u00f3rdia de Sobral (SCMS) recebeu, na quarta-feira (05\/02), a visita do prefeito de Sobral, Ivo\u2026","rel":"","context":"In &quot;Atualidade&quot;","block_context":{"text":"Atualidade","link":"https:\/\/correiodasemana.com\/site\/category\/atualidade\/"},"img":{"alt_text":"","src":"https:\/\/i0.wp.com\/correiodasemana.com\/site\/wp-content\/uploads\/2020\/02\/Visita-2.jpg?resize=350%2C200&ssl=1","width":350,"height":200,"srcset":"https:\/\/i0.wp.com\/correiodasemana.com\/site\/wp-content\/uploads\/2020\/02\/Visita-2.jpg?resize=350%2C200&ssl=1 1x, https:\/\/i0.wp.com\/correiodasemana.com\/site\/wp-content\/uploads\/2020\/02\/Visita-2.jpg?resize=525%2C300&ssl=1 1.5x, https:\/\/i0.wp.com\/correiodasemana.com\/site\/wp-content\/uploads\/2020\/02\/Visita-2.jpg?resize=700%2C400&ssl=1 2x"},"classes":[]},{"id":17220,"url":"https:\/\/correiodasemana.com\/site\/santa-casa-de-misericordia-de-sobral-lanca-obras-e-inaugura-novos-servicos-com-a-presenca-do-ministro-da-saude\/","url_meta":{"origin":16963,"position":4},"title":"Santa Casa de Miseric\u00f3rdia de Sobral lan\u00e7a obras e inaugura novos servi\u00e7os com a presen\u00e7a do Ministro da Sa\u00fade","author":"","date":"Agosto 15, 2021","format":false,"excerpt":"A solenidade aconteceu de forma restrita no audit\u00f3rio da institui\u00e7\u00e3o, seguindo as medidas de seguran\u00e7a no combate \u00e0 Covid-19. Ascom Complexo SCMS Dando continuidade \u00e0 sua miss\u00e3o de prestar uma assist\u00eancia de qualidade, humanizada, segura e sustent\u00e1vel \u00e0 popula\u00e7\u00e3o de Sobral e regi\u00e3o norte do estado do Cear\u00e1, a Santa\u2026","rel":"","context":"In &quot;Santa Casa&quot;","block_context":{"text":"Santa Casa","link":"https:\/\/correiodasemana.com\/site\/category\/santa-casa\/"},"img":{"alt_text":"","src":"https:\/\/i0.wp.com\/correiodasemana.com\/site\/wp-content\/uploads\/2021\/08\/ministo-da-saude-na-sta-casa-de-sobral-3.jpeg?resize=350%2C200&ssl=1","width":350,"height":200,"srcset":"https:\/\/i0.wp.com\/correiodasemana.com\/site\/wp-content\/uploads\/2021\/08\/ministo-da-saude-na-sta-casa-de-sobral-3.jpeg?resize=350%2C200&ssl=1 1x, https:\/\/i0.wp.com\/correiodasemana.com\/site\/wp-content\/uploads\/2021\/08\/ministo-da-saude-na-sta-casa-de-sobral-3.jpeg?resize=525%2C300&ssl=1 1.5x, https:\/\/i0.wp.com\/correiodasemana.com\/site\/wp-content\/uploads\/2021\/08\/ministo-da-saude-na-sta-casa-de-sobral-3.jpeg?resize=700%2C400&ssl=1 2x, https:\/\/i0.wp.com\/correiodasemana.com\/site\/wp-content\/uploads\/2021\/08\/ministo-da-saude-na-sta-casa-de-sobral-3.jpeg?resize=1050%2C600&ssl=1 3x"},"classes":[]},{"id":20591,"url":"https:\/\/correiodasemana.com\/site\/santa-casa-de-sobral-fortalece-parceria-com-a-organizacao-internacional-filantropica-smile-train\/","url_meta":{"origin":16963,"position":5},"title":"Santa Casa de Sobral fortalece parceria com a organiza\u00e7\u00e3o internacional filantr\u00f3pica Smile Train","author":"","date":"Julho 31, 2022","format":false,"excerpt":"Institui\u00e7\u00f5es promovem campanhas de cirurgias gratuitas para toda regi\u00e3o norte do Estado todos os anos. A Smile Train \u00e9 uma institui\u00e7\u00e3o filantr\u00f3pica internacional, presente em mais de 90 pa\u00edses, que visa possibilitar a cirurgia reparadora de fissura labiopalatina e o tratamento multidisciplinar. Em parceria com a Santa Casa de Miseric\u00f3rdia\u2026","rel":"","context":"In &quot;Atualidade&quot;","block_context":{"text":"Atualidade","link":"https:\/\/correiodasemana.com\/site\/category\/atualidade\/"},"img":{"alt_text":"","src":"https:\/\/i0.wp.com\/correiodasemana.com\/site\/wp-content\/uploads\/2022\/07\/residente-sta-casa-2.jpg?resize=350%2C200&ssl=1","width":350,"height":200,"srcset":"https:\/\/i0.wp.com\/correiodasemana.com\/site\/wp-content\/uploads\/2022\/07\/residente-sta-casa-2.jpg?resize=350%2C200&ssl=1 1x, https:\/\/i0.wp.com\/correiodasemana.com\/site\/wp-content\/uploads\/2022\/07\/residente-sta-casa-2.jpg?resize=525%2C300&ssl=1 1.5x, https:\/\/i0.wp.com\/correiodasemana.com\/site\/wp-content\/uploads\/2022\/07\/residente-sta-casa-2.jpg?resize=700%2C400&ssl=1 2x"},"classes":[]}],"jetpack_sharing_enabled":true,"_links":{"self":[{"href":"https:\/\/correiodasemana.com\/site\/wp-json\/wp\/v2\/posts\/16963","targetHints":{"allow":["GET"]}}],"collection":[{"href":"https:\/\/correiodasemana.com\/site\/wp-json\/wp\/v2\/posts"}],"about":[{"href":"https:\/\/correiodasemana.com\/site\/wp-json\/wp\/v2\/types\/post"}],"author":[{"embeddable":true,"href":"https:\/\/correiodasemana.com\/site\/wp-json\/wp\/v2\/users\/1"}],"replies":[{"embeddable":true,"href":"https:\/\/correiodasemana.com\/site\/wp-json\/wp\/v2\/comments?post=16963"}],"version-history":[{"count":1,"href":"https:\/\/correiodasemana.com\/site\/wp-json\/wp\/v2\/posts\/16963\/revisions"}],"predecessor-version":[{"id":16965,"href":"https:\/\/correiodasemana.com\/site\/wp-json\/wp\/v2\/posts\/16963\/revisions\/16965"}],"wp:featuredmedia":[{"embeddable":true,"href":"https:\/\/correiodasemana.com\/site\/wp-json\/wp\/v2\/media\/16964"}],"wp:attachment":[{"href":"https:\/\/correiodasemana.com\/site\/wp-json\/wp\/v2\/media?parent=16963"}],"wp:term":[{"taxonomy":"category","embeddable":true,"href":"https:\/\/correiodasemana.com\/site\/wp-json\/wp\/v2\/categories?post=16963"},{"taxonomy":"post_tag","embeddable":true,"href":"https:\/\/correiodasemana.com\/site\/wp-json\/wp\/v2\/tags?post=16963"}],"curies":[{"name":"wp","href":"https:\/\/api.w.org\/{rel}","templated":true}]}}