{"id":16966,"date":"2021-07-12T00:58:26","date_gmt":"2021-07-12T03:58:26","guid":{"rendered":"https:\/\/correiodasemana.com\/site\/?p=16966"},"modified":"2021-07-12T00:58:26","modified_gmt":"2021-07-12T03:58:26","slug":"santa-casa-de-misericordia-de-sobral-e-selecionada-para-participar-de-estudo-da-fiocruz","status":"publish","type":"post","link":"https:\/\/correiodasemana.com\/site\/santa-casa-de-misericordia-de-sobral-e-selecionada-para-participar-de-estudo-da-fiocruz\/","title":{"rendered":"Santa Casa de Miseric\u00f3rdia de Sobral \u00e9 selecionada para participar de estudo da Fiocruz"},"content":{"rendered":"<p><em><strong>\u00a0<\/strong><\/em><\/p>\n<p><img fetchpriority=\"high\" decoding=\"async\" class=\"alignleft size-medium wp-image-16968\" src=\"https:\/\/correiodasemana.com\/site\/wp-content\/uploads\/2021\/07\/reuniao-da-santa-casa-2-300x200.jpg\" alt=\"\" width=\"300\" height=\"200\" srcset=\"https:\/\/correiodasemana.com\/site\/wp-content\/uploads\/2021\/07\/reuniao-da-santa-casa-2-300x200.jpg 300w, https:\/\/correiodasemana.com\/site\/wp-content\/uploads\/2021\/07\/reuniao-da-santa-casa-2.jpg 567w\" sizes=\"(max-width: 300px) 100vw, 300px\" \/><\/p>\n<p><em><strong>O estudo tem como objetivo propor uma reformula\u00e7\u00e3o das pol\u00edticas p\u00fablicas\u00a0 do pa\u00eds<\/strong><\/em><\/p>\n<p>Sendo o hospital que mais realiza partos por ano no interior do Cear\u00e1, a Santa Casa de Miseric\u00f3rdia de Sobral foi selecionada para participar do estudo \u201cNascer no Brasil II: inqu\u00e9rito nacional sobre perdas fetais, partos e nascimentos\u201d. Nos dias 5 e 6 de julho, pesquisadoras estiveram visitando e conhecendo a rotina do Bloco Obst\u00e9trico e dos servi\u00e7os de Neonatologia e N\u00facleo Hospitalar de Epidemiologia. Durante reuni\u00e3o com os diretores da Santa Casa, a supervisora estadual da Pesquisa Fernanda Fontenele apresentou o estudo, que deve acompanhar mulheres que ingressarem no sistema de sa\u00fade para o parto ou por perda fetal precoce, e destacou a import\u00e2ncia da pesquisa para a reformula\u00e7\u00e3o das pol\u00edticas p\u00fablicas no Brasil.<br \/>\n<img decoding=\"async\" class=\"alignleft size-medium wp-image-16967\" src=\"https:\/\/correiodasemana.com\/site\/wp-content\/uploads\/2021\/07\/reuniao-da-santa-casa-1-300x252.jpg\" alt=\"\" width=\"300\" height=\"252\" srcset=\"https:\/\/correiodasemana.com\/site\/wp-content\/uploads\/2021\/07\/reuniao-da-santa-casa-1-300x252.jpg 300w, https:\/\/correiodasemana.com\/site\/wp-content\/uploads\/2021\/07\/reuniao-da-santa-casa-1.jpg 567w\" sizes=\"(max-width: 300px) 100vw, 300px\" \/>\u201cNo Cear\u00e1 foram escolhidas por meio de sorteio, 12 maternidades. Dentre elas, a Santa Casa de Sobral. Estamos acompanhando o processo de implanta\u00e7\u00e3o da pesquisa na unidade. Nesta primeira etapa do estudo duas enfermeiras que participam da pesquisa estar\u00e3o na Santa Casa coletando o prontu\u00e1rio das mulheres ap\u00f3s triagem das coordena\u00e7\u00f5es de Obstetr\u00edcia e Neonatologia. Ser\u00e3o cerca de 30 dias de coleta de dados e, posteriormente, entrevista com as mulheres habilitadas para o estudo\u201d, explicou Fernanda Fontenele.A pesquisa est\u00e1 sendo desenvolvida pelo grupo de pesquisa Sa\u00fade da mulher, da crian\u00e7a e do adolescente, sob coordena\u00e7\u00e3o-geral da Escola Nacional de Sa\u00fade P\u00fablica (ENSP-Fiocruz) em parceria com o Minist\u00e9rio da Sa\u00fade e tem como intuito analisar a evolu\u00e7\u00e3o da aten\u00e7\u00e3o ao parto e nascimento em maternidades p\u00fablicas e privadas do pa\u00eds. Al\u00e9m do estudo principal sobre perdas fetais, partos e nascimentos outros temas como\u00a0morbimortalidade materna e perinatal, Covid-19 na gesta\u00e7\u00e3o e transtornos emocionais paternos ser\u00e3o investigados.<\/p>\n<p><img decoding=\"async\" class=\"alignleft size-medium wp-image-16969\" src=\"https:\/\/correiodasemana.com\/site\/wp-content\/uploads\/2021\/07\/reuniao-da-santa-casa-3-300x200.jpg\" alt=\"\" width=\"300\" height=\"200\" srcset=\"https:\/\/correiodasemana.com\/site\/wp-content\/uploads\/2021\/07\/reuniao-da-santa-casa-3-300x200.jpg 300w, https:\/\/correiodasemana.com\/site\/wp-content\/uploads\/2021\/07\/reuniao-da-santa-casa-3.jpg 567w\" sizes=\"(max-width: 300px) 100vw, 300px\" \/><\/p>\n<p><strong>Nascer no Brasil II<\/strong><br \/>\nO \u201cNascer no Brasil II\u201d apresenta diversos objetivos, incluindo estimar a preval\u00eancia de agravos e fatores de risco durante a gesta\u00e7\u00e3o, avaliar a assist\u00eancia pr\u00e9-natal, ao parto e \u00e0s perdas fetais, e verificar a ocorr\u00eancia de desfechos maternos e perinatais negativos e seus fatores associados. O estudo ser\u00e1 realizado em tr\u00eas etapas: uma hospitalar, durante a interna\u00e7\u00e3o para o parto ou perda fetal precoce, e duas etapas telef\u00f4nicas, a primeira realizada no per\u00edodo de 45 a 60 ap\u00f3s o parto ou perda fetal, e a segunda quatro meses ap\u00f3s o parto ou perda fetal.<br \/>\nSanta Casa de Miseric\u00f3rdia de Sobral &#8211; Assessoria de Comunica\u00e7\u00e3o &#8211; Thais Menezes\/ Henrique Brito\/ Domingos Jr.<\/p>\n","protected":false},"excerpt":{"rendered":"<p>\u00a0 O estudo tem como objetivo propor uma reformula\u00e7\u00e3o das pol\u00edticas p\u00fablicas\u00a0 do pa\u00eds Sendo&#8230;<\/p>\n","protected":false},"author":1,"featured_media":16968,"comment_status":"open","ping_status":"open","sticky":false,"template":"","format":"standard","meta":{"_jetpack_memberships_contains_paid_content":false,"footnotes":"","jetpack_publicize_message":"","jetpack_publicize_feature_enabled":true,"jetpack_social_post_already_shared":true,"jetpack_social_options":{"image_generator_settings":{"template":"highway","default_image_id":0,"font":"","enabled":false},"version":2}},"categories":[1],"tags":[],"class_list":["post-16966","post","type-post","status-publish","format-standard","has-post-thumbnail","hentry","category-atualidade"],"jetpack_publicize_connections":[],"jetpack_featured_media_url":"https:\/\/correiodasemana.com\/site\/wp-content\/uploads\/2021\/07\/reuniao-da-santa-casa-2.jpg","jetpack-related-posts":[{"id":10444,"url":"https:\/\/correiodasemana.com\/site\/pesquisas-financiadas-pela-santa-casa-de-misericordia-de-sobral-sao-publicadas-em-revistas-cientificas\/","url_meta":{"origin":16966,"position":0},"title":"Pesquisas financiadas pela Santa Casa de Miseric\u00f3rdia de Sobral s\u00e3o publicadas em revistas cient\u00edficas","author":"","date":"Janeiro 13, 2020","format":false,"excerpt":"Duas pesquisas financiadas pela Santa Casa de Miseric\u00f3rdia de Sobral (SCMS) por meio do Departamento de Ensino, Pesquisa e Extens\u00e3o (DEPE), foram publicadas em revistas cient\u00edficas no ano de 2019. Os artigos \u201cPacientes no servi\u00e7o de Emerg\u00eancia: Perfil sociodemogr\u00e1fico e cl\u00ednico e cuidados de Enfermagem\u201d, publicado pela Revista de Pol\u00edticas\u2026","rel":"","context":"In &quot;Atualidade&quot;","block_context":{"text":"Atualidade","link":"https:\/\/correiodasemana.com\/site\/category\/atualidade\/"},"img":{"alt_text":"","src":"https:\/\/i0.wp.com\/correiodasemana.com\/site\/wp-content\/uploads\/2020\/01\/Santa-casa-de-Sobral-Hospital.jpeg?resize=350%2C200&ssl=1","width":350,"height":200,"srcset":"https:\/\/i0.wp.com\/correiodasemana.com\/site\/wp-content\/uploads\/2020\/01\/Santa-casa-de-Sobral-Hospital.jpeg?resize=350%2C200&ssl=1 1x, https:\/\/i0.wp.com\/correiodasemana.com\/site\/wp-content\/uploads\/2020\/01\/Santa-casa-de-Sobral-Hospital.jpeg?resize=525%2C300&ssl=1 1.5x, https:\/\/i0.wp.com\/correiodasemana.com\/site\/wp-content\/uploads\/2020\/01\/Santa-casa-de-Sobral-Hospital.jpeg?resize=700%2C400&ssl=1 2x"},"classes":[]},{"id":16984,"url":"https:\/\/correiodasemana.com\/site\/a-santa-casa-pelo-padre-ze-linhares\/","url_meta":{"origin":16966,"position":1},"title":"A Santa Casa pelo Padre Z\u00e9 Linhares\u00a0","author":"","date":"Julho 12, 2021","format":false,"excerpt":"O t\u00edtulo desta coluna que hoje ser\u00e1 maior que o habitual, tem sentido amplo. Referiremos \u00e0 publica\u00e7\u00e3o do livro enciclop\u00e9dico e hist\u00f3rico em dois volumes escrito pelo Padre Jos\u00e9 Linhares Ponte, nosso querido Padre Z\u00e9: \u201cA Hist\u00f3ria da Santa Casa de Miseric\u00f3rdia de Sobral: Sonho, Saga, Sacramental (Mist\u00e9rio e Milagre)\u201d.\u2026","rel":"","context":"In &quot;Artigos&quot;","block_context":{"text":"Artigos","link":"https:\/\/correiodasemana.com\/site\/category\/artigos\/"},"img":{"alt_text":"","src":"https:\/\/i0.wp.com\/correiodasemana.com\/site\/wp-content\/uploads\/2019\/07\/Jose%CC%81-1.jpg?resize=350%2C200&ssl=1","width":350,"height":200,"srcset":"https:\/\/i0.wp.com\/correiodasemana.com\/site\/wp-content\/uploads\/2019\/07\/Jose%CC%81-1.jpg?resize=350%2C200&ssl=1 1x, https:\/\/i0.wp.com\/correiodasemana.com\/site\/wp-content\/uploads\/2019\/07\/Jose%CC%81-1.jpg?resize=525%2C300&ssl=1 1.5x, https:\/\/i0.wp.com\/correiodasemana.com\/site\/wp-content\/uploads\/2019\/07\/Jose%CC%81-1.jpg?resize=700%2C400&ssl=1 2x"},"classes":[]},{"id":10694,"url":"https:\/\/correiodasemana.com\/site\/santa-casa-de-misericordia-de-sobral-oficializa-parceria-com-colegios-particulares-e-lanca-projeto-filhos-da-misericordia\/","url_meta":{"origin":16966,"position":2},"title":"Santa Casa de Miseric\u00f3rdia de Sobral oficializa parceria com col\u00e9gios particulares e lan\u00e7a Projeto Filhos da Miseric\u00f3rdia","author":"","date":"Fevereiro 3, 2020","format":false,"excerpt":"Representantes do\u00a0Col\u00e9gio Luciano Feij\u00e3o,\u00a0Col\u00e9gio Jos\u00e9 Rom\u00e3o\u00a0e\u00a0Escola S\u00e3o Francisco de Assis\u00a0participaram de cerim\u00f4nia de entrega de bolsas de estudos integrais para filhos de funcion\u00e1rios. Assessoria de Comunica\u00e7\u00e3o do Complexo SCMS A Santa Casa de Miseric\u00f3rdia de Sobral (SCMS) realizou na sexta-feira (24\/01) o lan\u00e7amento do\u00a0Projeto Filhos da Miseric\u00f3rdia, com a entrega\u2026","rel":"","context":"In &quot;Atualidade&quot;","block_context":{"text":"Atualidade","link":"https:\/\/correiodasemana.com\/site\/category\/atualidade\/"},"img":{"alt_text":"","src":"https:\/\/i0.wp.com\/correiodasemana.com\/site\/wp-content\/uploads\/2020\/02\/Foto-principal.jpg?resize=350%2C200&ssl=1","width":350,"height":200,"srcset":"https:\/\/i0.wp.com\/correiodasemana.com\/site\/wp-content\/uploads\/2020\/02\/Foto-principal.jpg?resize=350%2C200&ssl=1 1x, https:\/\/i0.wp.com\/correiodasemana.com\/site\/wp-content\/uploads\/2020\/02\/Foto-principal.jpg?resize=525%2C300&ssl=1 1.5x, https:\/\/i0.wp.com\/correiodasemana.com\/site\/wp-content\/uploads\/2020\/02\/Foto-principal.jpg?resize=700%2C400&ssl=1 2x"},"classes":[]},{"id":11209,"url":"https:\/\/correiodasemana.com\/site\/complexo-santa-casa-de-misericordia-de-sobral-promove-lancamento-de-projeto-que-beneficia-funcionarios-com-bolsas-de-estudo\/","url_meta":{"origin":16966,"position":3},"title":"Complexo Santa Casa de Miseric\u00f3rdia de Sobral promove lan\u00e7amento de projeto que beneficia funcion\u00e1rios com bolsas de estudo","author":"","date":"Mar\u00e7o 18, 2020","format":false,"excerpt":"Com o objetivo beneficiar funcion\u00e1rios e seus filhos que possuam potencial acad\u00eamico, oportunizando um ensino de qualidade, com bolsas de estudos em Escolas particulares e Institui\u00e7\u00f5es de Ensino Superior privadas, o Complexo Santa Casa de Miseric\u00f3rdia de Sobral (SCMS) lan\u00e7ou, nesta quinta-feira (12\/03), o Projeto Filhos da Miseric\u00f3rdia. Ser\u00e3o beneficiados\u2026","rel":"","context":"In &quot;Atualidade&quot;","block_context":{"text":"Atualidade","link":"https:\/\/correiodasemana.com\/site\/category\/atualidade\/"},"img":{"alt_text":"","src":"https:\/\/i0.wp.com\/correiodasemana.com\/site\/wp-content\/uploads\/2020\/03\/Foto-1-1-scaled-e1584506858418.jpg?resize=350%2C200&ssl=1","width":350,"height":200,"srcset":"https:\/\/i0.wp.com\/correiodasemana.com\/site\/wp-content\/uploads\/2020\/03\/Foto-1-1-scaled-e1584506858418.jpg?resize=350%2C200&ssl=1 1x, https:\/\/i0.wp.com\/correiodasemana.com\/site\/wp-content\/uploads\/2020\/03\/Foto-1-1-scaled-e1584506858418.jpg?resize=525%2C300&ssl=1 1.5x, https:\/\/i0.wp.com\/correiodasemana.com\/site\/wp-content\/uploads\/2020\/03\/Foto-1-1-scaled-e1584506858418.jpg?resize=700%2C400&ssl=1 2x, https:\/\/i0.wp.com\/correiodasemana.com\/site\/wp-content\/uploads\/2020\/03\/Foto-1-1-scaled-e1584506858418.jpg?resize=1050%2C600&ssl=1 3x"},"classes":[]},{"id":13848,"url":"https:\/\/correiodasemana.com\/site\/hospital-do-coracao-recebe-auditoria-da-superintendencia-regional-de-saude-de-sobral\/","url_meta":{"origin":16966,"position":4},"title":"Hospital do Cora\u00e7\u00e3o recebe auditoria da Superintend\u00eancia Regional de Sa\u00fade de Sobral","author":"","date":"Setembro 30, 2020","format":false,"excerpt":"O Hospital do Cora\u00e7\u00e3o recebeu, na sexta-feira (25\/09), a visita de auditores da Superintend\u00eancia Regional de Sa\u00fade de Sobral, representando a Secretaria Estadual de Sa\u00fade do Estado do Cear\u00e1. A a\u00e7\u00e3o tem como objetivo a renova\u00e7\u00e3o da habilita\u00e7\u00e3o da unidade como integrante da Rede de Aten\u00e7\u00e3o de Urg\u00eancia e Emerg\u00eancia\u2026","rel":"","context":"In &quot;Atualidade&quot;","block_context":{"text":"Atualidade","link":"https:\/\/correiodasemana.com\/site\/category\/atualidade\/"},"img":{"alt_text":"","src":"https:\/\/i0.wp.com\/correiodasemana.com\/site\/wp-content\/uploads\/2020\/09\/Auditoria-no-HC.jpeg?resize=350%2C200&ssl=1","width":350,"height":200,"srcset":"https:\/\/i0.wp.com\/correiodasemana.com\/site\/wp-content\/uploads\/2020\/09\/Auditoria-no-HC.jpeg?resize=350%2C200&ssl=1 1x, https:\/\/i0.wp.com\/correiodasemana.com\/site\/wp-content\/uploads\/2020\/09\/Auditoria-no-HC.jpeg?resize=525%2C300&ssl=1 1.5x, https:\/\/i0.wp.com\/correiodasemana.com\/site\/wp-content\/uploads\/2020\/09\/Auditoria-no-HC.jpeg?resize=700%2C400&ssl=1 2x, https:\/\/i0.wp.com\/correiodasemana.com\/site\/wp-content\/uploads\/2020\/09\/Auditoria-no-HC.jpeg?resize=1050%2C600&ssl=1 3x"},"classes":[]},{"id":9703,"url":"https:\/\/correiodasemana.com\/site\/santa-casa-de-misericordia-de-sobral-promove-vii-forum-de-integracao-ensino-pesquisa-e-extensao\/","url_meta":{"origin":16966,"position":5},"title":"Santa Casa de Miseric\u00f3rdia de Sobral promove VII F\u00f3rum de Integra\u00e7\u00e3o, Ensino, Pesquisa e Extens\u00e3o","author":"","date":"Novembro 4, 2019","format":false,"excerpt":"A a\u00e7\u00e3o envolveu os coordenadores dos servi\u00e7os do Hospital, discentes e docentes das Institui\u00e7\u00f5es de Ensino Superior. Assessoria de Comunica\u00e7\u00e3o da Santa Casa de Miseric\u00f3rdia de Sobral A Santa Casa de Miseric\u00f3rdia de Sobral (SCMS) por meio do Departamento de Ensino, Pesquisa e Extens\u00e3o (DEPE) promoveu, nos dias 30 e\u2026","rel":"","context":"In &quot;Santa Casa&quot;","block_context":{"text":"Santa Casa","link":"https:\/\/correiodasemana.com\/site\/category\/santa-casa\/"},"img":{"alt_text":"","src":"https:\/\/i0.wp.com\/correiodasemana.com\/site\/wp-content\/uploads\/2019\/11\/4.png?resize=350%2C200&ssl=1","width":350,"height":200,"srcset":"https:\/\/i0.wp.com\/correiodasemana.com\/site\/wp-content\/uploads\/2019\/11\/4.png?resize=350%2C200&ssl=1 1x, https:\/\/i0.wp.com\/correiodasemana.com\/site\/wp-content\/uploads\/2019\/11\/4.png?resize=525%2C300&ssl=1 1.5x, https:\/\/i0.wp.com\/correiodasemana.com\/site\/wp-content\/uploads\/2019\/11\/4.png?resize=700%2C400&ssl=1 2x, https:\/\/i0.wp.com\/correiodasemana.com\/site\/wp-content\/uploads\/2019\/11\/4.png?resize=1050%2C600&ssl=1 3x"},"classes":[]}],"jetpack_sharing_enabled":true,"_links":{"self":[{"href":"https:\/\/correiodasemana.com\/site\/wp-json\/wp\/v2\/posts\/16966","targetHints":{"allow":["GET"]}}],"collection":[{"href":"https:\/\/correiodasemana.com\/site\/wp-json\/wp\/v2\/posts"}],"about":[{"href":"https:\/\/correiodasemana.com\/site\/wp-json\/wp\/v2\/types\/post"}],"author":[{"embeddable":true,"href":"https:\/\/correiodasemana.com\/site\/wp-json\/wp\/v2\/users\/1"}],"replies":[{"embeddable":true,"href":"https:\/\/correiodasemana.com\/site\/wp-json\/wp\/v2\/comments?post=16966"}],"version-history":[{"count":1,"href":"https:\/\/correiodasemana.com\/site\/wp-json\/wp\/v2\/posts\/16966\/revisions"}],"predecessor-version":[{"id":16970,"href":"https:\/\/correiodasemana.com\/site\/wp-json\/wp\/v2\/posts\/16966\/revisions\/16970"}],"wp:featuredmedia":[{"embeddable":true,"href":"https:\/\/correiodasemana.com\/site\/wp-json\/wp\/v2\/media\/16968"}],"wp:attachment":[{"href":"https:\/\/correiodasemana.com\/site\/wp-json\/wp\/v2\/media?parent=16966"}],"wp:term":[{"taxonomy":"category","embeddable":true,"href":"https:\/\/correiodasemana.com\/site\/wp-json\/wp\/v2\/categories?post=16966"},{"taxonomy":"post_tag","embeddable":true,"href":"https:\/\/correiodasemana.com\/site\/wp-json\/wp\/v2\/tags?post=16966"}],"curies":[{"name":"wp","href":"https:\/\/api.w.org\/{rel}","templated":true}]}}