{"id":16973,"date":"2021-07-12T01:02:52","date_gmt":"2021-07-12T04:02:52","guid":{"rendered":"https:\/\/correiodasemana.com\/site\/?p=16973"},"modified":"2021-07-12T01:02:52","modified_gmt":"2021-07-12T04:02:52","slug":"em-sobral-proprietarios-de-terrenos-responsaveis-por-propagacao-do-aedes-aegypti-recebem-notificacao","status":"publish","type":"post","link":"https:\/\/correiodasemana.com\/site\/em-sobral-proprietarios-de-terrenos-responsaveis-por-propagacao-do-aedes-aegypti-recebem-notificacao\/","title":{"rendered":"Em Sobral, propriet\u00e1rios de terrenos respons\u00e1veis por propaga\u00e7\u00e3o do Aedes aegypti recebem notifica\u00e7\u00e3o"},"content":{"rendered":"<p>Por Samuel Carvalho<br \/>\nReda\u00e7\u00e3o Correio da Semana<br \/>\nEm Sobral, nesta ter\u00e7a (06) foi intensificada da fiscaliza\u00e7\u00e3o sobre descarte irregular de lixo em \u00e1reas p\u00fablicas e terrenos privados, visando diminuir a propaga\u00e7\u00e3o do Aedes aegypti. Todos os anos, na esta\u00e7\u00e3o mais quente, retornam com for\u00e7a aos postos de sa\u00fade e hospitais os casos de dengue, chikungunya e Zika e os sintomas podem ser semelhantes \u00e0 infec\u00e7\u00e3o por covid-19.<br \/>\nAp\u00f3s den\u00fancia recebida pela Unidade de Vigil\u00e2ncia de Zoonoses, a Secretaria da Conserva\u00e7\u00e3o e Servi\u00e7os P\u00fablicos (Sesep) realizou a limpeza de um terreno particular no Centro, que foi identificado como ponto de descarte irregular de lixo e como local de propaga\u00e7\u00e3o do mosquito Aedes aegypti, transmissor da dengue, zika e chikungunya. Desse terreno, foram retirados mais de 370 kg de vegeta\u00e7\u00e3o, atrav\u00e9s de limpeza manual. O dono do terreno ser\u00e1 notificado e deve arcar com as despesas da a\u00e7\u00e3o. Outros terrenos e locais como esse foram mapeados pela Sesep e seus propriet\u00e1rios tamb\u00e9m ser\u00e3o notificados.<br \/>\nO secret\u00e1rio da Conserva\u00e7\u00e3o e Servi\u00e7os P\u00fablicos, Carlos do Calisto, informa sobre a import\u00e2ncia dos propriet\u00e1rios com consci\u00eancia de manterem seus terrenos limpos, evitando a prolifera\u00e7\u00e3o de doen\u00e7as e \u201cassim n\u00e3o se tornam um ponto de risco para a sa\u00fade dos sobralenses. Precisamos manter Sobral limpa e, desta maneira, livre de qualquer doen\u00e7a que o mosquito possa trazer. A popula\u00e7\u00e3o \u00e9 nossa principal aliada na luta contra o Aedes\u201d, disse.<br \/>\nDevido ao per\u00edodo end\u00eamico \u00e9 importante manter os cuidados pois a denguepode ter caracter\u00edsticas cl\u00ednicas iniciais parecidas com as da gripe, de resfriado ou at\u00e9 mesmo de Covid-19. A Secretaria da Sa\u00fade do Cear\u00e1 (Sesa) busca constantemente orientar a popula\u00e7\u00e3o sobre a necessidade de preven\u00e7\u00e3o contra o vetor, o mosquito Aedes aegypt, e a aten\u00e7\u00e3o aos sintomas de alerta da patologia. Ao perceber os sintomas, a pessoa deve buscar uma Unidade B\u00e1sica de Sa\u00fade (UBS). \u201cA identifica\u00e7\u00e3o precoce possibilita interven\u00e7\u00e3o r\u00e1pida para evitar que o paciente desenvolva um quadro cr\u00edtico da doen\u00e7a\u201d, explica T\u00e2nia Mara Coelho, m\u00e9dica infectologista e diretora t\u00e9cnica do Hospital S\u00e3o Jos\u00e9 (HSJ), unidade da Sesa.<\/p>\n","protected":false},"excerpt":{"rendered":"<p>Por Samuel Carvalho Reda\u00e7\u00e3o Correio da Semana Em Sobral, nesta ter\u00e7a (06) foi intensificada da&#8230;<\/p>\n","protected":false},"author":1,"featured_media":16974,"comment_status":"open","ping_status":"open","sticky":false,"template":"","format":"standard","meta":{"_jetpack_memberships_contains_paid_content":false,"footnotes":"","jetpack_publicize_message":"","jetpack_publicize_feature_enabled":true,"jetpack_social_post_already_shared":true,"jetpack_social_options":{"image_generator_settings":{"template":"highway","default_image_id":0,"font":"","enabled":false},"version":2}},"categories":[1],"tags":[],"class_list":["post-16973","post","type-post","status-publish","format-standard","has-post-thumbnail","hentry","category-atualidade"],"jetpack_publicize_connections":[],"jetpack_featured_media_url":"https:\/\/correiodasemana.com\/site\/wp-content\/uploads\/2021\/07\/Dengue_01.jpg","jetpack-related-posts":[{"id":17062,"url":"https:\/\/correiodasemana.com\/site\/sobral-registra-aumento-no-numero-de-casos-de-dengue-80-dos-focos-sao-residenciais\/","url_meta":{"origin":16973,"position":0},"title":"Sobral registra aumento no n\u00famero de casos de Dengue; 80% dos focos s\u00e3o residenciais","author":"","date":"Julho 27, 2021","format":false,"excerpt":"Por Samuel Carvalho Reda\u00e7\u00e3o Correio da Semana No primeiro semestre de 2021 a Secretaria de Sa\u00fade de Sobral registrou 246 casos de dengue no munic\u00edpio, um crescimento alarmante em compara\u00e7\u00e3o \u00e0 mesma \u00e9poca ano passado, foram confirmados apenas 37 casos. Al\u00e9m da dengue, neste ano j\u00e1 foram confirmados nove casos\u2026","rel":"","context":"In &quot;Atualidade&quot;","block_context":{"text":"Atualidade","link":"https:\/\/correiodasemana.com\/site\/category\/atualidade\/"},"img":{"alt_text":"","src":"https:\/\/i0.wp.com\/correiodasemana.com\/site\/wp-content\/uploads\/2021\/07\/combate-dengue-8.png?resize=350%2C200&ssl=1","width":350,"height":200,"srcset":"https:\/\/i0.wp.com\/correiodasemana.com\/site\/wp-content\/uploads\/2021\/07\/combate-dengue-8.png?resize=350%2C200&ssl=1 1x, https:\/\/i0.wp.com\/correiodasemana.com\/site\/wp-content\/uploads\/2021\/07\/combate-dengue-8.png?resize=525%2C300&ssl=1 1.5x, https:\/\/i0.wp.com\/correiodasemana.com\/site\/wp-content\/uploads\/2021\/07\/combate-dengue-8.png?resize=700%2C400&ssl=1 2x, https:\/\/i0.wp.com\/correiodasemana.com\/site\/wp-content\/uploads\/2021\/07\/combate-dengue-8.png?resize=1050%2C600&ssl=1 3x"},"classes":[]},{"id":10397,"url":"https:\/\/correiodasemana.com\/site\/risco-de-dengue-aumenta-com-chuvas-e-populacao-pode-ajudar-a-prevenir\/","url_meta":{"origin":16973,"position":1},"title":"Risco de dengue aumenta com chuvas e popula\u00e7\u00e3o pode ajudar a prevenir","author":"","date":"Janeiro 13, 2020","format":false,"excerpt":"Atualmente, os casos de dengue s\u00e3o os que mais ocorrem no estado A quadra chuvosa j\u00e1 anunciou seus primeiros sinais. E com a chegada da chuva, a Secretaria da Sa\u00fade do Cear\u00e1 (Sesa) refor\u00e7a a necessidade de todos ficarem atentos e cuidarem para que o Aedes aegypti n\u00e3o nas\u00e7a. Esse\u2026","rel":"","context":"In &quot;Atualidade&quot;","block_context":{"text":"Atualidade","link":"https:\/\/correiodasemana.com\/site\/category\/atualidade\/"},"img":{"alt_text":"","src":"https:\/\/i0.wp.com\/correiodasemana.com\/site\/wp-content\/uploads\/2020\/01\/agentes-de-endemias-scaled.jpg?resize=350%2C200&ssl=1","width":350,"height":200,"srcset":"https:\/\/i0.wp.com\/correiodasemana.com\/site\/wp-content\/uploads\/2020\/01\/agentes-de-endemias-scaled.jpg?resize=350%2C200&ssl=1 1x, https:\/\/i0.wp.com\/correiodasemana.com\/site\/wp-content\/uploads\/2020\/01\/agentes-de-endemias-scaled.jpg?resize=525%2C300&ssl=1 1.5x, https:\/\/i0.wp.com\/correiodasemana.com\/site\/wp-content\/uploads\/2020\/01\/agentes-de-endemias-scaled.jpg?resize=700%2C400&ssl=1 2x, https:\/\/i0.wp.com\/correiodasemana.com\/site\/wp-content\/uploads\/2020\/01\/agentes-de-endemias-scaled.jpg?resize=1050%2C600&ssl=1 3x, https:\/\/i0.wp.com\/correiodasemana.com\/site\/wp-content\/uploads\/2020\/01\/agentes-de-endemias-scaled.jpg?resize=1400%2C800&ssl=1 4x"},"classes":[]},{"id":14967,"url":"https:\/\/correiodasemana.com\/site\/ministerio-da-saude-lanca-campanha-de-combate-ao-aedes-aegypti\/","url_meta":{"origin":16973,"position":2},"title":"Minist\u00e9rio da Sa\u00fade lan\u00e7a campanha de combate ao Aedes aegypti","author":"","date":"Dezembro 7, 2020","format":false,"excerpt":"Por Joc\u00e9lio Tavares. O Minist\u00e9rio da Sa\u00fade lan\u00e7ou, no final do m\u00eas de novembro, em Bras\u00edlia, a campanha de combate ao mosquito Aedes aegypti, transmissor da dengue, zika e chikungunya, doen\u00e7as que podem gerar outras como a microcefalia e a s\u00edndrome de Guillain-Barr\u00e9. As estrelas da a\u00e7\u00e3o desta vez s\u00e3o\u2026","rel":"","context":"In &quot;Atualidade&quot;","block_context":{"text":"Atualidade","link":"https:\/\/correiodasemana.com\/site\/category\/atualidade\/"},"img":{"alt_text":"","src":"https:\/\/i0.wp.com\/correiodasemana.com\/site\/wp-content\/uploads\/2020\/12\/11056611_1803311269895663_4152106091054196946_n.jpg?resize=350%2C200&ssl=1","width":350,"height":200,"srcset":"https:\/\/i0.wp.com\/correiodasemana.com\/site\/wp-content\/uploads\/2020\/12\/11056611_1803311269895663_4152106091054196946_n.jpg?resize=350%2C200&ssl=1 1x, https:\/\/i0.wp.com\/correiodasemana.com\/site\/wp-content\/uploads\/2020\/12\/11056611_1803311269895663_4152106091054196946_n.jpg?resize=525%2C300&ssl=1 1.5x"},"classes":[]},{"id":15934,"url":"https:\/\/correiodasemana.com\/site\/quadra-chuvosa-abre-alerta-para-prevencao-de-dengue-e-outras-doencas-relacionadas-ao-periodo\/","url_meta":{"origin":16973,"position":3},"title":"Quadra chuvosa abre alerta para preven\u00e7\u00e3o de dengue e outras doen\u00e7as relacionadas ao per\u00edodo","author":"","date":"Mar\u00e7o 14, 2021","format":false,"excerpt":"Por Samuel Carvalho - Reda\u00e7\u00e3o Correio da Semana A chegada do per\u00edodo de chuvas tr\u00e1s tamb\u00e9m a prolifera\u00e7\u00e3o do mosquito aedes aegypti \u00e0 tona. A Secretaria de Sa\u00fade do Cear\u00e1 (Sesa) alertou para os cuidados para preven\u00e7\u00e3o de dengue, zika e chikungunya durante este momento. A preven\u00e7\u00e3o \u00e9 um dos\u2026","rel":"","context":"In &quot;Atualidade&quot;","block_context":{"text":"Atualidade","link":"https:\/\/correiodasemana.com\/site\/category\/atualidade\/"},"img":{"alt_text":"","src":"https:\/\/i0.wp.com\/correiodasemana.com\/site\/wp-content\/uploads\/2021\/03\/dengue-fortaleza.jpg?resize=350%2C200&ssl=1","width":350,"height":200,"srcset":"https:\/\/i0.wp.com\/correiodasemana.com\/site\/wp-content\/uploads\/2021\/03\/dengue-fortaleza.jpg?resize=350%2C200&ssl=1 1x, https:\/\/i0.wp.com\/correiodasemana.com\/site\/wp-content\/uploads\/2021\/03\/dengue-fortaleza.jpg?resize=525%2C300&ssl=1 1.5x"},"classes":[]},{"id":18877,"url":"https:\/\/correiodasemana.com\/site\/periodo-chuvoso-traz-de-volta-dengue-zika-e-chikungunya-saiba-como-evitar\/","url_meta":{"origin":16973,"position":4},"title":"Per\u00edodo chuvoso traz de volta dengue, zika e chikungunya: Saiba como evitar","author":"","date":"Fevereiro 14, 2022","format":false,"excerpt":"Por Samuel Carvalho Reda\u00e7\u00e3o Correio da Semana O periodo chuvoso do ano, que ja come\u00e7o, acaba favorecendo um ambiente mais adequado para a prolifera\u00e7\u00e3o do mosquito Aedes aegypti, que \u00e9 o principal respons\u00e1vel pela transmiss\u00e3o da dengue, zika e chikungunya. Essas doen\u00e7as s\u00e3o as principais arboviroses presentes no estado do\u2026","rel":"","context":"In &quot;Atualidade&quot;","block_context":{"text":"Atualidade","link":"https:\/\/correiodasemana.com\/site\/category\/atualidade\/"},"img":{"alt_text":"","src":"https:\/\/i0.wp.com\/correiodasemana.com\/site\/wp-content\/uploads\/2022\/02\/mosquito-1332382-1280.jpg?resize=350%2C200&ssl=1","width":350,"height":200,"srcset":"https:\/\/i0.wp.com\/correiodasemana.com\/site\/wp-content\/uploads\/2022\/02\/mosquito-1332382-1280.jpg?resize=350%2C200&ssl=1 1x, https:\/\/i0.wp.com\/correiodasemana.com\/site\/wp-content\/uploads\/2022\/02\/mosquito-1332382-1280.jpg?resize=525%2C300&ssl=1 1.5x, https:\/\/i0.wp.com\/correiodasemana.com\/site\/wp-content\/uploads\/2022\/02\/mosquito-1332382-1280.jpg?resize=700%2C400&ssl=1 2x, https:\/\/i0.wp.com\/correiodasemana.com\/site\/wp-content\/uploads\/2022\/02\/mosquito-1332382-1280.jpg?resize=1050%2C600&ssl=1 3x"},"classes":[]},{"id":23009,"url":"https:\/\/correiodasemana.com\/site\/fortaleza-e-a-cidade-brasileira-que-mais-registrou-casos-de-chikungunya-em-2022\/","url_meta":{"origin":16973,"position":5},"title":"Fortaleza \u00e9 a cidade brasileira que mais registrou casos de chikungunya em 2022","author":"","date":"Janeiro 23, 2023","format":false,"excerpt":"Cidade chegou a 20,4 mil da doen\u00e7a, conforme aponta Boletim Epidemiol\u00f3gico do Minist\u00e9rio da Sa\u00fade (MS). Fortaleza \u00e9 a cidade brasileira que mais registrou casos de chikungunya, arbovirose transmitida pelo mosquito Aedes aegypti, em 2022. Foram ao todo 20,4 mil registros prov\u00e1veis da doen\u00e7a na Capital, dos 52.715 registrados em\u2026","rel":"","context":"In &quot;Atualidade&quot;","block_context":{"text":"Atualidade","link":"https:\/\/correiodasemana.com\/site\/category\/atualidade\/"},"img":{"alt_text":"","src":"https:\/\/i0.wp.com\/correiodasemana.com\/site\/wp-content\/uploads\/2023\/01\/7ttbyna514gkbxtfuwxh_310720191935190000000.jpg?resize=350%2C200&ssl=1","width":350,"height":200,"srcset":"https:\/\/i0.wp.com\/correiodasemana.com\/site\/wp-content\/uploads\/2023\/01\/7ttbyna514gkbxtfuwxh_310720191935190000000.jpg?resize=350%2C200&ssl=1 1x, https:\/\/i0.wp.com\/correiodasemana.com\/site\/wp-content\/uploads\/2023\/01\/7ttbyna514gkbxtfuwxh_310720191935190000000.jpg?resize=525%2C300&ssl=1 1.5x, https:\/\/i0.wp.com\/correiodasemana.com\/site\/wp-content\/uploads\/2023\/01\/7ttbyna514gkbxtfuwxh_310720191935190000000.jpg?resize=700%2C400&ssl=1 2x"},"classes":[]}],"jetpack_sharing_enabled":true,"_links":{"self":[{"href":"https:\/\/correiodasemana.com\/site\/wp-json\/wp\/v2\/posts\/16973","targetHints":{"allow":["GET"]}}],"collection":[{"href":"https:\/\/correiodasemana.com\/site\/wp-json\/wp\/v2\/posts"}],"about":[{"href":"https:\/\/correiodasemana.com\/site\/wp-json\/wp\/v2\/types\/post"}],"author":[{"embeddable":true,"href":"https:\/\/correiodasemana.com\/site\/wp-json\/wp\/v2\/users\/1"}],"replies":[{"embeddable":true,"href":"https:\/\/correiodasemana.com\/site\/wp-json\/wp\/v2\/comments?post=16973"}],"version-history":[{"count":1,"href":"https:\/\/correiodasemana.com\/site\/wp-json\/wp\/v2\/posts\/16973\/revisions"}],"predecessor-version":[{"id":16975,"href":"https:\/\/correiodasemana.com\/site\/wp-json\/wp\/v2\/posts\/16973\/revisions\/16975"}],"wp:featuredmedia":[{"embeddable":true,"href":"https:\/\/correiodasemana.com\/site\/wp-json\/wp\/v2\/media\/16974"}],"wp:attachment":[{"href":"https:\/\/correiodasemana.com\/site\/wp-json\/wp\/v2\/media?parent=16973"}],"wp:term":[{"taxonomy":"category","embeddable":true,"href":"https:\/\/correiodasemana.com\/site\/wp-json\/wp\/v2\/categories?post=16973"},{"taxonomy":"post_tag","embeddable":true,"href":"https:\/\/correiodasemana.com\/site\/wp-json\/wp\/v2\/tags?post=16973"}],"curies":[{"name":"wp","href":"https:\/\/api.w.org\/{rel}","templated":true}]}}