{"id":16976,"date":"2021-07-12T01:04:21","date_gmt":"2021-07-12T04:04:21","guid":{"rendered":"https:\/\/correiodasemana.com\/site\/?p=16976"},"modified":"2021-07-12T01:04:21","modified_gmt":"2021-07-12T04:04:21","slug":"ministerio-publico-pede-impugnacao-de-candidatos-a-prefeitura-no-municipio-de-martinopole","status":"publish","type":"post","link":"https:\/\/correiodasemana.com\/site\/ministerio-publico-pede-impugnacao-de-candidatos-a-prefeitura-no-municipio-de-martinopole\/","title":{"rendered":"Minist\u00e9rio P\u00fablico pede impugna\u00e7\u00e3o de candidatos \u00e0 prefeitura no munic\u00edpio de Martin\u00f3pole"},"content":{"rendered":"<p>Por Samuel Carvalho &#8211; Reda\u00e7\u00e3o Correio da Semana<br \/>\nO Minist\u00e9rio P\u00fablico do Estado (MPCE) pediu a impugna\u00e7\u00e3o dos candidatos James Bel (PP) e J\u00fanior Fontenele (PL), ambos os candidatos \u00e0 prefeitura do munic\u00edpio de Martin\u00f3pole faltando pouco menos de um m\u00eas para os eleitores voltarem \u00e0s urnas. Os dois candidatos est\u00e3o na disputa para prefeito nas elei\u00e7\u00f5es suplementares ap\u00f3s a impugna\u00e7\u00e3o de James Bel por ele j\u00e1 ter sido considerado ineleg\u00edvel no pleito do ano passado.<br \/>\nJames Bel foi eleito em 2020, teve sua candidatura ca\u00e7ada, j\u00e1 seu advers\u00e1rio pol\u00edtico J\u00fanior Fontenele, tem pend\u00eancias eleitorais, mas afirma j\u00e1 ter resolvido a situa\u00e7\u00e3o e aguarda atualiza\u00e7\u00e3o da situa\u00e7\u00e3o junto \u00e0 Justi\u00e7a. As novas elei\u00e7\u00f5es est\u00e3o marcadas pelo Tribunal Regional Eleitoral (TRE) para acontecer no dia 1\u00ba de agosto.<br \/>\nSegundo o promotor Victor Borges, que pediu \u00e0 Justi\u00e7a Eleitoral este novo indeferimento, James Bel estaria se baseando no fato de sua demiss\u00e3o do cargo de professor da Rede P\u00fablica ter sido revogada recentemente. Apesar de sua contesta\u00e7\u00e3o, o TSE, no entanto, invalida que o candidato ineleg\u00edvel possa se candidatar novamente no pleito suplementar. \u201cEles (os ju\u00edzes do TSE) entendem que a elei\u00e7\u00e3o suplementar \u00e9 uma continuidade da elei\u00e7\u00e3o anterior. Se o candidato estava ineleg\u00edvel na elei\u00e7\u00e3o que foi anulada, consequentemente est\u00e1 ineleg\u00edvel na suplementar\u201d, disse Victor Borges.<br \/>\nEm adi\u00e7\u00e3o \u00e0 impugna\u00e7\u00e3o, Victor Borges tamb\u00e9m \u00e0 Justi\u00e7a Eleitoral que James Bel seja impedido de utilizar a verba do Fundo Partid\u00e1rio durante a campanha eleitoral. H\u00e1 ainda a possibilidade, de acordo com o MP, de anula\u00e7\u00e3o das elei\u00e7\u00f5es suplementares. \u201cCaso o candidato concorra ao pleito e se sagre vencedor, pode ser pedido posteriormente o indeferimento de registro\u201d, diz o promotor.<br \/>\nJ\u00e1 no pedido de impugna\u00e7\u00e3o de J\u00fanior Fontenele, o promotor eleitoral qualifica a aus\u00eancia de quita\u00e7\u00e3o eleitoral. \u201cAquele que deixa de cumprir suas obriga\u00e7\u00f5es eleitorais n\u00e3o est\u00e1 quite com a Justi\u00e7a Eleitoral e, por conseguinte, \u00e9 inapto \u00e0 candidatura, por n\u00e3o reunir a plenitude dos direitos pol\u00edticos\u201d, segundo o MP no pedido. De acordo com o pedido, J\u00fanior Fontenele \u201cpossu\u00ed pend\u00eancia com a Justi\u00e7a Eleitoral alusiva ao recolhimento de multa\u201d. O valor e o motivo da infra\u00e7\u00e3o n\u00e3o foram divulgados.<br \/>\nEm nota, o candidato informou que realizou o parcelamento da multa. \u201cNas pr\u00f3ximas horas ser\u00e1 expedida a certid\u00e3o de quita\u00e7\u00e3o eleitoral, sanando a irregularidade, a qual se refere o MPCE, e consequentemente, o arquivamento da presente a\u00e7\u00e3o de impugna\u00e7\u00e3o\u201d, disse atrav\u00e9s do informe.<\/p>\n","protected":false},"excerpt":{"rendered":"<p>Por Samuel Carvalho &#8211; Reda\u00e7\u00e3o Correio da Semana O Minist\u00e9rio P\u00fablico do Estado (MPCE) pediu&#8230;<\/p>\n","protected":false},"author":1,"featured_media":16977,"comment_status":"open","ping_status":"open","sticky":false,"template":"","format":"standard","meta":{"_jetpack_memberships_contains_paid_content":false,"footnotes":"","jetpack_publicize_message":"","jetpack_publicize_feature_enabled":true,"jetpack_social_post_already_shared":true,"jetpack_social_options":{"image_generator_settings":{"template":"highway","default_image_id":0,"font":"","enabled":false},"version":2}},"categories":[1],"tags":[],"class_list":["post-16976","post","type-post","status-publish","format-standard","has-post-thumbnail","hentry","category-atualidade"],"jetpack_publicize_connections":[],"jetpack_featured_media_url":"https:\/\/correiodasemana.com\/site\/wp-content\/uploads\/2021\/07\/James-Bel.jpg","jetpack-related-posts":[{"id":14672,"url":"https:\/\/correiodasemana.com\/site\/oito-prefeitos-eleitos-no-ceara-correm-risco-de-nao-assumir-mandato\/","url_meta":{"origin":16976,"position":0},"title":"Oito prefeitos eleitos no Cear\u00e1 correm risco de n\u00e3o assumir mandato","author":"","date":"Novembro 23, 2020","format":false,"excerpt":"Por Joc\u00e9lio Tavares. Com informa\u00e7\u00f5es do Di\u00e1rio do Nordeste Pelo menos oito candidaturas eleitas, no pleito do \u00faltimo domingo (15), para comandar prefeituras do Cear\u00e1 ainda ter\u00e3o de resolver pend\u00eancias na Justi\u00e7a Eleitoral at\u00e9 a data da diploma\u00e7\u00e3o em dezembro. O cen\u00e1rio de indefini\u00e7\u00e3o atinge a rotina de ao menos\u2026","rel":"","context":"In &quot;Atualidade&quot;","block_context":{"text":"Atualidade","link":"https:\/\/correiodasemana.com\/site\/category\/atualidade\/"},"img":{"alt_text":"","src":"https:\/\/i0.wp.com\/correiodasemana.com\/site\/wp-content\/uploads\/2020\/10\/eleicoes_2020_-_banner_destaque_01-1.jpg?resize=350%2C200&ssl=1","width":350,"height":200,"srcset":"https:\/\/i0.wp.com\/correiodasemana.com\/site\/wp-content\/uploads\/2020\/10\/eleicoes_2020_-_banner_destaque_01-1.jpg?resize=350%2C200&ssl=1 1x, https:\/\/i0.wp.com\/correiodasemana.com\/site\/wp-content\/uploads\/2020\/10\/eleicoes_2020_-_banner_destaque_01-1.jpg?resize=525%2C300&ssl=1 1.5x, https:\/\/i0.wp.com\/correiodasemana.com\/site\/wp-content\/uploads\/2020\/10\/eleicoes_2020_-_banner_destaque_01-1.jpg?resize=700%2C400&ssl=1 2x, https:\/\/i0.wp.com\/correiodasemana.com\/site\/wp-content\/uploads\/2020\/10\/eleicoes_2020_-_banner_destaque_01-1.jpg?resize=1050%2C600&ssl=1 3x"},"classes":[]},{"id":14152,"url":"https:\/\/correiodasemana.com\/site\/sobral-lidera-pedidos-de-impugnacao-de-candidatos-na-justica-eleitoral\/","url_meta":{"origin":16976,"position":1},"title":"Sobral lidera pedidos de impugna\u00e7\u00e3o de candidatos na Justi\u00e7a Eleitoral","author":"","date":"Outubro 20, 2020","format":false,"excerpt":"O munic\u00edpio de Sobral segue com o maior n\u00famero de registros de impugna\u00e7\u00f5es de candidatos. Segundo levantamento realizado na manh\u00e3 da \u00faltima quarta-feira (14\/10) s\u00e3o 37 pedidos, de acordo com a Justi\u00e7a Eleitoral Em seguida aparecem as cidades de Crato (22), Guaraciaba do Norte (20), Croat\u00e1 (15) e Itapipoca (13).\u2026","rel":"","context":"In &quot;Atualidade&quot;","block_context":{"text":"Atualidade","link":"https:\/\/correiodasemana.com\/site\/category\/atualidade\/"},"img":{"alt_text":"","src":"https:\/\/i0.wp.com\/correiodasemana.com\/site\/wp-content\/uploads\/2020\/10\/eleicoes_2020_-_banner_destaque_01-1.jpg?resize=350%2C200&ssl=1","width":350,"height":200,"srcset":"https:\/\/i0.wp.com\/correiodasemana.com\/site\/wp-content\/uploads\/2020\/10\/eleicoes_2020_-_banner_destaque_01-1.jpg?resize=350%2C200&ssl=1 1x, https:\/\/i0.wp.com\/correiodasemana.com\/site\/wp-content\/uploads\/2020\/10\/eleicoes_2020_-_banner_destaque_01-1.jpg?resize=525%2C300&ssl=1 1.5x, https:\/\/i0.wp.com\/correiodasemana.com\/site\/wp-content\/uploads\/2020\/10\/eleicoes_2020_-_banner_destaque_01-1.jpg?resize=700%2C400&ssl=1 2x, https:\/\/i0.wp.com\/correiodasemana.com\/site\/wp-content\/uploads\/2020\/10\/eleicoes_2020_-_banner_destaque_01-1.jpg?resize=1050%2C600&ssl=1 3x"},"classes":[]},{"id":15822,"url":"https:\/\/correiodasemana.com\/site\/tse-determina-novas-eleicoes-municipais-para-a-prefeitura-de-martinopole-ce\/","url_meta":{"origin":16976,"position":2},"title":"TSE determina novas elei\u00e7\u00f5es municipais para a Prefeitura de Martin\u00f3pole (CE)","author":"","date":"Fevereiro 28, 2021","format":false,"excerpt":"Por Samuel Carvalho - Reda\u00e7\u00e3o Correio do Semana O Tribunal Superior Eleitoral (TSE) em sess\u00e3o no \u00faltimo dia 23 decidiu indeferir o registro de candidatura de James Martins Pereira Barros (PP) ao cargo de prefeito municipal em Martin\u00f3pole (CE) nas elei\u00e7\u00f5es de 2020. Segundo os ministros, o candidato estava ineleg\u00edvel\u2026","rel":"","context":"In &quot;Atualidade&quot;","block_context":{"text":"Atualidade","link":"https:\/\/correiodasemana.com\/site\/category\/atualidade\/"},"img":{"alt_text":"","src":"https:\/\/i0.wp.com\/correiodasemana.com\/site\/wp-content\/uploads\/2021\/02\/Relator-Alexandre-de-Moraes-durante-o-sessao-do-TSE.jpeg?resize=350%2C200&ssl=1","width":350,"height":200,"srcset":"https:\/\/i0.wp.com\/correiodasemana.com\/site\/wp-content\/uploads\/2021\/02\/Relator-Alexandre-de-Moraes-durante-o-sessao-do-TSE.jpeg?resize=350%2C200&ssl=1 1x, https:\/\/i0.wp.com\/correiodasemana.com\/site\/wp-content\/uploads\/2021\/02\/Relator-Alexandre-de-Moraes-durante-o-sessao-do-TSE.jpeg?resize=525%2C300&ssl=1 1.5x"},"classes":[]},{"id":13691,"url":"https:\/\/correiodasemana.com\/site\/eleicoes-2020-tse-libera-ferramenta-para-consulta-de-candidaturas\/","url_meta":{"origin":16976,"position":3},"title":"Elei\u00e7\u00f5es 2020: TSE libera ferramenta para consulta de candidaturas","author":"","date":"Setembro 22, 2020","format":false,"excerpt":"Sistema pode ser consultado por qualquer cidad\u00e3o Consultas por munic\u00edpio e cargo, acesso \u00e0 informa\u00e7\u00f5es detalhadas sobre a situa\u00e7\u00e3o dos candidatos aos cargos de prefeito, vice-prefeito e vereador, que pediram registro para concorrer \u00e0s Elei\u00e7\u00f5es Municipais de 2020 j\u00e1 est\u00e3o dispon\u00edveis na plataforma\u00a0DivulgaCandContas, do Tribunal Superior Eleitoral (TSE). A ferramenta\u2026","rel":"","context":"In &quot;Atualidade&quot;","block_context":{"text":"Atualidade","link":"https:\/\/correiodasemana.com\/site\/category\/atualidade\/"},"img":{"alt_text":"","src":"https:\/\/i0.wp.com\/correiodasemana.com\/site\/wp-content\/uploads\/2020\/09\/tse_1908200982.jpg?resize=350%2C200&ssl=1","width":350,"height":200,"srcset":"https:\/\/i0.wp.com\/correiodasemana.com\/site\/wp-content\/uploads\/2020\/09\/tse_1908200982.jpg?resize=350%2C200&ssl=1 1x, https:\/\/i0.wp.com\/correiodasemana.com\/site\/wp-content\/uploads\/2020\/09\/tse_1908200982.jpg?resize=525%2C300&ssl=1 1.5x, https:\/\/i0.wp.com\/correiodasemana.com\/site\/wp-content\/uploads\/2020\/09\/tse_1908200982.jpg?resize=700%2C400&ssl=1 2x, https:\/\/i0.wp.com\/correiodasemana.com\/site\/wp-content\/uploads\/2020\/09\/tse_1908200982.jpg?resize=1050%2C600&ssl=1 3x"},"classes":[]},{"id":30418,"url":"https:\/\/correiodasemana.com\/site\/eleicoes-2024-mais-de-400-mil-candidaturas-estao-registradas\/","url_meta":{"origin":16976,"position":4},"title":"Elei\u00e7\u00f5es 2024: mais de 400 mil candidaturas est\u00e3o registradas","author":"adminredacao","date":"Agosto 19, 2024","format":false,"excerpt":"Prazo para o registro presencial se encerra \u00e0s 19h desta quinta-feira Por Felipe Pontes - Rep\u00f3rter da Ag\u00eancia Brasil - Bras\u00edlia Os partidos, coliga\u00e7\u00f5es e federa\u00e7\u00f5es t\u00eam at\u00e9 esta quinta-feira (15) registrem os candidatos a prefeito e vereador para as elei\u00e7\u00f5es municipais deste ano, marcadas para 6 de outubro, com\u2026","rel":"","context":"In &quot;Atualidade&quot;","block_context":{"text":"Atualidade","link":"https:\/\/correiodasemana.com\/site\/category\/atualidade\/"},"img":{"alt_text":"","src":"https:\/\/i0.wp.com\/correiodasemana.com\/site\/wp-content\/uploads\/2024\/08\/50429036346_a9271a4327_o.webp?resize=350%2C200&ssl=1","width":350,"height":200,"srcset":"https:\/\/i0.wp.com\/correiodasemana.com\/site\/wp-content\/uploads\/2024\/08\/50429036346_a9271a4327_o.webp?resize=350%2C200&ssl=1 1x, https:\/\/i0.wp.com\/correiodasemana.com\/site\/wp-content\/uploads\/2024\/08\/50429036346_a9271a4327_o.webp?resize=525%2C300&ssl=1 1.5x, https:\/\/i0.wp.com\/correiodasemana.com\/site\/wp-content\/uploads\/2024\/08\/50429036346_a9271a4327_o.webp?resize=700%2C400&ssl=1 2x, https:\/\/i0.wp.com\/correiodasemana.com\/site\/wp-content\/uploads\/2024\/08\/50429036346_a9271a4327_o.webp?resize=1050%2C600&ssl=1 3x"},"classes":[]},{"id":13934,"url":"https:\/\/correiodasemana.com\/site\/eleicoes-2020-entenda-o-que-fazem-os-prefeitos\/","url_meta":{"origin":16976,"position":5},"title":"Elei\u00e7\u00f5es 2020: entenda o que fazem os prefeitos","author":"","date":"Outubro 6, 2020","format":false,"excerpt":"Executivo municipal \u00e9 respons\u00e1vel por gest\u00e3o dos servi\u00e7os p\u00fablicos Em 2020, quase 148 milh\u00f5es de eleitores est\u00e3o aptos a ir \u00e0s urnas em novembro para escolher prefeitos e vereadores. Mas voc\u00ea sabe o que faz um\u00a0prefeito? Representante\u00a0m\u00e1ximo do Poder Executivo municipal, \u00e9\u00a0ele\u00a0quem comanda a administra\u00e7\u00e3o da cidade\u00a0e \u00e9 o\u00a0respons\u00e1vel pela\u2026","rel":"","context":"In &quot;Atualidade&quot;","block_context":{"text":"Atualidade","link":"https:\/\/correiodasemana.com\/site\/category\/atualidade\/"},"img":{"alt_text":"","src":"https:\/\/i0.wp.com\/correiodasemana.com\/site\/wp-content\/uploads\/2020\/10\/eleicoes_2020_-_banner_destaque_02.jpg?resize=350%2C200&ssl=1","width":350,"height":200,"srcset":"https:\/\/i0.wp.com\/correiodasemana.com\/site\/wp-content\/uploads\/2020\/10\/eleicoes_2020_-_banner_destaque_02.jpg?resize=350%2C200&ssl=1 1x, https:\/\/i0.wp.com\/correiodasemana.com\/site\/wp-content\/uploads\/2020\/10\/eleicoes_2020_-_banner_destaque_02.jpg?resize=525%2C300&ssl=1 1.5x, https:\/\/i0.wp.com\/correiodasemana.com\/site\/wp-content\/uploads\/2020\/10\/eleicoes_2020_-_banner_destaque_02.jpg?resize=700%2C400&ssl=1 2x, https:\/\/i0.wp.com\/correiodasemana.com\/site\/wp-content\/uploads\/2020\/10\/eleicoes_2020_-_banner_destaque_02.jpg?resize=1050%2C600&ssl=1 3x"},"classes":[]}],"jetpack_sharing_enabled":true,"_links":{"self":[{"href":"https:\/\/correiodasemana.com\/site\/wp-json\/wp\/v2\/posts\/16976","targetHints":{"allow":["GET"]}}],"collection":[{"href":"https:\/\/correiodasemana.com\/site\/wp-json\/wp\/v2\/posts"}],"about":[{"href":"https:\/\/correiodasemana.com\/site\/wp-json\/wp\/v2\/types\/post"}],"author":[{"embeddable":true,"href":"https:\/\/correiodasemana.com\/site\/wp-json\/wp\/v2\/users\/1"}],"replies":[{"embeddable":true,"href":"https:\/\/correiodasemana.com\/site\/wp-json\/wp\/v2\/comments?post=16976"}],"version-history":[{"count":1,"href":"https:\/\/correiodasemana.com\/site\/wp-json\/wp\/v2\/posts\/16976\/revisions"}],"predecessor-version":[{"id":16978,"href":"https:\/\/correiodasemana.com\/site\/wp-json\/wp\/v2\/posts\/16976\/revisions\/16978"}],"wp:featuredmedia":[{"embeddable":true,"href":"https:\/\/correiodasemana.com\/site\/wp-json\/wp\/v2\/media\/16977"}],"wp:attachment":[{"href":"https:\/\/correiodasemana.com\/site\/wp-json\/wp\/v2\/media?parent=16976"}],"wp:term":[{"taxonomy":"category","embeddable":true,"href":"https:\/\/correiodasemana.com\/site\/wp-json\/wp\/v2\/categories?post=16976"},{"taxonomy":"post_tag","embeddable":true,"href":"https:\/\/correiodasemana.com\/site\/wp-json\/wp\/v2\/tags?post=16976"}],"curies":[{"name":"wp","href":"https:\/\/api.w.org\/{rel}","templated":true}]}}