{"id":16979,"date":"2021-07-12T01:16:56","date_gmt":"2021-07-12T04:16:56","guid":{"rendered":"https:\/\/correiodasemana.com\/site\/?p=16979"},"modified":"2021-07-12T01:16:56","modified_gmt":"2021-07-12T04:16:56","slug":"sobral-registra-tremor-de-terra-de-1-5-graus-na-escala-richter","status":"publish","type":"post","link":"https:\/\/correiodasemana.com\/site\/sobral-registra-tremor-de-terra-de-1-5-graus-na-escala-richter\/","title":{"rendered":"Sobral registra tremor de terra de 1.5 graus na Escala Richter"},"content":{"rendered":"<p>Por Samuel Carvalho &#8211; Reda\u00e7\u00e3o Correio da Semana<\/p>\n<p>Nesta ter\u00e7a-feira (6), \u00e0 1h47 foi registrado um tremor de terra de magnitude preliminar 1.5 graus na Escala Richter, no munic\u00edpio de Sobral. O tremor foi o segundo registrado no Cear\u00e1 em 48 horas, seguido pelo abalo s\u00edsmico similar que ocorreu em Santa Quit\u00e9ria. Os dados s\u00e3o Laborat\u00f3rio Sismol\u00f3gico da Universidade Federal do Rio Grande do Norte (LabSis\/UFRN).<br \/>\nDe acordo com informa\u00e7\u00f5es fornecidas pela Coordenadoria de Defesa Civil de Sobral, o abalo foi sentido tamb\u00e9m no distrito rural de Jord\u00e3o, e ainda no munic\u00edpio de Alc\u00e2ntaras, localizado a aproximadamente 23 km de Sobral. \u201cMoradores publicaram nas redes sociais mensagens sobre o estrondo decorrente do tremor de terra desta madrugada\u201d, observou o coordenador do LabSis da UFRN, Eduardo Menezes. \u201cN\u00e3o h\u00e1 registro de dano material\u201d.<br \/>\nJ\u00e1 o abalo s\u00edsmico que ocorreu em Santa Quit\u00e9ria no domingo (04), teve magnitude preliminar 2.0 na Escala Richter. \u201cAs informa\u00e7\u00f5es sobre os eventos que ocorreram no Cear\u00e1 foram repassadas para a Defesa Civil do Estado\u201d, pontuou Menezes. O Laborat\u00f3rio Sismol\u00f3gico da UFRN segue monitorando e divulgando toda atividade s\u00edsmica que ocorre no Nordeste do Brasil.<br \/>\nNo dia 14 de junho, o munic\u00edpio de Quixeramobim tamb\u00e9m registrou tremor de terra de magnitude 1.5 na Escala Richter e em 7 do mesmo m\u00eas, a terra tremeu no munic\u00edpio de Teju\u00e7uoca. O abalo foi de magnitude 2.4 graus na Escala Richter. No m\u00eas de maio o Cear\u00e1 contabilizou seis tremores de terra. Os abalamos s\u00edsmicos ocorreram em Beberibe, no dia 10 \u00e0s 17h50, com intensidade 1.8 graus na Escala Richter. No dia 11, ocorreu um tremor em Paramoti, \u00e0s 23h17, de intensidade 1.9. Tamb\u00e9m houve registros em Maranguape e Chor\u00f3.<\/p>\n","protected":false},"excerpt":{"rendered":"<p>Por Samuel Carvalho &#8211; Reda\u00e7\u00e3o Correio da Semana Nesta ter\u00e7a-feira (6), \u00e0 1h47 foi registrado&#8230;<\/p>\n","protected":false},"author":1,"featured_media":13787,"comment_status":"open","ping_status":"open","sticky":false,"template":"","format":"standard","meta":{"_jetpack_memberships_contains_paid_content":false,"footnotes":"","jetpack_publicize_message":"","jetpack_publicize_feature_enabled":true,"jetpack_social_post_already_shared":true,"jetpack_social_options":{"image_generator_settings":{"template":"highway","default_image_id":0,"font":"","enabled":false},"version":2}},"categories":[1],"tags":[],"class_list":["post-16979","post","type-post","status-publish","format-standard","has-post-thumbnail","hentry","category-atualidade"],"jetpack_publicize_connections":[],"jetpack_featured_media_url":"https:\/\/correiodasemana.com\/site\/wp-content\/uploads\/2020\/09\/sobral_ceara_aerea-scaled.jpg","jetpack-related-posts":[{"id":11763,"url":"https:\/\/correiodasemana.com\/site\/tremor-de-magnitude-2-5-e-registrado-no-ceara-pela-rede-sismografica-brasileira\/","url_meta":{"origin":16979,"position":0},"title":"Tremor de magnitude 2.5 \u00e9 registrado no Cear\u00e1 pela Rede Sismogr\u00e1fica Brasileira","author":"","date":"Julho 12, 2020","format":false,"excerpt":"As esta\u00e7\u00f5es da Rede Sismogr\u00e1fica Brasileira (RSBR), operadas pelo Laborat\u00f3rio Sismol\u00f3gico da Universidade Federal do Rio Grande do Norte (Labsis\/UFRN), registraram um tremor de terra de magnitude 2.5 mR na divisa entre os munic\u00edpios de Chorozinho e Cascavel, no Cear\u00e1. O evento s\u00edsmico ocorreu na noite desta ter\u00e7a-feira, dia 7\u2026","rel":"","context":"In &quot;Atualidade&quot;","block_context":{"text":"Atualidade","link":"https:\/\/correiodasemana.com\/site\/category\/atualidade\/"},"img":{"alt_text":"","src":"https:\/\/i0.wp.com\/correiodasemana.com\/site\/wp-content\/uploads\/2020\/07\/naom_5662a30bb3c08.jpg?resize=350%2C200&ssl=1","width":350,"height":200,"srcset":"https:\/\/i0.wp.com\/correiodasemana.com\/site\/wp-content\/uploads\/2020\/07\/naom_5662a30bb3c08.jpg?resize=350%2C200&ssl=1 1x, https:\/\/i0.wp.com\/correiodasemana.com\/site\/wp-content\/uploads\/2020\/07\/naom_5662a30bb3c08.jpg?resize=525%2C300&ssl=1 1.5x, https:\/\/i0.wp.com\/correiodasemana.com\/site\/wp-content\/uploads\/2020\/07\/naom_5662a30bb3c08.jpg?resize=700%2C400&ssl=1 2x, https:\/\/i0.wp.com\/correiodasemana.com\/site\/wp-content\/uploads\/2020\/07\/naom_5662a30bb3c08.jpg?resize=1050%2C600&ssl=1 3x"},"classes":[]},{"id":24420,"url":"https:\/\/correiodasemana.com\/site\/maranguape-registra-varios-tremores-de-terra-em-apenas-dois-dias\/","url_meta":{"origin":16979,"position":1},"title":"Maranguape registra v\u00e1rios tremores de terra em apenas dois dias","author":"","date":"Maio 3, 2023","format":false,"excerpt":"Maranguape, na Regi\u00e3o Metropolitana de Fortaleza (RMF), registrou outro tremor de terra na noite dessa ter\u00e7a-feira, 2. As informa\u00e7\u00f5es s\u00e3o do Laborat\u00f3rio Sismol\u00f3gico (LabSis) da Universidade Federal do Rio Grande do Norte (UFRN). \u00c9 o quarto sismo na cidade em menos de 48 horas. Os tr\u00eas primeiros epis\u00f3dios haviam acontecido\u2026","rel":"","context":"In &quot;Atualidade&quot;","block_context":{"text":"Atualidade","link":"https:\/\/correiodasemana.com\/site\/category\/atualidade\/"},"img":{"alt_text":"","src":"https:\/\/i0.wp.com\/correiodasemana.com\/site\/wp-content\/uploads\/2023\/05\/A58edfac0e3573.jpg?resize=350%2C200&ssl=1","width":350,"height":200,"srcset":"https:\/\/i0.wp.com\/correiodasemana.com\/site\/wp-content\/uploads\/2023\/05\/A58edfac0e3573.jpg?resize=350%2C200&ssl=1 1x, https:\/\/i0.wp.com\/correiodasemana.com\/site\/wp-content\/uploads\/2023\/05\/A58edfac0e3573.jpg?resize=525%2C300&ssl=1 1.5x, https:\/\/i0.wp.com\/correiodasemana.com\/site\/wp-content\/uploads\/2023\/05\/A58edfac0e3573.jpg?resize=700%2C400&ssl=1 2x"},"classes":[]},{"id":18318,"url":"https:\/\/correiodasemana.com\/site\/tremor-de-terra-e-maior-chuva-da-decada-no-estado-do-ceara-sao-registrados-em-tiangua\/","url_meta":{"origin":16979,"position":2},"title":"Tremor de terra e maior chuva da d\u00e9cada no estado do Cear\u00e1 s\u00e3o registrados em Tiangu\u00e1","author":"","date":"Dezembro 12, 2021","format":false,"excerpt":"Por Samuel Carvalho Reda\u00e7\u00e3o Correio da Semana Na noite da \u00falitma segunda-feira (6) foi registrado em Tiang\u00e1 a maior chuva da s\u00e9rie hist\u00f3rica do munic\u00edpio, de acordo com dados da Funda\u00e7\u00e3o Cearense de Meteorologia e Recursos H\u00eddricos (Funceme). Com 170 mil\u00edmetros, a chuva deste ano superou os 140 mil\u00edmetros ocorridos\u2026","rel":"","context":"In &quot;Atualidade&quot;","block_context":{"text":"Atualidade","link":"https:\/\/correiodasemana.com\/site\/category\/atualidade\/"},"img":{"alt_text":"","src":"https:\/\/i0.wp.com\/correiodasemana.com\/site\/wp-content\/uploads\/2021\/12\/Image-0-Artigo-1939717-1.jpg?resize=350%2C200&ssl=1","width":350,"height":200,"srcset":"https:\/\/i0.wp.com\/correiodasemana.com\/site\/wp-content\/uploads\/2021\/12\/Image-0-Artigo-1939717-1.jpg?resize=350%2C200&ssl=1 1x, https:\/\/i0.wp.com\/correiodasemana.com\/site\/wp-content\/uploads\/2021\/12\/Image-0-Artigo-1939717-1.jpg?resize=525%2C300&ssl=1 1.5x, https:\/\/i0.wp.com\/correiodasemana.com\/site\/wp-content\/uploads\/2021\/12\/Image-0-Artigo-1939717-1.jpg?resize=700%2C400&ssl=1 2x"},"classes":[]},{"id":18905,"url":"https:\/\/correiodasemana.com\/site\/em-tempo-120\/","url_meta":{"origin":16979,"position":3},"title":"Em Tempo","author":"","date":"Fevereiro 14, 2022","format":false,"excerpt":"Escola de Gastronomia Social A Escola de Gastronomia Social Ivens Dias Branco\u00a0oferece oito cursos gratuitos e on-line em fevereiro, com 320 vagas. Inscri\u00e7\u00f5es para o ciclo II acontecem nos dias 15 e 16 de fevereiro, por meio do site oficial do equipamento da Secretaria da Cultura do Cear\u00e1 (Secult). As\u2026","rel":"","context":"In &quot;Artigos&quot;","block_context":{"text":"Artigos","link":"https:\/\/correiodasemana.com\/site\/category\/artigos\/"},"img":{"alt_text":"","src":"https:\/\/i0.wp.com\/correiodasemana.com\/site\/wp-content\/uploads\/2022\/02\/1_caricaturista_mendez_07_02-18053230-300x168.jpg?resize=350%2C200&ssl=1","width":350,"height":200},"classes":[]},{"id":9545,"url":"https:\/\/correiodasemana.com\/site\/em-tempo-16\/","url_meta":{"origin":16979,"position":4},"title":"Em Tempo","author":"","date":"Outubro 22, 2019","format":false,"excerpt":"Pr\u00eamio Gandhi de Comunica\u00e7\u00e3o Ag\u00eancia da Boa Not\u00edcia reitera o seu compromisso com a dissemina\u00e7\u00e3o da Cultura de Paz e lan\u00e7a a 12\u00aa edi\u00e7\u00e3o do Pr\u00eamio Gandhi de Comunica\u00e7\u00e3o. Os trabalhos concorrentes devem abordar a tem\u00e1tica da cultura de paz, adequada a cada m\u00eddia. As inscri\u00e7\u00f5es seguem at\u00e9 o dia\u2026","rel":"","context":"In &quot;Artigos&quot;","block_context":{"text":"Artigos","link":"https:\/\/correiodasemana.com\/site\/category\/artigos\/"},"img":{"alt_text":"","src":"https:\/\/i0.wp.com\/correiodasemana.com\/site\/wp-content\/uploads\/2019\/10\/IVO-GOMES.jpg?resize=350%2C200&ssl=1","width":350,"height":200,"srcset":"https:\/\/i0.wp.com\/correiodasemana.com\/site\/wp-content\/uploads\/2019\/10\/IVO-GOMES.jpg?resize=350%2C200&ssl=1 1x, https:\/\/i0.wp.com\/correiodasemana.com\/site\/wp-content\/uploads\/2019\/10\/IVO-GOMES.jpg?resize=525%2C300&ssl=1 1.5x, https:\/\/i0.wp.com\/correiodasemana.com\/site\/wp-content\/uploads\/2019\/10\/IVO-GOMES.jpg?resize=700%2C400&ssl=1 2x"},"classes":[]},{"id":23457,"url":"https:\/\/correiodasemana.com\/site\/terremoto-causa-mais-de-mil-mortes-na-turquia-e-siria\/","url_meta":{"origin":16979,"position":5},"title":"Terremoto causa mais de 5 mil mortes na T\u00farquia e S\u00edria","author":"","date":"Fevereiro 6, 2023","format":false,"excerpt":"Um terremoto de magnitude 7,8 deixou mais de 5 mil pessoas mortas na Turquia e na S\u00edria, de acordo com balan\u00e7o inicial divulgado por autoridades locais. O tremor foi sentido na madrugada desta segunda (6) no hor\u00e1rio local, ainda noite de domingo (5) no Brasil. O epicentro foi registrado na\u2026","rel":"","context":"In &quot;Atualidade&quot;","block_context":{"text":"Atualidade","link":"https:\/\/correiodasemana.com\/site\/category\/atualidade\/"},"img":{"alt_text":"","src":"https:\/\/i0.wp.com\/correiodasemana.com\/site\/wp-content\/uploads\/2023\/02\/bbc-terremoto.webp?resize=350%2C200&ssl=1","width":350,"height":200,"srcset":"https:\/\/i0.wp.com\/correiodasemana.com\/site\/wp-content\/uploads\/2023\/02\/bbc-terremoto.webp?resize=350%2C200&ssl=1 1x, https:\/\/i0.wp.com\/correiodasemana.com\/site\/wp-content\/uploads\/2023\/02\/bbc-terremoto.webp?resize=525%2C300&ssl=1 1.5x, https:\/\/i0.wp.com\/correiodasemana.com\/site\/wp-content\/uploads\/2023\/02\/bbc-terremoto.webp?resize=700%2C400&ssl=1 2x"},"classes":[]}],"jetpack_sharing_enabled":true,"_links":{"self":[{"href":"https:\/\/correiodasemana.com\/site\/wp-json\/wp\/v2\/posts\/16979","targetHints":{"allow":["GET"]}}],"collection":[{"href":"https:\/\/correiodasemana.com\/site\/wp-json\/wp\/v2\/posts"}],"about":[{"href":"https:\/\/correiodasemana.com\/site\/wp-json\/wp\/v2\/types\/post"}],"author":[{"embeddable":true,"href":"https:\/\/correiodasemana.com\/site\/wp-json\/wp\/v2\/users\/1"}],"replies":[{"embeddable":true,"href":"https:\/\/correiodasemana.com\/site\/wp-json\/wp\/v2\/comments?post=16979"}],"version-history":[{"count":1,"href":"https:\/\/correiodasemana.com\/site\/wp-json\/wp\/v2\/posts\/16979\/revisions"}],"predecessor-version":[{"id":16980,"href":"https:\/\/correiodasemana.com\/site\/wp-json\/wp\/v2\/posts\/16979\/revisions\/16980"}],"wp:featuredmedia":[{"embeddable":true,"href":"https:\/\/correiodasemana.com\/site\/wp-json\/wp\/v2\/media\/13787"}],"wp:attachment":[{"href":"https:\/\/correiodasemana.com\/site\/wp-json\/wp\/v2\/media?parent=16979"}],"wp:term":[{"taxonomy":"category","embeddable":true,"href":"https:\/\/correiodasemana.com\/site\/wp-json\/wp\/v2\/categories?post=16979"},{"taxonomy":"post_tag","embeddable":true,"href":"https:\/\/correiodasemana.com\/site\/wp-json\/wp\/v2\/tags?post=16979"}],"curies":[{"name":"wp","href":"https:\/\/api.w.org\/{rel}","templated":true}]}}