{"id":16993,"date":"2021-07-19T00:10:17","date_gmt":"2021-07-19T03:10:17","guid":{"rendered":"https:\/\/correiodasemana.com\/site\/?p=16993"},"modified":"2021-07-19T00:10:17","modified_gmt":"2021-07-19T03:10:17","slug":"comissoes-da-cnbb-preparam-celebracao-do-dia-mundial-dos-avos-e-dos-idosos","status":"publish","type":"post","link":"https:\/\/correiodasemana.com\/site\/comissoes-da-cnbb-preparam-celebracao-do-dia-mundial-dos-avos-e-dos-idosos\/","title":{"rendered":"Comiss\u00f5es da CNBB preparam celebra\u00e7\u00e3o do Dia Mundial dos Av\u00f3s e dos Idosos"},"content":{"rendered":"<p>Fonte: CNBB<br \/>\nA Confer\u00eancia Nacional dos Bispos do Brasil (CNBB) vai promover uma semana de celebra\u00e7\u00f5es para marcar o\u00a01\u00ba Dia Mundial dos Av\u00f3s e dos Idosos.\u00a0Com eventos on-line, programa de r\u00e1dio e uma missa dedicada \u00e0s pessoas idosas, ser\u00e3o promovidos momentos para destacar a import\u00e2ncia e a valoriza\u00e7\u00e3o dos idosos na Igreja Cat\u00f3lica. O 1\u00ba Dia Mundial dos Av\u00f3s e dos Idosos foi convocado pelo Papa Francisco para o pr\u00f3ximo dia\u00a025 de julho.<br \/>\nA s\u00e9rie de eventos \u00e9 uma iniciativa conjunta das Comiss\u00f5es Episcopais para a Vida e a Fam\u00edlia e para a Juventude da CNBB e as Pastorais Familiar, Juvenil e da Pessoa Idosa.\u00a0As lives ser\u00e3o transmitidas, entre os dias 19 e 25 de julho pelos canais da CNBB, da Pastoral Familiar e da Pessoa Idosa no Youtube.<\/p>\n<p>Programa\u00e7\u00e3o<br \/>\nNo primeiro dia (19), \u00e0s 20h, a Pastoral Familiar vai abordar a sua pr\u00e1tica de cuidado e aten\u00e7\u00e3o em rela\u00e7\u00e3o aos idosos. O doutor em educa\u00e7\u00e3o e pesquisador sobre o tema do envelhecimento humano Eduardo Shmitz e o Dr. Jo\u00e3o Batista Filho, da Comiss\u00e3o de Bio\u00e9tica, far\u00e3o parte da discuss\u00e3o.<br \/>\nA Pastoral Juvenil, no dia 21 de julho, tamb\u00e9m \u00e0s 20h, vai apresentar entrevistas de jovens com pessoas idosas e av\u00f3s.<br \/>\nA terceira live, programada para o dia 23, ser\u00e1 conduzida pela Pastoral da Pessoa Idosa. A irm\u00e3 Terezinha Tortelli, coordenadora de rela\u00e7\u00f5es institucionais, vai comentar sobre a import\u00e2ncia da valoriza\u00e7\u00e3o e o respeito para com as pessoas idosas. Ela tamb\u00e9m vai apresentar a forma de trabalho que vem sendo executado em todo Brasil.<br \/>\nNo s\u00e1bado, dia 24, o tema ser\u00e1 pauta do programa de r\u00e1dio \u201cF\u00e9 em Debate\u201d, com o Pe. Reginaldo Manzotti, que vai trazer experi\u00eancias variadas relacionadas aos idosos, \u00e0s fam\u00edlias e aos jovens. Por fim, no domingo (25), Dia Mundial dos Av\u00f3s e dos Idosos, ser\u00e1 transmitida uma missa pela TV Evangelizar para todo o pa\u00eds. Ela ser\u00e1 presidida pelo arcebispo metropolitano de Curitiba (PR), dom Jos\u00e9 Ant\u00f4nio Peruzzo, referencial da Pastoral da Pessoa Idosa.<br \/>\nDia Mundial dos Av\u00f3s<br \/>\nEsta \u00e9 a primeira vez que a Igreja Cat\u00f3lica celebrar\u00e1 o Dia Mundial dos Av\u00f3s. O Papa Francisco institui a comemora\u00e7\u00e3o que deve ser celebrada a partir de agora, todos os anos, no \u00faltimo domingo de julho \u2013 pr\u00f3ximo ao dia de Sant\u2019Ana e S\u00e3o Joaquim, os av\u00f3s de Jesus. O tema escolhido para a ocasi\u00e3o \u201cEu estou contigo todos os dias\u201d (Mt 28,20) tem a finalidade de expressar a proximidade de Deus e da Igreja na vida de cada idoso, especialmente neste momento de pandemia.<br \/>\nPara a ocasi\u00e3o, o Dicast\u00e9rio para os Leigos, a Fam\u00edlia e a Vida disponibilizou uma s\u00e9rie de materiais para auxiliar nas atividades de celebra\u00e7\u00e3o: o texto da Mensagem do Papa, uma sugest\u00e3o de ora\u00e7\u00e3o e um livreto com indica\u00e7\u00f5es pastorais, como sugest\u00f5es para as homilias, mem\u00f3ria das pessoas idosas mortas em consequ\u00eancia da Covid-19 e dicas para realiza\u00e7\u00e3o de visitas aos idosos.<\/p>\n","protected":false},"excerpt":{"rendered":"<p>Fonte: CNBB A Confer\u00eancia Nacional dos Bispos do Brasil (CNBB) vai promover uma semana de&#8230;<\/p>\n","protected":false},"author":1,"featured_media":16994,"comment_status":"open","ping_status":"open","sticky":false,"template":"","format":"standard","meta":{"_jetpack_memberships_contains_paid_content":false,"footnotes":"","jetpack_publicize_message":"","jetpack_publicize_feature_enabled":true,"jetpack_social_post_already_shared":true,"jetpack_social_options":{"image_generator_settings":{"template":"highway","default_image_id":0,"font":"","enabled":false},"version":2}},"categories":[1],"tags":[],"class_list":["post-16993","post","type-post","status-publish","format-standard","has-post-thumbnail","hentry","category-atualidade"],"jetpack_publicize_connections":[],"jetpack_featured_media_url":"https:\/\/correiodasemana.com\/site\/wp-content\/uploads\/2021\/07\/Dia-Mundial-dos-Avos-e-dos-Idosos-portal-CNBB.jpg","jetpack-related-posts":[{"id":18626,"url":"https:\/\/correiodasemana.com\/site\/perspectivas-pastorais-2022-pastoral-da-pessoa-idosa-pretende-avancar-na-implementacao-do-sistema-de-informacao\/","url_meta":{"origin":16993,"position":0},"title":"PERSPECTIVAS PASTORAIS 2022: PASTORAL DA PESSOA IDOSA PRETENDE AVAN\u00c7AR NA IMPLEMENTA\u00c7\u00c3O DO SISTEMA DE INFORMA\u00c7\u00c3O","author":"","date":"Janeiro 24, 2022","format":false,"excerpt":"POR IMPRENSA CNBB Em 2022, a Pastoral da Pessoa Idosa (PPI) priorizar\u00e1 o resgate do acompanhamento \u00e0s pessoas idosas nas regi\u00f5es que diminu\u00edram drasticamente por conta da pandemia. Al\u00e9m disto, priorizar\u00e1 a continuidade nas oficinas de forma\u00e7\u00e3o em todas as macrorregi\u00f5es do Brasil, com o tema: \u201cPromovendo o Envelhecimento Ativo\u2026","rel":"","context":"In &quot;Atualidade&quot;","block_context":{"text":"Atualidade","link":"https:\/\/correiodasemana.com\/site\/category\/atualidade\/"},"img":{"alt_text":"","src":"https:\/\/i0.wp.com\/correiodasemana.com\/site\/wp-content\/uploads\/2022\/01\/20200730025516759838o.jpg?resize=350%2C200&ssl=1","width":350,"height":200,"srcset":"https:\/\/i0.wp.com\/correiodasemana.com\/site\/wp-content\/uploads\/2022\/01\/20200730025516759838o.jpg?resize=350%2C200&ssl=1 1x, https:\/\/i0.wp.com\/correiodasemana.com\/site\/wp-content\/uploads\/2022\/01\/20200730025516759838o.jpg?resize=525%2C300&ssl=1 1.5x, https:\/\/i0.wp.com\/correiodasemana.com\/site\/wp-content\/uploads\/2022\/01\/20200730025516759838o.jpg?resize=700%2C400&ssl=1 2x"},"classes":[]},{"id":20571,"url":"https:\/\/correiodasemana.com\/site\/dia-mundial-dos-idosos-2\/","url_meta":{"origin":16993,"position":1},"title":"Dia Mundial dos Idosos","author":"","date":"Julho 25, 2022","format":false,"excerpt":"Um dos elementos que tem marcado o pontificado do Papa Francisco \u00e9 a valoriza\u00e7\u00e3o dos idosos e a den\u00fancia de que muitas vezes eles s\u00e3o descartados do conv\u00edvio social e familiar. Nessa mesma linha, a Igreja celebrar\u00e1 o II Dia Mundial dos Av\u00f3s e dos Idosos, que ser\u00e1 comemorado a\u2026","rel":"","context":"In &quot;Artigos&quot;","block_context":{"text":"Artigos","link":"https:\/\/correiodasemana.com\/site\/category\/artigos\/"},"img":{"alt_text":"","src":"https:\/\/i0.wp.com\/correiodasemana.com\/site\/wp-content\/uploads\/2018\/02\/editorial-cs.jpg?resize=350%2C200&ssl=1","width":350,"height":200,"srcset":"https:\/\/i0.wp.com\/correiodasemana.com\/site\/wp-content\/uploads\/2018\/02\/editorial-cs.jpg?resize=350%2C200&ssl=1 1x, https:\/\/i0.wp.com\/correiodasemana.com\/site\/wp-content\/uploads\/2018\/02\/editorial-cs.jpg?resize=525%2C300&ssl=1 1.5x"},"classes":[]},{"id":17092,"url":"https:\/\/correiodasemana.com\/site\/dia-mundial-dos-idosos\/","url_meta":{"origin":16993,"position":2},"title":"DIA MUNDIAL DOS IDOSOS","author":"","date":"Julho 27, 2021","format":false,"excerpt":"Um dos elementos que tem marcado o pontificado do Papa Francisco \u00e9 a valoriza\u00e7\u00e3o dos idosos e a den\u00fancia de que muitas vezes eles s\u00e3o descartados do conv\u00edvio social e familiar. Nessa mesma linha, a Igreja celebrar\u00e1 o primeiro Dia Mundial dos Av\u00f3s e dos Idosos, que ser\u00e1 comemorado a\u2026","rel":"","context":"In &quot;Artigos&quot;","block_context":{"text":"Artigos","link":"https:\/\/correiodasemana.com\/site\/category\/artigos\/"},"img":{"alt_text":"","src":"https:\/\/i0.wp.com\/correiodasemana.com\/site\/wp-content\/uploads\/2019\/07\/editorial-cs.jpg?resize=350%2C200&ssl=1","width":350,"height":200,"srcset":"https:\/\/i0.wp.com\/correiodasemana.com\/site\/wp-content\/uploads\/2019\/07\/editorial-cs.jpg?resize=350%2C200&ssl=1 1x, https:\/\/i0.wp.com\/correiodasemana.com\/site\/wp-content\/uploads\/2019\/07\/editorial-cs.jpg?resize=525%2C300&ssl=1 1.5x"},"classes":[]},{"id":25771,"url":"https:\/\/correiodasemana.com\/site\/dia-mundial-dos-idosos-3\/","url_meta":{"origin":16993,"position":3},"title":"DIA MUNDIAL DOS IDOSOS","author":"adminredacao","date":"Julho 24, 2023","format":false,"excerpt":"Um dos elementos que tem marcado o pontificado do Papa Francisco \u00e9 a valoriza\u00e7\u00e3o dos idosos e a den\u00fancia de que muitas vezes eles s\u00e3o descartados do conv\u00edvio social e familiar. Nessa mesma linha, a Igreja celebrar\u00e1 o III Dia Mundial dos Av\u00f3s e dos Idosos, que ser\u00e1 comemorado a\u2026","rel":"","context":"In &quot;Atualidade&quot;","block_context":{"text":"Atualidade","link":"https:\/\/correiodasemana.com\/site\/category\/atualidade\/"},"img":{"alt_text":"","src":"https:\/\/i0.wp.com\/correiodasemana.com\/site\/wp-content\/uploads\/2019\/07\/editorial-cs.jpg?resize=350%2C200&ssl=1","width":350,"height":200,"srcset":"https:\/\/i0.wp.com\/correiodasemana.com\/site\/wp-content\/uploads\/2019\/07\/editorial-cs.jpg?resize=350%2C200&ssl=1 1x, https:\/\/i0.wp.com\/correiodasemana.com\/site\/wp-content\/uploads\/2019\/07\/editorial-cs.jpg?resize=525%2C300&ssl=1 1.5x"},"classes":[]},{"id":19671,"url":"https:\/\/correiodasemana.com\/site\/a-familia-deve-ser-uma-prioridade-no-mundo-inteiro-disse-dom-ricardo-hoepers-sobre-o-10o-encontro-mundial-das-familias\/","url_meta":{"origin":16993,"position":4},"title":"\u201cA fam\u00edlia deve ser uma prioridade no mundo inteiro\u201d, disse Dom Ricardo Hoepers sobre o 10\u00ba Encontro Mundial das Fam\u00edlias","author":"","date":"Maio 1, 2022","format":false,"excerpt":"Fonte: CNBB Com o cora\u00e7\u00e3o e o olhar voltados para a fam\u00edlia, que \u00e9 a base da sociedade e de todo ser humano, de 22 a 26 de junho deste ano acontecer\u00e1 o 10\u00ba Encontro Mundial das Fam\u00edlias, em Roma, com a presen\u00e7a de\u00a0representantes das confer\u00eancias episcopais e dos principais\u2026","rel":"","context":"In &quot;Atualidade&quot;","block_context":{"text":"Atualidade","link":"https:\/\/correiodasemana.com\/site\/category\/atualidade\/"},"img":{"alt_text":"","src":"https:\/\/i0.wp.com\/correiodasemana.com\/site\/wp-content\/uploads\/2022\/05\/Dom-Ricardo-Hoepers-4.jpeg?resize=350%2C200&ssl=1","width":350,"height":200,"srcset":"https:\/\/i0.wp.com\/correiodasemana.com\/site\/wp-content\/uploads\/2022\/05\/Dom-Ricardo-Hoepers-4.jpeg?resize=350%2C200&ssl=1 1x, https:\/\/i0.wp.com\/correiodasemana.com\/site\/wp-content\/uploads\/2022\/05\/Dom-Ricardo-Hoepers-4.jpeg?resize=525%2C300&ssl=1 1.5x, https:\/\/i0.wp.com\/correiodasemana.com\/site\/wp-content\/uploads\/2022\/05\/Dom-Ricardo-Hoepers-4.jpeg?resize=700%2C400&ssl=1 2x, https:\/\/i0.wp.com\/correiodasemana.com\/site\/wp-content\/uploads\/2022\/05\/Dom-Ricardo-Hoepers-4.jpeg?resize=1050%2C600&ssl=1 3x"},"classes":[]},{"id":18580,"url":"https:\/\/correiodasemana.com\/site\/prefeitura-de-sobral-inaugura-o-primeiro-centro-do-idoso-no-bairro-do-sumare\/","url_meta":{"origin":16993,"position":5},"title":"Prefeitura de Sobral inaugura o primeiro Centro do Idoso no bairro do Sumar\u00e9","author":"","date":"Janeiro 16, 2022","format":false,"excerpt":"Por Thais Helena (Reda\u00e7\u00e3o Jornal Correio da Semana) Foi inaugurado nesta quarta-feira (12\/01), o Centro do Idoso Rosa Maria Rodrigues. A unidade ser\u00e1 a primeira do munic\u00edpio e atender\u00e1 cerca de 50 idosos. Durante a inaugura\u00e7\u00e3o, o prefeito Ivo Gomes fez um apelo para que os presentes completem o ciclo\u2026","rel":"","context":"In &quot;Atualidade&quot;","block_context":{"text":"Atualidade","link":"https:\/\/correiodasemana.com\/site\/category\/atualidade\/"},"img":{"alt_text":"","src":"https:\/\/i0.wp.com\/correiodasemana.com\/site\/wp-content\/uploads\/2022\/01\/271583990_236501998666096_1626795168667617656_n.jpg?resize=350%2C200&ssl=1","width":350,"height":200,"srcset":"https:\/\/i0.wp.com\/correiodasemana.com\/site\/wp-content\/uploads\/2022\/01\/271583990_236501998666096_1626795168667617656_n.jpg?resize=350%2C200&ssl=1 1x, https:\/\/i0.wp.com\/correiodasemana.com\/site\/wp-content\/uploads\/2022\/01\/271583990_236501998666096_1626795168667617656_n.jpg?resize=525%2C300&ssl=1 1.5x, https:\/\/i0.wp.com\/correiodasemana.com\/site\/wp-content\/uploads\/2022\/01\/271583990_236501998666096_1626795168667617656_n.jpg?resize=700%2C400&ssl=1 2x"},"classes":[]}],"jetpack_sharing_enabled":true,"_links":{"self":[{"href":"https:\/\/correiodasemana.com\/site\/wp-json\/wp\/v2\/posts\/16993","targetHints":{"allow":["GET"]}}],"collection":[{"href":"https:\/\/correiodasemana.com\/site\/wp-json\/wp\/v2\/posts"}],"about":[{"href":"https:\/\/correiodasemana.com\/site\/wp-json\/wp\/v2\/types\/post"}],"author":[{"embeddable":true,"href":"https:\/\/correiodasemana.com\/site\/wp-json\/wp\/v2\/users\/1"}],"replies":[{"embeddable":true,"href":"https:\/\/correiodasemana.com\/site\/wp-json\/wp\/v2\/comments?post=16993"}],"version-history":[{"count":1,"href":"https:\/\/correiodasemana.com\/site\/wp-json\/wp\/v2\/posts\/16993\/revisions"}],"predecessor-version":[{"id":16995,"href":"https:\/\/correiodasemana.com\/site\/wp-json\/wp\/v2\/posts\/16993\/revisions\/16995"}],"wp:featuredmedia":[{"embeddable":true,"href":"https:\/\/correiodasemana.com\/site\/wp-json\/wp\/v2\/media\/16994"}],"wp:attachment":[{"href":"https:\/\/correiodasemana.com\/site\/wp-json\/wp\/v2\/media?parent=16993"}],"wp:term":[{"taxonomy":"category","embeddable":true,"href":"https:\/\/correiodasemana.com\/site\/wp-json\/wp\/v2\/categories?post=16993"},{"taxonomy":"post_tag","embeddable":true,"href":"https:\/\/correiodasemana.com\/site\/wp-json\/wp\/v2\/tags?post=16993"}],"curies":[{"name":"wp","href":"https:\/\/api.w.org\/{rel}","templated":true}]}}