{"id":16996,"date":"2021-07-19T00:17:16","date_gmt":"2021-07-19T03:17:16","guid":{"rendered":"https:\/\/correiodasemana.com\/site\/?p=16996"},"modified":"2021-07-19T00:18:56","modified_gmt":"2021-07-19T03:18:56","slug":"capela-da-fazenda-da-esperanca-e-elevada-a-santuario-diocesano-de-sao-bento","status":"publish","type":"post","link":"https:\/\/correiodasemana.com\/site\/capela-da-fazenda-da-esperanca-e-elevada-a-santuario-diocesano-de-sao-bento\/","title":{"rendered":"Capela da Fazenda da Esperan\u00e7a \u00e9 elevada a Santu\u00e1rio Diocesano de S\u00e3o Bento"},"content":{"rendered":"<p><em>Eleva\u00e7\u00e3o aconteceu durante a Festa de S\u00e3o Bento, 11 de julho, data que marca os 6 anos de inaugura\u00e7\u00e3o da Capela<\/em><\/p>\n<p>Seis anos ap\u00f3s a sua inaugura\u00e7\u00e3o, a Capela localizada na Fazenda da Esperan\u00e7a S\u00e3o Bento, no Patriarca, foi elevada \u00e0 categoria de Santu\u00e1rio Diocesano de S\u00e3o Bento pelo bispo da Diocese de Sobral, Dom Jos\u00e9 Luiz Gomes Vasconcelos, durante a tradicional Festa de S\u00e3o Bento, realizada no dia 11 de julho. Com o Decreto, foi nomeado reitor do Santu\u00e1rio o padre da Fazenda da Esperan\u00e7a, Jos\u00e9 Chitumba.<br \/>\n\u201cA Igreja de S\u00e3o Bento, situada nesta nossa Diocese de Sobral, na Fazenda da Esperan\u00e7a S\u00e3o Bento, tornou-se, no decorrer dos anos, um ponto de refer\u00eancia espiritual para todo o territ\u00f3rio Diocesano, tendo em vista ser o local onde est\u00e1 a Fazenda da Esperan\u00e7a S\u00e3o Bento, que tem como miss\u00e3o colaborar com a recupera\u00e7\u00e3o dos que sofrem com a depend\u00eancia qu\u00edmica\u201d, diz trecho do Decreto lido pelo Vig\u00e1rio Paroquial da Catedral de Sobral, Pe Ulrich Endres.<br \/>\nConforme o Decreto, o Santu\u00e1rio da Fazenda \u201capresenta importantes sinais da devo\u00e7\u00e3o a S\u00e3o Bento e adquiriu nestes anos um not\u00e1vel significado para os fi\u00e9is (que, com sua generosidade, contribu\u00edram para a sua constru\u00e7\u00e3o), para a Diocese de Sobral e para todos aqueles que cultivam e vivenciam a esta t\u00e3o salutar devo\u00e7\u00e3o a S\u00e3o Bento\u201d.<br \/>\nNa oportunidade, o novo reitor do Santu\u00e1rio, Pe. Jos\u00e9 Chitumba, proferiu juramento de fidelidade na miss\u00e3o de zelar pela forma\u00e7\u00e3o dos fi\u00e9is de todas as idades, na administra\u00e7\u00e3o dos Sacramentos e no exerc\u00edcio da paternidade espiritual.<br \/>\nEm clima de grande j\u00fabilo, durante a Santa Missa quinze acolhidos, entre eles uma mission\u00e1ria da Fazenda Santa Clara, receberam o sacramento do Crisma. Outro acolhido foi batizado e tr\u00eas acolhidos que conclu\u00edram sua recupera\u00e7\u00e3o foram enviados em miss\u00e3o para outras unidades da Fazenda da Esperan\u00e7a, em Condado e Garanhuns, no Pernambuco, e tamb\u00e9m para as Filipinas.<\/p>\n<p><strong>Frutos<\/strong><br \/>\nMesmo em meio aos desafios da pandemia do novo coronav\u00edrus, a Fazenda da Esperan\u00e7a continuou sua miss\u00e3o de resgatar vidas das drogas. A Fazenda S\u00e3o Bento, em funcionamento na cidade de Sobral desde 2008, realizou no \u00faltimo ano 200 acolhimentos, dentre os quais dezenas de moradores de rua.<br \/>\nComo fruto de sua recupera\u00e7\u00e3o na comunidade terap\u00eautica, que tem como trip\u00e9 a Espiritualidade, o Trabalho e a Conviv\u00eancia, 15 ex-recuperandos, os chamados ES (em men\u00e7\u00e3o \u00e0 palavra Esperan\u00e7a) foram enviados em miss\u00e3o para colaborar com o trabalho de outras unidades da Fazenda da Esperan\u00e7a.<\/p>\n<p><img fetchpriority=\"high\" decoding=\"async\" class=\"alignleft size-medium wp-image-16997\" src=\"https:\/\/correiodasemana.com\/site\/wp-content\/uploads\/2021\/07\/capela-fazenda-da-esperanca-1-300x201.jpg\" alt=\"\" width=\"300\" height=\"201\" srcset=\"https:\/\/correiodasemana.com\/site\/wp-content\/uploads\/2021\/07\/capela-fazenda-da-esperanca-1-300x201.jpg 300w, https:\/\/correiodasemana.com\/site\/wp-content\/uploads\/2021\/07\/capela-fazenda-da-esperanca-1-768x514.jpg 768w, https:\/\/correiodasemana.com\/site\/wp-content\/uploads\/2021\/07\/capela-fazenda-da-esperanca-1.jpg 968w\" sizes=\"(max-width: 300px) 100vw, 300px\" \/> <img decoding=\"async\" class=\"alignleft size-medium wp-image-16998\" src=\"https:\/\/correiodasemana.com\/site\/wp-content\/uploads\/2021\/07\/capela-fazenda-da-esperanca-2-300x201.jpg\" alt=\"\" width=\"300\" height=\"201\" srcset=\"https:\/\/correiodasemana.com\/site\/wp-content\/uploads\/2021\/07\/capela-fazenda-da-esperanca-2-300x201.jpg 300w, https:\/\/correiodasemana.com\/site\/wp-content\/uploads\/2021\/07\/capela-fazenda-da-esperanca-2-768x514.jpg 768w, https:\/\/correiodasemana.com\/site\/wp-content\/uploads\/2021\/07\/capela-fazenda-da-esperanca-2.jpg 968w\" sizes=\"(max-width: 300px) 100vw, 300px\" \/> <img decoding=\"async\" class=\"alignleft size-medium wp-image-16999\" src=\"https:\/\/correiodasemana.com\/site\/wp-content\/uploads\/2021\/07\/capela-fazenda-da-esperanca-3-300x201.jpg\" alt=\"\" width=\"300\" height=\"201\" srcset=\"https:\/\/correiodasemana.com\/site\/wp-content\/uploads\/2021\/07\/capela-fazenda-da-esperanca-3-300x201.jpg 300w, https:\/\/correiodasemana.com\/site\/wp-content\/uploads\/2021\/07\/capela-fazenda-da-esperanca-3-768x514.jpg 768w, https:\/\/correiodasemana.com\/site\/wp-content\/uploads\/2021\/07\/capela-fazenda-da-esperanca-3.jpg 968w\" sizes=\"(max-width: 300px) 100vw, 300px\" \/> <img loading=\"lazy\" decoding=\"async\" class=\"alignleft size-medium wp-image-17000\" src=\"https:\/\/correiodasemana.com\/site\/wp-content\/uploads\/2021\/07\/capela-fazenda-da-esperanca-4-300x201.jpg\" alt=\"\" width=\"300\" height=\"201\" srcset=\"https:\/\/correiodasemana.com\/site\/wp-content\/uploads\/2021\/07\/capela-fazenda-da-esperanca-4-300x201.jpg 300w, https:\/\/correiodasemana.com\/site\/wp-content\/uploads\/2021\/07\/capela-fazenda-da-esperanca-4-768x514.jpg 768w, https:\/\/correiodasemana.com\/site\/wp-content\/uploads\/2021\/07\/capela-fazenda-da-esperanca-4.jpg 968w\" sizes=\"(max-width: 300px) 100vw, 300px\" \/> <img loading=\"lazy\" decoding=\"async\" class=\"alignleft size-medium wp-image-17001\" src=\"https:\/\/correiodasemana.com\/site\/wp-content\/uploads\/2021\/07\/capela-fazenda-da-esperanca-5-300x201.jpg\" alt=\"\" width=\"300\" height=\"201\" srcset=\"https:\/\/correiodasemana.com\/site\/wp-content\/uploads\/2021\/07\/capela-fazenda-da-esperanca-5-300x201.jpg 300w, https:\/\/correiodasemana.com\/site\/wp-content\/uploads\/2021\/07\/capela-fazenda-da-esperanca-5-768x514.jpg 768w, https:\/\/correiodasemana.com\/site\/wp-content\/uploads\/2021\/07\/capela-fazenda-da-esperanca-5.jpg 968w\" sizes=\"(max-width: 300px) 100vw, 300px\" \/> <img loading=\"lazy\" decoding=\"async\" class=\"alignleft size-medium wp-image-17002\" src=\"https:\/\/correiodasemana.com\/site\/wp-content\/uploads\/2021\/07\/capela-fazenda-da-esperanca-6-300x201.jpg\" alt=\"\" width=\"300\" height=\"201\" srcset=\"https:\/\/correiodasemana.com\/site\/wp-content\/uploads\/2021\/07\/capela-fazenda-da-esperanca-6-300x201.jpg 300w, https:\/\/correiodasemana.com\/site\/wp-content\/uploads\/2021\/07\/capela-fazenda-da-esperanca-6-768x514.jpg 768w, https:\/\/correiodasemana.com\/site\/wp-content\/uploads\/2021\/07\/capela-fazenda-da-esperanca-6.jpg 968w\" sizes=\"(max-width: 300px) 100vw, 300px\" \/><\/p>\n<p>&nbsp;<\/p>\n","protected":false},"excerpt":{"rendered":"<p>Eleva\u00e7\u00e3o aconteceu durante a Festa de S\u00e3o Bento, 11 de julho, data que marca os&#8230;<\/p>\n","protected":false},"author":1,"featured_media":17002,"comment_status":"open","ping_status":"open","sticky":false,"template":"","format":"standard","meta":{"_jetpack_memberships_contains_paid_content":false,"footnotes":"","jetpack_publicize_message":"","jetpack_publicize_feature_enabled":true,"jetpack_social_post_already_shared":true,"jetpack_social_options":{"image_generator_settings":{"template":"highway","default_image_id":0,"font":"","enabled":false},"version":2}},"categories":[1],"tags":[],"class_list":["post-16996","post","type-post","status-publish","format-standard","has-post-thumbnail","hentry","category-atualidade"],"jetpack_publicize_connections":[],"jetpack_featured_media_url":"https:\/\/correiodasemana.com\/site\/wp-content\/uploads\/2021\/07\/capela-fazenda-da-esperanca-6.jpg","jetpack-related-posts":[{"id":18370,"url":"https:\/\/correiodasemana.com\/site\/fazenda-da-esperanca-sao-bento-celebra-13-anos-na-diocese-de-sobral\/","url_meta":{"origin":16996,"position":0},"title":"Fazenda da Esperan\u00e7a S\u00e3o Bento celebra 13 anos na Diocese de Sobral","author":"","date":"Dezembro 20, 2021","format":false,"excerpt":"No \u00faltimo dia 14 de dezembro, a Fazenda da Esperan\u00e7a S\u00e3o Bento, celebrou seus 13 anos de funda\u00e7\u00e3o na Diocese de Sobral. A celebra\u00e7\u00e3o contou com a presen\u00e7a do Bispo Diocesano Dom Jos\u00e9 Lu\u00eds Gomes de Vasconcelos presidindo e Pe. Jos\u00e9 Chitumba concelebrando. Na ocasi\u00e3o da festa, tamb\u00e9m foi ministrado\u2026","rel":"","context":"In &quot;Atualidade&quot;","block_context":{"text":"Atualidade","link":"https:\/\/correiodasemana.com\/site\/category\/atualidade\/"},"img":{"alt_text":"","src":"https:\/\/i0.wp.com\/correiodasemana.com\/site\/wp-content\/uploads\/2021\/12\/Crismandos-Fazenda-scaled.jpg?resize=350%2C200&ssl=1","width":350,"height":200,"srcset":"https:\/\/i0.wp.com\/correiodasemana.com\/site\/wp-content\/uploads\/2021\/12\/Crismandos-Fazenda-scaled.jpg?resize=350%2C200&ssl=1 1x, https:\/\/i0.wp.com\/correiodasemana.com\/site\/wp-content\/uploads\/2021\/12\/Crismandos-Fazenda-scaled.jpg?resize=525%2C300&ssl=1 1.5x, https:\/\/i0.wp.com\/correiodasemana.com\/site\/wp-content\/uploads\/2021\/12\/Crismandos-Fazenda-scaled.jpg?resize=700%2C400&ssl=1 2x, https:\/\/i0.wp.com\/correiodasemana.com\/site\/wp-content\/uploads\/2021\/12\/Crismandos-Fazenda-scaled.jpg?resize=1050%2C600&ssl=1 3x, https:\/\/i0.wp.com\/correiodasemana.com\/site\/wp-content\/uploads\/2021\/12\/Crismandos-Fazenda-scaled.jpg?resize=1400%2C800&ssl=1 4x"},"classes":[]},{"id":11957,"url":"https:\/\/correiodasemana.com\/site\/dom-vasconcelos-celebra-missa-em-honra-a-sao-bento-na-fazenda-da-esperanca\/","url_meta":{"origin":16996,"position":1},"title":"Dom Vasconcelos celebra missa em honra a S\u00e3o Bento na Fazenda da Esperan\u00e7a","author":"","date":"Julho 19, 2020","format":false,"excerpt":"Celebra\u00e7\u00e3o eucar\u00edstica tamb\u00e9m marcou o anivers\u00e1rio de cinco anos de inaugura\u00e7\u00e3o do Santu\u00e1rio da Esperan\u00e7a O bispo da Diocese de Sobral, Dom Vasconcelos, esteve na Fazenda da Esperan\u00e7a S\u00e3o Bento no \u00faltimo dia 11 de julho, ocasi\u00e3o em que celebrou a missa em honra a S\u00e3o Bento, santo padroeiro da\u2026","rel":"","context":"In &quot;Atualidade&quot;","block_context":{"text":"Atualidade","link":"https:\/\/correiodasemana.com\/site\/category\/atualidade\/"},"img":{"alt_text":"","src":"https:\/\/i0.wp.com\/correiodasemana.com\/site\/wp-content\/uploads\/2020\/07\/dom-11-07-2020-5.jpg?resize=350%2C200&ssl=1","width":350,"height":200,"srcset":"https:\/\/i0.wp.com\/correiodasemana.com\/site\/wp-content\/uploads\/2020\/07\/dom-11-07-2020-5.jpg?resize=350%2C200&ssl=1 1x, https:\/\/i0.wp.com\/correiodasemana.com\/site\/wp-content\/uploads\/2020\/07\/dom-11-07-2020-5.jpg?resize=525%2C300&ssl=1 1.5x, https:\/\/i0.wp.com\/correiodasemana.com\/site\/wp-content\/uploads\/2020\/07\/dom-11-07-2020-5.jpg?resize=700%2C400&ssl=1 2x"},"classes":[]},{"id":29984,"url":"https:\/\/correiodasemana.com\/site\/dom-vasconcelos-celebra-missa-de-crisma-dos-acolhidos-da-fazenda-da-esperanca-sao-bento\/","url_meta":{"origin":16996,"position":2},"title":"Dom Vasconcelos celebra missa de Crisma dos acolhidos da Fazenda da Esperan\u00e7a S\u00e3o Bento","author":"adminredacao","date":"Julho 16, 2024","format":false,"excerpt":"S\u00e3o Bento \u00e9 considerado \u201co pai dos monges\u201d, fundador da Ordem dos Beneditinos, ao qual \u00e9 atribu\u00edda a organiza\u00e7\u00e3o das atividades da vida mon\u00e1stica, vivia no convento, longe do conv\u00edvio social por convic\u00e7\u00e3o religiosa. S\u00e3o Bento tem um legado muito grande com a intimidade da Palavra de Deus. Ele realmente\u2026","rel":"","context":"In &quot;Atualidade&quot;","block_context":{"text":"Atualidade","link":"https:\/\/correiodasemana.com\/site\/category\/atualidade\/"},"img":{"alt_text":"","src":"https:\/\/i0.wp.com\/correiodasemana.com\/site\/wp-content\/uploads\/2024\/07\/WhatsApp-Image-2024-07-13-at-09.36.01-3.jpeg?resize=350%2C200&ssl=1","width":350,"height":200,"srcset":"https:\/\/i0.wp.com\/correiodasemana.com\/site\/wp-content\/uploads\/2024\/07\/WhatsApp-Image-2024-07-13-at-09.36.01-3.jpeg?resize=350%2C200&ssl=1 1x, https:\/\/i0.wp.com\/correiodasemana.com\/site\/wp-content\/uploads\/2024\/07\/WhatsApp-Image-2024-07-13-at-09.36.01-3.jpeg?resize=525%2C300&ssl=1 1.5x, https:\/\/i0.wp.com\/correiodasemana.com\/site\/wp-content\/uploads\/2024\/07\/WhatsApp-Image-2024-07-13-at-09.36.01-3.jpeg?resize=700%2C400&ssl=1 2x, https:\/\/i0.wp.com\/correiodasemana.com\/site\/wp-content\/uploads\/2024\/07\/WhatsApp-Image-2024-07-13-at-09.36.01-3.jpeg?resize=1050%2C600&ssl=1 3x"},"classes":[]},{"id":31922,"url":"https:\/\/correiodasemana.com\/site\/fazenda-da-esperanca-sao-bento-celebra-16-anos-com-triduo-e-reforca-o-compromisso-com-o-amor-ao-proximo\/","url_meta":{"origin":16996,"position":3},"title":"Fazenda da Esperan\u00e7a S\u00e3o Bento celebra 16 anos com Tr\u00edduo e refor\u00e7a o compromisso com o amor ao pr\u00f3ximo","author":"adminredacao","date":"Dezembro 24, 2024","format":false,"excerpt":"A Fazenda da Esperan\u00e7a S\u00e3o Bento, situada na comunidade de Lagoa Queimada, a um pouco mais de 20km de dist\u00e2ncia de Sobral, realizou de 13 a 15 de dezembro o Tr\u00edduo em comemora\u00e7\u00e3o aos 16 anos de cria\u00e7\u00e3o da obra social, com o tema: \u201cPeregrinos da Esperan\u00e7a\u201d e o lema:\u2026","rel":"","context":"In &quot;Atualidade&quot;","block_context":{"text":"Atualidade","link":"https:\/\/correiodasemana.com\/site\/category\/atualidade\/"},"img":{"alt_text":"","src":"https:\/\/i0.wp.com\/correiodasemana.com\/site\/wp-content\/uploads\/2024\/12\/fazenda-da-esperanca-6.jpg?resize=350%2C200&ssl=1","width":350,"height":200,"srcset":"https:\/\/i0.wp.com\/correiodasemana.com\/site\/wp-content\/uploads\/2024\/12\/fazenda-da-esperanca-6.jpg?resize=350%2C200&ssl=1 1x, https:\/\/i0.wp.com\/correiodasemana.com\/site\/wp-content\/uploads\/2024\/12\/fazenda-da-esperanca-6.jpg?resize=525%2C300&ssl=1 1.5x, https:\/\/i0.wp.com\/correiodasemana.com\/site\/wp-content\/uploads\/2024\/12\/fazenda-da-esperanca-6.jpg?resize=700%2C400&ssl=1 2x, https:\/\/i0.wp.com\/correiodasemana.com\/site\/wp-content\/uploads\/2024\/12\/fazenda-da-esperanca-6.jpg?resize=1050%2C600&ssl=1 3x, https:\/\/i0.wp.com\/correiodasemana.com\/site\/wp-content\/uploads\/2024\/12\/fazenda-da-esperanca-6.jpg?resize=1400%2C800&ssl=1 4x"},"classes":[]},{"id":31504,"url":"https:\/\/correiodasemana.com\/site\/fazenda-da-esperanca-sobral-ha-20-anos-recuperando-jovens\/","url_meta":{"origin":16996,"position":4},"title":"Fazenda da Esperan\u00e7a, Sobral: H\u00e1 20 anos recuperando jovens","author":"adminredacao","date":"Novembro 18, 2024","format":false,"excerpt":"S\u00e3o Bento \u00e9 considerado \u201co pai dos monges\u201d, fundador da Ordem dos Beneditinos, ao qual \u00e9 atribu\u00edda a organiza\u00e7\u00e3o das atividades da vida mon\u00e1stica, vivia no convento, longe do conv\u00edvio social por convic\u00e7\u00e3o religiosa. S\u00e3o Bento tem um legado muito grande com a intimidade da Palavra de Deus. Ele realmente\u2026","rel":"","context":"In &quot;Atualidade&quot;","block_context":{"text":"Atualidade","link":"https:\/\/correiodasemana.com\/site\/category\/atualidade\/"},"img":{"alt_text":"","src":"https:\/\/i0.wp.com\/correiodasemana.com\/site\/wp-content\/uploads\/2024\/11\/Sao-Bento-vida-de-oracao-e-meditacao.jpg?resize=350%2C200&ssl=1","width":350,"height":200,"srcset":"https:\/\/i0.wp.com\/correiodasemana.com\/site\/wp-content\/uploads\/2024\/11\/Sao-Bento-vida-de-oracao-e-meditacao.jpg?resize=350%2C200&ssl=1 1x, https:\/\/i0.wp.com\/correiodasemana.com\/site\/wp-content\/uploads\/2024\/11\/Sao-Bento-vida-de-oracao-e-meditacao.jpg?resize=525%2C300&ssl=1 1.5x, https:\/\/i0.wp.com\/correiodasemana.com\/site\/wp-content\/uploads\/2024\/11\/Sao-Bento-vida-de-oracao-e-meditacao.jpg?resize=700%2C400&ssl=1 2x, https:\/\/i0.wp.com\/correiodasemana.com\/site\/wp-content\/uploads\/2024\/11\/Sao-Bento-vida-de-oracao-e-meditacao.jpg?resize=1050%2C600&ssl=1 3x, https:\/\/i0.wp.com\/correiodasemana.com\/site\/wp-content\/uploads\/2024\/11\/Sao-Bento-vida-de-oracao-e-meditacao.jpg?resize=1400%2C800&ssl=1 4x"},"classes":[]},{"id":16847,"url":"https:\/\/correiodasemana.com\/site\/inaugurada-unidade-feminina-da-fazenda-da-esperanca-na-meruoca\/","url_meta":{"origin":16996,"position":5},"title":"Inaugurada unidade feminina da Fazenda da Esperan\u00e7a na Meruoca","author":"","date":"Junho 27, 2021","format":false,"excerpt":"Fazenda Santa Clara \u00e9 a segunda unidade de acolhimento para mulheres do Estado A Fazenda da Esperan\u00e7a \u00e9 uma comunidade terap\u00eautica que atua desde 1983 no processo de recupera\u00e7\u00e3o de pessoas que buscam a liberta\u00e7\u00e3o de seus v\u00edcios, principalmente do \u00e1lcool e da droga. No Brasil s\u00e3o mais de 105\u2026","rel":"","context":"In &quot;Atualidade&quot;","block_context":{"text":"Atualidade","link":"https:\/\/correiodasemana.com\/site\/category\/atualidade\/"},"img":{"alt_text":"","src":"https:\/\/i0.wp.com\/correiodasemana.com\/site\/wp-content\/uploads\/2021\/06\/fazenda-da-esperanca-santa-clara-5.jpg?resize=350%2C200&ssl=1","width":350,"height":200,"srcset":"https:\/\/i0.wp.com\/correiodasemana.com\/site\/wp-content\/uploads\/2021\/06\/fazenda-da-esperanca-santa-clara-5.jpg?resize=350%2C200&ssl=1 1x, https:\/\/i0.wp.com\/correiodasemana.com\/site\/wp-content\/uploads\/2021\/06\/fazenda-da-esperanca-santa-clara-5.jpg?resize=525%2C300&ssl=1 1.5x, https:\/\/i0.wp.com\/correiodasemana.com\/site\/wp-content\/uploads\/2021\/06\/fazenda-da-esperanca-santa-clara-5.jpg?resize=700%2C400&ssl=1 2x"},"classes":[]}],"jetpack_sharing_enabled":true,"_links":{"self":[{"href":"https:\/\/correiodasemana.com\/site\/wp-json\/wp\/v2\/posts\/16996","targetHints":{"allow":["GET"]}}],"collection":[{"href":"https:\/\/correiodasemana.com\/site\/wp-json\/wp\/v2\/posts"}],"about":[{"href":"https:\/\/correiodasemana.com\/site\/wp-json\/wp\/v2\/types\/post"}],"author":[{"embeddable":true,"href":"https:\/\/correiodasemana.com\/site\/wp-json\/wp\/v2\/users\/1"}],"replies":[{"embeddable":true,"href":"https:\/\/correiodasemana.com\/site\/wp-json\/wp\/v2\/comments?post=16996"}],"version-history":[{"count":1,"href":"https:\/\/correiodasemana.com\/site\/wp-json\/wp\/v2\/posts\/16996\/revisions"}],"predecessor-version":[{"id":17003,"href":"https:\/\/correiodasemana.com\/site\/wp-json\/wp\/v2\/posts\/16996\/revisions\/17003"}],"wp:featuredmedia":[{"embeddable":true,"href":"https:\/\/correiodasemana.com\/site\/wp-json\/wp\/v2\/media\/17002"}],"wp:attachment":[{"href":"https:\/\/correiodasemana.com\/site\/wp-json\/wp\/v2\/media?parent=16996"}],"wp:term":[{"taxonomy":"category","embeddable":true,"href":"https:\/\/correiodasemana.com\/site\/wp-json\/wp\/v2\/categories?post=16996"},{"taxonomy":"post_tag","embeddable":true,"href":"https:\/\/correiodasemana.com\/site\/wp-json\/wp\/v2\/tags?post=16996"}],"curies":[{"name":"wp","href":"https:\/\/api.w.org\/{rel}","templated":true}]}}