{"id":17008,"date":"2021-07-19T00:24:21","date_gmt":"2021-07-19T03:24:21","guid":{"rendered":"https:\/\/correiodasemana.com\/site\/?p=17008"},"modified":"2021-07-19T00:24:21","modified_gmt":"2021-07-19T03:24:21","slug":"uva-e-ufc-assinam-termo-de-cooperacao-nas-areas-de-ensino-pesquisa-e-extensao","status":"publish","type":"post","link":"https:\/\/correiodasemana.com\/site\/uva-e-ufc-assinam-termo-de-cooperacao-nas-areas-de-ensino-pesquisa-e-extensao\/","title":{"rendered":"UVA e UFC assinam Termo de Coopera\u00e7\u00e3o nas \u00e1reas de Ensino, Pesquisa e Extens\u00e3o"},"content":{"rendered":"<p>Por Assessoria de Comunica\u00e7\u00e3o e Marketing Institucional da UVA<\/p>\n<p>Os reitores da Universidade Estadual Vale do Acara\u00fa (UVA) e da Universidade Federal do Cear\u00e1 (UFC) assinaram, na manh\u00e3 desta quarta-feira, 14 de julho de 2021, Termo Coopera\u00e7\u00e3o T\u00e9cnico-Cient\u00edfica para execu\u00e7\u00e3o de a\u00e7\u00f5es\u00a0nas \u00e1reas de Ensino, Pesquisa e Extens\u00e3o. O documento, assinado em solenidade realizada na Reitoria da UFC, em Fortaleza, prev\u00ea a coopera\u00e7\u00e3o para a cria\u00e7\u00e3o e realiza\u00e7\u00e3o conjunta de cursos de gradua\u00e7\u00e3o e de p\u00f3s-gradua\u00e7\u00e3o\u00a0lato senso\u00a0e\u00a0strictu senso.<br \/>\nO Termo de Coopera\u00e7\u00e3o estabelece tamb\u00e9m como a\u00e7\u00f5es a serem desenvolvidas pelas signat\u00e1rias, projetos de conjuntos de investiga\u00e7\u00e3o, elabora\u00e7\u00e3o de estudos cient\u00edficos e t\u00e9cnicos; iniciativas de dinamiza\u00e7\u00e3o e promo\u00e7\u00e3o do ensino, por meio de ciclos de confer\u00eancias, palestras e semin\u00e1rios; parcerias para a transfer\u00eancia de tecnologia; qualifica\u00e7\u00e3o do corpo docente em n\u00edvel de p\u00f3s-gradua\u00e7\u00e3o; e elabora\u00e7\u00e3o e execu\u00e7\u00e3o conjunta de projetos de extens\u00e3o, com possibilidade de participa\u00e7\u00e3o de discentes e docentes em projetos em andamento nas institui\u00e7\u00f5es.<br \/>\nDurante a cerim\u00f4nia de assinatura do Termo de Coopera\u00e7\u00e3o, o Reitor da UVA, Fabianno Cavalcante de Carvalho, lembrou a \u201crela\u00e7\u00e3o de parceria entre as duas universidades que possibilitou a cria\u00e7\u00e3o do Curso de Direito da UVA, feita em parceria com a UFC em 1997, e a implanta\u00e7\u00e3o da Faculdade de Medicina da UFC em Sobral, que iniciou suas atividades em abril de 2001, no Centro de Ci\u00eancias da Sa\u00fade da UVA\u201d.<br \/>\nO Reitor Fabianno Cavalcante de Carvalho afirmou que \u201ca amplia\u00e7\u00e3o dessa importante parceria poder\u00e1\u00a0possibilitar, a partir deste conv\u00eanio, a cria\u00e7\u00e3o do Curso de Gradua\u00e7\u00e3o em Agronomia da UVA, a ser implantado no campus da Ibiapaba, em S\u00e3o Benedito, e do Curso de Gradua\u00e7\u00e3o em Engenharia de Pesca, a ser ofertado no campus de Camocim, que j\u00e1 tem autoriza\u00e7\u00e3o do Governador Camilo Santana para ser instalado; s\u00e3o cursos que atender\u00e3o demandas antigas dessas regi\u00f5es\u201d, disse.<br \/>\nA import\u00e2ncia do acordo entre as duas institui\u00e7\u00f5es foi destacada pelo Secret\u00e1rio da Ci\u00eancia, Tecnologia e Educa\u00e7\u00e3o Superior, In\u00e1cio Arruda. \u201cEste conv\u00eanio oficializa a parceria, j\u00e1 existente h\u00e1 tempos entre UVA e UFC, em um pacto hist\u00f3rico pelo desenvolvimento da Ci\u00eancia e da Pesquisa em nosso Estado e pelo qual cumprimento as duas universidades, em nome do Governador Camilo Santana\u201d, disse o Secret\u00e1rio da SECITECE.<br \/>\nO Reitor da UFC, Jos\u00e9 C\u00e2ndido Lustosa Bittencourt de Albuquerque, ressaltou a import\u00e2ncia do conv\u00eanio com a UVA, lembrando que \u201c\u00e9 importante que a Ci\u00eancia trabalhe junta, pois quem ganha \u00e9 a sociedade e, \u00e0s vezes fazemos conv\u00eanios com institui\u00e7\u00f5es distantes, como a China, e deixamos de fazer com nossos talentos que est\u00e3o ao nosso lado\u201d, disse.<br \/>\nA rela\u00e7\u00e3o entre as duas institui\u00e7\u00f5es tamb\u00e9m foi assinalada pelo Reitor da UFC. \u201cEstamos formalizando o estreitamento das rela\u00e7\u00f5es entre duas universidades irm\u00e3s, que j\u00e1 caminham juntas h\u00e1 muito tempo\u201d, disse C\u00e2ndido Albuquerque, acrescentado que \u201ceste conv\u00eanio n\u00e3o ficar\u00e1 no papel, ele ser\u00e1 materializado, e \u00e9 com este esp\u00edrito de amizade que iremos caminhar juntos com a UVA\u201d.<br \/>\nTamb\u00e9m estiveram presentes \u00e0 assinatura do Termo de Coopera\u00e7\u00e3o a Vice-Reitora da UVA, Izabelle Mont\u2019Alverne; o Vice-Reitor da UFC, Glauco Lobo; os deputados estaduais Augusta Brito e S\u00e9rgio Aguiar; a Prefeita de Camocim, Elizabeth Magalh\u00e3es; a Chefe de Gabinete da Reitoria da UVA, Gabriela Cavalcante; e pr\u00f3-reitores da UFC.<\/p>\n","protected":false},"excerpt":{"rendered":"<p>Por Assessoria de Comunica\u00e7\u00e3o e Marketing Institucional da UVA Os reitores da Universidade Estadual Vale&#8230;<\/p>\n","protected":false},"author":1,"featured_media":17009,"comment_status":"open","ping_status":"open","sticky":false,"template":"","format":"standard","meta":{"_jetpack_memberships_contains_paid_content":false,"footnotes":"","jetpack_publicize_message":"","jetpack_publicize_feature_enabled":true,"jetpack_social_post_already_shared":true,"jetpack_social_options":{"image_generator_settings":{"template":"highway","default_image_id":0,"font":"","enabled":false},"version":2}},"categories":[1],"tags":[],"class_list":["post-17008","post","type-post","status-publish","format-standard","has-post-thumbnail","hentry","category-atualidade"],"jetpack_publicize_connections":[],"jetpack_featured_media_url":"https:\/\/correiodasemana.com\/site\/wp-content\/uploads\/2021\/07\/ftg_10658bec4dd585b6de24bf07172a5d4a.jpg","jetpack-related-posts":[{"id":24232,"url":"https:\/\/correiodasemana.com\/site\/coleta-seletiva-em-sobral-ganha-reforco-da-universidade-de-lisboa-termo-de-cooperacao-foi-assinado-entre-escola-estadual-com-apoio-da-prefeitura\/","url_meta":{"origin":17008,"position":0},"title":"Coleta seletiva em Sobral ganha refor\u00e7o da Universidade de Lisboa; termo de coopera\u00e7\u00e3o foi assinado entre escola estadual com apoio da Prefeitura","author":"adminredacao","date":"Abril 24, 2023","format":false,"excerpt":"A equipe t\u00e9cnica da Secretaria da Conserva\u00e7\u00e3o e Servi\u00e7os P\u00fablicos de Sobral (Sesep) participou, nesta quarta-feira (12\/04), da cerim\u00f4nia de assinatura do acordo de coopera\u00e7\u00e3o entre o Instituto de Geografia e Ordenamento do Territ\u00f3rio da Universidade de Lisboa (IGOT-ULisboa) e a Escola de Ensino M\u00e9dio de Tempo Integral Monsenhor Jos\u00e9\u2026","rel":"","context":"In &quot;Atualidade&quot;","block_context":{"text":"Atualidade","link":"https:\/\/correiodasemana.com\/site\/category\/atualidade\/"},"img":{"alt_text":"","src":"https:\/\/i0.wp.com\/correiodasemana.com\/site\/wp-content\/uploads\/2023\/04\/ok_DnaIvonete.jpg?resize=350%2C200&ssl=1","width":350,"height":200,"srcset":"https:\/\/i0.wp.com\/correiodasemana.com\/site\/wp-content\/uploads\/2023\/04\/ok_DnaIvonete.jpg?resize=350%2C200&ssl=1 1x, https:\/\/i0.wp.com\/correiodasemana.com\/site\/wp-content\/uploads\/2023\/04\/ok_DnaIvonete.jpg?resize=525%2C300&ssl=1 1.5x, https:\/\/i0.wp.com\/correiodasemana.com\/site\/wp-content\/uploads\/2023\/04\/ok_DnaIvonete.jpg?resize=700%2C400&ssl=1 2x, https:\/\/i0.wp.com\/correiodasemana.com\/site\/wp-content\/uploads\/2023\/04\/ok_DnaIvonete.jpg?resize=1050%2C600&ssl=1 3x"},"classes":[]},{"id":16627,"url":"https:\/\/correiodasemana.com\/site\/reitores-de-ies-cearenses-se-posicionam-contrarios-a-retomada-das-aulas-presenciais-sem-a-imunizacao-completa-da-comunidade-academica\/","url_meta":{"origin":17008,"position":1},"title":"Reitores de IES cearenses se posicionam contr\u00e1rios \u00e0 retomada das aulas presenciais sem a imuniza\u00e7\u00e3o completa da comunidade acad\u00eamica","author":"","date":"Maio 31, 2021","format":false,"excerpt":"Os reitores de cinco Institui\u00e7\u00f5es de Ensino Superior (IES) do Estado do Cear\u00e1 divulgaram nota conjunta em que se manifestam \u201ccontr\u00e1rios \u00e0 poss\u00edvel retomada das aulas presenciais no atual momento, em que ainda h\u00e1 grande n\u00famero de pessoas a serem imunizadas\u201d. O documento foi assinado em 21 de maio de\u2026","rel":"","context":"In &quot;Atualidade&quot;","block_context":{"text":"Atualidade","link":"https:\/\/correiodasemana.com\/site\/category\/atualidade\/"},"img":{"alt_text":"","src":"https:\/\/i0.wp.com\/correiodasemana.com\/site\/wp-content\/uploads\/2021\/05\/ftg_52d3879c5b5fc55f5cc3678508f5a118.jpg?resize=350%2C200&ssl=1","width":350,"height":200,"srcset":"https:\/\/i0.wp.com\/correiodasemana.com\/site\/wp-content\/uploads\/2021\/05\/ftg_52d3879c5b5fc55f5cc3678508f5a118.jpg?resize=350%2C200&ssl=1 1x, https:\/\/i0.wp.com\/correiodasemana.com\/site\/wp-content\/uploads\/2021\/05\/ftg_52d3879c5b5fc55f5cc3678508f5a118.jpg?resize=525%2C300&ssl=1 1.5x, https:\/\/i0.wp.com\/correiodasemana.com\/site\/wp-content\/uploads\/2021\/05\/ftg_52d3879c5b5fc55f5cc3678508f5a118.jpg?resize=700%2C400&ssl=1 2x"},"classes":[]},{"id":26058,"url":"https:\/\/correiodasemana.com\/site\/uva-realiza-solenidade-de-outorga-de-grau-para-264-formandos\/","url_meta":{"origin":17008,"position":2},"title":"UVA realiza solenidade de Outorga de Grau para 264 formandos","author":"adminredacao","date":"Agosto 14, 2023","format":false,"excerpt":"Por Assessoria de imprensa-UVA A Universidade Estadual Vale do Acara\u00fa (UVA) realizou, nesta quarta-feira (9\/08), a solenidade de Outorga de Grau 2023.1 a 264 formandos de 26 cursos de gradua\u00e7\u00e3o. Presidida spelo vice-reitor da UVA, professor Francisco Carvalho de Arruda Coelho, em conformidade com a Portaria n\u00ba 353\/2023, a cerim\u00f4nia\u2026","rel":"","context":"In &quot;Atualidade&quot;","block_context":{"text":"Atualidade","link":"https:\/\/correiodasemana.com\/site\/category\/atualidade\/"},"img":{"alt_text":"","src":"https:\/\/i0.wp.com\/correiodasemana.com\/site\/wp-content\/uploads\/2023\/08\/A77E9254-8A7A-4E0B-839F-6CB4B288D8F3.jpeg?resize=350%2C200&ssl=1","width":350,"height":200},"classes":[]},{"id":34519,"url":"https:\/\/correiodasemana.com\/site\/hospital-universitario-da-ufc-uva-sera-instalado-no-hospital-dr-estevam-ponte-nao-mais-na-arena-aeroporto\/","url_meta":{"origin":17008,"position":3},"title":"Hospital Universit\u00e1rio da UFC\/UVA ser\u00e1 instalado no Hospital Dr. Estevam Ponte, n\u00e3o mais na arena aeroporto","author":"adminredacao","date":"Julho 8, 2025","format":false,"excerpt":"O futuro Hospital Universit\u00e1rio da UVA em parceria com a UFC ser\u00e1 instalado no pr\u00e9dio onde hoje funciona o Hospital Municipal Dr. Estevam Ponte, em Sobral, com informa\u00e7\u00f5es da reitoria da Universidade Estadual Vale do Acara\u00fa (UVA); A decis\u00e3o representa uma reviravolta no projeto inicial, que cogitava a constru\u00e7\u00e3o do\u2026","rel":"","context":"In &quot;Atualidade&quot;","block_context":{"text":"Atualidade","link":"https:\/\/correiodasemana.com\/site\/category\/atualidade\/"},"img":{"alt_text":"","src":"https:\/\/i0.wp.com\/correiodasemana.com\/site\/wp-content\/uploads\/2025\/07\/Hospital-Municipal-de-Sobral-1-scaled.jpg?resize=350%2C200&ssl=1","width":350,"height":200,"srcset":"https:\/\/i0.wp.com\/correiodasemana.com\/site\/wp-content\/uploads\/2025\/07\/Hospital-Municipal-de-Sobral-1-scaled.jpg?resize=350%2C200&ssl=1 1x, https:\/\/i0.wp.com\/correiodasemana.com\/site\/wp-content\/uploads\/2025\/07\/Hospital-Municipal-de-Sobral-1-scaled.jpg?resize=525%2C300&ssl=1 1.5x, https:\/\/i0.wp.com\/correiodasemana.com\/site\/wp-content\/uploads\/2025\/07\/Hospital-Municipal-de-Sobral-1-scaled.jpg?resize=700%2C400&ssl=1 2x, https:\/\/i0.wp.com\/correiodasemana.com\/site\/wp-content\/uploads\/2025\/07\/Hospital-Municipal-de-Sobral-1-scaled.jpg?resize=1050%2C600&ssl=1 3x, https:\/\/i0.wp.com\/correiodasemana.com\/site\/wp-content\/uploads\/2025\/07\/Hospital-Municipal-de-Sobral-1-scaled.jpg?resize=1400%2C800&ssl=1 4x"},"classes":[]},{"id":19530,"url":"https:\/\/correiodasemana.com\/site\/em-sessao-solene-professores-izabelle-montalverne-e-francisco-de-carvalho-tomam-posse-como-reitora-e-vice-reitor-da-uva\/","url_meta":{"origin":17008,"position":4},"title":"Em sess\u00e3o solene, professores Izabelle Mont`Alverne e Francisco de Carvalho tomam posse como reitora e vice-reitor da UVA","author":"","date":"Abril 17, 2022","format":false,"excerpt":"Em solenidade realizada na tarde desta ter\u00e7a-feira, 12 de abril de 2022, no audit\u00f3rio do Centro de Ci\u00eancias da Sa\u00fade, no campus do Derby, os professores Izabelle Mont\u2019Alverne Napole\u00e3o Albuquerque e Francisco Carvalho de Arruda Coelho tomaram posse como Reitora e Vice-reitor da Universidade Estadual Vale do Acara\u00fa (UVA), para\u2026","rel":"","context":"In &quot;Atualidade&quot;","block_context":{"text":"Atualidade","link":"https:\/\/correiodasemana.com\/site\/category\/atualidade\/"},"img":{"alt_text":"","src":"https:\/\/i0.wp.com\/correiodasemana.com\/site\/wp-content\/uploads\/2022\/04\/nova-reitora-da-uva.jpg?resize=350%2C200&ssl=1","width":350,"height":200,"srcset":"https:\/\/i0.wp.com\/correiodasemana.com\/site\/wp-content\/uploads\/2022\/04\/nova-reitora-da-uva.jpg?resize=350%2C200&ssl=1 1x, https:\/\/i0.wp.com\/correiodasemana.com\/site\/wp-content\/uploads\/2022\/04\/nova-reitora-da-uva.jpg?resize=525%2C300&ssl=1 1.5x, https:\/\/i0.wp.com\/correiodasemana.com\/site\/wp-content\/uploads\/2022\/04\/nova-reitora-da-uva.jpg?resize=700%2C400&ssl=1 2x, https:\/\/i0.wp.com\/correiodasemana.com\/site\/wp-content\/uploads\/2022\/04\/nova-reitora-da-uva.jpg?resize=1050%2C600&ssl=1 3x, https:\/\/i0.wp.com\/correiodasemana.com\/site\/wp-content\/uploads\/2022\/04\/nova-reitora-da-uva.jpg?resize=1400%2C800&ssl=1 4x"},"classes":[]},{"id":37096,"url":"https:\/\/correiodasemana.com\/site\/uva-celebra-excelencia-academica-com-nota-maxima-da-capes-no-programa-de-pos-graduacao-em-saude-da-familia\/","url_meta":{"origin":17008,"position":5},"title":"UVA celebra excel\u00eancia acad\u00eamica com nota m\u00e1xima da CAPES no Programa de P\u00f3s-Gradua\u00e7\u00e3o em Sa\u00fade da Fam\u00edlia","author":"adminredacao","date":"Janeiro 17, 2026","format":false,"excerpt":"O Programa de P\u00f3s-Gradua\u00e7\u00e3o em Sa\u00fade da Fam\u00edlia \u2013 Mestrado e Doutorado Profissional da Universidade Estadual Vale do Acara\u00fa (UVA), vinculado ao Programa Nordeste de Forma\u00e7\u00e3o em Sa\u00fade da Fam\u00edlia (RENASF), obteve nota m\u00e1xima (5) na Avalia\u00e7\u00e3o Quadrienal da Coordena\u00e7\u00e3o de Aperfei\u00e7oamento de Pessoal de N\u00edvel Superior (CAPES), referente ao\u2026","rel":"","context":"In &quot;Atualidade&quot;","block_context":{"text":"Atualidade","link":"https:\/\/correiodasemana.com\/site\/category\/atualidade\/"},"img":{"alt_text":"","src":"https:\/\/i0.wp.com\/correiodasemana.com\/site\/wp-content\/uploads\/2026\/01\/WhatsApp-Image-2026-01-16-at-13.38.47.jpeg?resize=350%2C200&ssl=1","width":350,"height":200,"srcset":"https:\/\/i0.wp.com\/correiodasemana.com\/site\/wp-content\/uploads\/2026\/01\/WhatsApp-Image-2026-01-16-at-13.38.47.jpeg?resize=350%2C200&ssl=1 1x, https:\/\/i0.wp.com\/correiodasemana.com\/site\/wp-content\/uploads\/2026\/01\/WhatsApp-Image-2026-01-16-at-13.38.47.jpeg?resize=525%2C300&ssl=1 1.5x, https:\/\/i0.wp.com\/correiodasemana.com\/site\/wp-content\/uploads\/2026\/01\/WhatsApp-Image-2026-01-16-at-13.38.47.jpeg?resize=700%2C400&ssl=1 2x, https:\/\/i0.wp.com\/correiodasemana.com\/site\/wp-content\/uploads\/2026\/01\/WhatsApp-Image-2026-01-16-at-13.38.47.jpeg?resize=1050%2C600&ssl=1 3x, https:\/\/i0.wp.com\/correiodasemana.com\/site\/wp-content\/uploads\/2026\/01\/WhatsApp-Image-2026-01-16-at-13.38.47.jpeg?resize=1400%2C800&ssl=1 4x"},"classes":[]}],"jetpack_sharing_enabled":true,"_links":{"self":[{"href":"https:\/\/correiodasemana.com\/site\/wp-json\/wp\/v2\/posts\/17008","targetHints":{"allow":["GET"]}}],"collection":[{"href":"https:\/\/correiodasemana.com\/site\/wp-json\/wp\/v2\/posts"}],"about":[{"href":"https:\/\/correiodasemana.com\/site\/wp-json\/wp\/v2\/types\/post"}],"author":[{"embeddable":true,"href":"https:\/\/correiodasemana.com\/site\/wp-json\/wp\/v2\/users\/1"}],"replies":[{"embeddable":true,"href":"https:\/\/correiodasemana.com\/site\/wp-json\/wp\/v2\/comments?post=17008"}],"version-history":[{"count":1,"href":"https:\/\/correiodasemana.com\/site\/wp-json\/wp\/v2\/posts\/17008\/revisions"}],"predecessor-version":[{"id":17010,"href":"https:\/\/correiodasemana.com\/site\/wp-json\/wp\/v2\/posts\/17008\/revisions\/17010"}],"wp:featuredmedia":[{"embeddable":true,"href":"https:\/\/correiodasemana.com\/site\/wp-json\/wp\/v2\/media\/17009"}],"wp:attachment":[{"href":"https:\/\/correiodasemana.com\/site\/wp-json\/wp\/v2\/media?parent=17008"}],"wp:term":[{"taxonomy":"category","embeddable":true,"href":"https:\/\/correiodasemana.com\/site\/wp-json\/wp\/v2\/categories?post=17008"},{"taxonomy":"post_tag","embeddable":true,"href":"https:\/\/correiodasemana.com\/site\/wp-json\/wp\/v2\/tags?post=17008"}],"curies":[{"name":"wp","href":"https:\/\/api.w.org\/{rel}","templated":true}]}}