{"id":17039,"date":"2021-07-19T00:55:00","date_gmt":"2021-07-19T03:55:00","guid":{"rendered":"https:\/\/correiodasemana.com\/site\/?p=17039"},"modified":"2021-07-19T00:55:00","modified_gmt":"2021-07-19T03:55:00","slug":"limoeiro-dos-pompeus-por-romario-alves","status":"publish","type":"post","link":"https:\/\/correiodasemana.com\/site\/limoeiro-dos-pompeus-por-romario-alves\/","title":{"rendered":"LIMOEIRO DOS POMPEUS POR ROM\u00c1RIO ALVES\u00a0"},"content":{"rendered":"<p>Por ocasi\u00e3o da Live de lan\u00e7amento do livro \u201cNossa Senhora dos Prazeres e a Hist\u00f3ria de Guaraciaba do Norte\u201d, resultado de longos anos de pesquisa, recebi o livro \u201cLimoeiro dos Pompeus: Um resgate do Passado\u201d, do historiador Rom\u00e1rio Alves. Logo na apresenta\u00e7\u00e3o diz o objetivo de trabalho: \u201ceternizar de forma escrita a hist\u00f3ria de uma localidade chamada Limoeiro dos Pompeus\u201d. E \u201cCada povoado tem suas hist\u00f3rias, seus contos, suas mem\u00f3rias, a sua peculiaridade\u201d. O livro de Rom\u00e1rio insere \u201cO homem do campo, a dona de casa, o menino que joga bola no campinho&#8230; (&#8230;) no universo da Hist\u00f3ria Nova, que v\u00ea todo e qualquer indiv\u00edduo, independente de sua classe social, como protagonistas do passado, do presente e do futuro\u201d.<br \/>\nMuita coisa interessante se observa em Limoeiro dos Pompeus. O primeiro r\u00e1dio ali chegado nos anos 1940 e eu fico pensando as transmiss\u00f5es da segunda guerra mundial. As TV\u2019s em preto e branco, fog\u00e3o a g\u00e1s etc., tecnologias que foram chegando e ficaram, se aperfei\u00e7oaram, com inova\u00e7\u00f5es como telefonia e Internet, entre outras. Cita a economia e aqui lamento o fechamento dos engenhos de cana-de-a\u00e7\u00facar, at\u00e9 a produ\u00e7\u00e3o de a\u00e7\u00facar mascavo. Destaque nesse item o mestre En\u00e9as, que fabricava as pe\u00e7as dos engenhos. Vemos as hortas org\u00e2nicas, as bodegas que ainda existem e tantos registros.<br \/>\nQuando cita as secas, lembra a seca de 1915, imortalizada por Rachel de Queiroz, minha madrinha, no romance \u201cO Quinze\u201d. Os esportes s\u00e3o recordados com dois times locais e as famosas lendas de cada lugar se fazem presentes. De certo modo tive saudades do s\u00edtio Correios. S\u00e3o hist\u00f3rias bem parecidas e ressalto o protagonismo de meus pais em alguns itens naquela outra localidade.<br \/>\nNosso autor dedica, ainda, belas p\u00e1ginas \u00e0 Capela de Nossa Senhora Aparecida que teve sua constru\u00e7\u00e3o iniciada no Paroquiato do saudoso Pe. Raimundo Nonato L\u00facio e os atuais tempos estranhos de pandemia s\u00e3o citados. Excelente registro. Qui\u00e7\u00e1 todo povoado tivesse um desses. Nossa hist\u00f3ria seria mais rica.<br \/>\nSobre o \u201cdos Pompeus\u201d, deixo um desafio ao nosso autor: quando falo na educa\u00e7\u00e3o de Guaraciaba do Norte no meu livro \u201cDe Volta a Campo Grande&#8230;\u201d, cito que o Senador Pompeu estudou em Campo Grande. Quando falamos no epis\u00f3dio triste do Frei Agostinho, em 1850, conclu\u00edmos que Maria Cambute (que ajudou o frade) trabalhava para os pais de Jo\u00e3o Miguel da Fonseca Lobo, nascido em Sussuanha, filho de Vicente Alves da Fonseca Lobo e dona Geracina Carolina de Sousa Lobo, parenta do Senador Pompeu, do qual Cambute foi \u201cama de leite\u201d. O pai do Senador, Capit\u00e3o de Mil\u00edcia Thomaz d\u00b4Aquino e Sousa (alguns registra \u2018de Souza\u2019), faleceu em Guaraciaba do Norte, a 23\/11\/1839. O pr\u00f3prio Senador Pompeu cita isso num caderno de lembran\u00e7as, transcrito no livro \u201cO Cl\u00e3 de Santa Quit\u00e9ria\u201d, de Nertan Mac\u00eado. O capit\u00e3o acresceu aos nomes dos dois filhos homens que teve com Jeracina Isabel e Sousa, o nome Pompeu: Ant\u00f4nio Pompeu de Sousa Catunda (que seria pai do Senador Joaquim Catunda) e de Thom\u00e1z (Tom\u00e1s) Pompeu de Sousa Brasil, o Senador Pompeu. Ser\u00e1 que essa propriedade n\u00e3o era de Thomaz d\u2019Aquino, pai dos Pompeus Antonio Pompeu (nome de importante rua em Fortaleza) e de Thomaz Pompeu (Senador Pompeu)? A sorte est\u00e1 lan\u00e7ada, ao nosso historiador cabe a pesquisa.<\/p>\n","protected":false},"excerpt":{"rendered":"<p>Por ocasi\u00e3o da Live de lan\u00e7amento do livro \u201cNossa Senhora dos Prazeres e a Hist\u00f3ria&#8230;<\/p>\n","protected":false},"author":1,"featured_media":7874,"comment_status":"open","ping_status":"open","sticky":false,"template":"","format":"standard","meta":{"_jetpack_memberships_contains_paid_content":false,"footnotes":"","jetpack_publicize_message":"","jetpack_publicize_feature_enabled":true,"jetpack_social_post_already_shared":true,"jetpack_social_options":{"image_generator_settings":{"template":"highway","default_image_id":0,"font":"","enabled":false},"version":2}},"categories":[11,41],"tags":[],"class_list":["post-17039","post","type-post","status-publish","format-standard","has-post-thumbnail","hentry","category-artigos","category-jose-luis-lira"],"jetpack_publicize_connections":[],"jetpack_featured_media_url":"https:\/\/correiodasemana.com\/site\/wp-content\/uploads\/2018\/02\/Jose\u0301-1.jpg","jetpack-related-posts":[{"id":18570,"url":"https:\/\/correiodasemana.com\/site\/lampiao-em-limoeiro-do-norte\/","url_meta":{"origin":17039,"position":0},"title":"Lampi\u00e3o em Limoeiro do Norte.","author":"","date":"Janeiro 16, 2022","format":false,"excerpt":"Lucas Monteiro Barbosa seminaristalucas18@gmail.com De todos os temas espec\u00edficos que envolvem a figura de Lampi\u00e3o se pode, com muito esmero e detalhes, tirar uma excelente obra bibliogr\u00e1fica. A historiografia do canga\u00e7o lampi\u00f4nico \u00e9 embasada em uma literatura rica, vasta e diversificada. Al\u00e9m das v\u00e1rias biografias sobre o Rei do canga\u00e7o,\u2026","rel":"","context":"In &quot;Atualidade&quot;","block_context":{"text":"Atualidade","link":"https:\/\/correiodasemana.com\/site\/category\/atualidade\/"},"img":{"alt_text":"","src":"https:\/\/i0.wp.com\/correiodasemana.com\/site\/wp-content\/uploads\/2022\/01\/lampeoes.jpg?resize=350%2C200&ssl=1","width":350,"height":200},"classes":[]},{"id":24960,"url":"https:\/\/correiodasemana.com\/site\/ex-vereador-condenado-por-estelionato-e-preso-pela-policia-civil-em-sobral\/","url_meta":{"origin":17039,"position":1},"title":"Ex-vereador condenado por estelionato \u00e9 preso pela Pol\u00edcia Civil em Sobral","author":"","date":"Maio 29, 2023","format":false,"excerpt":"Uma a\u00e7\u00e3o da Pol\u00edcia Civil do Estado do Cear\u00e1 (PC-CE) resultou, nessa sexta-feira (26), no cumprimento de um mandado de pris\u00e3o de senten\u00e7a condenat\u00f3ria em desfavor de um ex-vereador, de 34 anos, condenado por crime de estelionato. A captura ocorreu no bairro Centro, em Sobral \u2013 \u00c1rea Integrada de Seguran\u00e7a\u2026","rel":"","context":"In &quot;Atualidade&quot;","block_context":{"text":"Atualidade","link":"https:\/\/correiodasemana.com\/site\/category\/atualidade\/"},"img":{"alt_text":"","src":"https:\/\/i0.wp.com\/correiodasemana.com\/site\/wp-content\/uploads\/2023\/05\/VEREADOR.jpg?resize=350%2C200&ssl=1","width":350,"height":200,"srcset":"https:\/\/i0.wp.com\/correiodasemana.com\/site\/wp-content\/uploads\/2023\/05\/VEREADOR.jpg?resize=350%2C200&ssl=1 1x, https:\/\/i0.wp.com\/correiodasemana.com\/site\/wp-content\/uploads\/2023\/05\/VEREADOR.jpg?resize=525%2C300&ssl=1 1.5x, https:\/\/i0.wp.com\/correiodasemana.com\/site\/wp-content\/uploads\/2023\/05\/VEREADOR.jpg?resize=700%2C400&ssl=1 2x"},"classes":[]},{"id":27448,"url":"https:\/\/correiodasemana.com\/site\/dia-da-literatura-guaraciabense-e-criado\/","url_meta":{"origin":17039,"position":2},"title":"DIA DA LITERATURA GUARACIABENSE \u00c9 CRIADO","author":"adminredacao","date":"Dezembro 4, 2023","format":false,"excerpt":"A C\u00e2mara Municipal de Guaraciaba do Norte, em sess\u00e3o ordin\u00e1ria realizada no dia 27 de novembro \u00faltimo, sob a presid\u00eancia da Vereadora Regiane Gomes, aprovou o Projeto de Lei N\u00ba 81\/2023, de autoria da Vereadora Carla Cristiane Ara\u00fajo, que institui o Dia da Literatura Guaraciabense, por unanimidade dos vereadores presentes:\u2026","rel":"","context":"In &quot;Atualidade&quot;","block_context":{"text":"Atualidade","link":"https:\/\/correiodasemana.com\/site\/category\/atualidade\/"},"img":{"alt_text":"","src":"https:\/\/i0.wp.com\/correiodasemana.com\/site\/wp-content\/uploads\/2023\/12\/Vereadores-homenageado-seus-parentes-e-convidados-scaled.jpg?resize=350%2C200&ssl=1","width":350,"height":200,"srcset":"https:\/\/i0.wp.com\/correiodasemana.com\/site\/wp-content\/uploads\/2023\/12\/Vereadores-homenageado-seus-parentes-e-convidados-scaled.jpg?resize=350%2C200&ssl=1 1x, https:\/\/i0.wp.com\/correiodasemana.com\/site\/wp-content\/uploads\/2023\/12\/Vereadores-homenageado-seus-parentes-e-convidados-scaled.jpg?resize=525%2C300&ssl=1 1.5x, https:\/\/i0.wp.com\/correiodasemana.com\/site\/wp-content\/uploads\/2023\/12\/Vereadores-homenageado-seus-parentes-e-convidados-scaled.jpg?resize=700%2C400&ssl=1 2x, https:\/\/i0.wp.com\/correiodasemana.com\/site\/wp-content\/uploads\/2023\/12\/Vereadores-homenageado-seus-parentes-e-convidados-scaled.jpg?resize=1050%2C600&ssl=1 3x, https:\/\/i0.wp.com\/correiodasemana.com\/site\/wp-content\/uploads\/2023\/12\/Vereadores-homenageado-seus-parentes-e-convidados-scaled.jpg?resize=1400%2C800&ssl=1 4x"},"classes":[]},{"id":30941,"url":"https:\/\/correiodasemana.com\/site\/dom-manuel-edmilson-cruz-celebra-cem-anos-de-vida\/","url_meta":{"origin":17039,"position":3},"title":"Dom Manuel Edmilson Cruz celebra cem anos de vida","author":"adminredacao","date":"Outubro 8, 2024","format":false,"excerpt":"O bispo em\u00e9rito da Diocese de Limoeiro do Norte\/CE, Dom Manuel Edmilson da Cruz, celebrou na \u00faltima quinta-feira, 3 de outubro, cem anos de vida e miss\u00e3o. Com um s\u00e9culo de hist\u00f3ria, Dom Edmilson torna-se o bispo mais idoso do Brasil. Sendo filho do clero sobralense, o sacerdote foi ordenado\u2026","rel":"","context":"In &quot;Atualidade&quot;","block_context":{"text":"Atualidade","link":"https:\/\/correiodasemana.com\/site\/category\/atualidade\/"},"img":{"alt_text":"","src":"https:\/\/i0.wp.com\/correiodasemana.com\/site\/wp-content\/uploads\/2024\/10\/100_anos_dom_edimilson_da_cruz_14-30631902.webp?resize=350%2C200&ssl=1","width":350,"height":200,"srcset":"https:\/\/i0.wp.com\/correiodasemana.com\/site\/wp-content\/uploads\/2024\/10\/100_anos_dom_edimilson_da_cruz_14-30631902.webp?resize=350%2C200&ssl=1 1x, https:\/\/i0.wp.com\/correiodasemana.com\/site\/wp-content\/uploads\/2024\/10\/100_anos_dom_edimilson_da_cruz_14-30631902.webp?resize=525%2C300&ssl=1 1.5x, https:\/\/i0.wp.com\/correiodasemana.com\/site\/wp-content\/uploads\/2024\/10\/100_anos_dom_edimilson_da_cruz_14-30631902.webp?resize=700%2C400&ssl=1 2x, https:\/\/i0.wp.com\/correiodasemana.com\/site\/wp-content\/uploads\/2024\/10\/100_anos_dom_edimilson_da_cruz_14-30631902.webp?resize=1050%2C600&ssl=1 3x, https:\/\/i0.wp.com\/correiodasemana.com\/site\/wp-content\/uploads\/2024\/10\/100_anos_dom_edimilson_da_cruz_14-30631902.webp?resize=1400%2C800&ssl=1 4x"},"classes":[]},{"id":17132,"url":"https:\/\/correiodasemana.com\/site\/agosto-esta-chegando\/","url_meta":{"origin":17039,"position":4},"title":"AGOSTO EST\u00c1 CHEGANDO&#8230;","author":"","date":"Agosto 2, 2021","format":false,"excerpt":"Oitavo m\u00eas do ano no calend\u00e1rio gregoriano, agosto, vem do latim\u00a0augustus, em honra do imperador romano C\u00e9sar Augusto. Neste m\u00eas em termos religiosos, celebramos, santos important\u00edssimos e a transfigura\u00e7\u00e3o do Senhor Jesus e, no dia 15, a Assun\u00e7\u00e3o de Nossa Senhora. Nascido em uma Par\u00f3quia que tem por padroeira Nossa\u2026","rel":"","context":"In &quot;Artigos&quot;","block_context":{"text":"Artigos","link":"https:\/\/correiodasemana.com\/site\/category\/artigos\/"},"img":{"alt_text":"","src":"https:\/\/i0.wp.com\/correiodasemana.com\/site\/wp-content\/uploads\/2019\/07\/Jose%CC%81-1.jpg?resize=350%2C200&ssl=1","width":350,"height":200,"srcset":"https:\/\/i0.wp.com\/correiodasemana.com\/site\/wp-content\/uploads\/2019\/07\/Jose%CC%81-1.jpg?resize=350%2C200&ssl=1 1x, https:\/\/i0.wp.com\/correiodasemana.com\/site\/wp-content\/uploads\/2019\/07\/Jose%CC%81-1.jpg?resize=525%2C300&ssl=1 1.5x, https:\/\/i0.wp.com\/correiodasemana.com\/site\/wp-content\/uploads\/2019\/07\/Jose%CC%81-1.jpg?resize=700%2C400&ssl=1 2x"},"classes":[]},{"id":30654,"url":"https:\/\/correiodasemana.com\/site\/arquidiocese-vai-celebrar-o-centenario-de-dom-edmilson-da-cruz-veja-data\/","url_meta":{"origin":17039,"position":5},"title":"Arquidiocese vai celebrar o centen\u00e1rio de dom Edmilson da Cruz; veja data","author":"adminredacao","date":"Setembro 16, 2024","format":false,"excerpt":"O arcebispo de Fortaleza fez o convite para a cerim\u00f4nia a ser realizada no San Por Mateus Brisa Coordenador de distribui\u00e7\u00e3o Fonte: Jornal O POVO O arcebispo de Fortaleza, dom Greg\u00f3rio Paix\u00e3o, convida fi\u00e9is a participar de celebra\u00e7\u00e3o dos 100 anos de dom Manuel Edmilson da Cruz, bispo em\u00e9rito de\u2026","rel":"","context":"In &quot;Atualidade&quot;","block_context":{"text":"Atualidade","link":"https:\/\/correiodasemana.com\/site\/category\/atualidade\/"},"img":{"alt_text":"","src":"https:\/\/i0.wp.com\/correiodasemana.com\/site\/wp-content\/uploads\/2024\/09\/1_dom_edmilson_da_cruz_bispo_emerito_46-24812554.webp?resize=350%2C200&ssl=1","width":350,"height":200,"srcset":"https:\/\/i0.wp.com\/correiodasemana.com\/site\/wp-content\/uploads\/2024\/09\/1_dom_edmilson_da_cruz_bispo_emerito_46-24812554.webp?resize=350%2C200&ssl=1 1x, https:\/\/i0.wp.com\/correiodasemana.com\/site\/wp-content\/uploads\/2024\/09\/1_dom_edmilson_da_cruz_bispo_emerito_46-24812554.webp?resize=525%2C300&ssl=1 1.5x, https:\/\/i0.wp.com\/correiodasemana.com\/site\/wp-content\/uploads\/2024\/09\/1_dom_edmilson_da_cruz_bispo_emerito_46-24812554.webp?resize=700%2C400&ssl=1 2x"},"classes":[]}],"jetpack_sharing_enabled":true,"_links":{"self":[{"href":"https:\/\/correiodasemana.com\/site\/wp-json\/wp\/v2\/posts\/17039","targetHints":{"allow":["GET"]}}],"collection":[{"href":"https:\/\/correiodasemana.com\/site\/wp-json\/wp\/v2\/posts"}],"about":[{"href":"https:\/\/correiodasemana.com\/site\/wp-json\/wp\/v2\/types\/post"}],"author":[{"embeddable":true,"href":"https:\/\/correiodasemana.com\/site\/wp-json\/wp\/v2\/users\/1"}],"replies":[{"embeddable":true,"href":"https:\/\/correiodasemana.com\/site\/wp-json\/wp\/v2\/comments?post=17039"}],"version-history":[{"count":1,"href":"https:\/\/correiodasemana.com\/site\/wp-json\/wp\/v2\/posts\/17039\/revisions"}],"predecessor-version":[{"id":17040,"href":"https:\/\/correiodasemana.com\/site\/wp-json\/wp\/v2\/posts\/17039\/revisions\/17040"}],"wp:featuredmedia":[{"embeddable":true,"href":"https:\/\/correiodasemana.com\/site\/wp-json\/wp\/v2\/media\/7874"}],"wp:attachment":[{"href":"https:\/\/correiodasemana.com\/site\/wp-json\/wp\/v2\/media?parent=17039"}],"wp:term":[{"taxonomy":"category","embeddable":true,"href":"https:\/\/correiodasemana.com\/site\/wp-json\/wp\/v2\/categories?post=17039"},{"taxonomy":"post_tag","embeddable":true,"href":"https:\/\/correiodasemana.com\/site\/wp-json\/wp\/v2\/tags?post=17039"}],"curies":[{"name":"wp","href":"https:\/\/api.w.org\/{rel}","templated":true}]}}