{"id":17087,"date":"2021-07-27T00:40:01","date_gmt":"2021-07-27T03:40:01","guid":{"rendered":"https:\/\/correiodasemana.com\/site\/?p=17087"},"modified":"2021-07-27T00:40:01","modified_gmt":"2021-07-27T03:40:01","slug":"reminiscencias-do-cariri-por-armando-rafael","status":"publish","type":"post","link":"https:\/\/correiodasemana.com\/site\/reminiscencias-do-cariri-por-armando-rafael\/","title":{"rendered":"REMINISC\u00caNCIAS DO CARIRI POR ARMANDO RAFAEL\u00a0"},"content":{"rendered":"<p>Na \u00faltima ter\u00e7a-feira, dia 20, celebrou-se o 87\u00b0 anivers\u00e1rio da chegada do Pe. C\u00edcero Rom\u00e3o Batista no c\u00e9u, sem presen\u00e7a de romeiros ou \u201camiguinhos\u201d do Pe. C\u00edcero espalhados pelo Brasil e que sempre se fazem representar em Juazeiro do Norte, por conta da pandemia. A partida do Pe. C\u00edcero desta vida terrena se deu no dia da amizade. Eu me encontrava em Roma para assistir \u00e0 canoniza\u00e7\u00e3o do querido S\u00e3o Jos\u00e9 Luis S\u00e1nchez del R\u00edo, quando recebi um coment\u00e1rio de Armando Lopes Rafael a uma publica\u00e7\u00e3o minha em rede social e surgiu uma amizade leal e sincera.<br \/>\nCitei Padre C\u00edcero e amizade, pois, sendo Armando Rafael um intelectual de alta envergadura, historiador por forma\u00e7\u00e3o, professor universit\u00e1rio, pensei que ele n\u00e3o fosse devoto do Padre C\u00edcero como eu n\u00e3o fui uns tempos atr\u00e1s. Invadido por contrainforma\u00e7\u00f5es, eu tive uma vis\u00e3o distorcida do Padre C\u00edcero. Inicialmente, fiquei receoso de falar isso a Dr. Armando, at\u00e9 que um dia toquei no assunto e foi uma felicidade em ver que ele tamb\u00e9m compartilha dessa vis\u00e3o. Chegamos a ir \u00e0 est\u00e1tua do Padre C\u00edcero e fizemos fotos como romeiros.<br \/>\nTodavia, o tema de hoje \u00e9 sobre um dos tantos contributos que Armando Rafael, amante da arte de Her\u00f3doto e monarquista, ofereceu \u00e0 sua terra e sua regi\u00e3o. A publica\u00e7\u00e3o foi feita pela Editora \u201cA Prov\u00edncia\u201d, sediada no Crato, em 2020. Recebi exemplar autografado junto com cart\u00e3o sempre personalizado do autor. Entre as tantas atividades obrigat\u00f3rias, feitura de um livro e outras coisas, o livro, embora lido inicialmente, ficou aguardando uma manifesta\u00e7\u00e3o o que fa\u00e7o n\u00e3o por dever, mas, por satisfa\u00e7\u00e3o e justi\u00e7a.<br \/>\nA(s) ep\u00edgrafe(s) de um livro, recordando aulas dos Doutores Carlos Cozzi e Ricardo Machado, em Buenos Aires, diz ao que se prop\u00f5e o trabalho e Armando Rafael vai a Honor\u00e9 de Balzac: \u201cH\u00e1 duas hist\u00f3rias, a oficial, mentirosa,\u00a0Ad Usum Delphini, e a secreta, em que est\u00e3o as verdadeiras causas dos acontecimentos,\u00a0Hist\u00f3ria Vergonhosa\u201d. E Armando parte para digamos uma terceira via, a Hist\u00f3ria real, amparada em arquivos pessoais e enriquecida fontes biobibliogr\u00e1ficas para fazer justi\u00e7a a tr\u00eas caririenses de nascimento e dois por ado\u00e7\u00e3o.<br \/>\nTrata, em artigos organizad\u00edssimos e delimitados no rigor cient\u00edfico, sobre: 1) o Brigadeiro Leandro Bezerra Martins, contrarrevolucion\u00e1rio de 1817, relacionado \u00e0 Revolu\u00e7\u00e3o Pernambucana de 1817, onde se destacaram figuras que depois estariam, tamb\u00e9m, na Confedera\u00e7\u00e3o do Equador. 2) Joaquim Pinto Madeira, o caudilho que se relaciona com as duas revoltas citadas, fuzilado no Crato. 3) Dr. Leandro Bezerra Monteiro, o var\u00e3o cat\u00f3lico, advogado e pol\u00edtico caririense, nome de destaque na quest\u00e3o religiosa do II Imp\u00e9rio. 4) Dom Francisco de Assis Pires que recebeu do Cardeal Leme o ep\u00edteto de violeta do episcopado brasileiro, por sua fidelidade, castidade e humildade. 5) Dom Newton Holanda Gurgel, quarto bispo de Crato, a quem, conforme o autor, Crato deve grande homenagem. Poder-se-ia dizer que s\u00e3o cinco ensaios biogr\u00e1ficos num livro.<br \/>\n\u201cAlgumas Reminisc\u00eancias do Cariri\u201d, ilustrado com a Bandeira Imperial hasteada no cimo da chapada que abriga aquela regi\u00e3o, \u00e9 uma pequena\/grande joia hist\u00f3rica e liter\u00e1ria que deve ser lida e apreciada por n\u00f3s, brasileiros e pelo mundo. Parab\u00e9ns, mais uma vez, Dr. Armando.<\/p>\n","protected":false},"excerpt":{"rendered":"<p>Na \u00faltima ter\u00e7a-feira, dia 20, celebrou-se o 87\u00b0 anivers\u00e1rio da chegada do Pe. C\u00edcero Rom\u00e3o&#8230;<\/p>\n","protected":false},"author":1,"featured_media":8256,"comment_status":"open","ping_status":"open","sticky":false,"template":"","format":"standard","meta":{"_jetpack_memberships_contains_paid_content":false,"footnotes":"","jetpack_publicize_message":"","jetpack_publicize_feature_enabled":true,"jetpack_social_post_already_shared":true,"jetpack_social_options":{"image_generator_settings":{"template":"highway","default_image_id":0,"font":"","enabled":false},"version":2}},"categories":[11,41],"tags":[],"class_list":["post-17087","post","type-post","status-publish","format-standard","has-post-thumbnail","hentry","category-artigos","category-jose-luis-lira"],"jetpack_publicize_connections":[],"jetpack_featured_media_url":"https:\/\/correiodasemana.com\/site\/wp-content\/uploads\/2019\/07\/Jose\u0301-1.jpg","jetpack-related-posts":[{"id":14258,"url":"https:\/\/correiodasemana.com\/site\/a-estatua-do-padre-cicero\/","url_meta":{"origin":17087,"position":0},"title":"A EST\u00c1TUA DO PADRE C\u00cdCERO","author":"","date":"Outubro 25, 2020","format":false,"excerpt":"Em 1\u00b0 de novembro de 1969 era entregue ao povo cearense ou, mais amplamente ao povo brasileiro, particularmente o de Juazeiro Norte, no sul do Cear\u00e1, a est\u00e1tua do Padre C\u00edcero Rom\u00e3o Batista, santificado no cora\u00e7\u00e3o do povo nordestino. A inaugura\u00e7\u00e3o foi em data muito apropriada. \u00c9 o dia que\u2026","rel":"","context":"In &quot;Artigos&quot;","block_context":{"text":"Artigos","link":"https:\/\/correiodasemana.com\/site\/category\/artigos\/"},"img":{"alt_text":"","src":"https:\/\/i0.wp.com\/correiodasemana.com\/site\/wp-content\/uploads\/2019\/07\/Jose%CC%81-1.jpg?resize=350%2C200&ssl=1","width":350,"height":200,"srcset":"https:\/\/i0.wp.com\/correiodasemana.com\/site\/wp-content\/uploads\/2019\/07\/Jose%CC%81-1.jpg?resize=350%2C200&ssl=1 1x, https:\/\/i0.wp.com\/correiodasemana.com\/site\/wp-content\/uploads\/2019\/07\/Jose%CC%81-1.jpg?resize=525%2C300&ssl=1 1.5x, https:\/\/i0.wp.com\/correiodasemana.com\/site\/wp-content\/uploads\/2019\/07\/Jose%CC%81-1.jpg?resize=700%2C400&ssl=1 2x"},"classes":[]},{"id":22028,"url":"https:\/\/correiodasemana.com\/site\/processo-de-beatificacao-de-padre-cicero\/","url_meta":{"origin":17087,"position":1},"title":"Processo de beatifica\u00e7\u00e3o de Padre C\u00edcero","author":"","date":"Dezembro 1, 2022","format":false,"excerpt":"A Diocese do Crato, na Regi\u00e3o do Cariri, instituiu oficialmente nesta quarta-feira, 30, o processo de beatifica\u00e7\u00e3o e canoniza\u00e7\u00e3o de Padre C\u00edcero Rom\u00e3o Batista. A sess\u00e3o de abertura foi realizada na Bas\u00edlica de Nossa Senhora das Dores, em Juazeiro do Norte, com a presen\u00e7a de autoridades religiosas e pol\u00edticas, al\u00e9m\u2026","rel":"","context":"In &quot;Atualidade&quot;","block_context":{"text":"Atualidade","link":"https:\/\/correiodasemana.com\/site\/category\/atualidade\/"},"img":{"alt_text":"","src":"https:\/\/i0.wp.com\/correiodasemana.com\/site\/wp-content\/uploads\/2022\/12\/Estatua-do-Padre-Cicero-no-Horto-.2e16d0ba.fill-1120x700-1.jpg?resize=350%2C200&ssl=1","width":350,"height":200,"srcset":"https:\/\/i0.wp.com\/correiodasemana.com\/site\/wp-content\/uploads\/2022\/12\/Estatua-do-Padre-Cicero-no-Horto-.2e16d0ba.fill-1120x700-1.jpg?resize=350%2C200&ssl=1 1x, https:\/\/i0.wp.com\/correiodasemana.com\/site\/wp-content\/uploads\/2022\/12\/Estatua-do-Padre-Cicero-no-Horto-.2e16d0ba.fill-1120x700-1.jpg?resize=525%2C300&ssl=1 1.5x, https:\/\/i0.wp.com\/correiodasemana.com\/site\/wp-content\/uploads\/2022\/12\/Estatua-do-Padre-Cicero-no-Horto-.2e16d0ba.fill-1120x700-1.jpg?resize=700%2C400&ssl=1 2x"},"classes":[]},{"id":8438,"url":"https:\/\/correiodasemana.com\/site\/padre-cicero-85-anos-depois\/","url_meta":{"origin":17087,"position":2},"title":"PADRE C\u00cdCERO, 85 ANOS DEPOIS!","author":"","date":"Julho 22, 2019","format":false,"excerpt":"H\u00e1 exatos 85 anos, em Juazeiro do Norte, aos 90 anos falecia o santo dos sertanejos, Padre C\u00edcero Rom\u00e3o Batista. Quase cego. Proibido de celebrar ou de falar do milagre que presenciou. Obediente. Semana passada, falei sobre o Padre C\u00edcero. O tema \u00e9 inesgot\u00e1vel e eu lembrava leitura que havia\u2026","rel":"","context":"In &quot;Artigos&quot;","block_context":{"text":"Artigos","link":"https:\/\/correiodasemana.com\/site\/category\/artigos\/"},"img":{"alt_text":"","src":"https:\/\/i0.wp.com\/correiodasemana.com\/site\/wp-content\/uploads\/2019\/07\/Jose%CC%81-1.jpg?resize=350%2C200&ssl=1","width":350,"height":200,"srcset":"https:\/\/i0.wp.com\/correiodasemana.com\/site\/wp-content\/uploads\/2019\/07\/Jose%CC%81-1.jpg?resize=350%2C200&ssl=1 1x, https:\/\/i0.wp.com\/correiodasemana.com\/site\/wp-content\/uploads\/2019\/07\/Jose%CC%81-1.jpg?resize=525%2C300&ssl=1 1.5x, https:\/\/i0.wp.com\/correiodasemana.com\/site\/wp-content\/uploads\/2019\/07\/Jose%CC%81-1.jpg?resize=700%2C400&ssl=1 2x"},"classes":[]},{"id":18862,"url":"https:\/\/correiodasemana.com\/site\/face-de-sao-vicente-de-paulo-e-reconstruida\/","url_meta":{"origin":17087,"position":3},"title":"Face de S\u00e3o Vicente de Paulo \u00e9 reconstru\u00edda\u00a0","author":"","date":"Fevereiro 14, 2022","format":false,"excerpt":"Reda\u00e7\u00e3o Vicente de Paulo nasceu na Fran\u00e7a, em Pouy, a 24 de abril de 1581 e faleceu em Paris, em 27 de setembro de 1660. Sacerdote cat\u00f3lico franc\u00eas, canonizado em 16 de junho de 1737, pelo Papa Clemente XII. S\u00e3o Francisco de Sales, chamava S\u00e3o Vicente de Paulo o \u201cpadre\u2026","rel":"","context":"In &quot;Atualidade&quot;","block_context":{"text":"Atualidade","link":"https:\/\/correiodasemana.com\/site\/category\/atualidade\/"},"img":{"alt_text":"","src":"https:\/\/i0.wp.com\/correiodasemana.com\/site\/wp-content\/uploads\/2022\/02\/BANNER-2.jpg?resize=350%2C200&ssl=1","width":350,"height":200,"srcset":"https:\/\/i0.wp.com\/correiodasemana.com\/site\/wp-content\/uploads\/2022\/02\/BANNER-2.jpg?resize=350%2C200&ssl=1 1x, https:\/\/i0.wp.com\/correiodasemana.com\/site\/wp-content\/uploads\/2022\/02\/BANNER-2.jpg?resize=525%2C300&ssl=1 1.5x, https:\/\/i0.wp.com\/correiodasemana.com\/site\/wp-content\/uploads\/2022\/02\/BANNER-2.jpg?resize=700%2C400&ssl=1 2x"},"classes":[]},{"id":8346,"url":"https:\/\/correiodasemana.com\/site\/a-bencao-padre-cicero\/","url_meta":{"origin":17087,"position":4},"title":"A B\u00caN\u00c7\u00c3O, PADRE C\u00cdCERO!","author":"","date":"Julho 16, 2019","format":false,"excerpt":"\u201cOlha l\u00e1 no alto do horto, ele t\u00e1 vivo, Padre n\u00e3o t\u00e1 morto! Viva meu Padim, viva meu Padim Ci\u00e7o Rom\u00e3o\u201d, creio que estas palavras de Luiz Gonzaga, est\u00e3o gravadas no cora\u00e7\u00e3o de todo romeiro do Pe. C\u00edcero Rom\u00e3o Batista. No dia 20, pr\u00f3ximo s\u00e1bado, celebra-se 85 anos do retorno\u2026","rel":"","context":"In &quot;Artigos&quot;","block_context":{"text":"Artigos","link":"https:\/\/correiodasemana.com\/site\/category\/artigos\/"},"img":{"alt_text":"","src":"https:\/\/i0.wp.com\/correiodasemana.com\/site\/wp-content\/uploads\/2019\/07\/Jose%CC%81-1.jpg?resize=350%2C200&ssl=1","width":350,"height":200,"srcset":"https:\/\/i0.wp.com\/correiodasemana.com\/site\/wp-content\/uploads\/2019\/07\/Jose%CC%81-1.jpg?resize=350%2C200&ssl=1 1x, https:\/\/i0.wp.com\/correiodasemana.com\/site\/wp-content\/uploads\/2019\/07\/Jose%CC%81-1.jpg?resize=525%2C300&ssl=1 1.5x, https:\/\/i0.wp.com\/correiodasemana.com\/site\/wp-content\/uploads\/2019\/07\/Jose%CC%81-1.jpg?resize=700%2C400&ssl=1 2x"},"classes":[]},{"id":33975,"url":"https:\/\/correiodasemana.com\/site\/diocese-de-crato-anuncia-conclusao-da-fase-diocesana-do-primeiro-inquerito-do-processo-de-beatificacao-do-padre-cicero-romao-para-junho-de-2025\/","url_meta":{"origin":17087,"position":5},"title":"Diocese de Crato anuncia conclus\u00e3o da fase Diocesana do primeiro inqu\u00e9rito do processo de beatifica\u00e7\u00e3o do Padre C\u00edcero Rom\u00e3o para junho de 2025","author":"adminredacao","date":"Junho 3, 2025","format":false,"excerpt":"Na manh\u00e3 desta segunda-feira, 19 de maio, a Diocese de Crato reuniu jornalistas e representantes de ve\u00edculos de comunica\u00e7\u00e3o da regi\u00e3o para uma coletiva de imprensa marcada por emo\u00e7\u00e3o, gratid\u00e3o e esperan\u00e7a. O encontro teve como objetivo apresentar os avan\u00e7os da fase diocesana da Causa de Beatifica\u00e7\u00e3o do Servo de\u2026","rel":"","context":"In &quot;Atualidade&quot;","block_context":{"text":"Atualidade","link":"https:\/\/correiodasemana.com\/site\/category\/atualidade\/"},"img":{"alt_text":"","src":"https:\/\/i0.wp.com\/correiodasemana.com\/site\/wp-content\/uploads\/2025\/06\/coletiva-em-crato-1.jpg?resize=350%2C200&ssl=1","width":350,"height":200,"srcset":"https:\/\/i0.wp.com\/correiodasemana.com\/site\/wp-content\/uploads\/2025\/06\/coletiva-em-crato-1.jpg?resize=350%2C200&ssl=1 1x, https:\/\/i0.wp.com\/correiodasemana.com\/site\/wp-content\/uploads\/2025\/06\/coletiva-em-crato-1.jpg?resize=525%2C300&ssl=1 1.5x, https:\/\/i0.wp.com\/correiodasemana.com\/site\/wp-content\/uploads\/2025\/06\/coletiva-em-crato-1.jpg?resize=700%2C400&ssl=1 2x, https:\/\/i0.wp.com\/correiodasemana.com\/site\/wp-content\/uploads\/2025\/06\/coletiva-em-crato-1.jpg?resize=1050%2C600&ssl=1 3x, https:\/\/i0.wp.com\/correiodasemana.com\/site\/wp-content\/uploads\/2025\/06\/coletiva-em-crato-1.jpg?resize=1400%2C800&ssl=1 4x"},"classes":[]}],"jetpack_sharing_enabled":true,"_links":{"self":[{"href":"https:\/\/correiodasemana.com\/site\/wp-json\/wp\/v2\/posts\/17087","targetHints":{"allow":["GET"]}}],"collection":[{"href":"https:\/\/correiodasemana.com\/site\/wp-json\/wp\/v2\/posts"}],"about":[{"href":"https:\/\/correiodasemana.com\/site\/wp-json\/wp\/v2\/types\/post"}],"author":[{"embeddable":true,"href":"https:\/\/correiodasemana.com\/site\/wp-json\/wp\/v2\/users\/1"}],"replies":[{"embeddable":true,"href":"https:\/\/correiodasemana.com\/site\/wp-json\/wp\/v2\/comments?post=17087"}],"version-history":[{"count":1,"href":"https:\/\/correiodasemana.com\/site\/wp-json\/wp\/v2\/posts\/17087\/revisions"}],"predecessor-version":[{"id":17088,"href":"https:\/\/correiodasemana.com\/site\/wp-json\/wp\/v2\/posts\/17087\/revisions\/17088"}],"wp:featuredmedia":[{"embeddable":true,"href":"https:\/\/correiodasemana.com\/site\/wp-json\/wp\/v2\/media\/8256"}],"wp:attachment":[{"href":"https:\/\/correiodasemana.com\/site\/wp-json\/wp\/v2\/media?parent=17087"}],"wp:term":[{"taxonomy":"category","embeddable":true,"href":"https:\/\/correiodasemana.com\/site\/wp-json\/wp\/v2\/categories?post=17087"},{"taxonomy":"post_tag","embeddable":true,"href":"https:\/\/correiodasemana.com\/site\/wp-json\/wp\/v2\/tags?post=17087"}],"curies":[{"name":"wp","href":"https:\/\/api.w.org\/{rel}","templated":true}]}}