{"id":17098,"date":"2021-08-02T00:46:01","date_gmt":"2021-08-02T03:46:01","guid":{"rendered":"https:\/\/correiodasemana.com\/site\/?p=17098"},"modified":"2021-08-02T00:46:01","modified_gmt":"2021-08-02T03:46:01","slug":"sobral-sobral-49","status":"publish","type":"post","link":"https:\/\/correiodasemana.com\/site\/sobral-sobral-49\/","title":{"rendered":"Sobral, Sobral"},"content":{"rendered":"<p><strong>MINHAS HIST\u00d3RIAS&#8230;<\/strong><br \/>\n<strong>EST\u00c1 \u00c0 VENDA O CINE ALVORADA<\/strong><\/p>\n<p><img fetchpriority=\"high\" decoding=\"async\" class=\"alignleft size-medium wp-image-17100\" src=\"https:\/\/correiodasemana.com\/site\/wp-content\/uploads\/2021\/08\/image-1-225x300.png\" alt=\"\" width=\"225\" height=\"300\" srcset=\"https:\/\/correiodasemana.com\/site\/wp-content\/uploads\/2021\/08\/image-1-225x300.png 225w, https:\/\/correiodasemana.com\/site\/wp-content\/uploads\/2021\/08\/image-1.png 567w\" sizes=\"(max-width: 225px) 100vw, 225px\" \/>Se eu tivesse dinheiro sobrando ou a sorte de ganhar um grande pr\u00eamio na Mega Sena teria um sonho de consumo a realizar. Adquiria \u00a0e entregaria \u00e0 popula\u00e7\u00e3o de\u00a0SOBRAL\u00a0o pr\u00e9dio do\u00a0CINE ALVORADA. Acho que eu compraria apenas para trazer de volta os fantasmas da minha adolesc\u00eancia e de tantos outros conterr\u00e2neos de nossa cidade princesa e munic\u00edpios vizinhos. O\u00a0Cine ALVORADA\u00a0foi palco de shows de humor, espet\u00e1culos musicais e pe\u00e7as de teatro. O\u00a0Cine RANGEL j\u00e1 se f<\/p>\n<p>oi. Hoje abriga uma loja de eletrodom\u00e9sticos (CASAS BAHIA). S\u00f3 restou mesmo o Cine ALVORADA. Contou-me o corretor ELINARDO PONTE, filho do radialista MAINARDO PONTE, que o ALVORADA n\u00e3o pertence mais \u00e0 fam\u00edlia PRADO e o novo propriet\u00e1rio exp\u00f4s \u00e0 venda aquele im\u00f3vel.\u00a0 Palco de tantas emo\u00e7\u00f5es nos anos 1960, 1970, 1980, a sala de cinema imponente com sua escadaria larga. Os tr\u00eas pavimentos suntuosos, a ante-sala espelhada com a varanda dando para a pracinha, onde tinha uma fonte luminosa, por tr\u00e1s da Igreja do Ros\u00e1rio \ud83d\udcff. Tudo ali cheira a saudade. Foi constru\u00eddo pelo ex-Prefeito\u00a0JER\u00d4NIMO DE MEDEIROS PRADO\u00a0e fazia parte do esp\u00f3lio do seu filho e tamb\u00e9m ex- Prefeito\u00a0JOS\u00c9 PARENTE PRADO. Est\u00e1 \u00e0 venda por R$ 1,5 milh\u00e3o, apenas a escadaria e os tr\u00eas andares. As lojas de baixo tem outros propriet\u00e1rios. No \u00faltimo andar, o menor, ficava a sala de proje\u00e7\u00e3o, de onde partiam as imagens que hoje nos matam de tanta saudade. Quantas vezes descemos as escadas chorando, culpa do filme \ud83c\udfa6 com final triste ou devido a uma ou outra desilus\u00e3o juvenil. Um prefeito que tivesse vivido naquele tempo quem sabe n\u00e3o encamparia a ideia \ud83d\udca1 e n\u00e3o deixaria morrer o\u00a0CINE ALVORADA\u00a0que pertence \u00e0 hist\u00f3ria de nossa gente, de \u00a0v\u00e1rias gera\u00e7\u00f5es de sobralenses!!<\/p>\n<p>Celular do\u00a0ELINARDO PONTE: (88) 9 99830894<\/p>\n<p><img decoding=\"async\" class=\"alignleft size-medium wp-image-17099\" src=\"https:\/\/correiodasemana.com\/site\/wp-content\/uploads\/2021\/08\/image-300x159.png\" alt=\"\" width=\"300\" height=\"159\" srcset=\"https:\/\/correiodasemana.com\/site\/wp-content\/uploads\/2021\/08\/image-300x159.png 300w, https:\/\/correiodasemana.com\/site\/wp-content\/uploads\/2021\/08\/image-768x406.png 768w, https:\/\/correiodasemana.com\/site\/wp-content\/uploads\/2021\/08\/image.png 830w\" sizes=\"(max-width: 300px) 100vw, 300px\" \/><\/p>\n<p><strong>ALIAN\u00c7A JOGADA &#8211; WALDIK SORIANO 1970<\/strong>\u00a0Aut\u00eantica \u00a0m\u00fasica rotulada como breg\u00e3o de cabar\u00e9. Foi lan\u00e7ada pelo cantor e compositor\u00a0JOS\u00c9 AUGUSTO SERGIPANO (1936-1981)\u00a0no in\u00edcio da d\u00e9cada de\u00a01960. O artista filho de\u00a0AQUIDAB\u00c3-SE, dono de sucessos como\u00a0SOMBRAS NADA MAIS, ONDE EST\u00c1S,\u00a0MINHA M\u00c3EZINHA, ENGANO DO CARTEIRO e BEIJO GELADO, morreu num acidente de autom\u00f3vel aos 45 anos, depois de fazer um show em\u00a0FEIRA DE\u00a0SANTANA-BA. ALIAN\u00c7A JOGADA\u00a0conta a hist\u00f3ria real de sua partida de ARACAJU-SE para tentar a sorte em\u00a0S\u00c3O\u00a0PAULO. Prometera \u00e0 namorada que um dia voltaria pra casar. Ao retornar, encontrou a alian\u00e7a jogada e a ex-noiva bebendo com outros no bar. Rom\u00e2ntico,\u00a0WALDIK SORIANO\u00a0refez os versos finais e a m\u00fasica (agora de sal\u00e3o) se tornou um \u00a0grandes sucessos do baiano de\u00a0CAETIT\u00c9, que morreu em\u00a02008, aos 78 anos, de c\u00e2ncer de pr\u00f3stata.<\/p>\n<p><strong>MINHAS FRASES\u2026<\/strong><br \/>\n\u201cA IGNOR\u00c2NCIA \u00c9 A MAIOR ENFERMIDADE DO SER HUMANO.\u201d C\u00cdCERO (106 a.C. 43a.C)\u00a0advogado, pol\u00edtico, escritor e c\u00f4nsul da\u00a0Rep\u00fablica Romana.<\/p>\n","protected":false},"excerpt":{"rendered":"<p>MINHAS HIST\u00d3RIAS&#8230; EST\u00c1 \u00c0 VENDA O CINE ALVORADA Se eu tivesse dinheiro sobrando ou a&#8230;<\/p>\n","protected":false},"author":1,"featured_media":15808,"comment_status":"open","ping_status":"open","sticky":false,"template":"","format":"standard","meta":{"_jetpack_memberships_contains_paid_content":false,"footnotes":"","jetpack_publicize_message":"","jetpack_publicize_feature_enabled":true,"jetpack_social_post_already_shared":true,"jetpack_social_options":{"image_generator_settings":{"template":"highway","default_image_id":0,"font":"","enabled":false},"version":2}},"categories":[11,75],"tags":[],"class_list":["post-17098","post","type-post","status-publish","format-standard","has-post-thumbnail","hentry","category-artigos","category-carolino-soares"],"jetpack_publicize_connections":[],"jetpack_featured_media_url":"https:\/\/correiodasemana.com\/site\/wp-content\/uploads\/2021\/02\/artigo-carolino-radio.png","jetpack-related-posts":[{"id":14224,"url":"https:\/\/correiodasemana.com\/site\/sobral-sobral-13\/","url_meta":{"origin":17098,"position":0},"title":"Sobral, Sobral","author":"","date":"Outubro 25, 2020","format":false,"excerpt":"\u201cQUEM CONHECE OS OUTROS \u00c9 INTELIGENTE. QUEM CONHECE A SI MESMO \u00c9 ILUMINADO. QUEM VENCE OS OUTROS \u00c9 FORTE. QUEM VENCE A SI MESMO \u00c9 INVENC\u00cdVEL.\u201d (LAO TS\u00c9 - fil\u00f3sofo chin\u00eas do s\u00e9culo VII A.C.) [10:30, 20\/10\/2020] Carolino Soares Revista Alternativa: MINHAS HIST\u00d3RIAS\u2026 Na d\u00e9cada de 70, na pracinha do\u2026","rel":"","context":"In &quot;Artigos&quot;","block_context":{"text":"Artigos","link":"https:\/\/correiodasemana.com\/site\/category\/artigos\/"},"img":{"alt_text":"","src":"https:\/\/i0.wp.com\/correiodasemana.com\/site\/wp-content\/uploads\/2020\/10\/cine.jpg?resize=350%2C200&ssl=1","width":350,"height":200},"classes":[]},{"id":14645,"url":"https:\/\/correiodasemana.com\/site\/sobral-sobral-17\/","url_meta":{"origin":17098,"position":1},"title":"Sobral, Sobral","author":"","date":"Novembro 23, 2020","format":false,"excerpt":"SOBRAL, SOBRAL Na sua vida voc\u00ea conhecer\u00e1 muitas m\u00e1scaras e pouqu\u00edssimos rostos. (an\u00f4nimo) MINHAS HIST\u00d3RIAS\u2026 FALB RANGEL FOI A PARIS? Sempre que eu retornava do centro da cidade, maioria das vezes do CINE RANGEL ou CINE ALVORADA com o amigo PETR\u00d4NIO, sent\u00e1vamos numa pequena mureta de antiga casa defronte ao\u2026","rel":"","context":"In &quot;Atualidade&quot;","block_context":{"text":"Atualidade","link":"https:\/\/correiodasemana.com\/site\/category\/atualidade\/"},"img":{"alt_text":"","src":"https:\/\/i0.wp.com\/correiodasemana.com\/site\/wp-content\/uploads\/2020\/11\/WhatsApp-Image-2020-11-19-at-15.08.24.jpeg?resize=350%2C200&ssl=1","width":350,"height":200,"srcset":"https:\/\/i0.wp.com\/correiodasemana.com\/site\/wp-content\/uploads\/2020\/11\/WhatsApp-Image-2020-11-19-at-15.08.24.jpeg?resize=350%2C200&ssl=1 1x, https:\/\/i0.wp.com\/correiodasemana.com\/site\/wp-content\/uploads\/2020\/11\/WhatsApp-Image-2020-11-19-at-15.08.24.jpeg?resize=525%2C300&ssl=1 1.5x, https:\/\/i0.wp.com\/correiodasemana.com\/site\/wp-content\/uploads\/2020\/11\/WhatsApp-Image-2020-11-19-at-15.08.24.jpeg?resize=700%2C400&ssl=1 2x"},"classes":[]},{"id":12597,"url":"https:\/\/correiodasemana.com\/site\/sobral-sobral-2\/","url_meta":{"origin":17098,"position":2},"title":"Sobral, Sobral","author":"","date":"Agosto 10, 2020","format":false,"excerpt":"\u201cA RICO N\u00c3O DEVA, A POBRE N\u00c3O EMPRESTE, A PADRE N\u00c3O PROMETA !!\u201d. MEMORIAL DO CONVENTO - NOBEL DE LITERATURA JOS\u00c9 SARAMAGO. (1922-2010) MINHAS HIST\u00d3RIAS... In\u00edcio dos anos 1970. A R\u00c1DIO TUPINAMB\u00c1 anunciava h\u00e1 mais de 15 dias um show do cantor AGNALDO TIM\u00d3TEO. Imagino que o empres\u00e1rio aproveitava uma\u2026","rel":"","context":"In &quot;Artigos&quot;","block_context":{"text":"Artigos","link":"https:\/\/correiodasemana.com\/site\/category\/artigos\/"},"img":{"alt_text":"","src":"https:\/\/i0.wp.com\/correiodasemana.com\/site\/wp-content\/uploads\/2020\/08\/Carolino-Soares.png?resize=350%2C200&ssl=1","width":350,"height":200,"srcset":"https:\/\/i0.wp.com\/correiodasemana.com\/site\/wp-content\/uploads\/2020\/08\/Carolino-Soares.png?resize=350%2C200&ssl=1 1x, https:\/\/i0.wp.com\/correiodasemana.com\/site\/wp-content\/uploads\/2020\/08\/Carolino-Soares.png?resize=525%2C300&ssl=1 1.5x, https:\/\/i0.wp.com\/correiodasemana.com\/site\/wp-content\/uploads\/2020\/08\/Carolino-Soares.png?resize=700%2C400&ssl=1 2x"},"classes":[]},{"id":25511,"url":"https:\/\/correiodasemana.com\/site\/sobral-sobral-132\/","url_meta":{"origin":17098,"position":3},"title":"Sobral, Sobral","author":"adminredacao","date":"Julho 3, 2023","format":false,"excerpt":"\ud835\udde0\ud835\udddc\ud835\udde1\ud835\udddb\ud835\uddd4\ud835\udde6 \ud835\udddb\ud835\udddc\ud835\udde6\ud835\udde7\ud835\udde2\u0301\ud835\udde5\ud835\udddc\ud835\uddd4\ud835\udde6... \ud835\udde6\ud835\uddd8\ud835\udde8 \ud835\udde0\ud835\uddd4\ud835\udde1\ud835\uddd8\u0301\ud835\udddc\ud835\udde6 \ud835\uddd8 \ud835\uddd4 \ud835\udddd\ud835\udde8\ud835\udde6\ud835\udde7\ud835\udddc\ud835\uddd6\u0327\ud835\uddd4 \ud835\udde7\ud835\udde5\ud835\uddd4\ud835\uddd5\ud835\uddd4\ud835\udddf\ud835\udddb\ud835\udddc\ud835\udde6\ud835\udde7\ud835\uddd4! \ud835\udde0\ud835\uddd4\ud835\udde1\ud835\udde2\ud835\uddd8\ud835\udddf \ud835\uddd7\ud835\uddd4 \ud835\uddd9\ud835\udde5\ud835\udde2\ud835\udde7\ud835\uddd4 \ud835\uddd6\ud835\uddd4\ud835\udde5\ud835\udde1\ud835\uddd8\ud835\udddc\ud835\udde5\ud835\udde2, \ud835\uddf0\ud835\uddfc\ud835\uddfb\ud835\uddf5\ud835\uddf2\ud835\uddf0\ud835\uddf6\ud835\uddf1\ud835\uddfc \ud835\uddf2 \ud835\uddfd\ud835\uddfc\ud835\uddfd\ud835\ude02\ud835\uddf9\ud835\uddee\ud835\uddff \ud835\udde0\ud835\uddd4\ud835\udde1\ud835\uddd8\u0301\ud835\udddc\ud835\udde6, \ud835\uddf3\ud835\uddfc\ud835\uddf6 \ud835\uddf4\ud835\uddfc\ud835\uddf9\ud835\uddf2\ud835\uddf6\ud835\uddff\ud835\uddfc (\ud835\uddf3\ud835\uddf6\ud835\uddfb\ud835\uddee\ud835\uddf9 \ud835\uddf1\ud835\uddfc\ud835\ude00 \ud835\uddee\ud835\uddfb\ud835\uddfc\ud835\ude00 1940) \ud835\uddf2 \ud835\udde3\ud835\uddff\ud835\uddf2\ud835\ude00\ud835\uddf6\ud835\uddf1\ud835\uddf2\ud835\uddfb\ud835\ude01\ud835\uddf2 \ud835\uddf1\ud835\uddfc \ud835\uddda\ud835\udde8\ud835\uddd4\ud835\udde5\ud835\uddd4\ud835\udde1\ud835\uddec \ud835\udde6\ud835\udde3\ud835\udde2\ud835\udde5\ud835\udde7\ud835\udddc\ud835\udde1\ud835\uddda \ud835\uddd6\ud835\udddf\ud835\udde8\ud835\uddd5 \ud835\uddfb\ud835\uddfc\ud835\ude00 \ud835\uddee\ud835\uddfb\ud835\uddfc\ud835\ude00 1950-1960. \ud835\uddd9\ud835\uddf6\ud835\uddf4\ud835\ude02\ud835\uddff\ud835\uddee \ud835\uddf3\ud835\uddfc\ud835\uddf9\ud835\uddf0\ud835\uddf9\ud835\uddfc\u0301\ud835\uddff\ud835\uddf6\ud835\uddf0\ud835\uddee, \ud835\ude01\ud835\uddf6\ud835\uddfb\ud835\uddf5\ud835\uddee \ud835\ude02\ud835\uddfa\ud835\uddee \ud835\uddf6\ud835\uddfa\ud835\uddfc\ud835\uddef\ud835\uddf6\ud835\uddf9\ud835\uddf6\ud835\uddee\u0301\ud835\uddff\ud835\uddf6\ud835\uddee \ud835\uddf2 \ud835\ude02\ud835\uddfa\ud835\uddee \ud835\uddf9\ud835\uddfc\ud835\uddf7\ud835\uddee \ud835\uddf1\ud835\uddf2 \ud835\ude01\ud835\uddf2\ud835\uddf0\ud835\uddf6\ud835\uddf1\ud835\uddfc\ud835\ude00 \ud835\uddfb\ud835\uddee \ud835\udde3\ud835\uddff\ud835\uddee\ud835\uddf0\u0327\ud835\uddee \ud835\uddf1\ud835\uddfc \ud835\uddd6\ud835\udddc\ud835\udde1\ud835\uddd8 \ud835\uddd4\ud835\udddf\ud835\udde9\ud835\udde2\ud835\udde5\ud835\uddd4\ud835\uddd7\ud835\uddd4, \ud835\uddfb\ud835\uddfc \ud835\uddd8\ud835\uddf1\ud835\uddf6\ud835\uddf3\ud835\uddf6\u0308\ud835\uddf0\ud835\uddf6\ud835\uddfc \ud835\udde6\ud835\uddee\ud835\uddfb\ud835\uddf1\ud835\uddff\ud835\uddee \ud835\udde1\ud835\uddfc\ud835\ude03\ud835\uddfc\u2026","rel":"","context":"In &quot;Artigos&quot;","block_context":{"text":"Artigos","link":"https:\/\/correiodasemana.com\/site\/category\/artigos\/"},"img":{"alt_text":"","src":"https:\/\/i0.wp.com\/correiodasemana.com\/site\/wp-content\/uploads\/2020\/08\/Carolino-Soares.png?resize=350%2C200&ssl=1","width":350,"height":200,"srcset":"https:\/\/i0.wp.com\/correiodasemana.com\/site\/wp-content\/uploads\/2020\/08\/Carolino-Soares.png?resize=350%2C200&ssl=1 1x, https:\/\/i0.wp.com\/correiodasemana.com\/site\/wp-content\/uploads\/2020\/08\/Carolino-Soares.png?resize=525%2C300&ssl=1 1.5x, https:\/\/i0.wp.com\/correiodasemana.com\/site\/wp-content\/uploads\/2020\/08\/Carolino-Soares.png?resize=700%2C400&ssl=1 2x"},"classes":[]},{"id":12953,"url":"https:\/\/correiodasemana.com\/site\/no-late-zap-com-mabel-8\/","url_meta":{"origin":17098,"position":4},"title":"NO LATE-ZAP COM MABEL","author":"","date":"Agosto 18, 2020","format":false,"excerpt":"Mabel, por acaso voc\u00ea \u00e9 dona da culpa de Sobral n\u00e3o ser mais o modelo da educa\u00e7\u00e3o brasileira? Pergunto porque n\u00e3o vejo voc\u00ea estudando hora nenhuma. N\u00e3o venha me dizer que algu\u00e9m faz suas provas, pois isso \u00e9 uma grande fraude. Na verdade eu sempre soube que voc\u00ea ia \u00e0\u2026","rel":"","context":"In &quot;Artigos&quot;","block_context":{"text":"Artigos","link":"https:\/\/correiodasemana.com\/site\/category\/artigos\/"},"img":{"alt_text":"","src":"https:\/\/i0.wp.com\/correiodasemana.com\/site\/wp-content\/uploads\/2020\/08\/117163962_290238355633639_4284614535297516281_n-3.jpg?resize=350%2C200&ssl=1","width":350,"height":200,"srcset":"https:\/\/i0.wp.com\/correiodasemana.com\/site\/wp-content\/uploads\/2020\/08\/117163962_290238355633639_4284614535297516281_n-3.jpg?resize=350%2C200&ssl=1 1x, https:\/\/i0.wp.com\/correiodasemana.com\/site\/wp-content\/uploads\/2020\/08\/117163962_290238355633639_4284614535297516281_n-3.jpg?resize=525%2C300&ssl=1 1.5x, https:\/\/i0.wp.com\/correiodasemana.com\/site\/wp-content\/uploads\/2020\/08\/117163962_290238355633639_4284614535297516281_n-3.jpg?resize=700%2C400&ssl=1 2x"},"classes":[]},{"id":19902,"url":"https:\/\/correiodasemana.com\/site\/em-homenagem-aos-97-anos-da-santa-casa-de-misericordia-de-sobral-banda-de-musica-municipal-realiza-concerto-na-alvorada\/","url_meta":{"origin":17098,"position":5},"title":"Em homenagem aos 97 anos da Santa Casa de Miseric\u00f3rdia de Sobral, Banda de M\u00fasica Municipal realiza concerto na alvorada","author":"","date":"Maio 30, 2022","format":false,"excerpt":"Ascom Complexo SCMS Celebrando seu anivers\u00e1rio de 97 anos, a Santa Casa de Miseric\u00f3rdia de Sobral (SCMS) recebeu na ter\u00e7a-feira (24\/05) a Banda de M\u00fasica Maestro Jos\u00e9 Pedro. O concerto, que aconteceu na alvorada, foi organizado para homenagear a institui\u00e7\u00e3o que desde 1925 vem sendo refer\u00eancia em sa\u00fade para a\u2026","rel":"","context":"In &quot;Atualidade&quot;","block_context":{"text":"Atualidade","link":"https:\/\/correiodasemana.com\/site\/category\/atualidade\/"},"img":{"alt_text":"","src":"https:\/\/i0.wp.com\/correiodasemana.com\/site\/wp-content\/uploads\/2022\/05\/show-musical-sta-casa-1.jpg?resize=350%2C200&ssl=1","width":350,"height":200,"srcset":"https:\/\/i0.wp.com\/correiodasemana.com\/site\/wp-content\/uploads\/2022\/05\/show-musical-sta-casa-1.jpg?resize=350%2C200&ssl=1 1x, https:\/\/i0.wp.com\/correiodasemana.com\/site\/wp-content\/uploads\/2022\/05\/show-musical-sta-casa-1.jpg?resize=525%2C300&ssl=1 1.5x, https:\/\/i0.wp.com\/correiodasemana.com\/site\/wp-content\/uploads\/2022\/05\/show-musical-sta-casa-1.jpg?resize=700%2C400&ssl=1 2x"},"classes":[]}],"jetpack_sharing_enabled":true,"_links":{"self":[{"href":"https:\/\/correiodasemana.com\/site\/wp-json\/wp\/v2\/posts\/17098","targetHints":{"allow":["GET"]}}],"collection":[{"href":"https:\/\/correiodasemana.com\/site\/wp-json\/wp\/v2\/posts"}],"about":[{"href":"https:\/\/correiodasemana.com\/site\/wp-json\/wp\/v2\/types\/post"}],"author":[{"embeddable":true,"href":"https:\/\/correiodasemana.com\/site\/wp-json\/wp\/v2\/users\/1"}],"replies":[{"embeddable":true,"href":"https:\/\/correiodasemana.com\/site\/wp-json\/wp\/v2\/comments?post=17098"}],"version-history":[{"count":1,"href":"https:\/\/correiodasemana.com\/site\/wp-json\/wp\/v2\/posts\/17098\/revisions"}],"predecessor-version":[{"id":17101,"href":"https:\/\/correiodasemana.com\/site\/wp-json\/wp\/v2\/posts\/17098\/revisions\/17101"}],"wp:featuredmedia":[{"embeddable":true,"href":"https:\/\/correiodasemana.com\/site\/wp-json\/wp\/v2\/media\/15808"}],"wp:attachment":[{"href":"https:\/\/correiodasemana.com\/site\/wp-json\/wp\/v2\/media?parent=17098"}],"wp:term":[{"taxonomy":"category","embeddable":true,"href":"https:\/\/correiodasemana.com\/site\/wp-json\/wp\/v2\/categories?post=17098"},{"taxonomy":"post_tag","embeddable":true,"href":"https:\/\/correiodasemana.com\/site\/wp-json\/wp\/v2\/tags?post=17098"}],"curies":[{"name":"wp","href":"https:\/\/api.w.org\/{rel}","templated":true}]}}