{"id":17102,"date":"2021-08-02T00:48:40","date_gmt":"2021-08-02T03:48:40","guid":{"rendered":"https:\/\/correiodasemana.com\/site\/?p=17102"},"modified":"2021-08-02T00:48:40","modified_gmt":"2021-08-02T03:48:40","slug":"semanalmente-mercado-publico-de-sobral-coleta-cerca-de-800-quilos-de-residuo-organico","status":"publish","type":"post","link":"https:\/\/correiodasemana.com\/site\/semanalmente-mercado-publico-de-sobral-coleta-cerca-de-800-quilos-de-residuo-organico\/","title":{"rendered":"Semanalmente Mercado P\u00fablico de Sobral coleta cerca de 800 quilos de res\u00edduo org\u00e2nico"},"content":{"rendered":"<p>Por Samuel Carvalho &#8211; Reda\u00e7\u00e3o Correio da Semana<br \/>\nNo interior do Mercado P\u00fablico de Sobral s\u00e3o coletados cerca de 800 quilos de res\u00edduos org\u00e2nicos semanalmente. Os res\u00edduos s\u00e3o compostos por hortali\u00e7as, frutas, folhas e cascas de alimentos. Essa a\u00e7\u00e3o faz parte da coleta seletiva de Sobral, realizada pela Secretaria da Conserva\u00e7\u00e3o e Servi\u00e7os P\u00fablicos (Sesep) em parceria com a administra\u00e7\u00e3o do Mercado que \u00e9 conduzida pela Secretaria do Trabalho e Desenvolvimento Econ\u00f4mico (STDE).<br \/>\nApesar do grande volume de desperd\u00edcio alimentar, os res\u00edduos tem destino final. Todo o material \u00e9 levado para o p\u00e1tio municipal de compostagem, onde o res\u00edduo org\u00e2nico se transforma em um composto natural que \u00e9 utilizado como fertilizante para produ\u00e7\u00e3o de novas mudas de plantas, assim como na conserva\u00e7\u00e3o de \u00e1reas verdes de pra\u00e7as e parques municipais. A coleta \u00e9 feita por uma equipe de limpeza do Mercado P\u00fablico, com o aux\u00edlio de um profissional da Sesep.<br \/>\nSegundo o gerente estrat\u00e9gico da Secretaria do Trabalho e Desenvolvimento Econ\u00f4mico (STDE), Igor Pontes, aconteceu uma mobiliza\u00e7\u00e3o de conscientiza\u00e7\u00e3o da equipe do mercado para que compostos org\u00e2nicos fossem separados pelos permission\u00e1rios. \u2018\u2019Nossa respons\u00e1vel t\u00e9cnica iniciou o trabalho de conscientiza\u00e7\u00e3o com os permission\u00e1rios. Os que aderiram \u00e0 pr\u00e1tica da separa\u00e7\u00e3o dos res\u00edduos receberam um cesto de lixo, pr\u00f3prio para o descarte de material org\u00e2nico. Nos arredores do mercado, o trabalho de conscientiza\u00e7\u00e3o com os comerciantes foi feito em parceria com a Sesep\u2019\u2019, explicou Igor Pontes.<\/p>\n","protected":false},"excerpt":{"rendered":"<p>Por Samuel Carvalho &#8211; Reda\u00e7\u00e3o Correio da Semana No interior do Mercado P\u00fablico de Sobral&#8230;<\/p>\n","protected":false},"author":1,"featured_media":17103,"comment_status":"open","ping_status":"open","sticky":false,"template":"","format":"standard","meta":{"_jetpack_memberships_contains_paid_content":false,"footnotes":"","jetpack_publicize_message":"","jetpack_publicize_feature_enabled":true,"jetpack_social_post_already_shared":true,"jetpack_social_options":{"image_generator_settings":{"template":"highway","default_image_id":0,"font":"","enabled":false},"version":2}},"categories":[1],"tags":[],"class_list":["post-17102","post","type-post","status-publish","format-standard","has-post-thumbnail","hentry","category-atualidade"],"jetpack_publicize_connections":[],"jetpack_featured_media_url":"https:\/\/correiodasemana.com\/site\/wp-content\/uploads\/2021\/08\/COLETA_RES.jpeg","jetpack-related-posts":[{"id":8429,"url":"https:\/\/correiodasemana.com\/site\/vaticano-adota-coleta-seletiva-de-lixo\/","url_meta":{"origin":17102,"position":0},"title":"Vaticano adota coleta seletiva de lixo","author":"","date":"Julho 22, 2019","format":false,"excerpt":"Por\u00a0Eugenio Serra, do Vatican News Animado pelo impulso da Enc\u00edclica \u2018Laudato si\u2019 do Papa Francisco, o Vaticano avan\u00e7a em dire\u00e7\u00e3o a altos percentuais de coleta seletiva de lixo.A venda de pl\u00e1stico descart\u00e1vel j\u00e1 foi proibida e quando terminar o estoque, at\u00e9 o final do ano, estar\u00e1 livre do pl\u00e1stico. Al\u00e9m\u2026","rel":"","context":"In &quot;Diocese&quot;","block_context":{"text":"Diocese","link":"https:\/\/correiodasemana.com\/site\/category\/diocese\/"},"img":{"alt_text":"","src":"https:\/\/i0.wp.com\/correiodasemana.com\/site\/wp-content\/uploads\/2019\/07\/2018-02-25t173748z_1412909612_rc12be97da00_rtrmadp_3_mideast-crisis-syria-pope.jpg?resize=350%2C200&ssl=1","width":350,"height":200,"srcset":"https:\/\/i0.wp.com\/correiodasemana.com\/site\/wp-content\/uploads\/2019\/07\/2018-02-25t173748z_1412909612_rc12be97da00_rtrmadp_3_mideast-crisis-syria-pope.jpg?resize=350%2C200&ssl=1 1x, https:\/\/i0.wp.com\/correiodasemana.com\/site\/wp-content\/uploads\/2019\/07\/2018-02-25t173748z_1412909612_rc12be97da00_rtrmadp_3_mideast-crisis-syria-pope.jpg?resize=525%2C300&ssl=1 1.5x, https:\/\/i0.wp.com\/correiodasemana.com\/site\/wp-content\/uploads\/2019\/07\/2018-02-25t173748z_1412909612_rc12be97da00_rtrmadp_3_mideast-crisis-syria-pope.jpg?resize=700%2C400&ssl=1 2x, https:\/\/i0.wp.com\/correiodasemana.com\/site\/wp-content\/uploads\/2019\/07\/2018-02-25t173748z_1412909612_rc12be97da00_rtrmadp_3_mideast-crisis-syria-pope.jpg?resize=1050%2C600&ssl=1 3x"},"classes":[]},{"id":22979,"url":"https:\/\/correiodasemana.com\/site\/prefeitura-de-sobral-recebe-mais-de-tres-toneladas-de-residuos-eletroeletronicos\/","url_meta":{"origin":17102,"position":1},"title":"Prefeitura de Sobral recebe mais de tr\u00eas toneladas de res\u00edduos eletroeletr\u00f4nicos","author":"adminredacao","date":"Janeiro 22, 2023","format":false,"excerpt":"Grupo Eco-Central dar\u00e1 a destina\u00e7\u00e3o final correta Fonte: Setor de Comunica\u00e7\u00e3o prefeitura de Sobral A Prefeitura de Sobral, por meio da Secretaria da Conserva\u00e7\u00e3o e Servi\u00e7os P\u00fablicos (Sesep) e Secretaria do Trabalho e Desenvolvimento Econ\u00f4mico (STDE), recebeu, mediante entregas volunt\u00e1rias, entre os meses de agosto e dezembro, 3.143,52 kg de\u2026","rel":"","context":"In &quot;Atualidade&quot;","block_context":{"text":"Atualidade","link":"https:\/\/correiodasemana.com\/site\/category\/atualidade\/"},"img":{"alt_text":"","src":"https:\/\/i0.wp.com\/correiodasemana.com\/site\/wp-content\/uploads\/2023\/01\/26ef8f01-11a5-47c2-afae-15617611fff6.jpg?resize=350%2C200&ssl=1","width":350,"height":200,"srcset":"https:\/\/i0.wp.com\/correiodasemana.com\/site\/wp-content\/uploads\/2023\/01\/26ef8f01-11a5-47c2-afae-15617611fff6.jpg?resize=350%2C200&ssl=1 1x, https:\/\/i0.wp.com\/correiodasemana.com\/site\/wp-content\/uploads\/2023\/01\/26ef8f01-11a5-47c2-afae-15617611fff6.jpg?resize=525%2C300&ssl=1 1.5x, https:\/\/i0.wp.com\/correiodasemana.com\/site\/wp-content\/uploads\/2023\/01\/26ef8f01-11a5-47c2-afae-15617611fff6.jpg?resize=700%2C400&ssl=1 2x, https:\/\/i0.wp.com\/correiodasemana.com\/site\/wp-content\/uploads\/2023\/01\/26ef8f01-11a5-47c2-afae-15617611fff6.jpg?resize=1050%2C600&ssl=1 3x, https:\/\/i0.wp.com\/correiodasemana.com\/site\/wp-content\/uploads\/2023\/01\/26ef8f01-11a5-47c2-afae-15617611fff6.jpg?resize=1400%2C800&ssl=1 4x"},"classes":[]},{"id":26523,"url":"https:\/\/correiodasemana.com\/site\/coleta-seletiva-de-eletroeletronicos-de-sobral-arrecada-mais-de-sete-toneladas-em-um-ano-de-campanha\/","url_meta":{"origin":17102,"position":2},"title":"Coleta seletiva de eletroeletr\u00f4nicos de Sobral arrecada mais de sete toneladas em um ano de campanha","author":"adminredacao","date":"Setembro 18, 2023","format":false,"excerpt":"Fonte: Assessoria de imprensa da Prefeitura de Sobral Fruto da parceria entre Prefeitura de Sobral e Grupo Eco-Central, a campanha de coleta seletiva de eletroeletr\u00f4nicos recebeu mais de sete toneladas de materiais que ter\u00e3o destina\u00e7\u00e3o ambientalmente correta. Nos dois pontos de coleta, na sede da Secretaria da Conserva\u00e7\u00e3o e Servi\u00e7os\u2026","rel":"","context":"In &quot;Atualidade&quot;","block_context":{"text":"Atualidade","link":"https:\/\/correiodasemana.com\/site\/category\/atualidade\/"},"img":{"alt_text":"","src":"https:\/\/i0.wp.com\/correiodasemana.com\/site\/wp-content\/uploads\/2023\/09\/ok-EE644BB4-41BD-4EAE-8615-0891982EDDDF.jpg?resize=350%2C200&ssl=1","width":350,"height":200,"srcset":"https:\/\/i0.wp.com\/correiodasemana.com\/site\/wp-content\/uploads\/2023\/09\/ok-EE644BB4-41BD-4EAE-8615-0891982EDDDF.jpg?resize=350%2C200&ssl=1 1x, https:\/\/i0.wp.com\/correiodasemana.com\/site\/wp-content\/uploads\/2023\/09\/ok-EE644BB4-41BD-4EAE-8615-0891982EDDDF.jpg?resize=525%2C300&ssl=1 1.5x, https:\/\/i0.wp.com\/correiodasemana.com\/site\/wp-content\/uploads\/2023\/09\/ok-EE644BB4-41BD-4EAE-8615-0891982EDDDF.jpg?resize=700%2C400&ssl=1 2x, https:\/\/i0.wp.com\/correiodasemana.com\/site\/wp-content\/uploads\/2023\/09\/ok-EE644BB4-41BD-4EAE-8615-0891982EDDDF.jpg?resize=1050%2C600&ssl=1 3x"},"classes":[]},{"id":16553,"url":"https:\/\/correiodasemana.com\/site\/acoes-operacionais-do-centro-municipal-de-residuos-de-sobral-sao-iniciadas\/","url_meta":{"origin":17102,"position":3},"title":"A\u00e7\u00f5es operacionais do Centro Municipal de Res\u00edduos de Sobral s\u00e3o iniciadas","author":"","date":"Maio 24, 2021","format":false,"excerpt":"Por Samuel Carvalho - Reda\u00e7\u00e3o Correio da Semana A Secretaria da Conserva\u00e7\u00e3o e Servi\u00e7os P\u00fablicos de Sobral (SCSP) iniciou noa segunda-feira (17), data em que se comemorou o Dia Internacional da Reciclagem as atividades operacionais do Central Municipal de Res\u00edduos (CMR) do Sinh\u00e1 Sab\u00f3ia. O equipamento tem parceria com a\u2026","rel":"","context":"In &quot;Atualidade&quot;","block_context":{"text":"Atualidade","link":"https:\/\/correiodasemana.com\/site\/category\/atualidade\/"},"img":{"alt_text":"","src":"https:\/\/i0.wp.com\/correiodasemana.com\/site\/wp-content\/uploads\/2021\/05\/IMG-20180921-WA0006-768x432-1.jpg?resize=350%2C200&ssl=1","width":350,"height":200,"srcset":"https:\/\/i0.wp.com\/correiodasemana.com\/site\/wp-content\/uploads\/2021\/05\/IMG-20180921-WA0006-768x432-1.jpg?resize=350%2C200&ssl=1 1x, https:\/\/i0.wp.com\/correiodasemana.com\/site\/wp-content\/uploads\/2021\/05\/IMG-20180921-WA0006-768x432-1.jpg?resize=525%2C300&ssl=1 1.5x, https:\/\/i0.wp.com\/correiodasemana.com\/site\/wp-content\/uploads\/2021\/05\/IMG-20180921-WA0006-768x432-1.jpg?resize=700%2C400&ssl=1 2x"},"classes":[]},{"id":21867,"url":"https:\/\/correiodasemana.com\/site\/prefeitura-de-sobral-instala-mais-11-ilhas-ecologicas-e-amplia-a-coleta-seletiva-na-cidade\/","url_meta":{"origin":17102,"position":4},"title":"Prefeitura de Sobral instala mais 11 ilhas ecol\u00f3gicas e amplia a coleta seletiva na cidade","author":"","date":"Novembro 28, 2022","format":false,"excerpt":"A Prefeitura de Sobral deu in\u00edcio, nesta quarta-feira (23\/11), \u00e0 instala\u00e7\u00e3o de novas ilhas ecol\u00f3gicas, estruturas met\u00e1licas que servem como pontos de entrega de materiais recicl\u00e1veis como pl\u00e1stico, papel, metal e vidro. Sete locais receberam novas unidades e at\u00e9 o final desta semana ser\u00e3o instaladas outras quatro em diferentes espa\u00e7os.\u2026","rel":"","context":"In &quot;Atualidade&quot;","block_context":{"text":"Atualidade","link":"https:\/\/correiodasemana.com\/site\/category\/atualidade\/"},"img":{"alt_text":"","src":"https:\/\/i0.wp.com\/correiodasemana.com\/site\/wp-content\/uploads\/2022\/11\/sobral-ecologica.jpg?resize=350%2C200&ssl=1","width":350,"height":200},"classes":[]},{"id":22753,"url":"https:\/\/correiodasemana.com\/site\/saae-de-sobral-realizou-de-janeiro-a-dezembro-cerca-de-2-500-desobstrucoes-na-rede-de-esgoto\/","url_meta":{"origin":17102,"position":5},"title":"Saae de Sobral realizou de janeiro a dezembro cerca de 2.500 desobstru\u00e7\u00f5es na rede de esgoto","author":"adminredacao","date":"Janeiro 15, 2023","format":false,"excerpt":"Fonte: SAAE Sobral O Servi\u00e7o Aut\u00f4nomo de \u00c1gua e Esgoto (SAAE) de Sobral executa limpezas na rede coletora de esgoto de todo o munic\u00edpio todos os dias, e sempre encontra ac\u00famulo de lixo que foi lan\u00e7ado de forma irregular na rede. Desde o dia 1\u00ba de janeiro at\u00e9 hoje, a\u2026","rel":"","context":"In &quot;Atualidade&quot;","block_context":{"text":"Atualidade","link":"https:\/\/correiodasemana.com\/site\/category\/atualidade\/"},"img":{"alt_text":"","src":"https:\/\/i0.wp.com\/correiodasemana.com\/site\/wp-content\/uploads\/2023\/01\/2182cfa1-3463-4e84-a6aa-2a03b8426916jpeg_1_-_Editado.jpg?resize=350%2C200&ssl=1","width":350,"height":200,"srcset":"https:\/\/i0.wp.com\/correiodasemana.com\/site\/wp-content\/uploads\/2023\/01\/2182cfa1-3463-4e84-a6aa-2a03b8426916jpeg_1_-_Editado.jpg?resize=350%2C200&ssl=1 1x, https:\/\/i0.wp.com\/correiodasemana.com\/site\/wp-content\/uploads\/2023\/01\/2182cfa1-3463-4e84-a6aa-2a03b8426916jpeg_1_-_Editado.jpg?resize=525%2C300&ssl=1 1.5x, https:\/\/i0.wp.com\/correiodasemana.com\/site\/wp-content\/uploads\/2023\/01\/2182cfa1-3463-4e84-a6aa-2a03b8426916jpeg_1_-_Editado.jpg?resize=700%2C400&ssl=1 2x"},"classes":[]}],"jetpack_sharing_enabled":true,"_links":{"self":[{"href":"https:\/\/correiodasemana.com\/site\/wp-json\/wp\/v2\/posts\/17102","targetHints":{"allow":["GET"]}}],"collection":[{"href":"https:\/\/correiodasemana.com\/site\/wp-json\/wp\/v2\/posts"}],"about":[{"href":"https:\/\/correiodasemana.com\/site\/wp-json\/wp\/v2\/types\/post"}],"author":[{"embeddable":true,"href":"https:\/\/correiodasemana.com\/site\/wp-json\/wp\/v2\/users\/1"}],"replies":[{"embeddable":true,"href":"https:\/\/correiodasemana.com\/site\/wp-json\/wp\/v2\/comments?post=17102"}],"version-history":[{"count":1,"href":"https:\/\/correiodasemana.com\/site\/wp-json\/wp\/v2\/posts\/17102\/revisions"}],"predecessor-version":[{"id":17104,"href":"https:\/\/correiodasemana.com\/site\/wp-json\/wp\/v2\/posts\/17102\/revisions\/17104"}],"wp:featuredmedia":[{"embeddable":true,"href":"https:\/\/correiodasemana.com\/site\/wp-json\/wp\/v2\/media\/17103"}],"wp:attachment":[{"href":"https:\/\/correiodasemana.com\/site\/wp-json\/wp\/v2\/media?parent=17102"}],"wp:term":[{"taxonomy":"category","embeddable":true,"href":"https:\/\/correiodasemana.com\/site\/wp-json\/wp\/v2\/categories?post=17102"},{"taxonomy":"post_tag","embeddable":true,"href":"https:\/\/correiodasemana.com\/site\/wp-json\/wp\/v2\/tags?post=17102"}],"curies":[{"name":"wp","href":"https:\/\/api.w.org\/{rel}","templated":true}]}}