{"id":17144,"date":"2021-08-09T01:53:30","date_gmt":"2021-08-09T04:53:30","guid":{"rendered":"https:\/\/correiodasemana.com\/site\/?p=17144"},"modified":"2021-08-09T01:53:30","modified_gmt":"2021-08-09T04:53:30","slug":"diocese-de-sobral-participa-do-seminario-virtual-internacional-nos-passos-do-padre-ibiapina-1806-2021","status":"publish","type":"post","link":"https:\/\/correiodasemana.com\/site\/diocese-de-sobral-participa-do-seminario-virtual-internacional-nos-passos-do-padre-ibiapina-1806-2021\/","title":{"rendered":"Diocese de Sobral participa do Semin\u00e1rio Virtual Internacional \u201cNos passos do Padre Ibiapina (1806-2021)\u201d"},"content":{"rendered":"<p>Por Reda\u00e7\u00e3o &#8211; Jornal Correio da Semana<\/p>\n<p>Promovido pela A Funda\u00e7\u00e3o Cariri \u2013 FUNCAR, institui\u00e7\u00e3o filantr\u00f3pica, sem fins lucrativos, com sede em Crato, Cear\u00e1, Brasil que atua nas mais diferentes \u00e1reas do conhecimento h\u00e1 16 anos, o Semin\u00e1rio Virtual Internacional \u201cNos passos do Padre Ibiapina (1806-2021)\u201d foi promovido na manh\u00e3 de quinta-feira, dia 5, rememorando os 215 anos de nascimento, em Sobral, do Pe. Dr. Jos\u00e9 Ant\u00f4nio de Maria Pereira Ibiapina.<br \/>\nA Dra. Ant\u00f4nia Lasdislau, presidente da Funda\u00e7\u00e3o Cariri (Funcar), fez a abertura, acolhendo a todos os palestrantes e em seguida passou a palavra ao Bispo Diocesano de Sobral e presidente do Regional Nordeste 1 da CNBB, Dom Jos\u00e9 Luiz Gomes de Vasconcelos que falou da alegria de ser bispo de uma Diocese centen\u00e1rio e que possui quatro filhos candidatos \u00e0 santidade, incluindo o Pe. Ibiapina. Na sequ\u00eancia, Dom Vasconcelos informou que em atendimento a pleito da Ordem dos Advogados do Brasil Cear\u00e1 Subse\u00e7\u00e3o de Sobral e da Academia Sobralense de Letras Jur\u00eddicas (ASLEJUR), por seus representantes legais, em data de 4 de agosto de 2016, Rafael Pereira Ponte e Jos\u00e9 Lu\u00eds Ara\u00fajo Lira, decretou o Padre Doutor Jos\u00e9 Ant\u00f4nio de Maria Pereira Ibiapina, patrono dos Advogados, Professores Universit\u00e1rios e demais operadores do Direito, perante o povo de Deus Cat\u00f3lico, em todo o territ\u00f3rio Diocesano desta Diocese de Sobral.<br \/>\nEm seguida falaram o Pe. Aur\u00e9lio Miranda, da Diocese de Guarabira e reitor do Memorial e Santu\u00e1rio do Padre Ibiapina; Pe. Erivaldo Ponte, da Diocese de Sobral, sobre a vida e a obra do Pe. Ibiapina; Dr. Paulo Quezado, advogado, sobre o Ibiapina Pol\u00edtico; Profa. Dra. F\u00e1tima Pinho, da URCA, sobre a religiosidade popular; Pe. Jos\u00e9 Fl\u00f3ren, da Diocese de Guarabira, sobre o in\u00edcio da causa de beatifica\u00e7\u00e3o e de canoniza\u00e7\u00e3o; Prof. Dr. Jos\u00e9 Lu\u00eds Lira, da Diocese de Sobral, sobre o jurista Ibiapina; Pe. Thales Eduardo Figueiredo, sobre o peregrino da Caridade; Prof. Durval Leal Filho, sobre os caminhos do Pe. Ibiapina e, finalizando, direto de Roma, o Dr. Paolo Vilotta, postulador da Causa de Beatifica\u00e7\u00e3o do Pe. Ibiapina, sobre o andamento e fase atual da Causa.<br \/>\nAo final, Dom Vasconcelos homenageou o Mons. Francisco Sadoc de Ara\u00fajo, a quem tamb\u00e9m o Prof. Jos\u00e9 Lira ofereceu sua palestra, pela sua import\u00e2ncia para a Diocese e para a Causa de Beatifica\u00e7\u00e3o e de Canoniza\u00e7\u00e3o do Pe. Ibiapina.<br \/>\nEncerrando a Profa. Ant\u00f4nia Lasdislau, agradeceu a todos e encerrou o Semin\u00e1rio. Na data natal\u00edcia do grande sobralense Pe. Ibiapina, a Diocese de Sobral, o Brasil e porque n\u00e3o dizer o mundo se voltaram \u00e0 sua mem\u00f3ria.<br \/>\nO evento foi transmitido por redes sociais e pela TV Assembleia Legislativa da Para\u00edba, contou com a colabora\u00e7\u00e3o da Diocese de Sobral, Diocese de Guarabira e Diocese de Crato e apoio da Universidade Federal da Para\u00edba-UFPB, Universidade Regional do Cariri (URCA) e TV Assembleia Legislativa.<\/p>\n<p><img fetchpriority=\"high\" decoding=\"async\" class=\"alignleft size-medium wp-image-17145\" src=\"https:\/\/correiodasemana.com\/site\/wp-content\/uploads\/2021\/08\/diocese-em-seminario-virtual-1-300x201.jpeg\" alt=\"\" width=\"300\" height=\"201\" srcset=\"https:\/\/correiodasemana.com\/site\/wp-content\/uploads\/2021\/08\/diocese-em-seminario-virtual-1-300x201.jpeg 300w, https:\/\/correiodasemana.com\/site\/wp-content\/uploads\/2021\/08\/diocese-em-seminario-virtual-1-1024x685.jpeg 1024w, https:\/\/correiodasemana.com\/site\/wp-content\/uploads\/2021\/08\/diocese-em-seminario-virtual-1-768x514.jpeg 768w, https:\/\/correiodasemana.com\/site\/wp-content\/uploads\/2021\/08\/diocese-em-seminario-virtual-1.jpeg 1280w\" sizes=\"(max-width: 300px) 100vw, 300px\" \/> <img decoding=\"async\" class=\"alignleft size-medium wp-image-17146\" src=\"https:\/\/correiodasemana.com\/site\/wp-content\/uploads\/2021\/08\/diocese-em-seminario-virtual-2-300x201.jpeg\" alt=\"\" width=\"300\" height=\"201\" srcset=\"https:\/\/correiodasemana.com\/site\/wp-content\/uploads\/2021\/08\/diocese-em-seminario-virtual-2-300x201.jpeg 300w, https:\/\/correiodasemana.com\/site\/wp-content\/uploads\/2021\/08\/diocese-em-seminario-virtual-2-1024x685.jpeg 1024w, https:\/\/correiodasemana.com\/site\/wp-content\/uploads\/2021\/08\/diocese-em-seminario-virtual-2-768x514.jpeg 768w, https:\/\/correiodasemana.com\/site\/wp-content\/uploads\/2021\/08\/diocese-em-seminario-virtual-2.jpeg 1280w\" sizes=\"(max-width: 300px) 100vw, 300px\" \/> <img decoding=\"async\" class=\"alignleft size-medium wp-image-17147\" src=\"https:\/\/correiodasemana.com\/site\/wp-content\/uploads\/2021\/08\/diocese-em-seminario-virtual-3-300x201.jpeg\" alt=\"\" width=\"300\" height=\"201\" srcset=\"https:\/\/correiodasemana.com\/site\/wp-content\/uploads\/2021\/08\/diocese-em-seminario-virtual-3-300x201.jpeg 300w, https:\/\/correiodasemana.com\/site\/wp-content\/uploads\/2021\/08\/diocese-em-seminario-virtual-3-1024x685.jpeg 1024w, https:\/\/correiodasemana.com\/site\/wp-content\/uploads\/2021\/08\/diocese-em-seminario-virtual-3-768x514.jpeg 768w, https:\/\/correiodasemana.com\/site\/wp-content\/uploads\/2021\/08\/diocese-em-seminario-virtual-3.jpeg 1280w\" sizes=\"(max-width: 300px) 100vw, 300px\" \/> <img loading=\"lazy\" decoding=\"async\" class=\"alignleft size-medium wp-image-17148\" src=\"https:\/\/correiodasemana.com\/site\/wp-content\/uploads\/2021\/08\/diocese-em-seminario-virtual-4-300x201.jpeg\" alt=\"\" width=\"300\" height=\"201\" srcset=\"https:\/\/correiodasemana.com\/site\/wp-content\/uploads\/2021\/08\/diocese-em-seminario-virtual-4-300x201.jpeg 300w, https:\/\/correiodasemana.com\/site\/wp-content\/uploads\/2021\/08\/diocese-em-seminario-virtual-4-1024x685.jpeg 1024w, https:\/\/correiodasemana.com\/site\/wp-content\/uploads\/2021\/08\/diocese-em-seminario-virtual-4-768x514.jpeg 768w, https:\/\/correiodasemana.com\/site\/wp-content\/uploads\/2021\/08\/diocese-em-seminario-virtual-4.jpeg 1280w\" sizes=\"(max-width: 300px) 100vw, 300px\" \/> <img loading=\"lazy\" decoding=\"async\" class=\"alignleft size-medium wp-image-17149\" src=\"https:\/\/correiodasemana.com\/site\/wp-content\/uploads\/2021\/08\/diocese-em-seminario-virtual-5-300x201.jpeg\" alt=\"\" width=\"300\" height=\"201\" srcset=\"https:\/\/correiodasemana.com\/site\/wp-content\/uploads\/2021\/08\/diocese-em-seminario-virtual-5-300x201.jpeg 300w, https:\/\/correiodasemana.com\/site\/wp-content\/uploads\/2021\/08\/diocese-em-seminario-virtual-5-1024x685.jpeg 1024w, https:\/\/correiodasemana.com\/site\/wp-content\/uploads\/2021\/08\/diocese-em-seminario-virtual-5-768x514.jpeg 768w, https:\/\/correiodasemana.com\/site\/wp-content\/uploads\/2021\/08\/diocese-em-seminario-virtual-5.jpeg 1280w\" sizes=\"(max-width: 300px) 100vw, 300px\" \/><\/p>\n","protected":false},"excerpt":{"rendered":"<p>Por Reda\u00e7\u00e3o &#8211; Jornal Correio da Semana Promovido pela A Funda\u00e7\u00e3o Cariri \u2013 FUNCAR, institui\u00e7\u00e3o&#8230;<\/p>\n","protected":false},"author":1,"featured_media":17147,"comment_status":"open","ping_status":"open","sticky":false,"template":"","format":"standard","meta":{"_jetpack_memberships_contains_paid_content":false,"footnotes":"","jetpack_publicize_message":"","jetpack_publicize_feature_enabled":true,"jetpack_social_post_already_shared":true,"jetpack_social_options":{"image_generator_settings":{"template":"highway","default_image_id":0,"font":"","enabled":false},"version":2}},"categories":[1],"tags":[],"class_list":["post-17144","post","type-post","status-publish","format-standard","has-post-thumbnail","hentry","category-atualidade"],"jetpack_publicize_connections":[],"jetpack_featured_media_url":"https:\/\/correiodasemana.com\/site\/wp-content\/uploads\/2021\/08\/diocese-em-seminario-virtual-3.jpeg","jetpack-related-posts":[{"id":33251,"url":"https:\/\/correiodasemana.com\/site\/padre-ibiapina-e-declarado-veneravel\/","url_meta":{"origin":17144,"position":0},"title":"Padre Ibiapina \u00e9 declarado Vener\u00e1vel","author":"adminredacao","date":"Abril 7, 2025","format":false,"excerpt":"A Diocese de Sobral est\u00e1 em festa pela proclama\u00e7\u00e3o do Servo de Deus Pe. Jos\u00e9 Ant\u00f4nio Maria Ibiapina, hoje Vener\u00e1vel. A not\u00edcia do decreto aprovado pelo Santo Padre, o Papa Francisco, foi divulgada nesta segunda-feira, 31 de mar\u00e7o, pelo Vatican News. Padre Ibiapina nasceu em Sobral no dia 5 de\u2026","rel":"","context":"In &quot;Atualidade&quot;","block_context":{"text":"Atualidade","link":"https:\/\/correiodasemana.com\/site\/category\/atualidade\/"},"img":{"alt_text":"","src":"https:\/\/i0.wp.com\/correiodasemana.com\/site\/wp-content\/uploads\/2025\/04\/WhatsApp-Image-2025-04-04-at-17.12.53.jpeg?resize=350%2C200&ssl=1","width":350,"height":200,"srcset":"https:\/\/i0.wp.com\/correiodasemana.com\/site\/wp-content\/uploads\/2025\/04\/WhatsApp-Image-2025-04-04-at-17.12.53.jpeg?resize=350%2C200&ssl=1 1x, https:\/\/i0.wp.com\/correiodasemana.com\/site\/wp-content\/uploads\/2025\/04\/WhatsApp-Image-2025-04-04-at-17.12.53.jpeg?resize=525%2C300&ssl=1 1.5x, https:\/\/i0.wp.com\/correiodasemana.com\/site\/wp-content\/uploads\/2025\/04\/WhatsApp-Image-2025-04-04-at-17.12.53.jpeg?resize=700%2C400&ssl=1 2x, https:\/\/i0.wp.com\/correiodasemana.com\/site\/wp-content\/uploads\/2025\/04\/WhatsApp-Image-2025-04-04-at-17.12.53.jpeg?resize=1050%2C600&ssl=1 3x"},"classes":[]},{"id":16984,"url":"https:\/\/correiodasemana.com\/site\/a-santa-casa-pelo-padre-ze-linhares\/","url_meta":{"origin":17144,"position":1},"title":"A Santa Casa pelo Padre Z\u00e9 Linhares\u00a0","author":"","date":"Julho 12, 2021","format":false,"excerpt":"O t\u00edtulo desta coluna que hoje ser\u00e1 maior que o habitual, tem sentido amplo. Referiremos \u00e0 publica\u00e7\u00e3o do livro enciclop\u00e9dico e hist\u00f3rico em dois volumes escrito pelo Padre Jos\u00e9 Linhares Ponte, nosso querido Padre Z\u00e9: \u201cA Hist\u00f3ria da Santa Casa de Miseric\u00f3rdia de Sobral: Sonho, Saga, Sacramental (Mist\u00e9rio e Milagre)\u201d.\u2026","rel":"","context":"In &quot;Artigos&quot;","block_context":{"text":"Artigos","link":"https:\/\/correiodasemana.com\/site\/category\/artigos\/"},"img":{"alt_text":"","src":"https:\/\/i0.wp.com\/correiodasemana.com\/site\/wp-content\/uploads\/2019\/07\/Jose%CC%81-1.jpg?resize=350%2C200&ssl=1","width":350,"height":200,"srcset":"https:\/\/i0.wp.com\/correiodasemana.com\/site\/wp-content\/uploads\/2019\/07\/Jose%CC%81-1.jpg?resize=350%2C200&ssl=1 1x, https:\/\/i0.wp.com\/correiodasemana.com\/site\/wp-content\/uploads\/2019\/07\/Jose%CC%81-1.jpg?resize=525%2C300&ssl=1 1.5x, https:\/\/i0.wp.com\/correiodasemana.com\/site\/wp-content\/uploads\/2019\/07\/Jose%CC%81-1.jpg?resize=700%2C400&ssl=1 2x"},"classes":[]},{"id":28460,"url":"https:\/\/correiodasemana.com\/site\/poucas-e-boas-27\/","url_meta":{"origin":17144,"position":2},"title":"POUCAS E BOAS","author":"adminredacao","date":"Fevereiro 19, 2024","format":false,"excerpt":"PADRE IBIAPINA: Ainda ilustre desconhecido em sua terra. Por qu\u00ea? Nesta segunda-feira (19), transcorre o 141\u00ba anivers\u00e1rio da morte do Padre Ibiapina (foto); em 5 de agosto, o 216\u00ba do seu nascimento. N\u00e3o obstante o grande e valioso trabalho de divulga\u00e7\u00e3o feito pelo Monsenhor Sadoc de Ara\u00fajo e por mais\u2026","rel":"","context":"In &quot;Artigos&quot;","block_context":{"text":"Artigos","link":"https:\/\/correiodasemana.com\/site\/category\/artigos\/"},"img":{"alt_text":"","src":"https:\/\/i0.wp.com\/correiodasemana.com\/site\/wp-content\/uploads\/2023\/05\/artemisio-da-costa-2.jpg?resize=350%2C200&ssl=1","width":350,"height":200},"classes":[]},{"id":22315,"url":"https:\/\/correiodasemana.com\/site\/parabens-monsenhor-sadoc\/","url_meta":{"origin":17144,"position":3},"title":"Parab\u00e9ns, Monsenhor Sadoc!","author":"","date":"Dezembro 17, 2022","format":false,"excerpt":"\u00a0 Nasceu em Sobral-CE a 17 de dezembro de 1931. Ordena\u00e7\u00e3o Sacerdotal em Roma a 25 de fevereiro de 1956. Filia\u00e7\u00e3o: Galdino Orlando de Ara\u00fajo e Rita Albuquerque de Ara\u00fajo. Forma\u00e7\u00e3o: Curso Prim\u00e1rio no Educand\u00e1rio S\u00e3o Jos\u00e9, Sobral - 1942; Cursos Ginasial e Cient\u00edfico - Semin\u00e1rio de Sobral 1943 a\u2026","rel":"","context":"In &quot;Atualidade&quot;","block_context":{"text":"Atualidade","link":"https:\/\/correiodasemana.com\/site\/category\/atualidade\/"},"img":{"alt_text":"","src":"https:\/\/i0.wp.com\/correiodasemana.com\/site\/wp-content\/uploads\/2022\/12\/320359200_859301662050875_7435346745441682972_n.jpg?resize=350%2C200&ssl=1","width":350,"height":200,"srcset":"https:\/\/i0.wp.com\/correiodasemana.com\/site\/wp-content\/uploads\/2022\/12\/320359200_859301662050875_7435346745441682972_n.jpg?resize=350%2C200&ssl=1 1x, https:\/\/i0.wp.com\/correiodasemana.com\/site\/wp-content\/uploads\/2022\/12\/320359200_859301662050875_7435346745441682972_n.jpg?resize=525%2C300&ssl=1 1.5x, https:\/\/i0.wp.com\/correiodasemana.com\/site\/wp-content\/uploads\/2022\/12\/320359200_859301662050875_7435346745441682972_n.jpg?resize=700%2C400&ssl=1 2x, https:\/\/i0.wp.com\/correiodasemana.com\/site\/wp-content\/uploads\/2022\/12\/320359200_859301662050875_7435346745441682972_n.jpg?resize=1050%2C600&ssl=1 3x"},"classes":[]},{"id":8438,"url":"https:\/\/correiodasemana.com\/site\/padre-cicero-85-anos-depois\/","url_meta":{"origin":17144,"position":4},"title":"PADRE C\u00cdCERO, 85 ANOS DEPOIS!","author":"","date":"Julho 22, 2019","format":false,"excerpt":"H\u00e1 exatos 85 anos, em Juazeiro do Norte, aos 90 anos falecia o santo dos sertanejos, Padre C\u00edcero Rom\u00e3o Batista. Quase cego. Proibido de celebrar ou de falar do milagre que presenciou. Obediente. Semana passada, falei sobre o Padre C\u00edcero. O tema \u00e9 inesgot\u00e1vel e eu lembrava leitura que havia\u2026","rel":"","context":"In &quot;Artigos&quot;","block_context":{"text":"Artigos","link":"https:\/\/correiodasemana.com\/site\/category\/artigos\/"},"img":{"alt_text":"","src":"https:\/\/i0.wp.com\/correiodasemana.com\/site\/wp-content\/uploads\/2019\/07\/Jose%CC%81-1.jpg?resize=350%2C200&ssl=1","width":350,"height":200,"srcset":"https:\/\/i0.wp.com\/correiodasemana.com\/site\/wp-content\/uploads\/2019\/07\/Jose%CC%81-1.jpg?resize=350%2C200&ssl=1 1x, https:\/\/i0.wp.com\/correiodasemana.com\/site\/wp-content\/uploads\/2019\/07\/Jose%CC%81-1.jpg?resize=525%2C300&ssl=1 1.5x, https:\/\/i0.wp.com\/correiodasemana.com\/site\/wp-content\/uploads\/2019\/07\/Jose%CC%81-1.jpg?resize=700%2C400&ssl=1 2x"},"classes":[]},{"id":25958,"url":"https:\/\/correiodasemana.com\/site\/poucas-e-boas-13\/","url_meta":{"origin":17144,"position":5},"title":"POUCAS E BOAS","author":"adminredacao","date":"Agosto 8, 2023","format":false,"excerpt":"Padre Ibiapina merece mais de sua terra Neste s\u00e1bado, 5 de agosto, transcorre o 217\u00ba anivers\u00e1rio de nascimento do Padre Ibiapina; antes, em 19 de fevereiro deste ano foi lembrado o 140\u00ba ano de sua morte. N\u00e3o obstante o valioso e incans\u00e1vel trabalho de pesquisa e divulga\u00e7\u00e3o do Monsenhor Sadoc\u2026","rel":"","context":"In &quot;Artigos&quot;","block_context":{"text":"Artigos","link":"https:\/\/correiodasemana.com\/site\/category\/artigos\/"},"img":{"alt_text":"","src":"https:\/\/i0.wp.com\/correiodasemana.com\/site\/wp-content\/uploads\/2023\/05\/artemisio-da-costa-2.jpg?resize=350%2C200&ssl=1","width":350,"height":200},"classes":[]}],"jetpack_sharing_enabled":true,"_links":{"self":[{"href":"https:\/\/correiodasemana.com\/site\/wp-json\/wp\/v2\/posts\/17144","targetHints":{"allow":["GET"]}}],"collection":[{"href":"https:\/\/correiodasemana.com\/site\/wp-json\/wp\/v2\/posts"}],"about":[{"href":"https:\/\/correiodasemana.com\/site\/wp-json\/wp\/v2\/types\/post"}],"author":[{"embeddable":true,"href":"https:\/\/correiodasemana.com\/site\/wp-json\/wp\/v2\/users\/1"}],"replies":[{"embeddable":true,"href":"https:\/\/correiodasemana.com\/site\/wp-json\/wp\/v2\/comments?post=17144"}],"version-history":[{"count":1,"href":"https:\/\/correiodasemana.com\/site\/wp-json\/wp\/v2\/posts\/17144\/revisions"}],"predecessor-version":[{"id":17150,"href":"https:\/\/correiodasemana.com\/site\/wp-json\/wp\/v2\/posts\/17144\/revisions\/17150"}],"wp:featuredmedia":[{"embeddable":true,"href":"https:\/\/correiodasemana.com\/site\/wp-json\/wp\/v2\/media\/17147"}],"wp:attachment":[{"href":"https:\/\/correiodasemana.com\/site\/wp-json\/wp\/v2\/media?parent=17144"}],"wp:term":[{"taxonomy":"category","embeddable":true,"href":"https:\/\/correiodasemana.com\/site\/wp-json\/wp\/v2\/categories?post=17144"},{"taxonomy":"post_tag","embeddable":true,"href":"https:\/\/correiodasemana.com\/site\/wp-json\/wp\/v2\/tags?post=17144"}],"curies":[{"name":"wp","href":"https:\/\/api.w.org\/{rel}","templated":true}]}}