{"id":17182,"date":"2021-08-09T02:07:24","date_gmt":"2021-08-09T05:07:24","guid":{"rendered":"https:\/\/correiodasemana.com\/site\/?p=17182"},"modified":"2021-08-09T02:07:24","modified_gmt":"2021-08-09T05:07:24","slug":"hospital-do-coracao-de-sobral-promove-acao-sobre-equipe-multiprofissional-de-terapia-nutricional","status":"publish","type":"post","link":"https:\/\/correiodasemana.com\/site\/hospital-do-coracao-de-sobral-promove-acao-sobre-equipe-multiprofissional-de-terapia-nutricional\/","title":{"rendered":"Hospital do Cora\u00e7\u00e3o de Sobral promove a\u00e7\u00e3o sobre Equipe Multiprofissional de Terapia Nutricional \u00a0"},"content":{"rendered":"<p>Colaboradores tiveram a oportunidade de conhecer um pouco do trabalho e da import\u00e2ncia da EMTN<\/p>\n<p>De acordo com a Sociedade Brasileira de Nutri\u00e7\u00e3o Parenteral e Enteral (SBNPE), durante a hospitaliza\u00e7\u00e3o, quase 30% dos pacientes tornam-se desnutridos nas primeiras 48 horas no hospital. Para que haja a devida aten\u00e7\u00e3o a essa quest\u00e3o da monitora\u00e7\u00e3o do paciente hospitalizado e no tratamento da desnutri\u00e7\u00e3o hospitalar, o Hospital do Cora\u00e7\u00e3o de Sobral conta com uma Equipe Multiprofissional de Terapia Nutricional (EMTN). Composta por especialistas com forma\u00e7\u00f5es distintas, a equipe permite integrar e complementar os conhecimentos e habilidades dos integrantes para cumprir o objetivo proposto, que \u00e9 o de identificar, intervir e acompanhar o tratamento dos dist\u00farbios nutricionais.<br \/>\nNa ter\u00e7a-feira (03\/08), colaboradores, residentes e internos tiveram a oportunidade de conhecer um pouco do trabalho e da import\u00e2ncia da EMTN por meio de uma a\u00e7\u00e3o din\u00e2mica realizada na entrada dos funcion\u00e1rios da unidade. A ocasi\u00e3o contou com a presen\u00e7a de fornecedores parceiros e do servi\u00e7o de Nutri\u00e7\u00e3o da Santa Casa.<br \/>\n\u201cA Equipe Multiprofissional de Terapia Nutricional visa proporcionar uma nutri\u00e7\u00e3o adequada a cada paciente, ou seja, individualizada. Al\u00e9m disso, ela tem o papel de diagnosticar o estado nutricional, identificando a incid\u00eancia de risco nutricional bem como a desnutri\u00e7\u00e3o e intervindo assim de forma multidisciplinar naquelas pacientes que se enquadram em nossos protocolos assistenciais\u201d, explicou a presidente da EMTN, a nutricionista K\u00e1tia Souza.<br \/>\nAssessoria de Comunica\u00e7\u00e3o e Imprensa &#8211; Complexo Santa Casa de Miseric\u00f3rdia de Sobral &#8211; Ramal: 1517 |\u00a0Fixo.: 88 3112-0517<\/p>\n<p><img fetchpriority=\"high\" decoding=\"async\" class=\"alignleft size-medium wp-image-17183\" src=\"https:\/\/correiodasemana.com\/site\/wp-content\/uploads\/2021\/08\/Foto-1-300x200.jpg\" alt=\"\" width=\"300\" height=\"200\" srcset=\"https:\/\/correiodasemana.com\/site\/wp-content\/uploads\/2021\/08\/Foto-1-300x200.jpg 300w, https:\/\/correiodasemana.com\/site\/wp-content\/uploads\/2021\/08\/Foto-1-1024x683.jpg 1024w, https:\/\/correiodasemana.com\/site\/wp-content\/uploads\/2021\/08\/Foto-1-768x512.jpg 768w, https:\/\/correiodasemana.com\/site\/wp-content\/uploads\/2021\/08\/Foto-1.jpg 1440w\" sizes=\"(max-width: 300px) 100vw, 300px\" \/> <img decoding=\"async\" class=\"alignleft size-medium wp-image-17184\" src=\"https:\/\/correiodasemana.com\/site\/wp-content\/uploads\/2021\/08\/Foto-2-300x200.jpg\" alt=\"\" width=\"300\" height=\"200\" srcset=\"https:\/\/correiodasemana.com\/site\/wp-content\/uploads\/2021\/08\/Foto-2-300x200.jpg 300w, https:\/\/correiodasemana.com\/site\/wp-content\/uploads\/2021\/08\/Foto-2-1024x683.jpg 1024w, https:\/\/correiodasemana.com\/site\/wp-content\/uploads\/2021\/08\/Foto-2-768x512.jpg 768w, https:\/\/correiodasemana.com\/site\/wp-content\/uploads\/2021\/08\/Foto-2.jpg 1440w\" sizes=\"(max-width: 300px) 100vw, 300px\" \/><\/p>\n","protected":false},"excerpt":{"rendered":"<p>Colaboradores tiveram a oportunidade de conhecer um pouco do trabalho e da import\u00e2ncia da EMTN&#8230;<\/p>\n","protected":false},"author":1,"featured_media":17184,"comment_status":"open","ping_status":"open","sticky":false,"template":"","format":"standard","meta":{"_jetpack_memberships_contains_paid_content":false,"footnotes":"","jetpack_publicize_message":"","jetpack_publicize_feature_enabled":true,"jetpack_social_post_already_shared":true,"jetpack_social_options":{"image_generator_settings":{"template":"highway","default_image_id":0,"font":"","enabled":false},"version":2}},"categories":[1],"tags":[],"class_list":["post-17182","post","type-post","status-publish","format-standard","has-post-thumbnail","hentry","category-atualidade"],"jetpack_publicize_connections":[],"jetpack_featured_media_url":"https:\/\/correiodasemana.com\/site\/wp-content\/uploads\/2021\/08\/Foto-2.jpg","jetpack-related-posts":[{"id":9586,"url":"https:\/\/correiodasemana.com\/site\/redeterapia-auxilia-na-recuperacao-de-bebes-prematuros\/","url_meta":{"origin":17182,"position":0},"title":"Redeterapia auxilia na recupera\u00e7\u00e3o de beb\u00eas prematuros","author":"","date":"Outubro 28, 2019","format":false,"excerpt":"T\u00e9cnica na qual os beb\u00eas mais est\u00e1veis s\u00e3o colocados em pequenas redes dentro da incubadora, ajudando a adquirir uma posi\u00e7\u00e3o mais confort\u00e1vel, semelhante a que estava no \u00fatero materno Na Unidade de Terapia Intensiva Neonatal (UTIN) do Hospital Regional Norte em Sobral, do Governo do Cear\u00e1, administrado pelo Instituto de\u2026","rel":"","context":"In &quot;Sa\u00fade&quot;","block_context":{"text":"Sa\u00fade","link":"https:\/\/correiodasemana.com\/site\/category\/saude\/"},"img":{"alt_text":"","src":"https:\/\/i0.wp.com\/correiodasemana.com\/site\/wp-content\/uploads\/2019\/10\/HRN.jpg?resize=350%2C200&ssl=1","width":350,"height":200,"srcset":"https:\/\/i0.wp.com\/correiodasemana.com\/site\/wp-content\/uploads\/2019\/10\/HRN.jpg?resize=350%2C200&ssl=1 1x, https:\/\/i0.wp.com\/correiodasemana.com\/site\/wp-content\/uploads\/2019\/10\/HRN.jpg?resize=525%2C300&ssl=1 1.5x, https:\/\/i0.wp.com\/correiodasemana.com\/site\/wp-content\/uploads\/2019\/10\/HRN.jpg?resize=700%2C400&ssl=1 2x, https:\/\/i0.wp.com\/correiodasemana.com\/site\/wp-content\/uploads\/2019\/10\/HRN.jpg?resize=1050%2C600&ssl=1 3x, https:\/\/i0.wp.com\/correiodasemana.com\/site\/wp-content\/uploads\/2019\/10\/HRN.jpg?resize=1400%2C800&ssl=1 4x"},"classes":[]},{"id":14550,"url":"https:\/\/correiodasemana.com\/site\/pacientes-do-servico-de-oncologia-da-santa-casa-de-misericordia-de-sobral-participam-de-acao-interativa-na-abertura-do-novembro-azul\/","url_meta":{"origin":17182,"position":1},"title":"Pacientes do servi\u00e7o de Oncologia da Santa Casa de Miseric\u00f3rdia de Sobral participam de a\u00e7\u00e3o interativa na abertura do Novembro Azul","author":"","date":"Novembro 16, 2020","format":false,"excerpt":"A a\u00e7\u00e3o marcou o encerramento da Campanha Outubro Rosa e abertura do Novembro Azul A Santa Casa de Miseric\u00f3rdia de Sobral vem atuando com humaniza\u00e7\u00e3o e empatia, tendo como objetivo principal, amenizar a\u00a0ang\u00fastia\u00a0dos seus pacientes durante tratamentos ou hospitaliza\u00e7\u00f5es. Pensando nisso, o setor de Triagem do servi\u00e7o de Oncologia realizou,\u2026","rel":"","context":"In &quot;Atualidade&quot;","block_context":{"text":"Atualidade","link":"https:\/\/correiodasemana.com\/site\/category\/atualidade\/"},"img":{"alt_text":"","src":"https:\/\/i0.wp.com\/correiodasemana.com\/site\/wp-content\/uploads\/2020\/11\/Foto-1-2-scaled.jpg?resize=350%2C200&ssl=1","width":350,"height":200,"srcset":"https:\/\/i0.wp.com\/correiodasemana.com\/site\/wp-content\/uploads\/2020\/11\/Foto-1-2-scaled.jpg?resize=350%2C200&ssl=1 1x, https:\/\/i0.wp.com\/correiodasemana.com\/site\/wp-content\/uploads\/2020\/11\/Foto-1-2-scaled.jpg?resize=525%2C300&ssl=1 1.5x, https:\/\/i0.wp.com\/correiodasemana.com\/site\/wp-content\/uploads\/2020\/11\/Foto-1-2-scaled.jpg?resize=700%2C400&ssl=1 2x, https:\/\/i0.wp.com\/correiodasemana.com\/site\/wp-content\/uploads\/2020\/11\/Foto-1-2-scaled.jpg?resize=1050%2C600&ssl=1 3x, https:\/\/i0.wp.com\/correiodasemana.com\/site\/wp-content\/uploads\/2020\/11\/Foto-1-2-scaled.jpg?resize=1400%2C800&ssl=1 4x"},"classes":[]},{"id":12217,"url":"https:\/\/correiodasemana.com\/site\/visitas-virtuais-aproximam-familias-e-pacientes-em-hospitais-no-interior-do-ceara\/","url_meta":{"origin":17182,"position":2},"title":"Visitas virtuais aproximam fam\u00edlias e pacientes em hospitais no interior do Cear\u00e1","author":"","date":"Julho 25, 2020","format":false,"excerpt":"Devido \u00e0 suspens\u00e3o das visitas como medida de preven\u00e7\u00e3o \u00e0 Covid-19, pacientes do Hospital Regional Norte (HRN), em Sobral, passaram a conversar com familiares e amigos por meio de videochamadas Devido \u00e0 suspens\u00e3o das visitas como medida de preven\u00e7\u00e3o \u00e0 Covid-19, pacientes do Hospital Regional Norte (HRN), em Sobral, e\u2026","rel":"","context":"In &quot;Atualidade&quot;","block_context":{"text":"Atualidade","link":"https:\/\/correiodasemana.com\/site\/category\/atualidade\/"},"img":{"alt_text":"","src":"https:\/\/i0.wp.com\/correiodasemana.com\/site\/wp-content\/uploads\/2020\/07\/WhatsApp-Image-2020-07-23-at-13.48.05.jpeg?resize=350%2C200&ssl=1","width":350,"height":200,"srcset":"https:\/\/i0.wp.com\/correiodasemana.com\/site\/wp-content\/uploads\/2020\/07\/WhatsApp-Image-2020-07-23-at-13.48.05.jpeg?resize=350%2C200&ssl=1 1x, https:\/\/i0.wp.com\/correiodasemana.com\/site\/wp-content\/uploads\/2020\/07\/WhatsApp-Image-2020-07-23-at-13.48.05.jpeg?resize=525%2C300&ssl=1 1.5x, https:\/\/i0.wp.com\/correiodasemana.com\/site\/wp-content\/uploads\/2020\/07\/WhatsApp-Image-2020-07-23-at-13.48.05.jpeg?resize=700%2C400&ssl=1 2x"},"classes":[]},{"id":18590,"url":"https:\/\/correiodasemana.com\/site\/paciente-internada-ha-dois-meses-na-santa-casa-de-sobral-recebe-alta-da-uti-e-emociona-profissionais\/","url_meta":{"origin":17182,"position":3},"title":"Paciente internada h\u00e1 dois meses na Santa Casa de Sobral recebe alta da UTI e emociona profissionais","author":"","date":"Janeiro 16, 2022","format":false,"excerpt":"Nubia Ferreira Soares foi v\u00edtima de acidente de carro e permaneceu sob cuidados m\u00e9dicos na unidade hospitalar. Internada na Santa Casa de Miseric\u00f3rdia de Sobral desde o dia 8 de novembro de 2021, ap\u00f3s ser v\u00edtima de acidente de carro que tamb\u00e9m vitimou seus familiares, Nubia Ferreira Soares, 21 anos,\u2026","rel":"","context":"In &quot;Atualidade&quot;","block_context":{"text":"Atualidade","link":"https:\/\/correiodasemana.com\/site\/category\/atualidade\/"},"img":{"alt_text":"","src":"https:\/\/i0.wp.com\/correiodasemana.com\/site\/wp-content\/uploads\/2022\/01\/Paciente-Nubia.jpeg?resize=350%2C200&ssl=1","width":350,"height":200,"srcset":"https:\/\/i0.wp.com\/correiodasemana.com\/site\/wp-content\/uploads\/2022\/01\/Paciente-Nubia.jpeg?resize=350%2C200&ssl=1 1x, https:\/\/i0.wp.com\/correiodasemana.com\/site\/wp-content\/uploads\/2022\/01\/Paciente-Nubia.jpeg?resize=525%2C300&ssl=1 1.5x, https:\/\/i0.wp.com\/correiodasemana.com\/site\/wp-content\/uploads\/2022\/01\/Paciente-Nubia.jpeg?resize=700%2C400&ssl=1 2x, https:\/\/i0.wp.com\/correiodasemana.com\/site\/wp-content\/uploads\/2022\/01\/Paciente-Nubia.jpeg?resize=1050%2C600&ssl=1 3x"},"classes":[]},{"id":23902,"url":"https:\/\/correiodasemana.com\/site\/ambulatorio-de-avc-do-hrn-em-sobral-acompanha-pacientes-apos-alta-hospitalar\/","url_meta":{"origin":17182,"position":4},"title":"Ambulat\u00f3rio de AVC do HRN, em Sobral, acompanha pacientes ap\u00f3s alta hospitalar","author":"adminredacao","date":"Abril 11, 2023","format":false,"excerpt":"Os pacientes egressos da Unidade de Acidente Vascular Cerebral (AVC) do Hospital Regional Norte (HRN), em Sobral, passaram a ser acompanhados pelo atendimento ambulatorial do equipamento. Iniciado em mar\u00e7o deste ano, o servi\u00e7o oferece assist\u00eancia com m\u00e9dico neurologista. Cerca de 40 pessoas j\u00e1 foram beneficiadas. O espa\u00e7o possui 20 leitos\u2026","rel":"","context":"In &quot;Atualidade&quot;","block_context":{"text":"Atualidade","link":"https:\/\/correiodasemana.com\/site\/category\/atualidade\/"},"img":{"alt_text":"","src":"https:\/\/i0.wp.com\/correiodasemana.com\/site\/wp-content\/uploads\/2023\/04\/Arteriografia-cerebral-Maria-do-Socorro-de-Lima-Bruno-2-2-2-scaled.jpg?resize=350%2C200&ssl=1","width":350,"height":200,"srcset":"https:\/\/i0.wp.com\/correiodasemana.com\/site\/wp-content\/uploads\/2023\/04\/Arteriografia-cerebral-Maria-do-Socorro-de-Lima-Bruno-2-2-2-scaled.jpg?resize=350%2C200&ssl=1 1x, https:\/\/i0.wp.com\/correiodasemana.com\/site\/wp-content\/uploads\/2023\/04\/Arteriografia-cerebral-Maria-do-Socorro-de-Lima-Bruno-2-2-2-scaled.jpg?resize=525%2C300&ssl=1 1.5x, https:\/\/i0.wp.com\/correiodasemana.com\/site\/wp-content\/uploads\/2023\/04\/Arteriografia-cerebral-Maria-do-Socorro-de-Lima-Bruno-2-2-2-scaled.jpg?resize=700%2C400&ssl=1 2x, https:\/\/i0.wp.com\/correiodasemana.com\/site\/wp-content\/uploads\/2023\/04\/Arteriografia-cerebral-Maria-do-Socorro-de-Lima-Bruno-2-2-2-scaled.jpg?resize=1050%2C600&ssl=1 3x, https:\/\/i0.wp.com\/correiodasemana.com\/site\/wp-content\/uploads\/2023\/04\/Arteriografia-cerebral-Maria-do-Socorro-de-Lima-Bruno-2-2-2-scaled.jpg?resize=1400%2C800&ssl=1 4x"},"classes":[]},{"id":18886,"url":"https:\/\/correiodasemana.com\/site\/depois-da-mae-sofrer-um-ataque-cardiaco-filho-agradece-assistencia-segura-e-humanizada-do-hospital-do-coracao-de-sobral\/","url_meta":{"origin":17182,"position":5},"title":"Depois da m\u00e3e sofrer um ataque card\u00edaco, filho agradece assist\u00eancia segura e humanizada do Hospital do Cora\u00e7\u00e3o de Sobral","author":"","date":"Fevereiro 14, 2022","format":false,"excerpt":"A paciente passou por um procedimento de cateterismo no final de janeiro, e j\u00e1 teve alta hospitalar. Ascom Complexo SCMS A sobralense Elizete Ara\u00fajo, 60, sofreu um ataque card\u00edaco no final de janeiro, e orientado a procurar imediatamente o Hospital do Cora\u00e7\u00e3o de Sobral, seu filho, Eraldo J\u00fanior, levou a\u2026","rel":"","context":"In &quot;Atualidade&quot;","block_context":{"text":"Atualidade","link":"https:\/\/correiodasemana.com\/site\/category\/atualidade\/"},"img":{"alt_text":"","src":"https:\/\/i0.wp.com\/correiodasemana.com\/site\/wp-content\/uploads\/2022\/02\/saude-stacasa.jpg?resize=350%2C200&ssl=1","width":350,"height":200},"classes":[]}],"jetpack_sharing_enabled":true,"_links":{"self":[{"href":"https:\/\/correiodasemana.com\/site\/wp-json\/wp\/v2\/posts\/17182","targetHints":{"allow":["GET"]}}],"collection":[{"href":"https:\/\/correiodasemana.com\/site\/wp-json\/wp\/v2\/posts"}],"about":[{"href":"https:\/\/correiodasemana.com\/site\/wp-json\/wp\/v2\/types\/post"}],"author":[{"embeddable":true,"href":"https:\/\/correiodasemana.com\/site\/wp-json\/wp\/v2\/users\/1"}],"replies":[{"embeddable":true,"href":"https:\/\/correiodasemana.com\/site\/wp-json\/wp\/v2\/comments?post=17182"}],"version-history":[{"count":1,"href":"https:\/\/correiodasemana.com\/site\/wp-json\/wp\/v2\/posts\/17182\/revisions"}],"predecessor-version":[{"id":17185,"href":"https:\/\/correiodasemana.com\/site\/wp-json\/wp\/v2\/posts\/17182\/revisions\/17185"}],"wp:featuredmedia":[{"embeddable":true,"href":"https:\/\/correiodasemana.com\/site\/wp-json\/wp\/v2\/media\/17184"}],"wp:attachment":[{"href":"https:\/\/correiodasemana.com\/site\/wp-json\/wp\/v2\/media?parent=17182"}],"wp:term":[{"taxonomy":"category","embeddable":true,"href":"https:\/\/correiodasemana.com\/site\/wp-json\/wp\/v2\/categories?post=17182"},{"taxonomy":"post_tag","embeddable":true,"href":"https:\/\/correiodasemana.com\/site\/wp-json\/wp\/v2\/tags?post=17182"}],"curies":[{"name":"wp","href":"https:\/\/api.w.org\/{rel}","templated":true}]}}