{"id":17186,"date":"2021-08-09T02:08:10","date_gmt":"2021-08-09T05:08:10","guid":{"rendered":"https:\/\/correiodasemana.com\/site\/?p=17186"},"modified":"2021-08-09T02:08:10","modified_gmt":"2021-08-09T05:08:10","slug":"santa-casa-de-sobral-realiza-roda-de-conversa-sobre-amamentacao-com-profissionais-e-maes-de-recem-nascidos","status":"publish","type":"post","link":"https:\/\/correiodasemana.com\/site\/santa-casa-de-sobral-realiza-roda-de-conversa-sobre-amamentacao-com-profissionais-e-maes-de-recem-nascidos\/","title":{"rendered":"Santa Casa de Sobral realiza roda de conversa sobre amamenta\u00e7\u00e3o com profissionais e m\u00e3es de rec\u00e9m-nascidos"},"content":{"rendered":"<p>Durante as a\u00e7\u00f5es, profissionais e gestantes receberam orienta\u00e7\u00f5es sobre amamenta\u00e7\u00e3o, vantagens e benef\u00edcios para m\u00e3es e beb\u00eas.<\/p>\n<p>Ascom Complexo SCMS<\/p>\n<p>Com o objetivo de informar e esclarecer d\u00favidas sobre amamenta\u00e7\u00e3o, a Santa Casa de Miseric\u00f3rdia de Sobral (SCMS) realizou na quarta-feira (04\/08) rodas de conversas com colaboradores da equipe multiprofissional e m\u00e3es de rec\u00e9m-nascidos da institui\u00e7\u00e3o, tanto do Servi\u00e7o de Neonatologia como da Maternidade Sant\u2019Ana. A iniciativa faz parte da programa\u00e7\u00e3o do Agosto Dourado, m\u00eas de promo\u00e7\u00e3o, apoio e incentivo ao aleitamento materno.<br \/>\n\u201cProteger a amamenta\u00e7\u00e3o \u00e9 uma responsabilidade compartilhada\u201d, foi o tema dos momentos de explica\u00e7\u00e3o e tira-d\u00favidas que aconteceram na Unidade de Cuidado Intermedi\u00e1rio Canguru (UCINCa), no Centro de Parto Normal (CPN), na enfermaria Madre Rosa, e no Departamento de Ensino, Pesquisa e Extens\u00e3o (DEPE) da institui\u00e7\u00e3o.<br \/>\nDurante as a\u00e7\u00f5es, que contaram com a presen\u00e7a de profissionais da Enfermagem, nutricionistas, fonoaudi\u00f3logos, assistentes sociais e terapeutas ocupacionais, profissionais e gestantes receberam orienta\u00e7\u00f5es sobre amamenta\u00e7\u00e3o, as vantagens e os benef\u00edcios para m\u00e3es e beb\u00eas, e orienta\u00e7\u00f5es sobre rede de apoio, ou seja, como familiares e comunidade podem ajudar na manuten\u00e7\u00e3o da amamenta\u00e7\u00e3o.<br \/>\n\u201cEnvolver a fam\u00edlia e a comunidade neste momento t\u00e3o especial que \u00e9 a presen\u00e7a de um beb\u00ea numa casa \u00e9 fundamental. Que o ato de amamentar seja sentido por todos, pois a inten\u00e7\u00e3o \u00e9 que toda pessoa se sinta amamentando juntamente com a m\u00e3e do beb\u00ea\u201d, \u00a0destaca a enfermeira Rosana Furtado.<br \/>\nAssessoria de Comunica\u00e7\u00e3o e Imprensa &#8211; Complexo Santa Casa de Miseric\u00f3rdia de Sobral &#8211; Ramal: 1517 |\u00a0Fixo.: 88 3112-0517<\/p>\n<p><img fetchpriority=\"high\" decoding=\"async\" class=\"alignleft size-medium wp-image-17187\" src=\"https:\/\/correiodasemana.com\/site\/wp-content\/uploads\/2021\/08\/foto-1-1-300x200.jpg\" alt=\"\" width=\"300\" height=\"200\" srcset=\"https:\/\/correiodasemana.com\/site\/wp-content\/uploads\/2021\/08\/foto-1-1-300x200.jpg 300w, https:\/\/correiodasemana.com\/site\/wp-content\/uploads\/2021\/08\/foto-1-1-1024x683.jpg 1024w, https:\/\/correiodasemana.com\/site\/wp-content\/uploads\/2021\/08\/foto-1-1-768x512.jpg 768w, https:\/\/correiodasemana.com\/site\/wp-content\/uploads\/2021\/08\/foto-1-1.jpg 1440w\" sizes=\"(max-width: 300px) 100vw, 300px\" \/> <img decoding=\"async\" class=\"alignleft size-medium wp-image-17188\" src=\"https:\/\/correiodasemana.com\/site\/wp-content\/uploads\/2021\/08\/Foto-2_1-300x280.jpeg\" alt=\"\" width=\"300\" height=\"280\" srcset=\"https:\/\/correiodasemana.com\/site\/wp-content\/uploads\/2021\/08\/Foto-2_1-300x280.jpeg 300w, https:\/\/correiodasemana.com\/site\/wp-content\/uploads\/2021\/08\/Foto-2_1.jpeg 720w\" sizes=\"(max-width: 300px) 100vw, 300px\" \/><\/p>\n","protected":false},"excerpt":{"rendered":"<p>Durante as a\u00e7\u00f5es, profissionais e gestantes receberam orienta\u00e7\u00f5es sobre amamenta\u00e7\u00e3o, vantagens e benef\u00edcios para m\u00e3es&#8230;<\/p>\n","protected":false},"author":1,"featured_media":17188,"comment_status":"open","ping_status":"open","sticky":false,"template":"","format":"standard","meta":{"_jetpack_memberships_contains_paid_content":false,"footnotes":"","jetpack_publicize_message":"","jetpack_publicize_feature_enabled":true,"jetpack_social_post_already_shared":true,"jetpack_social_options":{"image_generator_settings":{"template":"highway","default_image_id":0,"font":"","enabled":false},"version":2}},"categories":[1],"tags":[],"class_list":["post-17186","post","type-post","status-publish","format-standard","has-post-thumbnail","hentry","category-atualidade"],"jetpack_publicize_connections":[],"jetpack_featured_media_url":"https:\/\/correiodasemana.com\/site\/wp-content\/uploads\/2021\/08\/Foto-2_1.jpeg","jetpack-related-posts":[{"id":20752,"url":"https:\/\/correiodasemana.com\/site\/santa-casa-de-sobral-realiza-semana-do-aleitamento-materno\/","url_meta":{"origin":17186,"position":0},"title":"Santa Casa de Sobral realiza semana do aleitamento materno","author":"","date":"Agosto 21, 2022","format":false,"excerpt":"As a\u00e7\u00f5es envolveram palestras, rodas de conversas, din\u00e2micas, momentos de espiritualidade e oficinas terap\u00eauticas. Ascom Complexo SCMS A Santa Casa de Miseric\u00f3rdia de Sobral (SCMS) intensifica suas a\u00e7\u00f5es de conscientiza\u00e7\u00e3o sobre aleitamento materno durante agosto, principalmente na Semana do Aleitamento. Este ano, a semana aconteceu entre os dias 15 e\u2026","rel":"","context":"In &quot;Atualidade&quot;","block_context":{"text":"Atualidade","link":"https:\/\/correiodasemana.com\/site\/category\/atualidade\/"},"img":{"alt_text":"","src":"https:\/\/i0.wp.com\/correiodasemana.com\/site\/wp-content\/uploads\/2022\/08\/Foto-2-scaled.jpg?resize=350%2C200&ssl=1","width":350,"height":200,"srcset":"https:\/\/i0.wp.com\/correiodasemana.com\/site\/wp-content\/uploads\/2022\/08\/Foto-2-scaled.jpg?resize=350%2C200&ssl=1 1x, https:\/\/i0.wp.com\/correiodasemana.com\/site\/wp-content\/uploads\/2022\/08\/Foto-2-scaled.jpg?resize=525%2C300&ssl=1 1.5x, https:\/\/i0.wp.com\/correiodasemana.com\/site\/wp-content\/uploads\/2022\/08\/Foto-2-scaled.jpg?resize=700%2C400&ssl=1 2x, https:\/\/i0.wp.com\/correiodasemana.com\/site\/wp-content\/uploads\/2022\/08\/Foto-2-scaled.jpg?resize=1050%2C600&ssl=1 3x, https:\/\/i0.wp.com\/correiodasemana.com\/site\/wp-content\/uploads\/2022\/08\/Foto-2-scaled.jpg?resize=1400%2C800&ssl=1 4x"},"classes":[]},{"id":12944,"url":"https:\/\/correiodasemana.com\/site\/santa-casa-de-misericordia-de-sobral-envolve-profissionais-e-pacientes-em-acoes-de-incentivo-ao-aleitamento-materno\/","url_meta":{"origin":17186,"position":1},"title":"Santa Casa de Miseric\u00f3rdia de Sobral envolve profissionais e pacientes em a\u00e7\u00f5es de incentivo ao aleitamento materno","author":"","date":"Agosto 18, 2020","format":false,"excerpt":"O m\u00eas de agosto, conhecido tamb\u00e9m como agosto dourado, enfatiza a import\u00e2ncia do aleitamento materno no desenvolvimento e sa\u00fade da crian\u00e7a. Com o intuito de engajar profissionais e pacientes, no incentivo a essa pr\u00e1tica, a Santa Casa de Miseric\u00f3rdia de Sobral (SCMS) promoveu entre os dias 3 e 7 de\u2026","rel":"","context":"In &quot;Atualidade&quot;","block_context":{"text":"Atualidade","link":"https:\/\/correiodasemana.com\/site\/category\/atualidade\/"},"img":{"alt_text":"","src":"https:\/\/i0.wp.com\/correiodasemana.com\/site\/wp-content\/uploads\/2020\/08\/Amigas-5-scaled.jpg?resize=350%2C200&ssl=1","width":350,"height":200,"srcset":"https:\/\/i0.wp.com\/correiodasemana.com\/site\/wp-content\/uploads\/2020\/08\/Amigas-5-scaled.jpg?resize=350%2C200&ssl=1 1x, https:\/\/i0.wp.com\/correiodasemana.com\/site\/wp-content\/uploads\/2020\/08\/Amigas-5-scaled.jpg?resize=525%2C300&ssl=1 1.5x, https:\/\/i0.wp.com\/correiodasemana.com\/site\/wp-content\/uploads\/2020\/08\/Amigas-5-scaled.jpg?resize=700%2C400&ssl=1 2x, https:\/\/i0.wp.com\/correiodasemana.com\/site\/wp-content\/uploads\/2020\/08\/Amigas-5-scaled.jpg?resize=1050%2C600&ssl=1 3x, https:\/\/i0.wp.com\/correiodasemana.com\/site\/wp-content\/uploads\/2020\/08\/Amigas-5-scaled.jpg?resize=1400%2C800&ssl=1 4x"},"classes":[]},{"id":8617,"url":"https:\/\/correiodasemana.com\/site\/santa-casa-de-sobral-realiza-acoes-na-semana-do-aleitamento-materno\/","url_meta":{"origin":17186,"position":2},"title":"Santa Casa de Sobral realiza a\u00e7\u00f5es na Semana do Aleitamento Materno","author":"","date":"Agosto 17, 2019","format":false,"excerpt":"Semana foi criada pela Alian\u00e7a Mundial de A\u00e7\u00e3o pro-Amamenta\u00e7\u00e3o (WABA), a qual define o tema a ser trabalhado anualmente, sendo celebrada em 120 pa\u00edses Vanderley Moreira - Jornalista A Semana Mundial do Aleitamento Materno ocorre anualmente, entre os dias 1 e 7 de agosto, desde 1992. Foi criada pela Alian\u00e7a\u2026","rel":"","context":"In &quot;Santa Casa&quot;","block_context":{"text":"Santa Casa","link":"https:\/\/correiodasemana.com\/site\/category\/santa-casa\/"},"img":{"alt_text":"","src":"https:\/\/i0.wp.com\/correiodasemana.com\/site\/wp-content\/uploads\/2019\/08\/Foto-1-aleitamento.jpeg?resize=350%2C200&ssl=1","width":350,"height":200,"srcset":"https:\/\/i0.wp.com\/correiodasemana.com\/site\/wp-content\/uploads\/2019\/08\/Foto-1-aleitamento.jpeg?resize=350%2C200&ssl=1 1x, https:\/\/i0.wp.com\/correiodasemana.com\/site\/wp-content\/uploads\/2019\/08\/Foto-1-aleitamento.jpeg?resize=525%2C300&ssl=1 1.5x"},"classes":[]},{"id":12939,"url":"https:\/\/correiodasemana.com\/site\/hospital-dom-walfrido-realiza-momento-de-incentivo-ao-aleitamento-materno\/","url_meta":{"origin":17186,"position":3},"title":"Hospital Dom Walfrido realiza momento de incentivo ao aleitamento materno","author":"","date":"Agosto 18, 2020","format":false,"excerpt":"Com o objetivo de incentivar a pr\u00e1tica do aleitamento materno, o Hospital Dom Walfrido, unidade particular do Complexo Santa Casa de Miseric\u00f3rdia de Sobral, realizou na sexta-feira (14\/08) um momento com as m\u00e3es que tiveram filhos, e est\u00e3o internadas na institui\u00e7\u00e3o. Dicas de pega aos rec\u00e9m-nascidos na hora da amamenta\u00e7\u00e3o\u2026","rel":"","context":"In &quot;Atualidade&quot;","block_context":{"text":"Atualidade","link":"https:\/\/correiodasemana.com\/site\/category\/atualidade\/"},"img":{"alt_text":"","src":"https:\/\/i0.wp.com\/correiodasemana.com\/site\/wp-content\/uploads\/2020\/08\/DW-Dourado-1-scaled.jpg?resize=350%2C200&ssl=1","width":350,"height":200,"srcset":"https:\/\/i0.wp.com\/correiodasemana.com\/site\/wp-content\/uploads\/2020\/08\/DW-Dourado-1-scaled.jpg?resize=350%2C200&ssl=1 1x, https:\/\/i0.wp.com\/correiodasemana.com\/site\/wp-content\/uploads\/2020\/08\/DW-Dourado-1-scaled.jpg?resize=525%2C300&ssl=1 1.5x, https:\/\/i0.wp.com\/correiodasemana.com\/site\/wp-content\/uploads\/2020\/08\/DW-Dourado-1-scaled.jpg?resize=700%2C400&ssl=1 2x, https:\/\/i0.wp.com\/correiodasemana.com\/site\/wp-content\/uploads\/2020\/08\/DW-Dourado-1-scaled.jpg?resize=1050%2C600&ssl=1 3x, https:\/\/i0.wp.com\/correiodasemana.com\/site\/wp-content\/uploads\/2020\/08\/DW-Dourado-1-scaled.jpg?resize=1400%2C800&ssl=1 4x"},"classes":[]},{"id":13332,"url":"https:\/\/correiodasemana.com\/site\/santa-casa-de-misericordia-de-sobral-encerra-o-mes-de-incentivo-ao-aleitamento-materno-com-homenagem-as-maes-de-bebes-prematuros-internados-no-hospital\/","url_meta":{"origin":17186,"position":4},"title":"Santa Casa de Miseric\u00f3rdia de Sobral encerra o m\u00eas de incentivo ao aleitamento materno com homenagem \u00e0s m\u00e3es de beb\u00eas prematuros internados no hospital","author":"","date":"Setembro 2, 2020","format":false,"excerpt":"Encerrando as a\u00e7\u00f5es desenvolvidas no hospital durante o m\u00eas de incentivo ao aleitamento materno, conhecido tamb\u00e9m como Agosto Dourado, a Santa Casa de Miseric\u00f3rdia de Sobral (SCMS) organizou na segunda-feira (31\/08) um momento de agradecimento aos profissionais que se engajam diariamente na campanha de amamenta\u00e7\u00e3o, e tamb\u00e9m homenagear a luta\u2026","rel":"","context":"In &quot;Atualidade&quot;","block_context":{"text":"Atualidade","link":"https:\/\/correiodasemana.com\/site\/category\/atualidade\/"},"img":{"alt_text":"","src":"https:\/\/i0.wp.com\/correiodasemana.com\/site\/wp-content\/uploads\/2020\/09\/A4-scaled.jpg?resize=350%2C200&ssl=1","width":350,"height":200,"srcset":"https:\/\/i0.wp.com\/correiodasemana.com\/site\/wp-content\/uploads\/2020\/09\/A4-scaled.jpg?resize=350%2C200&ssl=1 1x, https:\/\/i0.wp.com\/correiodasemana.com\/site\/wp-content\/uploads\/2020\/09\/A4-scaled.jpg?resize=525%2C300&ssl=1 1.5x, https:\/\/i0.wp.com\/correiodasemana.com\/site\/wp-content\/uploads\/2020\/09\/A4-scaled.jpg?resize=700%2C400&ssl=1 2x, https:\/\/i0.wp.com\/correiodasemana.com\/site\/wp-content\/uploads\/2020\/09\/A4-scaled.jpg?resize=1050%2C600&ssl=1 3x, https:\/\/i0.wp.com\/correiodasemana.com\/site\/wp-content\/uploads\/2020\/09\/A4-scaled.jpg?resize=1400%2C800&ssl=1 4x"},"classes":[]},{"id":36718,"url":"https:\/\/correiodasemana.com\/site\/santa-casa-de-sobral-amplia-aleitamento-materno-na-neonatologia-com-implantacao-do-round-da-amamentacao\/","url_meta":{"origin":17186,"position":5},"title":"Santa Casa de Sobral amplia aleitamento materno na Neonatologia com implanta\u00e7\u00e3o do Round da Amamenta\u00e7\u00e3o","author":"adminredacao","date":"Dezembro 11, 2025","format":false,"excerpt":"A amamenta\u00e7\u00e3o \u00e9 fundamental para a sa\u00fade e a nutri\u00e7\u00e3o dos beb\u00eas, contribuindo para o desenvolvimento do sistema imunol\u00f3gico e para a preven\u00e7\u00e3o de diversas doen\u00e7as. A Santa Casa de Miseric\u00f3rdia de Sobral, certificada pela Iniciativa Hospital Amigo da Crian\u00e7a (IHAC), vem fortalecendo suas a\u00e7\u00f5es de incentivo ao aleitamento materno\u2026","rel":"","context":"In &quot;Atualidade&quot;","block_context":{"text":"Atualidade","link":"https:\/\/correiodasemana.com\/site\/category\/atualidade\/"},"img":{"alt_text":"","src":"https:\/\/i0.wp.com\/correiodasemana.com\/site\/wp-content\/uploads\/2025\/12\/Round-da-amamentacao-1.jpeg?resize=350%2C200&ssl=1","width":350,"height":200,"srcset":"https:\/\/i0.wp.com\/correiodasemana.com\/site\/wp-content\/uploads\/2025\/12\/Round-da-amamentacao-1.jpeg?resize=350%2C200&ssl=1 1x, https:\/\/i0.wp.com\/correiodasemana.com\/site\/wp-content\/uploads\/2025\/12\/Round-da-amamentacao-1.jpeg?resize=525%2C300&ssl=1 1.5x, https:\/\/i0.wp.com\/correiodasemana.com\/site\/wp-content\/uploads\/2025\/12\/Round-da-amamentacao-1.jpeg?resize=700%2C400&ssl=1 2x"},"classes":[]}],"jetpack_sharing_enabled":true,"_links":{"self":[{"href":"https:\/\/correiodasemana.com\/site\/wp-json\/wp\/v2\/posts\/17186","targetHints":{"allow":["GET"]}}],"collection":[{"href":"https:\/\/correiodasemana.com\/site\/wp-json\/wp\/v2\/posts"}],"about":[{"href":"https:\/\/correiodasemana.com\/site\/wp-json\/wp\/v2\/types\/post"}],"author":[{"embeddable":true,"href":"https:\/\/correiodasemana.com\/site\/wp-json\/wp\/v2\/users\/1"}],"replies":[{"embeddable":true,"href":"https:\/\/correiodasemana.com\/site\/wp-json\/wp\/v2\/comments?post=17186"}],"version-history":[{"count":1,"href":"https:\/\/correiodasemana.com\/site\/wp-json\/wp\/v2\/posts\/17186\/revisions"}],"predecessor-version":[{"id":17189,"href":"https:\/\/correiodasemana.com\/site\/wp-json\/wp\/v2\/posts\/17186\/revisions\/17189"}],"wp:featuredmedia":[{"embeddable":true,"href":"https:\/\/correiodasemana.com\/site\/wp-json\/wp\/v2\/media\/17188"}],"wp:attachment":[{"href":"https:\/\/correiodasemana.com\/site\/wp-json\/wp\/v2\/media?parent=17186"}],"wp:term":[{"taxonomy":"category","embeddable":true,"href":"https:\/\/correiodasemana.com\/site\/wp-json\/wp\/v2\/categories?post=17186"},{"taxonomy":"post_tag","embeddable":true,"href":"https:\/\/correiodasemana.com\/site\/wp-json\/wp\/v2\/tags?post=17186"}],"curies":[{"name":"wp","href":"https:\/\/api.w.org\/{rel}","templated":true}]}}