{"id":17201,"date":"2021-08-09T02:12:50","date_gmt":"2021-08-09T05:12:50","guid":{"rendered":"https:\/\/correiodasemana.com\/site\/?p=17201"},"modified":"2021-08-09T02:12:50","modified_gmt":"2021-08-09T05:12:50","slug":"sesquicentenario-do-dr-jose-saboya","status":"publish","type":"post","link":"https:\/\/correiodasemana.com\/site\/sesquicentenario-do-dr-jose-saboya\/","title":{"rendered":"SESQUICENTEN\u00c1RIO DO DR. JOS\u00c9 SABOYA\u00a0"},"content":{"rendered":"<p><img fetchpriority=\"high\" decoding=\"async\" class=\"alignleft size-medium wp-image-17202\" src=\"https:\/\/correiodasemana.com\/site\/wp-content\/uploads\/2021\/08\/20210802123315-196x300.jpg\" alt=\"\" width=\"196\" height=\"300\" srcset=\"https:\/\/correiodasemana.com\/site\/wp-content\/uploads\/2021\/08\/20210802123315-196x300.jpg 196w, https:\/\/correiodasemana.com\/site\/wp-content\/uploads\/2021\/08\/20210802123315.jpg 458w\" sizes=\"(max-width: 196px) 100vw, 196px\" \/>A coluna de hoje \u00e9 biogr\u00e1fica. Em 6 de agosto de 1871, h\u00e1 150 anos, nascia em Sobral, Jos\u00e9 Saboya de Albuquerque, filho do Cel. Ernesto Deocleciano de Albuquerque e de dona Francisca Saboya de Albuquerque. Seu pai, Ernesto Deocleciano, foi pioneiro na industrializa\u00e7\u00e3o sobralense, bem como relevante empreendedor para o desenvolvimento econ\u00f4mico da Regi\u00e3o Centro-Norte do Estado do Cear\u00e1, cuja influ\u00eancia chegou ao vizinho Estado do Rio Grande do Norte.<br \/>\nJos\u00e9 Saboya estudou as primeiras letras em Sobral e fez estudos preparat\u00f3rios em Fortaleza, de onde partiu para se matricular na Academia de Direito do Recife. Saboya recebeu a Carta de Bacharel em Ci\u00eancias jur\u00eddicas e Sociais pela Faculdade de Direito do Recife, a 19 de setembro de 1891, com idade de 20 anos. Ainda antes de se formar, exerceu interinamente a Promotoria, em Sobral, de julho a setembro de 1890, aos 19 anos, demonstrando, no m\u00ednimo, alt\u00edssima capacidade. A 2 de maio de 1892, Dr. Jos\u00e9 Saboya foi nomeado juiz substituto de Sobral, cargo que exerceu at\u00e9 14 de agosto de 1899, quando foi promovido a Juiz de Direito. Durante 36 anos, com muita dignidade e sabedoria, exerceu a fun\u00e7\u00e3o at\u00e9 26 de setembro de 1935, quando se aposentou por limite de idade. No cargo de juiz, Dr. Jos\u00e9 Saboya jamais experimentou ver suas senten\u00e7as revogadas pelo Tribunal de Justi\u00e7a do Cear\u00e1.<br \/>\nSobralense de escol e apaixonado por sua terra, quase nunca se afastou de Sobral. Al\u00e9m do tempo em que esteve em Recife, estudando, quando foi Secret\u00e1rio do Interior e Justi\u00e7a do Cear\u00e1 de 1916 a 1918, a convite do seu primo governador Dr. Jo\u00e3o Thom\u00e9 de Saboia, residiu em Fortaleza, mas, em dois anos organizou tudo e voltou a Sobral para reassumir o seu Juizado. Consta que, em 1926, o governador Moreira da Rocha, sobralense, veio especialmente a Sobral para convidar o magistrado para assumir uma vaga de desembargador e a resposta foi: \u201cQuando o Tribunal for transferido para Sobral\u201d.<br \/>\nAp\u00f3s aposentar-se, em 1935, Saboya assumiu o comando da F\u00e1brica de Tecidos Ernesto Deocleciano. Concomitantemente a essa fun\u00e7\u00e3o, passou a dedicar-se \u00e0 pol\u00edtica, comandando a UDN \u2013 Uni\u00e3o Democr\u00e1tica Nacional na Zona Norte. Muitas das importantes decis\u00f5es para essa regi\u00e3o como para todo o Cear\u00e1 tiveram sua participa\u00e7\u00e3o sem exercer cargo pol\u00edtico.<br \/>\nDr. Jos\u00e9 Saboya de Albuquerque casou-se, a 30\/11\/1893, com dona Maria da Soledade Pessoa de Saboya \u2013 a Sinh\u00e1 Saboya, neta do Senador Paula, com quem teve sete filhos. Jos\u00e9 Saboya foi um dos fundadores da Academia Sobralense de Estudos e Letras, a qual presidiu entre 04\/03\/1948 a 26\/04\/1950 e foi um dos fundadores do Derby Clube Sobralense.<br \/>\nDr. Jos\u00e9 Saboya de Albuquerque faleceu a 26 de maio de 1950, no Rio de Janeiro, onde foi sepultado. Posteriormente seus restos mortais trasladados para Sobral, sendo sepultado no Cemit\u00e9rio S\u00e3o Jos\u00e9. Seu nome \u00e9 lembrado em ruas, pra\u00e7as e institui\u00e7\u00f5es na regi\u00e3o, com destaque para o F\u00f3rum Dr. Jos\u00e9 Saboya de Albuquerque, em Sobral, sendo, ainda patrono da Cadeira de n\u00b0 18 da Academia Sobralense de Letras Jur\u00eddicas, cujo primeiro ocupante foi o desembargador do Trabalho Judicael Sud\u00e1rio de Pinho (\u2020 2020).<br \/>\nNo sesquicenten\u00e1rio, a lembran\u00e7a dos familiares, amigos e confrades das duas Academias a Sobralense de Letras e a de Letras Jur\u00eddicas!<\/p>\n","protected":false},"excerpt":{"rendered":"<p>A coluna de hoje \u00e9 biogr\u00e1fica. Em 6 de agosto de 1871, h\u00e1 150 anos,&#8230;<\/p>\n","protected":false},"author":1,"featured_media":8256,"comment_status":"open","ping_status":"open","sticky":false,"template":"","format":"standard","meta":{"_jetpack_memberships_contains_paid_content":false,"footnotes":"","jetpack_publicize_message":"","jetpack_publicize_feature_enabled":true,"jetpack_social_post_already_shared":true,"jetpack_social_options":{"image_generator_settings":{"template":"highway","default_image_id":0,"font":"","enabled":false},"version":2}},"categories":[11,41],"tags":[],"class_list":["post-17201","post","type-post","status-publish","format-standard","has-post-thumbnail","hentry","category-artigos","category-jose-luis-lira"],"jetpack_publicize_connections":[],"jetpack_featured_media_url":"https:\/\/correiodasemana.com\/site\/wp-content\/uploads\/2019\/07\/Jose\u0301-1.jpg","jetpack-related-posts":[{"id":18995,"url":"https:\/\/correiodasemana.com\/site\/tributo-a-evangelina-saboya\/","url_meta":{"origin":17201,"position":0},"title":"Tributo \u00e0 Evangelina Saboya\u00a0","author":"","date":"Fevereiro 21, 2022","format":false,"excerpt":"Com a alma em festa e embalada por forte sentimento de gratid\u00e3o \u00e0 Prefeitura Municipal de Sobral, na pessoa do Prefeito Ivo Ferreira Gomes, estamos aqui para prestar justa homenagem \u00e0 sobralense Evangelina Saboya, escolhida para nominar o Parque que hoje \u00e9 inaugurado, equipamento urbano que proporcionar\u00e1 melhor qualidade de\u2026","rel":"","context":"In &quot;Atualidade&quot;","block_context":{"text":"Atualidade","link":"https:\/\/correiodasemana.com\/site\/category\/atualidade\/"},"img":{"alt_text":"","src":"https:\/\/i0.wp.com\/correiodasemana.com\/site\/wp-content\/uploads\/2022\/02\/tributo-2.jpg?resize=350%2C200&ssl=1","width":350,"height":200},"classes":[]},{"id":18345,"url":"https:\/\/correiodasemana.com\/site\/criado-o-instituto-historico-e-geografico-de-sobral\/","url_meta":{"origin":17201,"position":1},"title":"Criado o Instituto Hist\u00f3rico e Geogr\u00e1fico de Sobral\u00a0","author":"","date":"Dezembro 20, 2021","format":false,"excerpt":"A funda\u00e7\u00e3o oficial do Instituto Hist\u00f3rico e Geogr\u00e1fico de Sobral \u2013 IHGS, se deu no Audit\u00f3rio Pe. Ibiapina, da Par\u00f3quia de Cristo Ressuscitado. A iniciativa foi do Prof. Jos\u00e9 Lu\u00eds Lira, amplamente aceita por intelectuais, historiadores e ge\u00f3grafos sobralenses. O local escolhido fez parte das homenagens ao Mons. Francisco Sadoc\u2026","rel":"","context":"In &quot;Atualidade&quot;","block_context":{"text":"Atualidade","link":"https:\/\/correiodasemana.com\/site\/category\/atualidade\/"},"img":{"alt_text":"","src":"https:\/\/i0.wp.com\/correiodasemana.com\/site\/wp-content\/uploads\/2021\/12\/instituto-historico-de-sobral-2.jpg?resize=350%2C200&ssl=1","width":350,"height":200,"srcset":"https:\/\/i0.wp.com\/correiodasemana.com\/site\/wp-content\/uploads\/2021\/12\/instituto-historico-de-sobral-2.jpg?resize=350%2C200&ssl=1 1x, https:\/\/i0.wp.com\/correiodasemana.com\/site\/wp-content\/uploads\/2021\/12\/instituto-historico-de-sobral-2.jpg?resize=525%2C300&ssl=1 1.5x, https:\/\/i0.wp.com\/correiodasemana.com\/site\/wp-content\/uploads\/2021\/12\/instituto-historico-de-sobral-2.jpg?resize=700%2C400&ssl=1 2x"},"classes":[]},{"id":25888,"url":"https:\/\/correiodasemana.com\/site\/livro-250-anos-de-sobral-e-patronos-do-ihgs-e-lancado\/","url_meta":{"origin":17201,"position":2},"title":"Livro \u201c250 Anos de Sobral e Patronos do IHGS\u201d \u00e9 lan\u00e7ado","author":"adminredacao","date":"Julho 31, 2023","format":false,"excerpt":"Na noite de quinta-feira (27), aconteceu o lan\u00e7amento do livro \u201c250 Anos de Sobral e Patronos do IHGS\u201d, de responsabilidade do Instituto Hist\u00f3rico e Geogr\u00e1fico de Sobral, realizado no Audit\u00f3rio Oscar Spindola Rodrigues, do Centro Universit\u00e1rio UNINTA. A mesa foi composta pelo presidente do Instituto Hist\u00f3rico e Geogr\u00e1fico de Sobral,\u2026","rel":"","context":"In &quot;Atualidade&quot;","block_context":{"text":"Atualidade","link":"https:\/\/correiodasemana.com\/site\/category\/atualidade\/"},"img":{"alt_text":"","src":"https:\/\/i0.wp.com\/correiodasemana.com\/site\/wp-content\/uploads\/2023\/07\/Representantes-da-Comissao-Organizadora-do-livro.jpeg?resize=350%2C200&ssl=1","width":350,"height":200,"srcset":"https:\/\/i0.wp.com\/correiodasemana.com\/site\/wp-content\/uploads\/2023\/07\/Representantes-da-Comissao-Organizadora-do-livro.jpeg?resize=350%2C200&ssl=1 1x, https:\/\/i0.wp.com\/correiodasemana.com\/site\/wp-content\/uploads\/2023\/07\/Representantes-da-Comissao-Organizadora-do-livro.jpeg?resize=525%2C300&ssl=1 1.5x, https:\/\/i0.wp.com\/correiodasemana.com\/site\/wp-content\/uploads\/2023\/07\/Representantes-da-Comissao-Organizadora-do-livro.jpeg?resize=700%2C400&ssl=1 2x, https:\/\/i0.wp.com\/correiodasemana.com\/site\/wp-content\/uploads\/2023\/07\/Representantes-da-Comissao-Organizadora-do-livro.jpeg?resize=1050%2C600&ssl=1 3x, https:\/\/i0.wp.com\/correiodasemana.com\/site\/wp-content\/uploads\/2023\/07\/Representantes-da-Comissao-Organizadora-do-livro.jpeg?resize=1400%2C800&ssl=1 4x"},"classes":[]},{"id":27587,"url":"https:\/\/correiodasemana.com\/site\/familia-sanford-agradece-homenagens\/","url_meta":{"origin":17201,"position":3},"title":"Fam\u00edlia Sanford agradece homenagens","author":"adminredacao","date":"Dezembro 18, 2023","format":false,"excerpt":"Pe\u00e7o desculpas em ter que repetir trechos de mat\u00e9rias anteriores se n\u00e3o perdem o sentido de racioc\u00ednio e tem pessoas que n\u00e3o as viram. Agrade\u00e7o a Carmem Silvia Fontenelle de Mendon\u00e7a pois trabalhamos em todas as etapas do eclipse inclusive em pesquisas. Logo nas primeiras linhas a fam\u00edlia Sanford agradece\u2026","rel":"","context":"In &quot;Atualidade&quot;","block_context":{"text":"Atualidade","link":"https:\/\/correiodasemana.com\/site\/category\/atualidade\/"},"img":{"alt_text":"","src":"https:\/\/i0.wp.com\/correiodasemana.com\/site\/wp-content\/uploads\/2023\/12\/caderno-2-familia-sanford-1.jpg?resize=350%2C200&ssl=1","width":350,"height":200,"srcset":"https:\/\/i0.wp.com\/correiodasemana.com\/site\/wp-content\/uploads\/2023\/12\/caderno-2-familia-sanford-1.jpg?resize=350%2C200&ssl=1 1x, https:\/\/i0.wp.com\/correiodasemana.com\/site\/wp-content\/uploads\/2023\/12\/caderno-2-familia-sanford-1.jpg?resize=525%2C300&ssl=1 1.5x, https:\/\/i0.wp.com\/correiodasemana.com\/site\/wp-content\/uploads\/2023\/12\/caderno-2-familia-sanford-1.jpg?resize=700%2C400&ssl=1 2x"},"classes":[]},{"id":20817,"url":"https:\/\/correiodasemana.com\/site\/instituto-historico-e-geografico-de-sobral-e-instalado\/","url_meta":{"origin":17201,"position":4},"title":"Instituto Hist\u00f3rico e Geogr\u00e1fico de Sobral \u00e9 instalado","author":"","date":"Agosto 29, 2022","format":false,"excerpt":"\u201c\u00c9 com grande satisfa\u00e7\u00e3o que a sociedade sobralense se re\u00fane para a sess\u00e3o hist\u00f3rica e solene de instala\u00e7\u00e3o, posse da diretoria e dos primeiros s\u00f3cios do Instituto Hist\u00f3rico e Geogr\u00e1fico de Sobral (IHGS), tendo por patrono o Mons. Francisco Sadoc de Ara\u00fajo\u201d, assim se expressou o mestre de cerim\u00f4nias, F\u00e1bio\u2026","rel":"","context":"In &quot;Atualidade&quot;","block_context":{"text":"Atualidade","link":"https:\/\/correiodasemana.com\/site\/category\/atualidade\/"},"img":{"alt_text":"","src":"https:\/\/i0.wp.com\/correiodasemana.com\/site\/wp-content\/uploads\/2022\/08\/Autoridades-e-socios.jpg?resize=350%2C200&ssl=1","width":350,"height":200,"srcset":"https:\/\/i0.wp.com\/correiodasemana.com\/site\/wp-content\/uploads\/2022\/08\/Autoridades-e-socios.jpg?resize=350%2C200&ssl=1 1x, https:\/\/i0.wp.com\/correiodasemana.com\/site\/wp-content\/uploads\/2022\/08\/Autoridades-e-socios.jpg?resize=525%2C300&ssl=1 1.5x, https:\/\/i0.wp.com\/correiodasemana.com\/site\/wp-content\/uploads\/2022\/08\/Autoridades-e-socios.jpg?resize=700%2C400&ssl=1 2x"},"classes":[]},{"id":25727,"url":"https:\/\/correiodasemana.com\/site\/comendador-jose-luis-lira-recebe-medalha-academico-ribeiro-ramos\/","url_meta":{"origin":17201,"position":5},"title":"Comendador Jos\u00e9 Lu\u00eds Lira recebe Medalha Acad\u00eamico Ribeiro Ramos","author":"adminredacao","date":"Julho 17, 2023","format":false,"excerpt":"Noite de sexta-feira, 14, no Memorial da Educa\u00e7\u00e3o Superior de Sobral (MESS), encerrando uma semana de eventos em homenagem aos 250 anos de Sobral, a Academia Sobralense de Estudos e Letras, presidida pelo Acad\u00eamico Arnaud de Holanda Cavalcante, outorgou ao Acad\u00eamico Jos\u00e9 Lu\u00eds Lira, Comendador da Ordem Equestre do Santo\u2026","rel":"","context":"In &quot;Atualidade&quot;","block_context":{"text":"Atualidade","link":"https:\/\/correiodasemana.com\/site\/category\/atualidade\/"},"img":{"alt_text":"","src":"https:\/\/i0.wp.com\/correiodasemana.com\/site\/wp-content\/uploads\/2023\/07\/WhatsApp-Image-2023-07-14-at-23.52.44-2-1.jpeg?resize=350%2C200&ssl=1","width":350,"height":200,"srcset":"https:\/\/i0.wp.com\/correiodasemana.com\/site\/wp-content\/uploads\/2023\/07\/WhatsApp-Image-2023-07-14-at-23.52.44-2-1.jpeg?resize=350%2C200&ssl=1 1x, https:\/\/i0.wp.com\/correiodasemana.com\/site\/wp-content\/uploads\/2023\/07\/WhatsApp-Image-2023-07-14-at-23.52.44-2-1.jpeg?resize=525%2C300&ssl=1 1.5x, https:\/\/i0.wp.com\/correiodasemana.com\/site\/wp-content\/uploads\/2023\/07\/WhatsApp-Image-2023-07-14-at-23.52.44-2-1.jpeg?resize=700%2C400&ssl=1 2x, https:\/\/i0.wp.com\/correiodasemana.com\/site\/wp-content\/uploads\/2023\/07\/WhatsApp-Image-2023-07-14-at-23.52.44-2-1.jpeg?resize=1050%2C600&ssl=1 3x, https:\/\/i0.wp.com\/correiodasemana.com\/site\/wp-content\/uploads\/2023\/07\/WhatsApp-Image-2023-07-14-at-23.52.44-2-1.jpeg?resize=1400%2C800&ssl=1 4x"},"classes":[]}],"jetpack_sharing_enabled":true,"_links":{"self":[{"href":"https:\/\/correiodasemana.com\/site\/wp-json\/wp\/v2\/posts\/17201","targetHints":{"allow":["GET"]}}],"collection":[{"href":"https:\/\/correiodasemana.com\/site\/wp-json\/wp\/v2\/posts"}],"about":[{"href":"https:\/\/correiodasemana.com\/site\/wp-json\/wp\/v2\/types\/post"}],"author":[{"embeddable":true,"href":"https:\/\/correiodasemana.com\/site\/wp-json\/wp\/v2\/users\/1"}],"replies":[{"embeddable":true,"href":"https:\/\/correiodasemana.com\/site\/wp-json\/wp\/v2\/comments?post=17201"}],"version-history":[{"count":1,"href":"https:\/\/correiodasemana.com\/site\/wp-json\/wp\/v2\/posts\/17201\/revisions"}],"predecessor-version":[{"id":17204,"href":"https:\/\/correiodasemana.com\/site\/wp-json\/wp\/v2\/posts\/17201\/revisions\/17204"}],"wp:featuredmedia":[{"embeddable":true,"href":"https:\/\/correiodasemana.com\/site\/wp-json\/wp\/v2\/media\/8256"}],"wp:attachment":[{"href":"https:\/\/correiodasemana.com\/site\/wp-json\/wp\/v2\/media?parent=17201"}],"wp:term":[{"taxonomy":"category","embeddable":true,"href":"https:\/\/correiodasemana.com\/site\/wp-json\/wp\/v2\/categories?post=17201"},{"taxonomy":"post_tag","embeddable":true,"href":"https:\/\/correiodasemana.com\/site\/wp-json\/wp\/v2\/tags?post=17201"}],"curies":[{"name":"wp","href":"https:\/\/api.w.org\/{rel}","templated":true}]}}