{"id":17232,"date":"2021-08-15T23:47:53","date_gmt":"2021-08-16T02:47:53","guid":{"rendered":"https:\/\/correiodasemana.com\/site\/?p=17232"},"modified":"2021-08-15T23:48:07","modified_gmt":"2021-08-16T02:48:07","slug":"camara-municipal-de-sobral-inaugura-sala-de-imprensa-antonio-osvaldo-avelino","status":"publish","type":"post","link":"https:\/\/correiodasemana.com\/site\/camara-municipal-de-sobral-inaugura-sala-de-imprensa-antonio-osvaldo-avelino\/","title":{"rendered":"C\u00e2mara Municipal de Sobral inaugura sala de imprensa \u201cAntonio Osvaldo Avelino\u201d"},"content":{"rendered":"<p>A imprensa que faz a cobertura das a\u00e7\u00f5es dos vereadores do municipio de Sobral, compareceram em peso ao ato inaugural<\/p>\n<p>No dia 10 de agosto, \u00e0s 15h30, foi oficialmente inaugurada a sala de imprensa Antonio Osvaldo Avelino. A sala ir\u00e1 alocar os profissionais da imprensa sobralense, que por ali passam pelo anexo da C\u00e2mara.<br \/>\nOs radialistas, blogueiros e jornalistas estiveram em peso presenciando \u00e0 esta grande homenagem ao colega e amigo Osvaldo Avelino (in memoriam). O radialista faleceu de Covid-19.<br \/>\nA sala cont\u00eam computadores, climatiza\u00e7\u00e3o e um amplo espa\u00e7o para fazerem suas reda\u00e7\u00f5es e trabalhos radiof\u00f4nicos. Dentro da sala foi exposto um quadro com a imagem emblem\u00e1tica do radialista Osvaldo Avelino.<br \/>\nEstiveram presentes seus familiares: Rejane \u2013 ex-esposa e suas filhas Osvane Avelino e Helen Avelino e os vereadores. O vice-presidente \u2013 Aleandro Linhares e familiares descerraram a placa inaugural, que leva o Nome do radialista Osvaldo Avelino (in memoriam). Est\u00e1 escrito na placa: (Sala de Imprensa \u2013 Antonio Osvaldo Avelino. Paulo Albuquerque \u2013 Presidente da C\u00e2mara Municipal de Sobral).<br \/>\nHelen, sua filha, agradeceu ao vice-presidente Aleandro Linhares pela iniciativa do Projeto e disse est\u00e1 muito feliz pela homenagem e que seu pai est\u00e1 sendo lembrado pelos seus colegas da imprensa e pelos vereadores.<br \/>\nFalaram pela imprensa os seus colegas de r\u00e1dio: Carlito Gomes, Chico Santana e Ara\u00fajo Pachelle. Todos un\u00e2nimes ao ressaltar que Osvaldo era um homem simples e batalhador e amigo.<br \/>\nO vice-presidente, Aleandro Linhares ressaltou a bravura e humildade do radialista Osvaldo Avelino. A ideia de criar esta sala foi de Osvaldo Avelino. Ele foi o primeiro radialista com quem tive contato. Osvaldo disse para o vereador: \u201cVereador Aleandro, muitos radialistas ficam aqui pelos corredores amultuados\u201d. Deus sabe o que faz. Dessa ideia surgiu um espa\u00e7o para a imprensa. O nome dele vai ficar eterno aqui nesta C\u00e2mara. A sala \u00e9 institucional. Essa homenagem \u00e9 mais do que justa ao radialista Osvaldo Avelino (in memoriam) e toda imprensa de Sobral. Parab\u00e9ns, aos profissionais da imprensa que fazem a cobertura das a\u00e7\u00f5es da C\u00e2mara Municipal de Sobral, finalizou o vice-presidente, vereador Aleandro Linhares.<br \/>\nDemais vereadores presentes, em suas falas, tamb\u00e9m ressaltaram e elogiaram a humildade e serenidade de Osvaldo Avelino. Falaram os vereadores: Johnson Vasconcelos, Socorrinha Brasileiro, Alessandra Ponte e M\u00e1rio Vicktor.<\/p>\n<p><img fetchpriority=\"high\" decoding=\"async\" class=\"alignleft size-medium wp-image-17233\" src=\"https:\/\/correiodasemana.com\/site\/wp-content\/uploads\/2021\/08\/radialistas-2-300x201.png\" alt=\"\" width=\"300\" height=\"201\" srcset=\"https:\/\/correiodasemana.com\/site\/wp-content\/uploads\/2021\/08\/radialistas-2-300x201.png 300w, https:\/\/correiodasemana.com\/site\/wp-content\/uploads\/2021\/08\/radialistas-2-1024x685.png 1024w, https:\/\/correiodasemana.com\/site\/wp-content\/uploads\/2021\/08\/radialistas-2-768x514.png 768w, https:\/\/correiodasemana.com\/site\/wp-content\/uploads\/2021\/08\/radialistas-2.png 1280w\" sizes=\"(max-width: 300px) 100vw, 300px\" \/> <img decoding=\"async\" class=\"alignleft size-medium wp-image-17234\" src=\"https:\/\/correiodasemana.com\/site\/wp-content\/uploads\/2021\/08\/radialistas-3-300x201.png\" alt=\"\" width=\"300\" height=\"201\" srcset=\"https:\/\/correiodasemana.com\/site\/wp-content\/uploads\/2021\/08\/radialistas-3-300x201.png 300w, https:\/\/correiodasemana.com\/site\/wp-content\/uploads\/2021\/08\/radialistas-3-1024x685.png 1024w, https:\/\/correiodasemana.com\/site\/wp-content\/uploads\/2021\/08\/radialistas-3-768x514.png 768w, https:\/\/correiodasemana.com\/site\/wp-content\/uploads\/2021\/08\/radialistas-3.png 1280w\" sizes=\"(max-width: 300px) 100vw, 300px\" \/> <img decoding=\"async\" class=\"alignleft size-medium wp-image-17235\" src=\"https:\/\/correiodasemana.com\/site\/wp-content\/uploads\/2021\/08\/radialistas-4-300x201.png\" alt=\"\" width=\"300\" height=\"201\" srcset=\"https:\/\/correiodasemana.com\/site\/wp-content\/uploads\/2021\/08\/radialistas-4-300x201.png 300w, https:\/\/correiodasemana.com\/site\/wp-content\/uploads\/2021\/08\/radialistas-4-1024x685.png 1024w, https:\/\/correiodasemana.com\/site\/wp-content\/uploads\/2021\/08\/radialistas-4-768x514.png 768w, https:\/\/correiodasemana.com\/site\/wp-content\/uploads\/2021\/08\/radialistas-4.png 1280w\" sizes=\"(max-width: 300px) 100vw, 300px\" \/> <img loading=\"lazy\" decoding=\"async\" class=\"alignleft size-medium wp-image-17236\" src=\"https:\/\/correiodasemana.com\/site\/wp-content\/uploads\/2021\/08\/radialistas-300x201.png\" alt=\"\" width=\"300\" height=\"201\" srcset=\"https:\/\/correiodasemana.com\/site\/wp-content\/uploads\/2021\/08\/radialistas-300x201.png 300w, https:\/\/correiodasemana.com\/site\/wp-content\/uploads\/2021\/08\/radialistas-1024x685.png 1024w, https:\/\/correiodasemana.com\/site\/wp-content\/uploads\/2021\/08\/radialistas-768x514.png 768w, https:\/\/correiodasemana.com\/site\/wp-content\/uploads\/2021\/08\/radialistas.png 1280w\" sizes=\"(max-width: 300px) 100vw, 300px\" \/><\/p>\n","protected":false},"excerpt":{"rendered":"<p>A imprensa que faz a cobertura das a\u00e7\u00f5es dos vereadores do municipio de Sobral, compareceram&#8230;<\/p>\n","protected":false},"author":1,"featured_media":17234,"comment_status":"open","ping_status":"open","sticky":false,"template":"","format":"standard","meta":{"_jetpack_memberships_contains_paid_content":false,"footnotes":"","jetpack_publicize_message":"","jetpack_publicize_feature_enabled":true,"jetpack_social_post_already_shared":true,"jetpack_social_options":{"image_generator_settings":{"template":"highway","default_image_id":0,"font":"","enabled":false},"version":2}},"categories":[1],"tags":[],"class_list":["post-17232","post","type-post","status-publish","format-standard","has-post-thumbnail","hentry","category-atualidade"],"jetpack_publicize_connections":[],"jetpack_featured_media_url":"https:\/\/correiodasemana.com\/site\/wp-content\/uploads\/2021\/08\/radialistas-3.png","jetpack-related-posts":[{"id":11617,"url":"https:\/\/correiodasemana.com\/site\/homenagem-ao-radialista-e-colunista-osvaldo-avelino\/","url_meta":{"origin":17232,"position":0},"title":"Homenagem ao Radialista e Colunista Osvaldo Avelino","author":"","date":"Julho 2, 2020","format":false,"excerpt":"O Jornal Correio da Semana e a R\u00e1dio Educadora do Nordeste manifestam votos p\u00fablicos de reconhecimento e gratid\u00e3o ao estimado Ant\u00f4nio Osvaldo Avelino, pelos seus relevantes servi\u00e7os prestados nesse sistema de comunica\u00e7\u00e3o. Nos \u00faltimos anos, Osvaldo Avelino colaborou com o Correio da Semana com not\u00edcias da C\u00e2mara Municipal de Sobral,\u2026","rel":"","context":"In &quot;Atualidade&quot;","block_context":{"text":"Atualidade","link":"https:\/\/correiodasemana.com\/site\/category\/atualidade\/"},"img":{"alt_text":"","src":"https:\/\/i0.wp.com\/correiodasemana.com\/site\/wp-content\/uploads\/2020\/07\/OSVALDO-AVELINO-1-scaled.jpg?resize=350%2C200&ssl=1","width":350,"height":200,"srcset":"https:\/\/i0.wp.com\/correiodasemana.com\/site\/wp-content\/uploads\/2020\/07\/OSVALDO-AVELINO-1-scaled.jpg?resize=350%2C200&ssl=1 1x, https:\/\/i0.wp.com\/correiodasemana.com\/site\/wp-content\/uploads\/2020\/07\/OSVALDO-AVELINO-1-scaled.jpg?resize=525%2C300&ssl=1 1.5x, https:\/\/i0.wp.com\/correiodasemana.com\/site\/wp-content\/uploads\/2020\/07\/OSVALDO-AVELINO-1-scaled.jpg?resize=700%2C400&ssl=1 2x, https:\/\/i0.wp.com\/correiodasemana.com\/site\/wp-content\/uploads\/2020\/07\/OSVALDO-AVELINO-1-scaled.jpg?resize=1050%2C600&ssl=1 3x, https:\/\/i0.wp.com\/correiodasemana.com\/site\/wp-content\/uploads\/2020\/07\/OSVALDO-AVELINO-1-scaled.jpg?resize=1400%2C800&ssl=1 4x"},"classes":[]},{"id":18896,"url":"https:\/\/correiodasemana.com\/site\/morre-o-radialista-ary-aires\/","url_meta":{"origin":17232,"position":1},"title":"Morre o radialista Ary Aires","author":"","date":"Fevereiro 14, 2022","format":false,"excerpt":"Morreu no dia 10 de fevereiro de 2022, o radialista e blogueiro Ary Aires. Ele atuava h\u00e1 15 anos como radialista em Sobral. Era muito querido por todos da imprensa sobralense. Al\u00e9m do r\u00e1dio, gostava de fazer outras coisas. Cursou Teologia pelo ISTEP e se formou. Ary Aires foi diretor\u2026","rel":"","context":"In &quot;Atualidade&quot;","block_context":{"text":"Atualidade","link":"https:\/\/correiodasemana.com\/site\/category\/atualidade\/"},"img":{"alt_text":"","src":"https:\/\/i0.wp.com\/correiodasemana.com\/site\/wp-content\/uploads\/2022\/02\/Ary-Aires-22.jpg?resize=350%2C200&ssl=1","width":350,"height":200},"classes":[]},{"id":17307,"url":"https:\/\/correiodasemana.com\/site\/politica-em-evidencia-74\/","url_meta":{"origin":17232,"position":2},"title":"Pol\u00edtica em Evid\u00eancia","author":"","date":"Agosto 23, 2021","format":false,"excerpt":"O ministro da Sa\u00fade,\u00a0 Marcelo Queiroga e a secret\u00e1ria de Gest\u00e3o do Trabalho e Educa\u00e7\u00e3o da Sa\u00fade, Mayra Pinheiro, estiveram na cidade de Sobral, realizando inaugura\u00e7\u00f5es na Santa Casa, beneficiando a popula\u00e7\u00e3o da Zona Norte do Cear\u00e1. Marcelo Queiroga inaugurou a Usina de Oxig\u00eanio, a Nova Estrutura\u00a0 do Servi\u00e7o de\u2026","rel":"","context":"In &quot;Artigos&quot;","block_context":{"text":"Artigos","link":"https:\/\/correiodasemana.com\/site\/category\/artigos\/"},"img":{"alt_text":"","src":"","width":0,"height":0},"classes":[]},{"id":17255,"url":"https:\/\/correiodasemana.com\/site\/politica-em-evidencia-73\/","url_meta":{"origin":17232,"position":3},"title":"Pol\u00edtica em Evid\u00eancia","author":"","date":"Agosto 16, 2021","format":false,"excerpt":"A Prefeitura de Sobral atrav\u00e9s da Secretaria da Infraestrutura (Seinfra), segue avan\u00e7ando nas obras\u00a0de execu\u00e7\u00e3o da ponte estaiada, que ligar\u00e1 o bairro Dom Expedito ao Centro. As obras da nova ponte possuem investimento de cerca de R$ 6 milh\u00f5es,\u00a0com recursos federais e do tesouro municipal. A previs\u00e3o de entrega \u00e9\u2026","rel":"","context":"In &quot;Artigos&quot;","block_context":{"text":"Artigos","link":"https:\/\/correiodasemana.com\/site\/category\/artigos\/"},"img":{"alt_text":"","src":"","width":0,"height":0},"classes":[]},{"id":8576,"url":"https:\/\/correiodasemana.com\/site\/radio-educadora-e-homenageada-por-seus-60-anos-no-programa-show-do-ivan-frota-no-becco-do-cotovelo\/","url_meta":{"origin":17232,"position":4},"title":"R\u00e1dio Educadora \u00e9 homenageada por seus 60 anos no programa Show do Ivan Frota no Becco do Cotovelo","author":"","date":"Agosto 6, 2019","format":false,"excerpt":"Funcion\u00e1rios e colaboradores que passaram pela emissora foram reconhecidos e homenageados pelo servi\u00e7o prestado e pertencentes \u00e0 hist\u00f3ria Com o objetivo de estender as comemora\u00e7\u00f5es referente aos 60 anos do anivers\u00e1rio de funda\u00e7\u00e3o da R\u00e1dio Educadora de Sobral, que aconteceu no dia 21 de junho, e homenagear mais pessoas que\u2026","rel":"","context":"In &quot;Atualidade&quot;","block_context":{"text":"Atualidade","link":"https:\/\/correiodasemana.com\/site\/category\/atualidade\/"},"img":{"alt_text":"","src":"https:\/\/i0.wp.com\/correiodasemana.com\/site\/wp-content\/uploads\/2019\/08\/DSC_6124.jpg?resize=350%2C200&ssl=1","width":350,"height":200},"classes":[]},{"id":10247,"url":"https:\/\/correiodasemana.com\/site\/panorama-politico-25\/","url_meta":{"origin":17232,"position":5},"title":"Panorama Pol\u00edtico","author":"","date":"Dezembro 23, 2019","format":false,"excerpt":"Prefeito Ivo Gomes e o governado Camilo Santana inauguraram a Central de Tratamento de Res\u00edduos de Sobral Foi inaugurada neste s\u00e1bado, 14 de dezembro, a Central de Tratamento de Res\u00edduos - CTR de Sobral, localizada na CE 183 nas proximidades da BR 222. A solenidade contou com as presen\u00e7as do\u2026","rel":"","context":"In &quot;Artigos&quot;","block_context":{"text":"Artigos","link":"https:\/\/correiodasemana.com\/site\/category\/artigos\/"},"img":{"alt_text":"","src":"https:\/\/i0.wp.com\/correiodasemana.com\/site\/wp-content\/uploads\/2019\/09\/camara-de-sobral.jpeg?resize=350%2C200&ssl=1","width":350,"height":200,"srcset":"https:\/\/i0.wp.com\/correiodasemana.com\/site\/wp-content\/uploads\/2019\/09\/camara-de-sobral.jpeg?resize=350%2C200&ssl=1 1x, https:\/\/i0.wp.com\/correiodasemana.com\/site\/wp-content\/uploads\/2019\/09\/camara-de-sobral.jpeg?resize=525%2C300&ssl=1 1.5x, https:\/\/i0.wp.com\/correiodasemana.com\/site\/wp-content\/uploads\/2019\/09\/camara-de-sobral.jpeg?resize=700%2C400&ssl=1 2x"},"classes":[]}],"jetpack_sharing_enabled":true,"_links":{"self":[{"href":"https:\/\/correiodasemana.com\/site\/wp-json\/wp\/v2\/posts\/17232","targetHints":{"allow":["GET"]}}],"collection":[{"href":"https:\/\/correiodasemana.com\/site\/wp-json\/wp\/v2\/posts"}],"about":[{"href":"https:\/\/correiodasemana.com\/site\/wp-json\/wp\/v2\/types\/post"}],"author":[{"embeddable":true,"href":"https:\/\/correiodasemana.com\/site\/wp-json\/wp\/v2\/users\/1"}],"replies":[{"embeddable":true,"href":"https:\/\/correiodasemana.com\/site\/wp-json\/wp\/v2\/comments?post=17232"}],"version-history":[{"count":1,"href":"https:\/\/correiodasemana.com\/site\/wp-json\/wp\/v2\/posts\/17232\/revisions"}],"predecessor-version":[{"id":17237,"href":"https:\/\/correiodasemana.com\/site\/wp-json\/wp\/v2\/posts\/17232\/revisions\/17237"}],"wp:featuredmedia":[{"embeddable":true,"href":"https:\/\/correiodasemana.com\/site\/wp-json\/wp\/v2\/media\/17234"}],"wp:attachment":[{"href":"https:\/\/correiodasemana.com\/site\/wp-json\/wp\/v2\/media?parent=17232"}],"wp:term":[{"taxonomy":"category","embeddable":true,"href":"https:\/\/correiodasemana.com\/site\/wp-json\/wp\/v2\/categories?post=17232"},{"taxonomy":"post_tag","embeddable":true,"href":"https:\/\/correiodasemana.com\/site\/wp-json\/wp\/v2\/tags?post=17232"}],"curies":[{"name":"wp","href":"https:\/\/api.w.org\/{rel}","templated":true}]}}