{"id":17270,"date":"2021-08-16T00:08:54","date_gmt":"2021-08-16T03:08:54","guid":{"rendered":"https:\/\/correiodasemana.com\/site\/?p=17270"},"modified":"2021-08-16T00:08:54","modified_gmt":"2021-08-16T03:08:54","slug":"pela-politica-melhor-3","status":"publish","type":"post","link":"https:\/\/correiodasemana.com\/site\/pela-politica-melhor-3\/","title":{"rendered":"PELA POL\u00cdTICA MELHOR"},"content":{"rendered":"<p>A sociedade brasileira costuma enjaular o di\u00e1logo em torno de nomes ao tratar sobre pol\u00edtica. As reflex\u00f5es a respeito de candidaturas constituem cap\u00edtulo indispens\u00e1vel, especialmente no contexto da pol\u00edtica partid\u00e1ria, pois possibilitam real\u00e7ar nomes com condi\u00e7\u00f5es adequadas para representar o povo. Mas \u00e9 importante que essas reflex\u00f5es sobre candidaturas sejam precedidas e, permanentemente, emolduradas pelo di\u00e1logo que promove a pol\u00edtica melhor \u2013 refer\u00eancia ao t\u00edtulo do cap\u00edtulo quinto da Carta Enc\u00edclica Fratelli Tutti do Papa Francisco. Ora, o povo, no cumprimento de sua tarefa cidad\u00e3, em conformidade com a Constitui\u00e7\u00e3o Federal, \u00e9 o grande protagonista do processo eleitoral, garantia de uma democracia amadurecida. Neste momento em que o Pa\u00eds antecipa discuss\u00f5es sobre o processo eleitoral de 2022, priorizando debates sobre nomes que podem ser submetidos ao voto, h\u00e1 de se evitar s\u00e9rio risco: n\u00e3o se investir na recomposi\u00e7\u00e3o de adequados entendimentos sociais \u2013 imprescind\u00edveis para que a sociedade brasileira construa uma pol\u00edtica melhor.<br \/>\nQuando s\u00e3o consideradas as polariza\u00e7\u00f5es sociais e as dificuldades de se elaborar percep\u00e7\u00f5es para rumos novos, comprova-se a import\u00e2ncia de se promover, massivamente, situa\u00e7\u00f5es que favore\u00e7am a constru\u00e7\u00e3o de entendimentos, a partir do di\u00e1logo que leva \u00e0 pol\u00edtica melhor. Assim, atende-se a uma necessidade educativa e civilizat\u00f3ria no caminho da recupera\u00e7\u00e3o da sociedade, que sofre injun\u00e7\u00f5es pesadas \u2013 dentre as mais graves, as consequ\u00eancias da pandemia da covid-19, al\u00e9m dos muitos retrocessos que golpeiam a jovem democracia brasileira. Por isso \u00e9 necess\u00e1rio investir no di\u00e1logo que promove a pol\u00edtica melhor, uma oportunidade de exercitar a capacidade de ouvir, para adquirir o conhecimento que afasta o contexto pol\u00edtico de irracionalidades e manipula\u00e7\u00f5es. Esse di\u00e1logo qualificado, consequentemente, pode levar a escolhas mais acertadas de nomes submetidos a sufr\u00e1gios eleitorais. \u00c9 caminho, pois, para vencer esquemas de corrup\u00e7\u00e3o que promovem \u2013 e se alimentam \u2013 das vergonhosas desigualdades sociais, dos atentados contra o meio ambiente, do desrespeito a direitos, vitimando povos ind\u00edgenas, dentre outras minorias.<br \/>\nA sociedade brasileira, com suas institui\u00e7\u00f5es e segmentos, precisa se dedicar \u00e0 recomposi\u00e7\u00e3o de sua realidade sociopol\u00edtica, o que exige muito investimento. \u00c9 preciso cuidado para que o Pa\u00eds n\u00e3o se envolva, simplesmente, na discuss\u00e3o de nomes, desobrigando-se da tarefa de construir um entendimento civilizat\u00f3rio mais l\u00facido e abrangente, a ser alcan\u00e7ado com a contribui\u00e7\u00e3o da ci\u00eancia, de estudos e debates. Sem a constru\u00e7\u00e3o desse entendimento civilizat\u00f3rio, corre-se o risco de empobrecer o processo eleitoral, conferindo-lhe caracter\u00edsticas das disputas entre torcidas no \u00e2mbito do esporte. Escolhas pol\u00edticas jamais podem se estreitar nos par\u00e2metros das simpatias e escolhas esportivas, pois s\u00e3o determinantes na configura\u00e7\u00e3o dos rumos de uma sociedade. Se essas escolhas forem equivocadas, consolidam-se pr\u00e1ticas irrespons\u00e1veis e sem o lastro human\u00edstico necess\u00e1rio para o exerc\u00edcio da lideran\u00e7a que est\u00e1 a servi\u00e7o do povo, do seu destino e da sua identidade.<br \/>\nA hist\u00f3ria mostra que escolhas equivocadas levam sociedades ao fracasso. Por isso mesmo, \u00e9 preciso lutar e contribuir para o adequado funcionamento das institui\u00e7\u00f5es democr\u00e1ticas e pelo exerc\u00edcio da cidadania \u2013 todos reconhecendo seus direitos e deveres. O processo eleitoral deve constituir uma importante oportunidade para o debate social \u2013 com o objetivo de consolidar a pol\u00edtica melhor. A sociedade depende muito de qualificada politiza\u00e7\u00e3o dos seus cidad\u00e3os, que n\u00e3o podem deixar-se aprisionar por polariza\u00e7\u00f5es, negacionismos e escolhas parciais. Debates sobre temas e valores constituem desafio para sociedades pluralistas com s\u00e9rias lacunas human\u00edsticas e car\u00eancia de princ\u00edpios morais.<br \/>\nO Papa Francisco sublinha a import\u00e2ncia da pol\u00edtica, partilhando entendimento muito precioso: \u00a0a rejei\u00e7\u00e3o da corrup\u00e7\u00e3o, do mau uso do poder ou da falta de respeito \u00e0s leis n\u00e3o deve justificar uma economia sem pol\u00edtica. A pol\u00edtica \u00e9 imprescind\u00edvel para lidar com os v\u00e1rios aspectos da crise atual. As l\u00f3gicas econ\u00f4micas que escandalosamente favorecem grupos poderosos sacrificando o bem comum, o respeito aos pobres e a preserva\u00e7\u00e3o da casa comum somente poder\u00e3o ser superadas a partir de qualificadas lideran\u00e7as pol\u00edticas \u2013 cidad\u00e3os com vis\u00e3o human\u00edstica e capacidade para intuir os caminhos do equil\u00edbrio, da garantia da justi\u00e7a e do bem.<br \/>\nInvestir agora no di\u00e1logo que promove a pol\u00edtica melhor permite desenvolver crit\u00e9rios adequados que possibilitem eleger representantes do povo com a compet\u00eancia para ajudar na recomposi\u00e7\u00e3o da sociedade, promovendo reformas em interlocu\u00e7\u00e3o com diferentes segmentos. Aos que pretendem se candidatar a cargos nos poderes, \u00e9 importante lembrar: n\u00e3o \u00e9 adequado apresentar-se como defensor de alguns princ\u00edpios, atendendo expectativas de grupos espec\u00edficos, mesmo com preju\u00edzos a uma pol\u00edtica salutar, capaz de reformar institui\u00e7\u00f5es, coorden\u00e1-las e dot\u00e1-las de bons procedimentos para a supera\u00e7\u00e3o de press\u00f5es e in\u00e9rcias viciosas. O Papa Francisco, lucidamente, sublinha que o papel da pol\u00edtica melhor n\u00e3o pode ser substitu\u00eddo pela economia. Importa muito, agora, mesmo na exiguidade do tempo e considerado o tamanho da demanda, intensamente dialogar sobre a pol\u00edtica melhor.<br \/>\nDom Walmor Oliveira de Azevedo &#8211; Arcebispo de Belo Horizonte (MG)<\/p>\n","protected":false},"excerpt":{"rendered":"<p>A sociedade brasileira costuma enjaular o di\u00e1logo em torno de nomes ao tratar sobre pol\u00edtica&#8230;.<\/p>\n","protected":false},"author":1,"featured_media":79,"comment_status":"open","ping_status":"open","sticky":false,"template":"","format":"standard","meta":{"_jetpack_memberships_contains_paid_content":false,"footnotes":"","jetpack_publicize_message":"","jetpack_publicize_feature_enabled":true,"jetpack_social_post_already_shared":true,"jetpack_social_options":{"image_generator_settings":{"template":"highway","default_image_id":0,"font":"","enabled":false},"version":2}},"categories":[24,11],"tags":[],"class_list":["post-17270","post","type-post","status-publish","format-standard","has-post-thumbnail","hentry","category-a-voz-do-pastor","category-artigos"],"jetpack_publicize_connections":[],"jetpack_featured_media_url":"https:\/\/correiodasemana.com\/site\/wp-content\/uploads\/2019\/07\/Dom-Vasconcelos-posses.jpg","jetpack-related-posts":[{"id":17094,"url":"https:\/\/correiodasemana.com\/site\/pela-politica-melhor\/","url_meta":{"origin":17270,"position":0},"title":"PELA POL\u00cdTICA MELHOR","author":"","date":"Julho 27, 2021","format":false,"excerpt":"A sociedade brasileira costuma enjaular o di\u00e1logo em torno de nomes ao tratar sobre pol\u00edtica. As reflex\u00f5es a respeito de candidaturas constituem cap\u00edtulo indispens\u00e1vel, especialmente no contexto da pol\u00edtica partid\u00e1ria, pois possibilitam real\u00e7ar nomes com condi\u00e7\u00f5es adequadas para representar o povo. Mas \u00e9 importante que essas reflex\u00f5es sobre candidaturas sejam\u2026","rel":"","context":"In &quot;A voz do Pastor&quot;","block_context":{"text":"A voz do Pastor","link":"https:\/\/correiodasemana.com\/site\/category\/a-voz-do-pastor\/"},"img":{"alt_text":"","src":"https:\/\/i0.wp.com\/correiodasemana.com\/site\/wp-content\/uploads\/2019\/07\/Dom-Vasconcelos-posses.jpg?resize=350%2C200&ssl=1","width":350,"height":200,"srcset":"https:\/\/i0.wp.com\/correiodasemana.com\/site\/wp-content\/uploads\/2019\/07\/Dom-Vasconcelos-posses.jpg?resize=350%2C200&ssl=1 1x, https:\/\/i0.wp.com\/correiodasemana.com\/site\/wp-content\/uploads\/2019\/07\/Dom-Vasconcelos-posses.jpg?resize=525%2C300&ssl=1 1.5x, https:\/\/i0.wp.com\/correiodasemana.com\/site\/wp-content\/uploads\/2019\/07\/Dom-Vasconcelos-posses.jpg?resize=700%2C400&ssl=1 2x"},"classes":[]},{"id":17136,"url":"https:\/\/correiodasemana.com\/site\/pela-politica-melhor-2\/","url_meta":{"origin":17270,"position":1},"title":"PELA POL\u00cdTICA MELHOR","author":"","date":"Agosto 2, 2021","format":false,"excerpt":"A sociedade brasileira costuma enjaular o di\u00e1logo em torno de nomes ao tratar sobre pol\u00edtica. As reflex\u00f5es a respeito de candidaturas constituem cap\u00edtulo indispens\u00e1vel, especialmente no contexto da pol\u00edtica partid\u00e1ria, pois possibilitam real\u00e7ar nomes com condi\u00e7\u00f5es adequadas para representar o povo. Mas \u00e9 importante que essas reflex\u00f5es sobre candidaturas sejam\u2026","rel":"","context":"In &quot;A voz do Pastor&quot;","block_context":{"text":"A voz do Pastor","link":"https:\/\/correiodasemana.com\/site\/category\/a-voz-do-pastor\/"},"img":{"alt_text":"","src":"https:\/\/i0.wp.com\/correiodasemana.com\/site\/wp-content\/uploads\/2019\/07\/Dom-Vasconcelos-posses.jpg?resize=350%2C200&ssl=1","width":350,"height":200,"srcset":"https:\/\/i0.wp.com\/correiodasemana.com\/site\/wp-content\/uploads\/2019\/07\/Dom-Vasconcelos-posses.jpg?resize=350%2C200&ssl=1 1x, https:\/\/i0.wp.com\/correiodasemana.com\/site\/wp-content\/uploads\/2019\/07\/Dom-Vasconcelos-posses.jpg?resize=525%2C300&ssl=1 1.5x, https:\/\/i0.wp.com\/correiodasemana.com\/site\/wp-content\/uploads\/2019\/07\/Dom-Vasconcelos-posses.jpg?resize=700%2C400&ssl=1 2x"},"classes":[]},{"id":13691,"url":"https:\/\/correiodasemana.com\/site\/eleicoes-2020-tse-libera-ferramenta-para-consulta-de-candidaturas\/","url_meta":{"origin":17270,"position":2},"title":"Elei\u00e7\u00f5es 2020: TSE libera ferramenta para consulta de candidaturas","author":"","date":"Setembro 22, 2020","format":false,"excerpt":"Sistema pode ser consultado por qualquer cidad\u00e3o Consultas por munic\u00edpio e cargo, acesso \u00e0 informa\u00e7\u00f5es detalhadas sobre a situa\u00e7\u00e3o dos candidatos aos cargos de prefeito, vice-prefeito e vereador, que pediram registro para concorrer \u00e0s Elei\u00e7\u00f5es Municipais de 2020 j\u00e1 est\u00e3o dispon\u00edveis na plataforma\u00a0DivulgaCandContas, do Tribunal Superior Eleitoral (TSE). A ferramenta\u2026","rel":"","context":"In &quot;Atualidade&quot;","block_context":{"text":"Atualidade","link":"https:\/\/correiodasemana.com\/site\/category\/atualidade\/"},"img":{"alt_text":"","src":"https:\/\/i0.wp.com\/correiodasemana.com\/site\/wp-content\/uploads\/2020\/09\/tse_1908200982.jpg?resize=350%2C200&ssl=1","width":350,"height":200,"srcset":"https:\/\/i0.wp.com\/correiodasemana.com\/site\/wp-content\/uploads\/2020\/09\/tse_1908200982.jpg?resize=350%2C200&ssl=1 1x, https:\/\/i0.wp.com\/correiodasemana.com\/site\/wp-content\/uploads\/2020\/09\/tse_1908200982.jpg?resize=525%2C300&ssl=1 1.5x, https:\/\/i0.wp.com\/correiodasemana.com\/site\/wp-content\/uploads\/2020\/09\/tse_1908200982.jpg?resize=700%2C400&ssl=1 2x, https:\/\/i0.wp.com\/correiodasemana.com\/site\/wp-content\/uploads\/2020\/09\/tse_1908200982.jpg?resize=1050%2C600&ssl=1 3x"},"classes":[]},{"id":13925,"url":"https:\/\/correiodasemana.com\/site\/menos-de-1-dos-municipios-do-brasil-tem-so-mulheres-na-disputa-pela-prefeitura\/","url_meta":{"origin":17270,"position":3},"title":"Menos de 1% dos munic\u00edpios do Brasil tem s\u00f3 mulheres na disputa pela prefeitura","author":"","date":"Outubro 5, 2020","format":false,"excerpt":"Percentual \u00e9 inferior ao das cidades que ter\u00e3o apenas homens nas elei\u00e7\u00f5es para o Executivo local (60%). Para cientista pol\u00edtica, disparidades indicam as barreiras que as mulheres ainda enfrentam para lan\u00e7ar candidaturas. Em 39 cidades brasileiras, os eleitores j\u00e1 sabem que ter\u00e3o uma mulher como prefeita no pr\u00f3ximo ano. Dados\u2026","rel":"","context":"In &quot;Atualidade&quot;","block_context":{"text":"Atualidade","link":"https:\/\/correiodasemana.com\/site\/category\/atualidade\/"},"img":{"alt_text":"","src":"https:\/\/i0.wp.com\/correiodasemana.com\/site\/wp-content\/uploads\/2020\/10\/eleicoes-2020-campanha-nas-ruas-comeca-no-domingo.jpg?resize=350%2C200&ssl=1","width":350,"height":200,"srcset":"https:\/\/i0.wp.com\/correiodasemana.com\/site\/wp-content\/uploads\/2020\/10\/eleicoes-2020-campanha-nas-ruas-comeca-no-domingo.jpg?resize=350%2C200&ssl=1 1x, https:\/\/i0.wp.com\/correiodasemana.com\/site\/wp-content\/uploads\/2020\/10\/eleicoes-2020-campanha-nas-ruas-comeca-no-domingo.jpg?resize=525%2C300&ssl=1 1.5x, https:\/\/i0.wp.com\/correiodasemana.com\/site\/wp-content\/uploads\/2020\/10\/eleicoes-2020-campanha-nas-ruas-comeca-no-domingo.jpg?resize=700%2C400&ssl=1 2x, https:\/\/i0.wp.com\/correiodasemana.com\/site\/wp-content\/uploads\/2020\/10\/eleicoes-2020-campanha-nas-ruas-comeca-no-domingo.jpg?resize=1050%2C600&ssl=1 3x, https:\/\/i0.wp.com\/correiodasemana.com\/site\/wp-content\/uploads\/2020\/10\/eleicoes-2020-campanha-nas-ruas-comeca-no-domingo.jpg?resize=1400%2C800&ssl=1 4x"},"classes":[]},{"id":30418,"url":"https:\/\/correiodasemana.com\/site\/eleicoes-2024-mais-de-400-mil-candidaturas-estao-registradas\/","url_meta":{"origin":17270,"position":4},"title":"Elei\u00e7\u00f5es 2024: mais de 400 mil candidaturas est\u00e3o registradas","author":"adminredacao","date":"Agosto 19, 2024","format":false,"excerpt":"Prazo para o registro presencial se encerra \u00e0s 19h desta quinta-feira Por Felipe Pontes - Rep\u00f3rter da Ag\u00eancia Brasil - Bras\u00edlia Os partidos, coliga\u00e7\u00f5es e federa\u00e7\u00f5es t\u00eam at\u00e9 esta quinta-feira (15) registrem os candidatos a prefeito e vereador para as elei\u00e7\u00f5es municipais deste ano, marcadas para 6 de outubro, com\u2026","rel":"","context":"In &quot;Atualidade&quot;","block_context":{"text":"Atualidade","link":"https:\/\/correiodasemana.com\/site\/category\/atualidade\/"},"img":{"alt_text":"","src":"https:\/\/i0.wp.com\/correiodasemana.com\/site\/wp-content\/uploads\/2024\/08\/50429036346_a9271a4327_o.webp?resize=350%2C200&ssl=1","width":350,"height":200,"srcset":"https:\/\/i0.wp.com\/correiodasemana.com\/site\/wp-content\/uploads\/2024\/08\/50429036346_a9271a4327_o.webp?resize=350%2C200&ssl=1 1x, https:\/\/i0.wp.com\/correiodasemana.com\/site\/wp-content\/uploads\/2024\/08\/50429036346_a9271a4327_o.webp?resize=525%2C300&ssl=1 1.5x, https:\/\/i0.wp.com\/correiodasemana.com\/site\/wp-content\/uploads\/2024\/08\/50429036346_a9271a4327_o.webp?resize=700%2C400&ssl=1 2x, https:\/\/i0.wp.com\/correiodasemana.com\/site\/wp-content\/uploads\/2024\/08\/50429036346_a9271a4327_o.webp?resize=1050%2C600&ssl=1 3x"},"classes":[]},{"id":14672,"url":"https:\/\/correiodasemana.com\/site\/oito-prefeitos-eleitos-no-ceara-correm-risco-de-nao-assumir-mandato\/","url_meta":{"origin":17270,"position":5},"title":"Oito prefeitos eleitos no Cear\u00e1 correm risco de n\u00e3o assumir mandato","author":"","date":"Novembro 23, 2020","format":false,"excerpt":"Por Joc\u00e9lio Tavares. Com informa\u00e7\u00f5es do Di\u00e1rio do Nordeste Pelo menos oito candidaturas eleitas, no pleito do \u00faltimo domingo (15), para comandar prefeituras do Cear\u00e1 ainda ter\u00e3o de resolver pend\u00eancias na Justi\u00e7a Eleitoral at\u00e9 a data da diploma\u00e7\u00e3o em dezembro. O cen\u00e1rio de indefini\u00e7\u00e3o atinge a rotina de ao menos\u2026","rel":"","context":"In &quot;Atualidade&quot;","block_context":{"text":"Atualidade","link":"https:\/\/correiodasemana.com\/site\/category\/atualidade\/"},"img":{"alt_text":"","src":"https:\/\/i0.wp.com\/correiodasemana.com\/site\/wp-content\/uploads\/2020\/10\/eleicoes_2020_-_banner_destaque_01-1.jpg?resize=350%2C200&ssl=1","width":350,"height":200,"srcset":"https:\/\/i0.wp.com\/correiodasemana.com\/site\/wp-content\/uploads\/2020\/10\/eleicoes_2020_-_banner_destaque_01-1.jpg?resize=350%2C200&ssl=1 1x, https:\/\/i0.wp.com\/correiodasemana.com\/site\/wp-content\/uploads\/2020\/10\/eleicoes_2020_-_banner_destaque_01-1.jpg?resize=525%2C300&ssl=1 1.5x, https:\/\/i0.wp.com\/correiodasemana.com\/site\/wp-content\/uploads\/2020\/10\/eleicoes_2020_-_banner_destaque_01-1.jpg?resize=700%2C400&ssl=1 2x, https:\/\/i0.wp.com\/correiodasemana.com\/site\/wp-content\/uploads\/2020\/10\/eleicoes_2020_-_banner_destaque_01-1.jpg?resize=1050%2C600&ssl=1 3x"},"classes":[]}],"jetpack_sharing_enabled":true,"_links":{"self":[{"href":"https:\/\/correiodasemana.com\/site\/wp-json\/wp\/v2\/posts\/17270","targetHints":{"allow":["GET"]}}],"collection":[{"href":"https:\/\/correiodasemana.com\/site\/wp-json\/wp\/v2\/posts"}],"about":[{"href":"https:\/\/correiodasemana.com\/site\/wp-json\/wp\/v2\/types\/post"}],"author":[{"embeddable":true,"href":"https:\/\/correiodasemana.com\/site\/wp-json\/wp\/v2\/users\/1"}],"replies":[{"embeddable":true,"href":"https:\/\/correiodasemana.com\/site\/wp-json\/wp\/v2\/comments?post=17270"}],"version-history":[{"count":1,"href":"https:\/\/correiodasemana.com\/site\/wp-json\/wp\/v2\/posts\/17270\/revisions"}],"predecessor-version":[{"id":17271,"href":"https:\/\/correiodasemana.com\/site\/wp-json\/wp\/v2\/posts\/17270\/revisions\/17271"}],"wp:featuredmedia":[{"embeddable":true,"href":"https:\/\/correiodasemana.com\/site\/wp-json\/wp\/v2\/media\/79"}],"wp:attachment":[{"href":"https:\/\/correiodasemana.com\/site\/wp-json\/wp\/v2\/media?parent=17270"}],"wp:term":[{"taxonomy":"category","embeddable":true,"href":"https:\/\/correiodasemana.com\/site\/wp-json\/wp\/v2\/categories?post=17270"},{"taxonomy":"post_tag","embeddable":true,"href":"https:\/\/correiodasemana.com\/site\/wp-json\/wp\/v2\/tags?post=17270"}],"curies":[{"name":"wp","href":"https:\/\/api.w.org\/{rel}","templated":true}]}}