{"id":17291,"date":"2021-08-23T23:06:01","date_gmt":"2021-08-24T02:06:01","guid":{"rendered":"https:\/\/correiodasemana.com\/site\/?p=17291"},"modified":"2021-08-23T23:06:01","modified_gmt":"2021-08-24T02:06:01","slug":"professora-marly-lopes-fez-aniversario","status":"publish","type":"post","link":"https:\/\/correiodasemana.com\/site\/professora-marly-lopes-fez-aniversario\/","title":{"rendered":"PROFESSORA MARLY LOPES FEZ ANIVERS\u00c1RIO"},"content":{"rendered":"<p>A professora Marly Lopes, Diretora do NEJA &#8211; N\u00facleo de Educa\u00e7\u00e3o de Jovens e Adultos da cidade de Massap\u00ea, e membro eleita da Academia Massapeense de Letras e Artes, foi recebida com uma grande homenagem, no dia do seu anivers\u00e1rio, 16 de agosto, pelos professores e funcion\u00e1rios do NEJA, que contou com a presen\u00e7a do primeiro presidente eleito da Academia Massapeense de Letras e Artes, Jornalista e escritor Eudes de Sousa.<br \/>\nUma das respostas a essa homenagem est\u00e1 na trajet\u00f3ria de sua vida dedicada \u00e0 educa\u00e7\u00e3o, com uma bagagem educacional alicer\u00e7ada nas conquistas da alfabetiza\u00e7\u00e3o de jovens e adultos, que hoje seu anivers\u00e1rio celebra sua experi\u00eancia de vida, profissional e pessoal. Segundo ela, \u201choje o NEJA tem um novo papel, centrado na a\u00e7\u00e3o da oferta de ensino, na constru\u00e7\u00e3o da cidadania e na valoriza\u00e7\u00e3o do desenvolvimento das comunidades, no ensino p\u00fablico de Massap\u00ea\u201d.<br \/>\nGra\u00e7as ao trabalho de educa\u00e7\u00e3o no Munic\u00edpio de Massap\u00ea, o NEJA est\u00e1 fluindo, atuando e movendo as engrenagens que ajudam o crescimento do povo massapeense. Como a pr\u00f3pria Diretora Marly Lopes, diz: \u201cNosso destino \u00e9 acalentar sonhos ambiciosos e concretiz\u00e1-los\u201d.<\/p>\n<p><img decoding=\"async\" class=\"alignleft size-medium wp-image-17292\" src=\"https:\/\/correiodasemana.com\/site\/wp-content\/uploads\/2021\/08\/alunos-e-professores-300x138.png\" alt=\"\" width=\"300\" height=\"138\" srcset=\"https:\/\/correiodasemana.com\/site\/wp-content\/uploads\/2021\/08\/alunos-e-professores-300x138.png 300w, https:\/\/correiodasemana.com\/site\/wp-content\/uploads\/2021\/08\/alunos-e-professores-1024x472.png 1024w, https:\/\/correiodasemana.com\/site\/wp-content\/uploads\/2021\/08\/alunos-e-professores-768x354.png 768w, https:\/\/correiodasemana.com\/site\/wp-content\/uploads\/2021\/08\/alunos-e-professores-1536x708.png 1536w, https:\/\/correiodasemana.com\/site\/wp-content\/uploads\/2021\/08\/alunos-e-professores.png 1600w\" sizes=\"(max-width: 300px) 100vw, 300px\" \/> <img fetchpriority=\"high\" decoding=\"async\" class=\"alignleft size-medium wp-image-17293\" src=\"https:\/\/correiodasemana.com\/site\/wp-content\/uploads\/2021\/08\/WhatsApp-Image-2021-08-17-at-16.36.16-229x300.jpeg\" alt=\"\" width=\"229\" height=\"300\" srcset=\"https:\/\/correiodasemana.com\/site\/wp-content\/uploads\/2021\/08\/WhatsApp-Image-2021-08-17-at-16.36.16-229x300.jpeg 229w, https:\/\/correiodasemana.com\/site\/wp-content\/uploads\/2021\/08\/WhatsApp-Image-2021-08-17-at-16.36.16.jpeg 732w\" sizes=\"(max-width: 229px) 100vw, 229px\" \/><\/p>\n","protected":false},"excerpt":{"rendered":"<p>A professora Marly Lopes, Diretora do NEJA &#8211; N\u00facleo de Educa\u00e7\u00e3o de Jovens e Adultos&#8230;<\/p>\n","protected":false},"author":1,"featured_media":17292,"comment_status":"open","ping_status":"open","sticky":false,"template":"","format":"standard","meta":{"_jetpack_memberships_contains_paid_content":false,"footnotes":"","jetpack_publicize_message":"","jetpack_publicize_feature_enabled":true,"jetpack_social_post_already_shared":true,"jetpack_social_options":{"image_generator_settings":{"template":"highway","default_image_id":0,"font":"","enabled":false},"version":2}},"categories":[1],"tags":[],"class_list":["post-17291","post","type-post","status-publish","format-standard","has-post-thumbnail","hentry","category-atualidade"],"jetpack_publicize_connections":[],"jetpack_featured_media_url":"https:\/\/correiodasemana.com\/site\/wp-content\/uploads\/2021\/08\/alunos-e-professores.png","jetpack-related-posts":[{"id":16808,"url":"https:\/\/correiodasemana.com\/site\/academia-massapeense-de-letras-e-artes\/","url_meta":{"origin":17291,"position":0},"title":"ACADEMIA MASSAPEENSE DE LETRAS E ARTES","author":"","date":"Junho 21, 2021","format":false,"excerpt":"Uma hist\u00f3ria de luta que se concretizou em Massap\u00ea Aos dez dias de junho de 2021, \u00e0s 20h, na sede da Ma\u00e7onaria, escritores, poetas, jornalistas e artes\u00e3os, em Assembleia Geral Ordin\u00e1ria, fundaram a Academia Massapeense de Letras e Artes. Na ocasi\u00e3o foi eleito para presidente, o jornalista e escritor Eudes\u2026","rel":"","context":"In &quot;Atualidade&quot;","block_context":{"text":"Atualidade","link":"https:\/\/correiodasemana.com\/site\/category\/atualidade\/"},"img":{"alt_text":"","src":"https:\/\/i0.wp.com\/correiodasemana.com\/site\/wp-content\/uploads\/2021\/06\/Eudes-Sousa-presidente-da-Academia-Massapeense-de-Letras-e-Artes.png?resize=350%2C200&ssl=1","width":350,"height":200,"srcset":"https:\/\/i0.wp.com\/correiodasemana.com\/site\/wp-content\/uploads\/2021\/06\/Eudes-Sousa-presidente-da-Academia-Massapeense-de-Letras-e-Artes.png?resize=350%2C200&ssl=1 1x, https:\/\/i0.wp.com\/correiodasemana.com\/site\/wp-content\/uploads\/2021\/06\/Eudes-Sousa-presidente-da-Academia-Massapeense-de-Letras-e-Artes.png?resize=525%2C300&ssl=1 1.5x"},"classes":[]},{"id":18161,"url":"https:\/\/correiodasemana.com\/site\/instalacao-e-posse-da-primeira-diretoria-da-academia-massapeense-de-letras-e-artes\/","url_meta":{"origin":17291,"position":1},"title":"Instala\u00e7\u00e3o e posse da primeira Diretoria da Academia Massapeense de Letras e Artes\u00a0","author":"","date":"Novembro 28, 2021","format":false,"excerpt":"Por Prof. Luis Lira Correio da Semana Na noite quinta-feira, 25, no Centro de Conven\u00e7\u00f5es Jarbas Aguiar, em Massap\u00ea, aconteceu a instala\u00e7\u00e3o da Academia Massapeense de Letras e Artes, fundada por iniciativa do Acad\u00eamico Francisco Eudes de Sousa, presidente da Entidade. Presentes, autoridades c\u00edveis e eclesi\u00e1sticas e a sociedade massapeense.\u2026","rel":"","context":"In &quot;Atualidade&quot;","block_context":{"text":"Atualidade","link":"https:\/\/correiodasemana.com\/site\/category\/atualidade\/"},"img":{"alt_text":"","src":"https:\/\/i0.wp.com\/correiodasemana.com\/site\/wp-content\/uploads\/2021\/11\/DSC_4892.jpg?resize=350%2C200&ssl=1","width":350,"height":200,"srcset":"https:\/\/i0.wp.com\/correiodasemana.com\/site\/wp-content\/uploads\/2021\/11\/DSC_4892.jpg?resize=350%2C200&ssl=1 1x, https:\/\/i0.wp.com\/correiodasemana.com\/site\/wp-content\/uploads\/2021\/11\/DSC_4892.jpg?resize=525%2C300&ssl=1 1.5x, https:\/\/i0.wp.com\/correiodasemana.com\/site\/wp-content\/uploads\/2021\/11\/DSC_4892.jpg?resize=700%2C400&ssl=1 2x"},"classes":[]},{"id":26413,"url":"https:\/\/correiodasemana.com\/site\/novos-imortais-tomam-posse-na-academia-massapeense-de-letras-e-artes\/","url_meta":{"origin":17291,"position":2},"title":"Novos imortais tomam Posse na Academia Massapeense de Letras e Artes","author":"adminredacao","date":"Setembro 4, 2023","format":false,"excerpt":"Francisco de Assis Vasconcelos Arruda e Liana Liberato Lopes Carlos tomaram posse na Academia Massapeense de Letras e Artes (AMLA), no dia 25 de agosto de 2023, no Centro de Conven\u00e7\u00f5es Jarbas Aguiar. Assis Arruda e Liana Liberato s\u00e3o nomes consagrados no panorama da literatura cearense contempor\u00e2nea. Coube ao jornalista\u2026","rel":"","context":"In &quot;Atualidade&quot;","block_context":{"text":"Atualidade","link":"https:\/\/correiodasemana.com\/site\/category\/atualidade\/"},"img":{"alt_text":"","src":"https:\/\/i0.wp.com\/correiodasemana.com\/site\/wp-content\/uploads\/2023\/09\/4c9d4128-b917-4f1c-b1ed-aa66eb23faca.jpg?resize=350%2C200&ssl=1","width":350,"height":200,"srcset":"https:\/\/i0.wp.com\/correiodasemana.com\/site\/wp-content\/uploads\/2023\/09\/4c9d4128-b917-4f1c-b1ed-aa66eb23faca.jpg?resize=350%2C200&ssl=1 1x, https:\/\/i0.wp.com\/correiodasemana.com\/site\/wp-content\/uploads\/2023\/09\/4c9d4128-b917-4f1c-b1ed-aa66eb23faca.jpg?resize=525%2C300&ssl=1 1.5x, https:\/\/i0.wp.com\/correiodasemana.com\/site\/wp-content\/uploads\/2023\/09\/4c9d4128-b917-4f1c-b1ed-aa66eb23faca.jpg?resize=700%2C400&ssl=1 2x, https:\/\/i0.wp.com\/correiodasemana.com\/site\/wp-content\/uploads\/2023\/09\/4c9d4128-b917-4f1c-b1ed-aa66eb23faca.jpg?resize=1050%2C600&ssl=1 3x, https:\/\/i0.wp.com\/correiodasemana.com\/site\/wp-content\/uploads\/2023\/09\/4c9d4128-b917-4f1c-b1ed-aa66eb23faca.jpg?resize=1400%2C800&ssl=1 4x"},"classes":[]},{"id":18492,"url":"https:\/\/correiodasemana.com\/site\/uma-academia-de-letras-e-artes-em-massape\/","url_meta":{"origin":17291,"position":3},"title":"UMA ACADEMIA DE LETRAS E ARTES EM MASSAP\u00ca","author":"","date":"Janeiro 10, 2022","format":false,"excerpt":"EUDES DE SOUSA Sa\u00ed das terras onde canta o Sabi\u00e1, l\u00e1 vivi parte de minha vida, onde o meu jornalismo sobre o social, ainda \u00e9 ecoado pelas centen\u00e1rias sacadas de ferros, que guardam a \u201cCan\u00e7\u00e3o do Ex\u00edlio\u201d, de Gon\u00e7alves Dias. Hoje, estou em terras onde canta a Jandaia, aos p\u00e9s\u2026","rel":"","context":"In &quot;Atualidade&quot;","block_context":{"text":"Atualidade","link":"https:\/\/correiodasemana.com\/site\/category\/atualidade\/"},"img":{"alt_text":"","src":"https:\/\/i0.wp.com\/correiodasemana.com\/site\/wp-content\/uploads\/2022\/01\/uma-academia-de-letras-em-masape-scaled.jpg?resize=350%2C200&ssl=1","width":350,"height":200,"srcset":"https:\/\/i0.wp.com\/correiodasemana.com\/site\/wp-content\/uploads\/2022\/01\/uma-academia-de-letras-em-masape-scaled.jpg?resize=350%2C200&ssl=1 1x, https:\/\/i0.wp.com\/correiodasemana.com\/site\/wp-content\/uploads\/2022\/01\/uma-academia-de-letras-em-masape-scaled.jpg?resize=525%2C300&ssl=1 1.5x, https:\/\/i0.wp.com\/correiodasemana.com\/site\/wp-content\/uploads\/2022\/01\/uma-academia-de-letras-em-masape-scaled.jpg?resize=700%2C400&ssl=1 2x, https:\/\/i0.wp.com\/correiodasemana.com\/site\/wp-content\/uploads\/2022\/01\/uma-academia-de-letras-em-masape-scaled.jpg?resize=1050%2C600&ssl=1 3x, https:\/\/i0.wp.com\/correiodasemana.com\/site\/wp-content\/uploads\/2022\/01\/uma-academia-de-letras-em-masape-scaled.jpg?resize=1400%2C800&ssl=1 4x"},"classes":[]},{"id":13043,"url":"https:\/\/correiodasemana.com\/site\/a-profa-marly-lopes-fez-aniversario\/","url_meta":{"origin":17291,"position":4},"title":"A Profa. Marly Lopes fez anivers\u00e1rio","author":"","date":"Agosto 24, 2020","format":false,"excerpt":"\u00c9 com grande satisfa\u00e7\u00e3o e justificado orgulho que os parentes e amigos comemoraram o anivers\u00e1rio da idealista sobralense, professora Marly Lopes, no dia 16, deste m\u00eas de agosto, de 2020. Para celebra\u00e7\u00e3o da passagem de sua nova idade, foi lembrada sua marcante atua\u00e7\u00e3o no cen\u00e1rio social da terra cearense que\u2026","rel":"","context":"In &quot;Atualidade&quot;","block_context":{"text":"Atualidade","link":"https:\/\/correiodasemana.com\/site\/category\/atualidade\/"},"img":{"alt_text":"","src":"https:\/\/i0.wp.com\/correiodasemana.com\/site\/wp-content\/uploads\/2020\/08\/288295fa-809b-463a-b673-3deba90f2504.png?resize=350%2C200&ssl=1","width":350,"height":200,"srcset":"https:\/\/i0.wp.com\/correiodasemana.com\/site\/wp-content\/uploads\/2020\/08\/288295fa-809b-463a-b673-3deba90f2504.png?resize=350%2C200&ssl=1 1x, https:\/\/i0.wp.com\/correiodasemana.com\/site\/wp-content\/uploads\/2020\/08\/288295fa-809b-463a-b673-3deba90f2504.png?resize=525%2C300&ssl=1 1.5x"},"classes":[]},{"id":24661,"url":"https:\/\/correiodasemana.com\/site\/a-academia-e-a-cultura-a-servico-do-humanismo\/","url_meta":{"origin":17291,"position":5},"title":"A Academia e a Cultura a Servi\u00e7o do Humanismo","author":"adminredacao","date":"Maio 14, 2023","format":false,"excerpt":"EUDES DE SOUSA Do ponto de vista de constru\u00e7\u00e3o de pol\u00edticas p\u00fablicas e investimentos necess\u00e1rios \u00e0 cultura e \u00e0 educa\u00e7\u00e3o, a Academia Massapeense de Letras e Artes (AMLA) deu mais um importante passo no avan\u00e7o do conhecimento com o \u201cI Encontro das Academias de Letras da Regi\u00e3o\u201d. Apresentou, no evento,\u2026","rel":"","context":"In &quot;Atualidade&quot;","block_context":{"text":"Atualidade","link":"https:\/\/correiodasemana.com\/site\/category\/atualidade\/"},"img":{"alt_text":"","src":"https:\/\/i0.wp.com\/correiodasemana.com\/site\/wp-content\/uploads\/2023\/05\/academia-e-a-cultura.jpg?resize=350%2C200&ssl=1","width":350,"height":200,"srcset":"https:\/\/i0.wp.com\/correiodasemana.com\/site\/wp-content\/uploads\/2023\/05\/academia-e-a-cultura.jpg?resize=350%2C200&ssl=1 1x, https:\/\/i0.wp.com\/correiodasemana.com\/site\/wp-content\/uploads\/2023\/05\/academia-e-a-cultura.jpg?resize=525%2C300&ssl=1 1.5x"},"classes":[]}],"jetpack_sharing_enabled":true,"_links":{"self":[{"href":"https:\/\/correiodasemana.com\/site\/wp-json\/wp\/v2\/posts\/17291","targetHints":{"allow":["GET"]}}],"collection":[{"href":"https:\/\/correiodasemana.com\/site\/wp-json\/wp\/v2\/posts"}],"about":[{"href":"https:\/\/correiodasemana.com\/site\/wp-json\/wp\/v2\/types\/post"}],"author":[{"embeddable":true,"href":"https:\/\/correiodasemana.com\/site\/wp-json\/wp\/v2\/users\/1"}],"replies":[{"embeddable":true,"href":"https:\/\/correiodasemana.com\/site\/wp-json\/wp\/v2\/comments?post=17291"}],"version-history":[{"count":1,"href":"https:\/\/correiodasemana.com\/site\/wp-json\/wp\/v2\/posts\/17291\/revisions"}],"predecessor-version":[{"id":17294,"href":"https:\/\/correiodasemana.com\/site\/wp-json\/wp\/v2\/posts\/17291\/revisions\/17294"}],"wp:featuredmedia":[{"embeddable":true,"href":"https:\/\/correiodasemana.com\/site\/wp-json\/wp\/v2\/media\/17292"}],"wp:attachment":[{"href":"https:\/\/correiodasemana.com\/site\/wp-json\/wp\/v2\/media?parent=17291"}],"wp:term":[{"taxonomy":"category","embeddable":true,"href":"https:\/\/correiodasemana.com\/site\/wp-json\/wp\/v2\/categories?post=17291"},{"taxonomy":"post_tag","embeddable":true,"href":"https:\/\/correiodasemana.com\/site\/wp-json\/wp\/v2\/tags?post=17291"}],"curies":[{"name":"wp","href":"https:\/\/api.w.org\/{rel}","templated":true}]}}