{"id":17298,"date":"2021-08-23T23:08:42","date_gmt":"2021-08-24T02:08:42","guid":{"rendered":"https:\/\/correiodasemana.com\/site\/?p=17298"},"modified":"2021-08-23T23:08:42","modified_gmt":"2021-08-24T02:08:42","slug":"santa-casa-de-sobral-recebe-doacao-de-capacetes-elmo-do-deputado-estadual-walter-cavalcante","status":"publish","type":"post","link":"https:\/\/correiodasemana.com\/site\/santa-casa-de-sobral-recebe-doacao-de-capacetes-elmo-do-deputado-estadual-walter-cavalcante\/","title":{"rendered":"Santa Casa de Sobral recebe doa\u00e7\u00e3o de Capacetes Elmo do Deputado Estadual Walter Cavalcante"},"content":{"rendered":"<p>Para proporcionar mais qualidade no atendimento de pacientes acometidos com Covid-19, a Santa Casa de Miseric\u00f3rdia de Sobral (SCMS) recebeu na quarta-feira (11\/08) a doa\u00e7\u00e3o de cinco capacetes Elmo. O gesto foi iniciativa do deputado estadual Walter Cavalcante, em parceria com empresas ligadas \u00e0 Federa\u00e7\u00e3o das Ind\u00fastrias do Estado do Cear\u00e1 (Fiec), como a Servnac.<br \/>\nO capacete Elmo \u00e9 fruto de pesquisa e inova\u00e7\u00e3o no Cear\u00e1, e tem recuperado pacientes da insufici\u00eancia respirat\u00f3ria, consequ\u00eancia de complica\u00e7\u00f5es da Covid-19.\u00a0De acordo com o deputado Walter Cavalcante, a doa\u00e7\u00e3o proporciona que o hospital possua um equipamento pr\u00e1tico e de qualidade que salva muitas vidas.\u00a0\u201c\u00c9 uma alegria enorme entregar esses capacetes \u00e0 Santa Casa de Sobral. \u00c9 um capacete que \u00e9 descart\u00e1vel, mas tem uma durabilidade que proporciona t\u00ea-lo em reserva\u201d, destaca.<br \/>\nDurante a doa\u00e7\u00e3o dos capacetes, com a presen\u00e7a do diretor-geral do Complexo Santa Casa de Sobral, Klebson Carvalho Soares, e da diretora de Enfermagem da institui\u00e7\u00e3o, Dra. Concei\u00e7\u00e3o Nunes, o deputado se comprometeu em envolver \u00f3rg\u00e3os estaduais e federais para conseguir recursos para a Santa Casa.\u00a0\u201cInvestimentos s\u00e3o necess\u00e1rios devido o excelente trabalho que vem sendo feito por essa equipe, que vai trazer melhorias da qualidade de vida principalmente para aquelas pessoas que mais precisam, pacientes ligados ao Sistema \u00danico de Sa\u00fade (SUS). Sabemos que o SUS \u00e9 o mais moderno do mundo, mas precisa ser aperfei\u00e7oado, e proporcionar melhorias para que as entidades, principalmente as filantr\u00f3picas, possam ter condi\u00e7\u00e3o de executar um trabalho de qualidade que venha satisfazer o paciente\u201d, frisa o deputado.<br \/>\n\u201cA Santa Casa agradece o gesto de solidariedade em nome de toda popula\u00e7\u00e3o da regi\u00e3o norte do estado do Cear\u00e1. Atendemos pacientes oriundos de 55 munic\u00edpios da regi\u00e3o, e atitudes assim fortalecem e dignificam nossa miss\u00e3o de prestar uma assist\u00eancia com alto padr\u00e3o de qualidade, humaniza\u00e7\u00e3o, seguran\u00e7a e sustentabilidade\u201d, destaca o diretor-geral da institui\u00e7\u00e3o, Klebson Carvalho Soares.<\/p>\n","protected":false},"excerpt":{"rendered":"<p>Para proporcionar mais qualidade no atendimento de pacientes acometidos com Covid-19, a Santa Casa de&#8230;<\/p>\n","protected":false},"author":1,"featured_media":17299,"comment_status":"open","ping_status":"open","sticky":false,"template":"","format":"standard","meta":{"_jetpack_memberships_contains_paid_content":false,"footnotes":"","jetpack_publicize_message":"","jetpack_publicize_feature_enabled":true,"jetpack_social_post_already_shared":true,"jetpack_social_options":{"image_generator_settings":{"template":"highway","default_image_id":0,"font":"","enabled":false},"version":2}},"categories":[1],"tags":[],"class_list":["post-17298","post","type-post","status-publish","format-standard","has-post-thumbnail","hentry","category-atualidade"],"jetpack_publicize_connections":[],"jetpack_featured_media_url":"https:\/\/correiodasemana.com\/site\/wp-content\/uploads\/2021\/08\/Foto-1-3-scaled.jpg","jetpack-related-posts":[{"id":16348,"url":"https:\/\/correiodasemana.com\/site\/santa-casa-de-sobral-recebe-doacao-de-capacetes-elmo-do-sistema-sicredi\/","url_meta":{"origin":17298,"position":0},"title":"Santa Casa de Sobral recebe doa\u00e7\u00e3o de Capacetes Elmo do Sistema Sicredi","author":"","date":"Maio 3, 2021","format":false,"excerpt":"O equipamento reduz em at\u00e9 60% a necessidade de interna\u00e7\u00e3o em leitos de UTI. Ascom Complexo SCMS A Santa Casa de Miseric\u00f3rdia de Sobral (SCMS) recebeu na segunda-feira (26\/04) a doa\u00e7\u00e3o de quatro kits de capacetes elmo da Sicredi Cear\u00e1 Centro Norte. O capacete reduz em at\u00e9 60% a necessidade\u2026","rel":"","context":"In &quot;Atualidade&quot;","block_context":{"text":"Atualidade","link":"https:\/\/correiodasemana.com\/site\/category\/atualidade\/"},"img":{"alt_text":"","src":"https:\/\/i0.wp.com\/correiodasemana.com\/site\/wp-content\/uploads\/2021\/05\/Doacao-Sicredi.jpg?resize=350%2C200&ssl=1","width":350,"height":200,"srcset":"https:\/\/i0.wp.com\/correiodasemana.com\/site\/wp-content\/uploads\/2021\/05\/Doacao-Sicredi.jpg?resize=350%2C200&ssl=1 1x, https:\/\/i0.wp.com\/correiodasemana.com\/site\/wp-content\/uploads\/2021\/05\/Doacao-Sicredi.jpg?resize=525%2C300&ssl=1 1.5x"},"classes":[]},{"id":15945,"url":"https:\/\/correiodasemana.com\/site\/santa-casa-de-misericordia-de-sobral-recebe-doacao-de-capacetes-elmo-da-secretaria-da-saude-do-ceara\/","url_meta":{"origin":17298,"position":1},"title":"Santa Casa de Miseric\u00f3rdia de Sobral recebe doa\u00e7\u00e3o de capacetes Elmo da Secretaria da Sa\u00fade do Cear\u00e1","author":"","date":"Mar\u00e7o 14, 2021","format":false,"excerpt":"O uso do capacete pode diminuir em 60% a necessidade de interna\u00e7\u00f5es em leitos de UTI. A Santa Casa de Miseric\u00f3rdia de Sobral recebeu, nesta quarta-feira (10\/03), a doa\u00e7\u00e3o de 16 capacetes Elmo, equipamento de respira\u00e7\u00e3o assistida eficaz no tratamento de pessoas com quadro leve ou moderado de Covid-19. A\u2026","rel":"","context":"In &quot;Atualidade&quot;","block_context":{"text":"Atualidade","link":"https:\/\/correiodasemana.com\/site\/category\/atualidade\/"},"img":{"alt_text":"","src":"https:\/\/i0.wp.com\/correiodasemana.com\/site\/wp-content\/uploads\/2021\/03\/IMG_5659-768x512-1.jpg?resize=350%2C200&ssl=1","width":350,"height":200,"srcset":"https:\/\/i0.wp.com\/correiodasemana.com\/site\/wp-content\/uploads\/2021\/03\/IMG_5659-768x512-1.jpg?resize=350%2C200&ssl=1 1x, https:\/\/i0.wp.com\/correiodasemana.com\/site\/wp-content\/uploads\/2021\/03\/IMG_5659-768x512-1.jpg?resize=525%2C300&ssl=1 1.5x, https:\/\/i0.wp.com\/correiodasemana.com\/site\/wp-content\/uploads\/2021\/03\/IMG_5659-768x512-1.jpg?resize=700%2C400&ssl=1 2x"},"classes":[]},{"id":16671,"url":"https:\/\/correiodasemana.com\/site\/santa-casa-de-sobral-recebe-doacao-de-capacetes-elmo-da-fabrica-coelho\/","url_meta":{"origin":17298,"position":2},"title":"Santa Casa de Sobral recebe doa\u00e7\u00e3o de Capacetes Elmo da F\u00e1brica Coelho","author":"","date":"Junho 7, 2021","format":false,"excerpt":"Os 10 equipamentos doados pela empresa contribuir\u00e3o com a redu\u00e7\u00e3o da necessidade de interna\u00e7\u00e3o de pacientes em Unidades de Terapia Intensiva (UTI). Ascom Complexo SCMS A Santa Casa de Miseric\u00f3rdia de Sobral (SCMS) recebeu na segunda-feira (31\/05) a doa\u00e7\u00e3o de 10 capacetes Elmo da F\u00e1brica Coelho. O uso do equipamento\u2026","rel":"","context":"In &quot;Atualidade&quot;","block_context":{"text":"Atualidade","link":"https:\/\/correiodasemana.com\/site\/category\/atualidade\/"},"img":{"alt_text":"","src":"https:\/\/i0.wp.com\/correiodasemana.com\/site\/wp-content\/uploads\/2021\/06\/Doacao-Fabrica-Coelho-scaled.jpg?resize=350%2C200&ssl=1","width":350,"height":200,"srcset":"https:\/\/i0.wp.com\/correiodasemana.com\/site\/wp-content\/uploads\/2021\/06\/Doacao-Fabrica-Coelho-scaled.jpg?resize=350%2C200&ssl=1 1x, https:\/\/i0.wp.com\/correiodasemana.com\/site\/wp-content\/uploads\/2021\/06\/Doacao-Fabrica-Coelho-scaled.jpg?resize=525%2C300&ssl=1 1.5x, https:\/\/i0.wp.com\/correiodasemana.com\/site\/wp-content\/uploads\/2021\/06\/Doacao-Fabrica-Coelho-scaled.jpg?resize=700%2C400&ssl=1 2x, https:\/\/i0.wp.com\/correiodasemana.com\/site\/wp-content\/uploads\/2021\/06\/Doacao-Fabrica-Coelho-scaled.jpg?resize=1050%2C600&ssl=1 3x, https:\/\/i0.wp.com\/correiodasemana.com\/site\/wp-content\/uploads\/2021\/06\/Doacao-Fabrica-Coelho-scaled.jpg?resize=1400%2C800&ssl=1 4x"},"classes":[]},{"id":15877,"url":"https:\/\/correiodasemana.com\/site\/profissionais-da-uti-covid-da-santa-casa-de-misericordia-de-sobral-recebem-treinamento-sobre-manejo-do-capacete-elmo\/","url_meta":{"origin":17298,"position":3},"title":"Profissionais da UTI Covid da Santa Casa de Miseric\u00f3rdia de Sobral recebem treinamento sobre manejo do capacete Elmo","author":"","date":"Mar\u00e7o 7, 2021","format":false,"excerpt":"O equipamento reduz em 60% a necessidade de interna\u00e7\u00f5es em leitos de UTI. Profissionais de sa\u00fade que atuam na Unidade de Terapia Intensiva (UTI) Covid-19 da Santa Casa de Miseric\u00f3rdia de Sobral participaram, nesta quarta-feira (03\/03), de uma capacita\u00e7\u00e3o para o uso do capacete respirat\u00f3rio Elmo, equipamento de respira\u00e7\u00e3o assistida\u2026","rel":"","context":"In &quot;Atualidade&quot;","block_context":{"text":"Atualidade","link":"https:\/\/correiodasemana.com\/site\/category\/atualidade\/"},"img":{"alt_text":"","src":"https:\/\/i0.wp.com\/correiodasemana.com\/site\/wp-content\/uploads\/2021\/03\/Capacete-Elmo.png?resize=350%2C200&ssl=1","width":350,"height":200,"srcset":"https:\/\/i0.wp.com\/correiodasemana.com\/site\/wp-content\/uploads\/2021\/03\/Capacete-Elmo.png?resize=350%2C200&ssl=1 1x, https:\/\/i0.wp.com\/correiodasemana.com\/site\/wp-content\/uploads\/2021\/03\/Capacete-Elmo.png?resize=525%2C300&ssl=1 1.5x, https:\/\/i0.wp.com\/correiodasemana.com\/site\/wp-content\/uploads\/2021\/03\/Capacete-Elmo.png?resize=700%2C400&ssl=1 2x"},"classes":[]},{"id":15892,"url":"https:\/\/correiodasemana.com\/site\/em-tempo-72\/","url_meta":{"origin":17298,"position":4},"title":"Em Tempo","author":"","date":"Mar\u00e7o 7, 2021","format":false,"excerpt":"Edital do concurso da Sefaz O edital do\u00a0concurso p\u00fablico\u00a0da Secretaria da Fazenda do Cear\u00e1 (Sefaz-CE) ser\u00e1 encaminhado para publica\u00e7\u00e3o at\u00e9 o dia\u00a031 de mar\u00e7o. A informa\u00e7\u00e3o foi revelada pela secret\u00e1ria da pasta,\u00a0Fernanda Pacobahyba, durante uma transmiss\u00e3o ao vivo nas redes sociais. A sele\u00e7\u00e3o oferecer\u00e1\u00a0100 vagas\u00a0e ser\u00e1 realizada em tr\u00eas fases:\u00a0prova\u2026","rel":"","context":"In &quot;Artigos&quot;","block_context":{"text":"Artigos","link":"https:\/\/correiodasemana.com\/site\/category\/artigos\/"},"img":{"alt_text":"","src":"https:\/\/i0.wp.com\/correiodasemana.com\/site\/wp-content\/uploads\/2019\/12\/FOTO-EDILSON-SILVA-2.jpg?resize=350%2C200&ssl=1","width":350,"height":200,"srcset":"https:\/\/i0.wp.com\/correiodasemana.com\/site\/wp-content\/uploads\/2019\/12\/FOTO-EDILSON-SILVA-2.jpg?resize=350%2C200&ssl=1 1x, https:\/\/i0.wp.com\/correiodasemana.com\/site\/wp-content\/uploads\/2019\/12\/FOTO-EDILSON-SILVA-2.jpg?resize=525%2C300&ssl=1 1.5x, https:\/\/i0.wp.com\/correiodasemana.com\/site\/wp-content\/uploads\/2019\/12\/FOTO-EDILSON-SILVA-2.jpg?resize=700%2C400&ssl=1 2x"},"classes":[]},{"id":17970,"url":"https:\/\/correiodasemana.com\/site\/em-tempo-107\/","url_meta":{"origin":17298,"position":5},"title":"Em Tempo","author":"","date":"Novembro 7, 2021","format":false,"excerpt":"Sele\u00e7\u00e3o para 515 estagi\u00e1rios em Sobral A Prefeitura de Sobral recebe, at\u00e9 10 de novembro, inscri\u00e7\u00f5es para a sele\u00e7\u00e3o de 515 estagi\u00e1rios. As vagas s\u00e3o destinadas para estudantes regularmente matriculados em cursos de n\u00edvel superior. A bolsa ser\u00e1 de R$ 488,12, com acr\u00e9scimo de R$ 50,00 do aux\u00edlio-transporte. O tempo\u2026","rel":"","context":"In &quot;Artigos&quot;","block_context":{"text":"Artigos","link":"https:\/\/correiodasemana.com\/site\/category\/artigos\/"},"img":{"alt_text":"","src":"https:\/\/i0.wp.com\/correiodasemana.com\/site\/wp-content\/uploads\/2019\/12\/FOTO-EDILSON-SILVA-2.jpg?resize=350%2C200&ssl=1","width":350,"height":200,"srcset":"https:\/\/i0.wp.com\/correiodasemana.com\/site\/wp-content\/uploads\/2019\/12\/FOTO-EDILSON-SILVA-2.jpg?resize=350%2C200&ssl=1 1x, https:\/\/i0.wp.com\/correiodasemana.com\/site\/wp-content\/uploads\/2019\/12\/FOTO-EDILSON-SILVA-2.jpg?resize=525%2C300&ssl=1 1.5x, https:\/\/i0.wp.com\/correiodasemana.com\/site\/wp-content\/uploads\/2019\/12\/FOTO-EDILSON-SILVA-2.jpg?resize=700%2C400&ssl=1 2x"},"classes":[]}],"jetpack_sharing_enabled":true,"_links":{"self":[{"href":"https:\/\/correiodasemana.com\/site\/wp-json\/wp\/v2\/posts\/17298","targetHints":{"allow":["GET"]}}],"collection":[{"href":"https:\/\/correiodasemana.com\/site\/wp-json\/wp\/v2\/posts"}],"about":[{"href":"https:\/\/correiodasemana.com\/site\/wp-json\/wp\/v2\/types\/post"}],"author":[{"embeddable":true,"href":"https:\/\/correiodasemana.com\/site\/wp-json\/wp\/v2\/users\/1"}],"replies":[{"embeddable":true,"href":"https:\/\/correiodasemana.com\/site\/wp-json\/wp\/v2\/comments?post=17298"}],"version-history":[{"count":1,"href":"https:\/\/correiodasemana.com\/site\/wp-json\/wp\/v2\/posts\/17298\/revisions"}],"predecessor-version":[{"id":17300,"href":"https:\/\/correiodasemana.com\/site\/wp-json\/wp\/v2\/posts\/17298\/revisions\/17300"}],"wp:featuredmedia":[{"embeddable":true,"href":"https:\/\/correiodasemana.com\/site\/wp-json\/wp\/v2\/media\/17299"}],"wp:attachment":[{"href":"https:\/\/correiodasemana.com\/site\/wp-json\/wp\/v2\/media?parent=17298"}],"wp:term":[{"taxonomy":"category","embeddable":true,"href":"https:\/\/correiodasemana.com\/site\/wp-json\/wp\/v2\/categories?post=17298"},{"taxonomy":"post_tag","embeddable":true,"href":"https:\/\/correiodasemana.com\/site\/wp-json\/wp\/v2\/tags?post=17298"}],"curies":[{"name":"wp","href":"https:\/\/api.w.org\/{rel}","templated":true}]}}