{"id":17301,"date":"2021-08-23T23:10:26","date_gmt":"2021-08-24T02:10:26","guid":{"rendered":"https:\/\/correiodasemana.com\/site\/?p=17301"},"modified":"2021-08-23T23:11:28","modified_gmt":"2021-08-24T02:11:28","slug":"santa-casa-de-sobral-assina-convenio-com-clinica-de-odontologia-do-uninta-projeto-deve-beneficiar-pacientes-e-colaboradores","status":"publish","type":"post","link":"https:\/\/correiodasemana.com\/site\/santa-casa-de-sobral-assina-convenio-com-clinica-de-odontologia-do-uninta-projeto-deve-beneficiar-pacientes-e-colaboradores\/","title":{"rendered":"Santa Casa de Sobral assina conv\u00eanio com Cl\u00ednica de Odontologia do UNINTA; Projeto deve beneficiar pacientes e colaboradores"},"content":{"rendered":"<p>A parceria prev\u00ea atender colaboradores e pacientes do hospital, contribuindo para sua sa\u00fade bucal e consequentemente melhorando sua qualidade de vida.<\/p>\n<p><strong>Ascom Complexo SCMS<\/strong><br \/>\nEm solenidade realizada na quinta-feira (12\/08), a Santa Casa de Miseric\u00f3rdia de Sobral firmou conv\u00eanio com a Cl\u00ednica de Odontologia do Centro Universit\u00e1rio INTA (UNINTA). A a\u00e7\u00e3o vem sendo discutida desde o ano de 2020 e trata do desenvolvimento de um projeto de atendimento odontol\u00f3gico aos pacientes e colaboradores da Institui\u00e7\u00e3o.<br \/>\nNa ocasi\u00e3o, participaram da assinatura do termo de conv\u00eanio o diretor-geral da Santa Casa Dr. Klebson Carvalho; o Reitor do UNINTA Prof. Daniel Rontgen Melo Rodrigues; o coordenador do curso de Odontologia Prof. Arry Rocha e a diretora do Centro de Ci\u00eancias da Sa\u00fade Prof. Dra. Michelle Alves Vasconcelos.<br \/>\nA parceria prev\u00ea atender colaboradores do hospital, contribuindo para sua sa\u00fade bucal e consequentemente melhorando sua qualidade de vida, bem como os pacientes internados na Unidade de Terapia Intensiva (UTI) adulto e pedi\u00e1trica, hemodi\u00e1lise, maternidade, emerg\u00eancia, oncologia cl\u00ednica, cirurgia, neurocirurgia e cirurgia bucomaxilofacial. Al\u00e9m disso, o projeto ser\u00e1 campo de est\u00e1gio para os acad\u00eamicos do curso de Odontologia.<br \/>\nAssessoria de Comunica\u00e7\u00e3o e Imprensa &#8211; Complexo Santa Casa de Miseric\u00f3rdia de Sobral &#8211; Ramal: 1517 |\u00a0Fixo.: 88 3112-0517<\/p>\n<p><img fetchpriority=\"high\" decoding=\"async\" class=\"alignleft size-medium wp-image-17303\" src=\"https:\/\/correiodasemana.com\/site\/wp-content\/uploads\/2021\/08\/uninta-odontologia-300x200.png\" alt=\"\" width=\"300\" height=\"200\" srcset=\"https:\/\/correiodasemana.com\/site\/wp-content\/uploads\/2021\/08\/uninta-odontologia-300x200.png 300w, https:\/\/correiodasemana.com\/site\/wp-content\/uploads\/2021\/08\/uninta-odontologia-1024x683.png 1024w, https:\/\/correiodasemana.com\/site\/wp-content\/uploads\/2021\/08\/uninta-odontologia-768x512.png 768w, https:\/\/correiodasemana.com\/site\/wp-content\/uploads\/2021\/08\/uninta-odontologia-1536x1024.png 1536w, https:\/\/correiodasemana.com\/site\/wp-content\/uploads\/2021\/08\/uninta-odontologia-2048x1365.png 2048w\" sizes=\"(max-width: 300px) 100vw, 300px\" \/> <img decoding=\"async\" class=\"alignleft size-medium wp-image-17302\" src=\"https:\/\/correiodasemana.com\/site\/wp-content\/uploads\/2021\/08\/Odontologia-UNINTA-2-300x200.jpeg\" alt=\"\" width=\"300\" height=\"200\" srcset=\"https:\/\/correiodasemana.com\/site\/wp-content\/uploads\/2021\/08\/Odontologia-UNINTA-2-300x200.jpeg 300w, https:\/\/correiodasemana.com\/site\/wp-content\/uploads\/2021\/08\/Odontologia-UNINTA-2-1024x682.jpeg 1024w, https:\/\/correiodasemana.com\/site\/wp-content\/uploads\/2021\/08\/Odontologia-UNINTA-2-768x512.jpeg 768w, https:\/\/correiodasemana.com\/site\/wp-content\/uploads\/2021\/08\/Odontologia-UNINTA-2.jpeg 1280w\" sizes=\"(max-width: 300px) 100vw, 300px\" \/><\/p>\n","protected":false},"excerpt":{"rendered":"<p>A parceria prev\u00ea atender colaboradores e pacientes do hospital, contribuindo para sua sa\u00fade bucal e&#8230;<\/p>\n","protected":false},"author":1,"featured_media":17302,"comment_status":"open","ping_status":"open","sticky":false,"template":"","format":"standard","meta":{"_jetpack_memberships_contains_paid_content":false,"footnotes":"","jetpack_publicize_message":"","jetpack_publicize_feature_enabled":true,"jetpack_social_post_already_shared":true,"jetpack_social_options":{"image_generator_settings":{"template":"highway","default_image_id":0,"font":"","enabled":false},"version":2}},"categories":[1],"tags":[],"class_list":["post-17301","post","type-post","status-publish","format-standard","has-post-thumbnail","hentry","category-atualidade"],"jetpack_publicize_connections":[],"jetpack_featured_media_url":"https:\/\/correiodasemana.com\/site\/wp-content\/uploads\/2021\/08\/Odontologia-UNINTA-2.jpeg","jetpack-related-posts":[{"id":17890,"url":"https:\/\/correiodasemana.com\/site\/santa-casa-de-sobral-inaugura-clinica-odontologica-em-parceria-com-o-uninta-para-atendimento-gratuito-a-colaboradores-e-pacientes-internados\/","url_meta":{"origin":17301,"position":0},"title":"Santa Casa de Sobral inaugura Cl\u00ednica Odontol\u00f3gica em parceria com o UNINTA para atendimento gratuito a colaboradores e pacientes internados","author":"","date":"Outubro 31, 2021","format":false,"excerpt":"O novo servi\u00e7o deve oferecer atendimento cl\u00ednico e cir\u00fargico. Ascom Complexo SCMS O Complexo Santa Casa de Miseric\u00f3rdia de Sobral em parceria com o curso de Odontologia do Centro Universit\u00e1rio INTA (UNINTA) inaugurou, na sexta-feira (22\/10), a nova Cl\u00ednica Odontol\u00f3gica. A a\u00e7\u00e3o vem sendo discutida desde o ano de 2020\u2026","rel":"","context":"In &quot;Atualidade&quot;","block_context":{"text":"Atualidade","link":"https:\/\/correiodasemana.com\/site\/category\/atualidade\/"},"img":{"alt_text":"","src":"https:\/\/i0.wp.com\/correiodasemana.com\/site\/wp-content\/uploads\/2021\/10\/Foto-1-2-scaled.jpg?resize=350%2C200&ssl=1","width":350,"height":200,"srcset":"https:\/\/i0.wp.com\/correiodasemana.com\/site\/wp-content\/uploads\/2021\/10\/Foto-1-2-scaled.jpg?resize=350%2C200&ssl=1 1x, https:\/\/i0.wp.com\/correiodasemana.com\/site\/wp-content\/uploads\/2021\/10\/Foto-1-2-scaled.jpg?resize=525%2C300&ssl=1 1.5x, https:\/\/i0.wp.com\/correiodasemana.com\/site\/wp-content\/uploads\/2021\/10\/Foto-1-2-scaled.jpg?resize=700%2C400&ssl=1 2x, https:\/\/i0.wp.com\/correiodasemana.com\/site\/wp-content\/uploads\/2021\/10\/Foto-1-2-scaled.jpg?resize=1050%2C600&ssl=1 3x, https:\/\/i0.wp.com\/correiodasemana.com\/site\/wp-content\/uploads\/2021\/10\/Foto-1-2-scaled.jpg?resize=1400%2C800&ssl=1 4x"},"classes":[]},{"id":17953,"url":"https:\/\/correiodasemana.com\/site\/clinica-odontologica-da-santa-casa-de-sobral-inicia-atendimentos\/","url_meta":{"origin":17301,"position":1},"title":"Cl\u00ednica Odontol\u00f3gica da Santa Casa de Sobral inicia atendimentos","author":"","date":"Novembro 7, 2021","format":false,"excerpt":"Pacientes e colaboradores da institui\u00e7\u00e3o ser\u00e3o beneficiados. Ascom Complexo SCMS Inaugurada recentemente, a Cl\u00ednica Odontol\u00f3gica da Santa Casa de Miseric\u00f3rdia de Sobral (SCMS) iniciou seus atendimentos nesta quinta-feira (04\/11). No primeiro dia foram atendidos seis pacientes, colaboradores da Santa Casa, do Hospital do Cora\u00e7\u00e3o e da Cl\u00ednica Dom Odelir. O\u2026","rel":"","context":"In &quot;Atualidade&quot;","block_context":{"text":"Atualidade","link":"https:\/\/correiodasemana.com\/site\/category\/atualidade\/"},"img":{"alt_text":"","src":"https:\/\/i0.wp.com\/correiodasemana.com\/site\/wp-content\/uploads\/2021\/11\/Foto-1-scaled.jpg?resize=350%2C200&ssl=1","width":350,"height":200,"srcset":"https:\/\/i0.wp.com\/correiodasemana.com\/site\/wp-content\/uploads\/2021\/11\/Foto-1-scaled.jpg?resize=350%2C200&ssl=1 1x, https:\/\/i0.wp.com\/correiodasemana.com\/site\/wp-content\/uploads\/2021\/11\/Foto-1-scaled.jpg?resize=525%2C300&ssl=1 1.5x, https:\/\/i0.wp.com\/correiodasemana.com\/site\/wp-content\/uploads\/2021\/11\/Foto-1-scaled.jpg?resize=700%2C400&ssl=1 2x, https:\/\/i0.wp.com\/correiodasemana.com\/site\/wp-content\/uploads\/2021\/11\/Foto-1-scaled.jpg?resize=1050%2C600&ssl=1 3x, https:\/\/i0.wp.com\/correiodasemana.com\/site\/wp-content\/uploads\/2021\/11\/Foto-1-scaled.jpg?resize=1400%2C800&ssl=1 4x"},"classes":[]},{"id":17467,"url":"https:\/\/correiodasemana.com\/site\/santa-casa-de-sobral-inicia-obras-de-revitalizacao-de-servicos-e-da-estrutura-externa-com-recuperacao-da-fachada-principal\/","url_meta":{"origin":17301,"position":2},"title":"Santa Casa de Sobral inicia obras de revitaliza\u00e7\u00e3o de Servi\u00e7os e da estrutura externa com recupera\u00e7\u00e3o da fachada principal","author":"","date":"Setembro 12, 2021","format":false,"excerpt":"As obras garantem maior conforto e qualidade no atendimento prestado pela institui\u00e7\u00e3o a pacientes de Sobral e regi\u00e3o. Ascom Complexo SCMS A Santa Casa de Miseric\u00f3rdia de Sobral (SCMS) iniciou no m\u00eas de agosto a revitaliza\u00e7\u00e3o da estrutura externa da institui\u00e7\u00e3o com a recupera\u00e7\u00e3o da fachada principal do pr\u00e9dio, que\u2026","rel":"","context":"In &quot;Atualidade&quot;","block_context":{"text":"Atualidade","link":"https:\/\/correiodasemana.com\/site\/category\/atualidade\/"},"img":{"alt_text":"","src":"https:\/\/i0.wp.com\/correiodasemana.com\/site\/wp-content\/uploads\/2021\/09\/Foto-1-300x200.jpg?resize=350%2C200&ssl=1","width":350,"height":200},"classes":[]},{"id":11264,"url":"https:\/\/correiodasemana.com\/site\/agenda-uninta-3\/","url_meta":{"origin":17301,"position":3},"title":"Agenda Uninta","author":"","date":"Mar\u00e7o 24, 2020","format":false,"excerpt":"Timming Acertada decis\u00e3o do magn\u00edfico Reitor Dr Oscar Spindola Rodrigues J\u00fanior de tomar a dianteira das institui\u00e7\u00f5es de ensino superior e na manh\u00e3 de segunda-feira (16), suspender as atividades acad\u00eamicas presenciais do UNINTA, como forma de preven\u00e7\u00e3o ao novo CORONAV\u00cdRUS \/ COVID -19. A decis\u00e3o Al\u00e9m das atividades acad\u00eamicas presenciais,\u2026","rel":"","context":"In &quot;Atualidade&quot;","block_context":{"text":"Atualidade","link":"https:\/\/correiodasemana.com\/site\/category\/atualidade\/"},"img":{"alt_text":"","src":"https:\/\/i0.wp.com\/correiodasemana.com\/site\/wp-content\/uploads\/2020\/03\/WhatsApp-Image-2020-03-18-at-18.50.49.jpeg?resize=350%2C200&ssl=1","width":350,"height":200,"srcset":"https:\/\/i0.wp.com\/correiodasemana.com\/site\/wp-content\/uploads\/2020\/03\/WhatsApp-Image-2020-03-18-at-18.50.49.jpeg?resize=350%2C200&ssl=1 1x, https:\/\/i0.wp.com\/correiodasemana.com\/site\/wp-content\/uploads\/2020\/03\/WhatsApp-Image-2020-03-18-at-18.50.49.jpeg?resize=525%2C300&ssl=1 1.5x, https:\/\/i0.wp.com\/correiodasemana.com\/site\/wp-content\/uploads\/2020\/03\/WhatsApp-Image-2020-03-18-at-18.50.49.jpeg?resize=700%2C400&ssl=1 2x"},"classes":[]},{"id":11209,"url":"https:\/\/correiodasemana.com\/site\/complexo-santa-casa-de-misericordia-de-sobral-promove-lancamento-de-projeto-que-beneficia-funcionarios-com-bolsas-de-estudo\/","url_meta":{"origin":17301,"position":4},"title":"Complexo Santa Casa de Miseric\u00f3rdia de Sobral promove lan\u00e7amento de projeto que beneficia funcion\u00e1rios com bolsas de estudo","author":"","date":"Mar\u00e7o 18, 2020","format":false,"excerpt":"Com o objetivo beneficiar funcion\u00e1rios e seus filhos que possuam potencial acad\u00eamico, oportunizando um ensino de qualidade, com bolsas de estudos em Escolas particulares e Institui\u00e7\u00f5es de Ensino Superior privadas, o Complexo Santa Casa de Miseric\u00f3rdia de Sobral (SCMS) lan\u00e7ou, nesta quinta-feira (12\/03), o Projeto Filhos da Miseric\u00f3rdia. Ser\u00e3o beneficiados\u2026","rel":"","context":"In &quot;Atualidade&quot;","block_context":{"text":"Atualidade","link":"https:\/\/correiodasemana.com\/site\/category\/atualidade\/"},"img":{"alt_text":"","src":"https:\/\/i0.wp.com\/correiodasemana.com\/site\/wp-content\/uploads\/2020\/03\/Foto-1-1-scaled-e1584506858418.jpg?resize=350%2C200&ssl=1","width":350,"height":200,"srcset":"https:\/\/i0.wp.com\/correiodasemana.com\/site\/wp-content\/uploads\/2020\/03\/Foto-1-1-scaled-e1584506858418.jpg?resize=350%2C200&ssl=1 1x, https:\/\/i0.wp.com\/correiodasemana.com\/site\/wp-content\/uploads\/2020\/03\/Foto-1-1-scaled-e1584506858418.jpg?resize=525%2C300&ssl=1 1.5x, https:\/\/i0.wp.com\/correiodasemana.com\/site\/wp-content\/uploads\/2020\/03\/Foto-1-1-scaled-e1584506858418.jpg?resize=700%2C400&ssl=1 2x, https:\/\/i0.wp.com\/correiodasemana.com\/site\/wp-content\/uploads\/2020\/03\/Foto-1-1-scaled-e1584506858418.jpg?resize=1050%2C600&ssl=1 3x"},"classes":[]},{"id":9364,"url":"https:\/\/correiodasemana.com\/site\/clinica-de-odontologia-da-universidade-federal-do-ceara-em-sobral-presta-servicos-a-comunidade\/","url_meta":{"origin":17301,"position":5},"title":"Cl\u00ednica de Odontologia da Universidade Federal do Cear\u00e1 em Sobral presta servi\u00e7os \u00e0 comunidade","author":"","date":"Outubro 7, 2019","format":false,"excerpt":"Cl\u00ednica de Odontologia da Universidade Federal do Cear\u00e1 em Sobral presta servi\u00e7os \u00e0 comunidade Com a vis\u00e3o de formar excelentes alunos e priorizar o servi\u00e7o de qualidade ao p\u00fablico, a Cl\u00ednica de Odontologia da Universidade Federal do Cear\u00e1 (UFC) em Sobral, oferece atendimentos gratuitos atendendo as necessidades da comunidade. O\u2026","rel":"","context":"In &quot;Atualidade&quot;","block_context":{"text":"Atualidade","link":"https:\/\/correiodasemana.com\/site\/category\/atualidade\/"},"img":{"alt_text":"","src":"https:\/\/i0.wp.com\/correiodasemana.com\/site\/wp-content\/uploads\/2019\/10\/odontologia-UFC-Sobral-12.jpg?resize=350%2C200&ssl=1","width":350,"height":200,"srcset":"https:\/\/i0.wp.com\/correiodasemana.com\/site\/wp-content\/uploads\/2019\/10\/odontologia-UFC-Sobral-12.jpg?resize=350%2C200&ssl=1 1x, https:\/\/i0.wp.com\/correiodasemana.com\/site\/wp-content\/uploads\/2019\/10\/odontologia-UFC-Sobral-12.jpg?resize=525%2C300&ssl=1 1.5x, https:\/\/i0.wp.com\/correiodasemana.com\/site\/wp-content\/uploads\/2019\/10\/odontologia-UFC-Sobral-12.jpg?resize=700%2C400&ssl=1 2x, https:\/\/i0.wp.com\/correiodasemana.com\/site\/wp-content\/uploads\/2019\/10\/odontologia-UFC-Sobral-12.jpg?resize=1050%2C600&ssl=1 3x, https:\/\/i0.wp.com\/correiodasemana.com\/site\/wp-content\/uploads\/2019\/10\/odontologia-UFC-Sobral-12.jpg?resize=1400%2C800&ssl=1 4x"},"classes":[]}],"jetpack_sharing_enabled":true,"_links":{"self":[{"href":"https:\/\/correiodasemana.com\/site\/wp-json\/wp\/v2\/posts\/17301","targetHints":{"allow":["GET"]}}],"collection":[{"href":"https:\/\/correiodasemana.com\/site\/wp-json\/wp\/v2\/posts"}],"about":[{"href":"https:\/\/correiodasemana.com\/site\/wp-json\/wp\/v2\/types\/post"}],"author":[{"embeddable":true,"href":"https:\/\/correiodasemana.com\/site\/wp-json\/wp\/v2\/users\/1"}],"replies":[{"embeddable":true,"href":"https:\/\/correiodasemana.com\/site\/wp-json\/wp\/v2\/comments?post=17301"}],"version-history":[{"count":1,"href":"https:\/\/correiodasemana.com\/site\/wp-json\/wp\/v2\/posts\/17301\/revisions"}],"predecessor-version":[{"id":17304,"href":"https:\/\/correiodasemana.com\/site\/wp-json\/wp\/v2\/posts\/17301\/revisions\/17304"}],"wp:featuredmedia":[{"embeddable":true,"href":"https:\/\/correiodasemana.com\/site\/wp-json\/wp\/v2\/media\/17302"}],"wp:attachment":[{"href":"https:\/\/correiodasemana.com\/site\/wp-json\/wp\/v2\/media?parent=17301"}],"wp:term":[{"taxonomy":"category","embeddable":true,"href":"https:\/\/correiodasemana.com\/site\/wp-json\/wp\/v2\/categories?post=17301"},{"taxonomy":"post_tag","embeddable":true,"href":"https:\/\/correiodasemana.com\/site\/wp-json\/wp\/v2\/tags?post=17301"}],"curies":[{"name":"wp","href":"https:\/\/api.w.org\/{rel}","templated":true}]}}