{"id":17307,"date":"2021-08-23T23:14:24","date_gmt":"2021-08-24T02:14:24","guid":{"rendered":"https:\/\/correiodasemana.com\/site\/?p=17307"},"modified":"2021-08-23T23:14:24","modified_gmt":"2021-08-24T02:14:24","slug":"politica-em-evidencia-74","status":"publish","type":"post","link":"https:\/\/correiodasemana.com\/site\/politica-em-evidencia-74\/","title":{"rendered":"Pol\u00edtica em Evid\u00eancia"},"content":{"rendered":"<p>O ministro da Sa\u00fade,\u00a0 Marcelo Queiroga e a secret\u00e1ria de Gest\u00e3o do Trabalho e Educa\u00e7\u00e3o da Sa\u00fade, Mayra Pinheiro, estiveram na cidade de Sobral, realizando inaugura\u00e7\u00f5es na Santa Casa, beneficiando a popula\u00e7\u00e3o da Zona Norte do Cear\u00e1. Marcelo Queiroga inaugurou a Usina de Oxig\u00eanio, a Nova Estrutura\u00a0 do Servi\u00e7o de Quimioterapia, o Acelerador Linear de Part\u00edculas, doado pelo Minist\u00e9rio da Sa\u00fade e participou do lan\u00e7amento\u00a0 da Pera Fundamental\u00a0 da constru\u00e7\u00e3o\u00a0 das Unidades de Cuidado Individual\u00a0 Convencional\u00a0 e Canguru.<\/p>\n<p>O prefeito Ivo Gomes se reuniu com construtores de obras importantes que est\u00e3o em andamento em Sobral.\u00a0\u00a0O chefe do Executivo Municipal pediu empenho nas obras do Parque Esta\u00e7\u00e3o Belchior e da Escola de Belas Artes, que foram retomadas depois de passarem por problemas com construtoras anteriores. O prefeito tratou, ainda, da conclus\u00e3o das obras de saneamento e pavimenta\u00e7\u00e3o do Programa de Desenvolvimento Socioambiental de Sobral (Prodesol) nos bairros Alto da Expectativa e Parque Silvana, al\u00e9m da urbaniza\u00e7\u00e3o do Riacho do Urubu e do Centro de Sa\u00fade da Fam\u00edlia do Bairro Sinh\u00e1 Sab\u00f3ia, que \u201cest\u00e1 pronto, apenas nos ajustes finais\u201d, segundo Ivo Gomes.<\/p>\n<p>O presidente da C\u00e2mara de Alc\u00e2ntaras, Alexandre do Bonfim, convocou os vereadores\u00a0para Sess\u00e3o Extraordin\u00e1ria Virtual, que aconteceu na sexta-feira (13\/8). De acordo com Alexandre do Bonfim, essa Sess\u00e3o Extraordin\u00e1ria, os edis\u00a0discutiram o Projeto de Lei n\u00ba 20210811-1, enviado pelo prefeito Joaquinzim, pedindo autoriza\u00e7\u00e3o para que o munic\u00edpio de Alc\u00e2ntaras\/CE, a firmasse conv\u00eanio para contratar o SISAR, que depois das discuss\u00f5es foi aprovado pelos vereadores.<\/p>\n<p>A Prefeita de Camocim, Betinha Magalh\u00e3es, por meio do edital N\u00b0 002\/2021, convocou os candidatos aprovados\u00a0pela ordem de classifica\u00e7\u00e3o na sele\u00e7\u00e3o p\u00fablica regida pelo Edital de Abertura 001\/2019, destinada ao preenchimento de vagas para o cargo de agente comunit\u00e1rio de sa\u00fade no munic\u00edpio de Camocim.\u00a0S\u00e3o mais 13 novos Agentes Comunit\u00e1rios de Sa\u00fade, que trabalhar\u00e3o com todo suporte necess\u00e1rio em atendimento ao camocinense recebendo o adequado servi\u00e7o da sa\u00fade p\u00fablica municipal neste momento de pandemia do Coronav\u00edrus.<\/p>\n<p>O Vice-presidente da C\u00e2mara de Sobral, Aleandro Linhares, com a aus\u00eancia do presidente Paul\u00e3o, inaugurou a nova Sala da Imprensa, que recebeu o nome do radialista Osvaldo Avelino, que faleceu em 2020 por causa da Covid-19. Em conversa com este colunista, o presidente da C\u00e2mara, Paulo Albuquerque (Paul\u00e3o), afirmou que essa homenagem \u00e9 mais do que justa, pelo trabalho que Osvaldo Avelino fez em vida na radiofonia sobralense, e tamb\u00e9m as divulga\u00e7\u00f5es dos trabalhos dos vereadores, levando ao conhecimento da popula\u00e7\u00e3o as not\u00edcias relacionadas \u00e0s atividades parlamentares, dos in\u00fameros edis que passaram pelo Parlamento Municipal.<\/p>\n<p>Jogando um Futsal agressivo e buscando sempre o gol, a equipe\u00a0 do Alcateia conseguiu no s\u00e1bado (13\/8),\u00a0conquistar o Bicampeonato de Futsal da cidade de Forquilha,\u00a0 com a presen\u00e7a de um bom p\u00fablico. A equipe do Alcateia venceu\u00a0 o time do Ativita pelo placar de 2 X 0, arrancando Aplausos dos torcedores que foram ao Gin\u00e1sio do Real Madri prestigiar a grande decis\u00e3o. O prefeito Edinardo Filho, Presidente da C\u00e2mara,\u00a0 Eliezer Siqueira, secret\u00e1rio de Esporte, Domicio Filho, Chefe de Gabinete, Daves, vereadores e demais autoridades entregaram a premia\u00e7\u00e3o aos campe\u00f5es.\u00a0 O\u00a0 time do Alcateia recebeu o Trof\u00e9u de Campe\u00e3o,\u00a0 medalhas e a quantia de R$ 5.000,00; Ativita Vice-campe\u00e3o ficou com Trof\u00e9u,\u00a0 medalhas e R$ 3.000,00; 3\u00b0 lugar o time do Salsa recebeu Trof\u00e9u e a quantia de R$ 1.500,00. Foi entregue ainda premia\u00e7\u00e3o ao goleiro menos vazado e artilheiro\u00a0 da competi\u00e7\u00e3o.<\/p>\n<p>O vereador Thiago Marques (PDT) visitou o distrito de S\u00e3o Francisco (Meruoca), e entregou as placas\u00a0com denomina\u00e7\u00e3o das Ruas daquele lugar.\u00a0Usando as redes sociais, Thiago registrou com a comunidade, esse momento de entregar as placas indicativas das Ruas do Distrito de S\u00e3o Francisco, Projeto esse de sua autoria, aprovado em 2020 na C\u00e2mara Municipal.\u00a0\u201cEstive no distrito de S\u00e3o Francisco instalando as placas dos projetos de leis que denominaram as principais ruas do referido distrito. Compromisso com as leis do munic\u00edpio e com quem foi importante para constru\u00e7\u00e3o do distrito, eternizando assim nos anais da c\u00e2mara municipal e atrav\u00e9s das placas e na mem\u00f3ria dos moradores e dos mun\u00edcipes\u201d.<\/p>\n<p>A prefeitura de Sobral atrav\u00e9s da secretaria da Sa\u00fade, entre os dias 4 e 12 de agosto,\u00a0\u00a0aplicou 32.199 doses\u00a0de vacina contra a Covid-19,\u00a0 avan\u00e7ando quase 10 anos na faixa et\u00e1ria e iniciando\u00a0 a vacina\u00e7\u00e3o das pessoas com 22 anos. Sobral atinge a marcada 60,2% da popula\u00e7\u00e3o\u00a0 vacina\u00e7\u00e3o com pelo menos a primeira dose. A secret\u00e1ria de Sa\u00fade\u00a0 Regina Carvalho,\u00a0 comemorou o avan\u00e7o e refor\u00e7ou\u00a0 a necessidade dos sobralenses continuarem se cadastrando no VACINASOL.<\/p>\n<p>O presidente da C\u00e2mara de Camocim, Jeov\u00e1 Vasconcelos, entregou na \u00faltima sexta-feira (13), o T\u00edtulo de Cidad\u00e3o de Camocim, que foi entregue ao Gerente da Caixa Econ\u00f4mica Federal no munic\u00edpio, Luiz Dorival de Sousa, apresentado em 2015, pelo vereador ex-presidente da C\u00e2mara Municipal, Emanoel Vieira.\u00a0Explicou Emanoel, que estava tudo pronto para ser entregue em 2020, mais veio \u00e0 pandemia do coronav\u00edrus e tudo foi cancelado de forma presencial, e que somente agora foi poss\u00edvel \u00e0 entrega.<\/p>\n<p>O deputado federal,\u00a0 Le\u00f4nidas Cristino (PDT) acompanhou o prefeito Ivo Gomes em mais uma inaugura\u00e7\u00e3o em Sobral, mais precisamente no Bairro Alto do Cristo, onde foi entregue a 9\u00b0 Areninha Esportiva, que recebeu o nome de Pedro Djascy Rom\u00e3o, espa\u00e7o para a promo\u00e7\u00e3o da pr\u00e1tica esportiva. O deputado federal,\u00a0 Le\u00f4nidas Cristino, faz quest\u00e3o\u00a0 de afirmar que estas Areninhas Esportivas implantadas em Sobral, seja pelo governo do Cear\u00e1\u00a0 ou pelo prefeito Ivo Gomes, ajudam muito os jovens a estarem se mantendo longe das drogas e abrindo novas possibilidades de viv\u00eancia social.<\/p>\n<p>Dica do colunista Marcelo Marques. Leia mais em\u00a0www.politicaemevidencia.com.br<\/p>\n","protected":false},"excerpt":{"rendered":"<p>O ministro da Sa\u00fade,\u00a0 Marcelo Queiroga e a secret\u00e1ria de Gest\u00e3o do Trabalho e Educa\u00e7\u00e3o&#8230;<\/p>\n","protected":false},"author":1,"featured_media":11615,"comment_status":"open","ping_status":"open","sticky":false,"template":"","format":"standard","meta":{"_jetpack_memberships_contains_paid_content":false,"footnotes":"","jetpack_publicize_message":"","jetpack_publicize_feature_enabled":true,"jetpack_social_post_already_shared":true,"jetpack_social_options":{"image_generator_settings":{"template":"highway","default_image_id":0,"font":"","enabled":false},"version":2}},"categories":[11,48],"tags":[],"class_list":["post-17307","post","type-post","status-publish","format-standard","has-post-thumbnail","hentry","category-artigos","category-politica-em-evidencia"],"jetpack_publicize_connections":[],"jetpack_featured_media_url":"https:\/\/correiodasemana.com\/site\/wp-content\/uploads\/2020\/07\/marcelo-marques-politica.jpg","jetpack-related-posts":[{"id":17220,"url":"https:\/\/correiodasemana.com\/site\/santa-casa-de-misericordia-de-sobral-lanca-obras-e-inaugura-novos-servicos-com-a-presenca-do-ministro-da-saude\/","url_meta":{"origin":17307,"position":0},"title":"Santa Casa de Miseric\u00f3rdia de Sobral lan\u00e7a obras e inaugura novos servi\u00e7os com a presen\u00e7a do Ministro da Sa\u00fade","author":"","date":"Agosto 15, 2021","format":false,"excerpt":"A solenidade aconteceu de forma restrita no audit\u00f3rio da institui\u00e7\u00e3o, seguindo as medidas de seguran\u00e7a no combate \u00e0 Covid-19. Ascom Complexo SCMS Dando continuidade \u00e0 sua miss\u00e3o de prestar uma assist\u00eancia de qualidade, humanizada, segura e sustent\u00e1vel \u00e0 popula\u00e7\u00e3o de Sobral e regi\u00e3o norte do estado do Cear\u00e1, a Santa\u2026","rel":"","context":"In &quot;Santa Casa&quot;","block_context":{"text":"Santa Casa","link":"https:\/\/correiodasemana.com\/site\/category\/santa-casa\/"},"img":{"alt_text":"","src":"https:\/\/i0.wp.com\/correiodasemana.com\/site\/wp-content\/uploads\/2021\/08\/ministo-da-saude-na-sta-casa-de-sobral-3.jpeg?resize=350%2C200&ssl=1","width":350,"height":200,"srcset":"https:\/\/i0.wp.com\/correiodasemana.com\/site\/wp-content\/uploads\/2021\/08\/ministo-da-saude-na-sta-casa-de-sobral-3.jpeg?resize=350%2C200&ssl=1 1x, https:\/\/i0.wp.com\/correiodasemana.com\/site\/wp-content\/uploads\/2021\/08\/ministo-da-saude-na-sta-casa-de-sobral-3.jpeg?resize=525%2C300&ssl=1 1.5x, https:\/\/i0.wp.com\/correiodasemana.com\/site\/wp-content\/uploads\/2021\/08\/ministo-da-saude-na-sta-casa-de-sobral-3.jpeg?resize=700%2C400&ssl=1 2x, https:\/\/i0.wp.com\/correiodasemana.com\/site\/wp-content\/uploads\/2021\/08\/ministo-da-saude-na-sta-casa-de-sobral-3.jpeg?resize=1050%2C600&ssl=1 3x"},"classes":[]},{"id":11216,"url":"https:\/\/correiodasemana.com\/site\/politica-em-evidencia-25\/","url_meta":{"origin":17307,"position":1},"title":"Pol\u00edtica em Evid\u00eancia","author":"","date":"Mar\u00e7o 18, 2020","format":false,"excerpt":"O secret\u00e1rio dos Direitos Humanos, Habita\u00e7\u00e3o e Assist\u00eancia Social de Sobral, J\u00falio Cesar Alexandre, recebeu uma premia\u00e7\u00e3o nacional do Minist\u00e9rio da Cidadania por boas pr\u00e1ticas de educa\u00e7\u00e3o permanente dos visitadores sociais do Programa Primeira Inf\u00e2ncia no SUAS (Sistema \u00danico de Assist\u00eancia Social) \/ Crian\u00e7a Feliz. A cerimonia aconteceu em Bras\u00edlia,\u2026","rel":"","context":"In &quot;Artigos&quot;","block_context":{"text":"Artigos","link":"https:\/\/correiodasemana.com\/site\/category\/artigos\/"},"img":{"alt_text":"","src":"https:\/\/i0.wp.com\/correiodasemana.com\/site\/wp-content\/uploads\/2019\/08\/urna_lecr-e1447217261594.jpg?resize=350%2C200&ssl=1","width":350,"height":200,"srcset":"https:\/\/i0.wp.com\/correiodasemana.com\/site\/wp-content\/uploads\/2019\/08\/urna_lecr-e1447217261594.jpg?resize=350%2C200&ssl=1 1x, https:\/\/i0.wp.com\/correiodasemana.com\/site\/wp-content\/uploads\/2019\/08\/urna_lecr-e1447217261594.jpg?resize=525%2C300&ssl=1 1.5x, https:\/\/i0.wp.com\/correiodasemana.com\/site\/wp-content\/uploads\/2019\/08\/urna_lecr-e1447217261594.jpg?resize=700%2C400&ssl=1 2x, https:\/\/i0.wp.com\/correiodasemana.com\/site\/wp-content\/uploads\/2019\/08\/urna_lecr-e1447217261594.jpg?resize=1050%2C600&ssl=1 3x, https:\/\/i0.wp.com\/correiodasemana.com\/site\/wp-content\/uploads\/2019\/08\/urna_lecr-e1447217261594.jpg?resize=1400%2C800&ssl=1 4x"},"classes":[]},{"id":10262,"url":"https:\/\/correiodasemana.com\/site\/politica-em-evidencia-17\/","url_meta":{"origin":17307,"position":2},"title":"Pol\u00edtica em Evid\u00eancia","author":"","date":"Dezembro 23, 2019","format":false,"excerpt":"O secret\u00e1rio dos Direitos Humanos, Habita\u00e7\u00e3o e Assist\u00eancia Social de Sobral, J\u00falio Cesar Alexandre, recebeu uma premia\u00e7\u00e3o nacional do Minist\u00e9rio da Cidadania por boas pr\u00e1ticas de educa\u00e7\u00e3o permanente dos visitadores sociais do Programa Primeira Inf\u00e2ncia no SUAS (Sistema \u00danico de Assist\u00eancia Social)\/Crian\u00e7a Feliz. A cerimonia aconteceu em Bras\u00edlia, na \u00faltima\u2026","rel":"","context":"In &quot;Artigos&quot;","block_context":{"text":"Artigos","link":"https:\/\/correiodasemana.com\/site\/category\/artigos\/"},"img":{"alt_text":"","src":"https:\/\/i0.wp.com\/correiodasemana.com\/site\/wp-content\/uploads\/2019\/08\/urna_lecr-e1447217261594.jpg?resize=350%2C200&ssl=1","width":350,"height":200,"srcset":"https:\/\/i0.wp.com\/correiodasemana.com\/site\/wp-content\/uploads\/2019\/08\/urna_lecr-e1447217261594.jpg?resize=350%2C200&ssl=1 1x, https:\/\/i0.wp.com\/correiodasemana.com\/site\/wp-content\/uploads\/2019\/08\/urna_lecr-e1447217261594.jpg?resize=525%2C300&ssl=1 1.5x, https:\/\/i0.wp.com\/correiodasemana.com\/site\/wp-content\/uploads\/2019\/08\/urna_lecr-e1447217261594.jpg?resize=700%2C400&ssl=1 2x, https:\/\/i0.wp.com\/correiodasemana.com\/site\/wp-content\/uploads\/2019\/08\/urna_lecr-e1447217261594.jpg?resize=1050%2C600&ssl=1 3x, https:\/\/i0.wp.com\/correiodasemana.com\/site\/wp-content\/uploads\/2019\/08\/urna_lecr-e1447217261594.jpg?resize=1400%2C800&ssl=1 4x"},"classes":[]},{"id":18593,"url":"https:\/\/correiodasemana.com\/site\/politica-em-evidencia-92\/","url_meta":{"origin":17307,"position":3},"title":"Pol\u00edtica em Evid\u00eancia","author":"","date":"Janeiro 16, 2022","format":false,"excerpt":"Grande abra\u00e7o aos amigos que nos acompanham aqui na coluna Pol\u00edtica em Evid\u00eancia ao logo dos anos, e vamos desse j\u00e1 agradecendo o seu carinho para conosco,\u00a0 desejando a todos que com a prote\u00e7\u00e3o de Deus, tenhamos um excelente 2022, repleto de sa\u00fade, paz\u00a0 e realiza\u00e7\u00f5es.l mil. O prefeito\u00a0 de\u2026","rel":"","context":"In &quot;Artigos&quot;","block_context":{"text":"Artigos","link":"https:\/\/correiodasemana.com\/site\/category\/artigos\/"},"img":{"alt_text":"","src":"","width":0,"height":0},"classes":[]},{"id":17247,"url":"https:\/\/correiodasemana.com\/site\/em-visita-ao-hospital-do-coracao-de-sobral-ministro-da-saude-participa-de-procedimento-no-servico-de-hemodinamica-da-instituicao\/","url_meta":{"origin":17307,"position":4},"title":"Em visita ao Hospital do Cora\u00e7\u00e3o de Sobral, Ministro da Sa\u00fade participa de procedimento no servi\u00e7o de Hemodin\u00e2mica da Institui\u00e7\u00e3o","author":"","date":"Agosto 15, 2021","format":false,"excerpt":"Em toda a hist\u00f3ria da unidade,\u00a0\u00a0Marcelo Queiroga foi o primeiro Ministro da Sa\u00fade a visitar a Institui\u00e7\u00e3o. O Hospital do Cora\u00e7\u00e3o de Sobral recebeu, nesta quinta-feira (12\/08), o Ministro da Sa\u00fade Dr. Marcelo Queiroga. O gestor conheceu os servi\u00e7os prestados pela Institui\u00e7\u00e3o que \u00e9 refer\u00eancia em procedimentos cardiol\u00f3gicos para 55\u2026","rel":"","context":"In &quot;Santa Casa&quot;","block_context":{"text":"Santa Casa","link":"https:\/\/correiodasemana.com\/site\/category\/santa-casa\/"},"img":{"alt_text":"","src":"https:\/\/i0.wp.com\/correiodasemana.com\/site\/wp-content\/uploads\/2021\/08\/Foto-2-1-scaled.jpg?resize=350%2C200&ssl=1","width":350,"height":200,"srcset":"https:\/\/i0.wp.com\/correiodasemana.com\/site\/wp-content\/uploads\/2021\/08\/Foto-2-1-scaled.jpg?resize=350%2C200&ssl=1 1x, https:\/\/i0.wp.com\/correiodasemana.com\/site\/wp-content\/uploads\/2021\/08\/Foto-2-1-scaled.jpg?resize=525%2C300&ssl=1 1.5x, https:\/\/i0.wp.com\/correiodasemana.com\/site\/wp-content\/uploads\/2021\/08\/Foto-2-1-scaled.jpg?resize=700%2C400&ssl=1 2x, https:\/\/i0.wp.com\/correiodasemana.com\/site\/wp-content\/uploads\/2021\/08\/Foto-2-1-scaled.jpg?resize=1050%2C600&ssl=1 3x, https:\/\/i0.wp.com\/correiodasemana.com\/site\/wp-content\/uploads\/2021\/08\/Foto-2-1-scaled.jpg?resize=1400%2C800&ssl=1 4x"},"classes":[]},{"id":8593,"url":"https:\/\/correiodasemana.com\/site\/politica-em-evidencia-4\/","url_meta":{"origin":17307,"position":5},"title":"Pol\u00edtica em Evid\u00eancia","author":"","date":"Agosto 6, 2019","format":false,"excerpt":"O prefeito de Sobral, Ivo Gomes, esteve inaugurando a Escola Francisco das Chagas Costa, no distrito de Rafael Arruda. Com essa inaugura\u00e7\u00e3o, Ivo entrega a s\u00e9tima Escola de Ensino de Tempo Integral, que vai receber alunos do 6\u00b0 ao 9\u00b0 ano. Ivo Gomes aproveitou o memento, e inaugurou a Quadra\u2026","rel":"","context":"In &quot;Artigos&quot;","block_context":{"text":"Artigos","link":"https:\/\/correiodasemana.com\/site\/category\/artigos\/"},"img":{"alt_text":"","src":"https:\/\/i0.wp.com\/correiodasemana.com\/site\/wp-content\/uploads\/2019\/08\/urna_lecr-e1447217261594.jpg?resize=350%2C200&ssl=1","width":350,"height":200,"srcset":"https:\/\/i0.wp.com\/correiodasemana.com\/site\/wp-content\/uploads\/2019\/08\/urna_lecr-e1447217261594.jpg?resize=350%2C200&ssl=1 1x, https:\/\/i0.wp.com\/correiodasemana.com\/site\/wp-content\/uploads\/2019\/08\/urna_lecr-e1447217261594.jpg?resize=525%2C300&ssl=1 1.5x, https:\/\/i0.wp.com\/correiodasemana.com\/site\/wp-content\/uploads\/2019\/08\/urna_lecr-e1447217261594.jpg?resize=700%2C400&ssl=1 2x, https:\/\/i0.wp.com\/correiodasemana.com\/site\/wp-content\/uploads\/2019\/08\/urna_lecr-e1447217261594.jpg?resize=1050%2C600&ssl=1 3x, https:\/\/i0.wp.com\/correiodasemana.com\/site\/wp-content\/uploads\/2019\/08\/urna_lecr-e1447217261594.jpg?resize=1400%2C800&ssl=1 4x"},"classes":[]}],"jetpack_sharing_enabled":true,"_links":{"self":[{"href":"https:\/\/correiodasemana.com\/site\/wp-json\/wp\/v2\/posts\/17307","targetHints":{"allow":["GET"]}}],"collection":[{"href":"https:\/\/correiodasemana.com\/site\/wp-json\/wp\/v2\/posts"}],"about":[{"href":"https:\/\/correiodasemana.com\/site\/wp-json\/wp\/v2\/types\/post"}],"author":[{"embeddable":true,"href":"https:\/\/correiodasemana.com\/site\/wp-json\/wp\/v2\/users\/1"}],"replies":[{"embeddable":true,"href":"https:\/\/correiodasemana.com\/site\/wp-json\/wp\/v2\/comments?post=17307"}],"version-history":[{"count":1,"href":"https:\/\/correiodasemana.com\/site\/wp-json\/wp\/v2\/posts\/17307\/revisions"}],"predecessor-version":[{"id":17308,"href":"https:\/\/correiodasemana.com\/site\/wp-json\/wp\/v2\/posts\/17307\/revisions\/17308"}],"wp:featuredmedia":[{"embeddable":true,"href":"https:\/\/correiodasemana.com\/site\/wp-json\/wp\/v2\/media\/11615"}],"wp:attachment":[{"href":"https:\/\/correiodasemana.com\/site\/wp-json\/wp\/v2\/media?parent=17307"}],"wp:term":[{"taxonomy":"category","embeddable":true,"href":"https:\/\/correiodasemana.com\/site\/wp-json\/wp\/v2\/categories?post=17307"},{"taxonomy":"post_tag","embeddable":true,"href":"https:\/\/correiodasemana.com\/site\/wp-json\/wp\/v2\/tags?post=17307"}],"curies":[{"name":"wp","href":"https:\/\/api.w.org\/{rel}","templated":true}]}}