{"id":17309,"date":"2021-08-23T23:15:28","date_gmt":"2021-08-24T02:15:28","guid":{"rendered":"https:\/\/correiodasemana.com\/site\/?p=17309"},"modified":"2021-08-23T23:15:28","modified_gmt":"2021-08-24T02:15:28","slug":"mais-de-60-da-populacao-de-sobral-ja-esta-vacinada-com-pelo-menos-uma-dose-do-imunizante-contra-a-covid-19","status":"publish","type":"post","link":"https:\/\/correiodasemana.com\/site\/mais-de-60-da-populacao-de-sobral-ja-esta-vacinada-com-pelo-menos-uma-dose-do-imunizante-contra-a-covid-19\/","title":{"rendered":"Mais de 60% da popula\u00e7\u00e3o de Sobral j\u00e1 est\u00e1 vacinada com pelo menos uma dose do imunizante contra a covid-19"},"content":{"rendered":"<p>Por Samuel Carvalho<br \/>\nReda\u00e7\u00e3o Correio da Semana<\/p>\n<p>Sobral atingiu a marca de 63.2% da popula\u00e7\u00e3o vacinada com pelo menos uma dose do imunizante contra a covid-19, avan\u00e7ando quase 10 anos na faixa et\u00e1ria e iniciando a vacina\u00e7\u00e3o das pessoas com 21 anos durante esta semana. Segundo as \u00faltimas contagens foram cerca de 32.000 doses de vacinas aplicadas entre a popula\u00e7\u00e3o de 28 a 22 anos. Al\u00e9m da queda da idade para vacina\u00e7\u00e3o, essa semana houve repescagem para o p\u00fablico geral e distribui\u00e7\u00e3o de segundas doses.<br \/>\n\u201cFicamos muito felizes de ter conseguido avan\u00e7ar na vacina\u00e7\u00e3o com n\u00fameros t\u00e3o expressivos e esperamos avan\u00e7ar ainda mais nos pr\u00f3ximos dias. Para quem n\u00e3o conseguiu se vacinar ainda, eventos de repescagem ser\u00e3o realizados. Quem ainda n\u00e3o se cadastrou, n\u00e3o deixe para a \u00faltima hora. \u00c9 atrav\u00e9s do n\u00famero de cadastro que o Estado envia vacinas para o munic\u00edpio, e \u00e9 com esses dados que planejamos nossos mutir\u00f5es e drives de vacina\u00e7\u00e3o\u201d declarou a Secrat\u00e1ria da Sa\u00fade, Regina Carvalho, comemorou o avan\u00e7o e salientou a import\u00e2ncia de que todos os sobralenses estejam cadastrados no VacinaSol.<br \/>\nAo todo, j\u00e1 s\u00e3o 186.190 doses aplicadas, sendo 132.248 primeira dose ou dose \u00fanica, e 53.942 segunda dose. Para incentivar a popula\u00e7\u00e3o a completar o ciclo de imuniza\u00e7\u00e3o, a Prefeitura de Sobral lan\u00e7ou a campanha \u201cVacinou, Acelerou!\u201d, que realizar\u00e1 sorteios mensais de agosto at\u00e9 dezembro.<br \/>\nO primeiro sorteio aconteceu da semana passada (12) e premiou uma pessoa com uma moto Zero km e duas pessoas com um ano de internet gratuita. O pr\u00f3ximo sorteio est\u00e1 previsto para a primeira quinta-feira do pr\u00f3ximo m\u00eas, dia 2 de setembro. De acordo com as declara\u00e7\u00f5es do prefeito nas redes sociais, a expectativa da prefeitura \u00e9 que toda a popula\u00e7\u00e3o sobralense esteja vacinada com as duas doses do imunizante at\u00e9 dezembro.<\/p>\n","protected":false},"excerpt":{"rendered":"<p>Por Samuel Carvalho Reda\u00e7\u00e3o Correio da Semana Sobral atingiu a marca de 63.2% da popula\u00e7\u00e3o&#8230;<\/p>\n","protected":false},"author":1,"featured_media":17310,"comment_status":"open","ping_status":"open","sticky":false,"template":"","format":"standard","meta":{"_jetpack_memberships_contains_paid_content":false,"footnotes":"","jetpack_publicize_message":"","jetpack_publicize_feature_enabled":true,"jetpack_social_post_already_shared":true,"jetpack_social_options":{"image_generator_settings":{"template":"highway","default_image_id":0,"font":"","enabled":false},"version":2}},"categories":[1],"tags":[],"class_list":["post-17309","post","type-post","status-publish","format-standard","has-post-thumbnail","hentry","category-atualidade"],"jetpack_publicize_connections":[],"jetpack_featured_media_url":"https:\/\/correiodasemana.com\/site\/wp-content\/uploads\/2021\/08\/lp_080621___vacinacao__22_-9333698.jpg","jetpack-related-posts":[{"id":17033,"url":"https:\/\/correiodasemana.com\/site\/sobral-segue-avancando-na-vacinacao-com-mais-de-1-700-pessoas-vacinadas-em-um-unico-dia-e-ocupacao-de-numero-de-leitos-decresce\/","url_meta":{"origin":17309,"position":0},"title":"Sobral segue avan\u00e7ando na vacina\u00e7\u00e3o com mais de 1.700 pessoas vacinadas em um \u00fanico dia e ocupa\u00e7\u00e3o de n\u00famero de leitos decresce","author":"","date":"Julho 19, 2021","format":false,"excerpt":"Por Samuel Carvalho - Reda\u00e7\u00e3o Correio da Semana A Secretaria da Sa\u00fade de Sobral aplicou 1.717 doses da vacina contra a Covid-19, em drive-thru, na noite do \u00faltimo domingo (11), na Pra\u00e7a do Theatro S\u00e3o Jo\u00e3o. Nessa leva de imuniza\u00e7\u00e3o foi disponibilizada em sua maioria a primeira dose dos imunizantes.\u2026","rel":"","context":"In &quot;Atualidade&quot;","block_context":{"text":"Atualidade","link":"https:\/\/correiodasemana.com\/site\/category\/atualidade\/"},"img":{"alt_text":"","src":"https:\/\/i0.wp.com\/correiodasemana.com\/site\/wp-content\/uploads\/2021\/07\/Sobral.jpg?resize=350%2C200&ssl=1","width":350,"height":200,"srcset":"https:\/\/i0.wp.com\/correiodasemana.com\/site\/wp-content\/uploads\/2021\/07\/Sobral.jpg?resize=350%2C200&ssl=1 1x, https:\/\/i0.wp.com\/correiodasemana.com\/site\/wp-content\/uploads\/2021\/07\/Sobral.jpg?resize=525%2C300&ssl=1 1.5x"},"classes":[]},{"id":18300,"url":"https:\/\/correiodasemana.com\/site\/ceara-detem-o-maior-numero-de-imunizados-no-nordeste-com-65-da-populacao-vacinada-contra-a-covid-19\/","url_meta":{"origin":17309,"position":1},"title":"Cear\u00e1 det\u00e9m o maior n\u00famero de imunizados no Nordeste, com 65% da popula\u00e7\u00e3o vacinada contra a covid-19","author":"","date":"Dezembro 12, 2021","format":false,"excerpt":"Por Samuel Carvalho Reda\u00e7\u00e3o Correio da Semana De acordo com levantamento de dados realizado pelo cons\u00f3rcio de ve\u00edculos de imprensa, a partir de dados divulgados pelas secretarias estaduais de Sa\u00fade o Cear\u00e1 tem 65,07% da popula\u00e7\u00e3o imunizada contra a Covid-19. Conta como imunizados pessoas que receberam as duas doses da\u2026","rel":"","context":"In &quot;Atualidade&quot;","block_context":{"text":"Atualidade","link":"https:\/\/correiodasemana.com\/site\/category\/atualidade\/"},"img":{"alt_text":"","src":"https:\/\/i0.wp.com\/correiodasemana.com\/site\/wp-content\/uploads\/2021\/12\/seis-meses-vacinacao-1.png?resize=350%2C200&ssl=1","width":350,"height":200,"srcset":"https:\/\/i0.wp.com\/correiodasemana.com\/site\/wp-content\/uploads\/2021\/12\/seis-meses-vacinacao-1.png?resize=350%2C200&ssl=1 1x, https:\/\/i0.wp.com\/correiodasemana.com\/site\/wp-content\/uploads\/2021\/12\/seis-meses-vacinacao-1.png?resize=525%2C300&ssl=1 1.5x, https:\/\/i0.wp.com\/correiodasemana.com\/site\/wp-content\/uploads\/2021\/12\/seis-meses-vacinacao-1.png?resize=700%2C400&ssl=1 2x"},"classes":[]},{"id":19167,"url":"https:\/\/correiodasemana.com\/site\/iniciada-a-aplicacao-da-quarta-dose-da-vacina-contra-covid-19-para-publico-imunocomprometido-acima-de-18-anos-em-sobral\/","url_meta":{"origin":17309,"position":2},"title":"Iniciada a aplica\u00e7\u00e3o da quarta dose da vacina contra Covid-19 para p\u00fablico imunocomprometido acima de 18 anos em Sobral","author":"","date":"Mar\u00e7o 14, 2022","format":false,"excerpt":"Reda\u00e7\u00e3o Correio da Semana A Secretaria da Sa\u00fade de Sobral deu in\u00edcio, na \u00faltima quinta-feira (10\/03), a aplica\u00e7\u00e3o da quarta dose para pessoas imunocomprometidas, acima de 18 anos, vacinadas com a terceira dose h\u00e1 pelo menos quatro meses. Para receber a quarta dose da vacina contra Covid-19, a pessoa imunocomprometida\u2026","rel":"","context":"In &quot;Atualidade&quot;","block_context":{"text":"Atualidade","link":"https:\/\/correiodasemana.com\/site\/category\/atualidade\/"},"img":{"alt_text":"","src":"https:\/\/i0.wp.com\/correiodasemana.com\/site\/wp-content\/uploads\/2022\/03\/VACINA-CEARA.jpg?resize=350%2C200&ssl=1","width":350,"height":200,"srcset":"https:\/\/i0.wp.com\/correiodasemana.com\/site\/wp-content\/uploads\/2022\/03\/VACINA-CEARA.jpg?resize=350%2C200&ssl=1 1x, https:\/\/i0.wp.com\/correiodasemana.com\/site\/wp-content\/uploads\/2022\/03\/VACINA-CEARA.jpg?resize=525%2C300&ssl=1 1.5x, https:\/\/i0.wp.com\/correiodasemana.com\/site\/wp-content\/uploads\/2022\/03\/VACINA-CEARA.jpg?resize=700%2C400&ssl=1 2x, https:\/\/i0.wp.com\/correiodasemana.com\/site\/wp-content\/uploads\/2022\/03\/VACINA-CEARA.jpg?resize=1050%2C600&ssl=1 3x, https:\/\/i0.wp.com\/correiodasemana.com\/site\/wp-content\/uploads\/2022\/03\/VACINA-CEARA.jpg?resize=1400%2C800&ssl=1 4x"},"classes":[]},{"id":16565,"url":"https:\/\/correiodasemana.com\/site\/em-sobral-mais-de-20-mil-pessoas-estao-recuperadas-da-covid-19\/","url_meta":{"origin":17309,"position":3},"title":"Em Sobral, mais de 20 mil pessoas est\u00e3o recuperadas da covid-19","author":"","date":"Maio 24, 2021","format":false,"excerpt":"Vacina\u00e7\u00e3o continua na cidade imunizante AstraZeneca para pessoas com comorbidades Por Samuel Carvalho Reda\u00e7\u00e3o Correio da Semana Foi informado por meio das redes sociais da Prefeitura de Sobral que mais de 20 mil sobralenses j\u00e1 est\u00e3o recuperados do coronav\u00edrus. O primeiro caso na cidade foi registrado no dia 17 de\u2026","rel":"","context":"In &quot;Atualidade&quot;","block_context":{"text":"Atualidade","link":"https:\/\/correiodasemana.com\/site\/category\/atualidade\/"},"img":{"alt_text":"","src":"https:\/\/i0.wp.com\/correiodasemana.com\/site\/wp-content\/uploads\/2021\/05\/Maciel-Junior-saindo-do-hospital.jpeg?resize=350%2C200&ssl=1","width":350,"height":200,"srcset":"https:\/\/i0.wp.com\/correiodasemana.com\/site\/wp-content\/uploads\/2021\/05\/Maciel-Junior-saindo-do-hospital.jpeg?resize=350%2C200&ssl=1 1x, https:\/\/i0.wp.com\/correiodasemana.com\/site\/wp-content\/uploads\/2021\/05\/Maciel-Junior-saindo-do-hospital.jpeg?resize=525%2C300&ssl=1 1.5x, https:\/\/i0.wp.com\/correiodasemana.com\/site\/wp-content\/uploads\/2021\/05\/Maciel-Junior-saindo-do-hospital.jpeg?resize=700%2C400&ssl=1 2x, https:\/\/i0.wp.com\/correiodasemana.com\/site\/wp-content\/uploads\/2021\/05\/Maciel-Junior-saindo-do-hospital.jpeg?resize=1050%2C600&ssl=1 3x"},"classes":[]},{"id":15965,"url":"https:\/\/correiodasemana.com\/site\/109-mil-novas-doses-de-vacina-contra-a-covid-19-sao-recebidas-no-ceara\/","url_meta":{"origin":17309,"position":4},"title":"109 mil novas doses de vacina contra a Covid-19 s\u00e3o recebidas no Cear\u00e1","author":"","date":"Mar\u00e7o 14, 2021","format":false,"excerpt":"Por Samuel Carvalho - Reda\u00e7\u00e3o Correio da Semana O oitavo lote de vacina contra a covid-19 chegou ao Cear\u00e1 nessa quarta-feira (10), no Aeroporto Pinto Martins em Fortaleza. Foi recebido um total de 109 vacinas Coronovac, imunizante desenvolvido na China e produzidas pelo Instituto Butant\u00e3, no Estado de S\u00e3o Paulo.\u2026","rel":"","context":"In &quot;Atualidade&quot;","block_context":{"text":"Atualidade","link":"https:\/\/correiodasemana.com\/site\/category\/atualidade\/"},"img":{"alt_text":"","src":"https:\/\/i0.wp.com\/correiodasemana.com\/site\/wp-content\/uploads\/2020\/12\/2020-11-04t192156z_1_lynxmpega31lb_rtroptp_4_health-coronavirus-britain-vaccine.jpg?resize=350%2C200&ssl=1","width":350,"height":200,"srcset":"https:\/\/i0.wp.com\/correiodasemana.com\/site\/wp-content\/uploads\/2020\/12\/2020-11-04t192156z_1_lynxmpega31lb_rtroptp_4_health-coronavirus-britain-vaccine.jpg?resize=350%2C200&ssl=1 1x, https:\/\/i0.wp.com\/correiodasemana.com\/site\/wp-content\/uploads\/2020\/12\/2020-11-04t192156z_1_lynxmpega31lb_rtroptp_4_health-coronavirus-britain-vaccine.jpg?resize=525%2C300&ssl=1 1.5x, https:\/\/i0.wp.com\/correiodasemana.com\/site\/wp-content\/uploads\/2020\/12\/2020-11-04t192156z_1_lynxmpega31lb_rtroptp_4_health-coronavirus-britain-vaccine.jpg?resize=700%2C400&ssl=1 2x, https:\/\/i0.wp.com\/correiodasemana.com\/site\/wp-content\/uploads\/2020\/12\/2020-11-04t192156z_1_lynxmpega31lb_rtroptp_4_health-coronavirus-britain-vaccine.jpg?resize=1050%2C600&ssl=1 3x"},"classes":[]},{"id":16872,"url":"https:\/\/correiodasemana.com\/site\/pessoas-em-situacao-de-rua-de-sobral-sao-os-primeiros-a-receber-o-imunizante\/","url_meta":{"origin":17309,"position":5},"title":"Pessoas em situa\u00e7\u00e3o de Rua de Sobral s\u00e3o os primeiros a receber o imunizante","author":"","date":"Julho 5, 2021","format":false,"excerpt":"Por Samuel Carvalho - Reda\u00e7\u00e3o Correio da Semana O Centro de Refer\u00eancia Especializado para a Popula\u00e7\u00e3o em Situa\u00e7\u00e3o de Rua (Centro Pop) realizou na \u00faltima segunda-feira (28) a aplica\u00e7\u00e3o de imunizantes contra a Covid-19 para usu\u00e1rios do servi\u00e7o. Na ocasi\u00e3o, foi aplicada a dose do imunizante Janssen, de dose \u00fanica,\u2026","rel":"","context":"In &quot;Atualidade&quot;","block_context":{"text":"Atualidade","link":"https:\/\/correiodasemana.com\/site\/category\/atualidade\/"},"img":{"alt_text":"","src":"https:\/\/i0.wp.com\/correiodasemana.com\/site\/wp-content\/uploads\/2021\/07\/vacinacao.jpeg?resize=350%2C200&ssl=1","width":350,"height":200,"srcset":"https:\/\/i0.wp.com\/correiodasemana.com\/site\/wp-content\/uploads\/2021\/07\/vacinacao.jpeg?resize=350%2C200&ssl=1 1x, https:\/\/i0.wp.com\/correiodasemana.com\/site\/wp-content\/uploads\/2021\/07\/vacinacao.jpeg?resize=525%2C300&ssl=1 1.5x, https:\/\/i0.wp.com\/correiodasemana.com\/site\/wp-content\/uploads\/2021\/07\/vacinacao.jpeg?resize=700%2C400&ssl=1 2x, https:\/\/i0.wp.com\/correiodasemana.com\/site\/wp-content\/uploads\/2021\/07\/vacinacao.jpeg?resize=1050%2C600&ssl=1 3x"},"classes":[]}],"jetpack_sharing_enabled":true,"_links":{"self":[{"href":"https:\/\/correiodasemana.com\/site\/wp-json\/wp\/v2\/posts\/17309","targetHints":{"allow":["GET"]}}],"collection":[{"href":"https:\/\/correiodasemana.com\/site\/wp-json\/wp\/v2\/posts"}],"about":[{"href":"https:\/\/correiodasemana.com\/site\/wp-json\/wp\/v2\/types\/post"}],"author":[{"embeddable":true,"href":"https:\/\/correiodasemana.com\/site\/wp-json\/wp\/v2\/users\/1"}],"replies":[{"embeddable":true,"href":"https:\/\/correiodasemana.com\/site\/wp-json\/wp\/v2\/comments?post=17309"}],"version-history":[{"count":1,"href":"https:\/\/correiodasemana.com\/site\/wp-json\/wp\/v2\/posts\/17309\/revisions"}],"predecessor-version":[{"id":17311,"href":"https:\/\/correiodasemana.com\/site\/wp-json\/wp\/v2\/posts\/17309\/revisions\/17311"}],"wp:featuredmedia":[{"embeddable":true,"href":"https:\/\/correiodasemana.com\/site\/wp-json\/wp\/v2\/media\/17310"}],"wp:attachment":[{"href":"https:\/\/correiodasemana.com\/site\/wp-json\/wp\/v2\/media?parent=17309"}],"wp:term":[{"taxonomy":"category","embeddable":true,"href":"https:\/\/correiodasemana.com\/site\/wp-json\/wp\/v2\/categories?post=17309"},{"taxonomy":"post_tag","embeddable":true,"href":"https:\/\/correiodasemana.com\/site\/wp-json\/wp\/v2\/tags?post=17309"}],"curies":[{"name":"wp","href":"https:\/\/api.w.org\/{rel}","templated":true}]}}