{"id":17365,"date":"2021-08-30T01:12:47","date_gmt":"2021-08-30T04:12:47","guid":{"rendered":"https:\/\/correiodasemana.com\/site\/?p=17365"},"modified":"2021-08-30T01:12:47","modified_gmt":"2021-08-30T04:12:47","slug":"a-arte-da-escrita","status":"publish","type":"post","link":"https:\/\/correiodasemana.com\/site\/a-arte-da-escrita\/","title":{"rendered":"A ARTE DA ESCRITA\u00a0"},"content":{"rendered":"<p>Um leitor me escreve (meu e-mail est\u00e1 na coluna e procuro dar resposta a todos os e-mails) pedindo que eu fale sobre a arte de escrever. \u00c9 \u00faltima semana de recesso do meio do ano para n\u00f3s professores, dia de clima temperado aqui no s\u00edtio e decidi ir ao encontro de velhos poetas. Sou tentado a transcrever autopsicografia para atender ao leitor. O vate portugu\u00eas Fernando Pessoa que t\u00e3o bem encarnou e viveu a alma po\u00e9tica, dizia: \u201cO poeta \u00e9 um fingidor.\/ Finge t\u00e3o completamente\/ Que chega a fingir que \u00e9 dor\/ A dor que deveras sente.\/\/ E os que leem o que escreve,\/ Na dor lida sentem bem,\/ N\u00e3o as duas que ele teve,\/ Mas s\u00f3 a que eles n\u00e3o t\u00eam.\/\/ E assim nas calhas da roda\/ Gira, a entreter a raz\u00e3o,\/ Esse comboio de corda\/ Que se chama o cora\u00e7\u00e3o\u201d.<br \/>\nRachel de Queiroz, a autora que mais me inspira indiscutivelmente, em sua \u00faltima cr\u00f4nica publicada na imprensa, em 22 de mar\u00e7o de 2003, a partir da\u00ed ela disse que iria tirar f\u00e9rias, as primeiras em seus 70 anos de cr\u00f4nica e jornalismo, mas, n\u00e3o voltou, destaca na cr\u00f4nica \u201cA \u2018inspira\u00e7\u00e3o\u2019 n\u00e3o vem para todos\u201d: \u201cO processo todo \u00e9 penoso e dolorido \u2013 e se pode comparar a alguma coisa, digamos que se parece muito com o processo fisiol\u00f3gico -, que se assemelha terrivelmente \u00e0 uma gesta\u00e7\u00e3o, cujo parto se arrastasse por muitos meses e at\u00e9 anos\u201d. Rachel dizia que n\u00e3o gostava de escrever e por isso, talvez, sua escrita tenha sido genial, t\u00e3o bem trabalhada nos m\u00ednimos detalhes.<br \/>\nMas, ainda tentando responder ao leitor, decidi assistir pela en\u00e9sima vez ao filme \u201cShakespeare Apaixonado\u201d, de 1998, que retrata uma esp\u00e9cie de bloqueio criativo em Shakespeare que n\u00e3o consegue escrever nada. Em resposta a um dono de teatro que lhe cobrava \u201ca pe\u00e7a\u201d, o int\u00e9rprete de Shakespeare diz a este: \u201cVoc\u00ea n\u00e3o tem alma. Como iria entender o vazio da solid\u00e3o?\u201d. Mas, tudo se muda quando ele encontra uma paix\u00e3o, uma musa para seus textos que passam a fluir naturalmente.<br \/>\nEmbora considere que escrever \u00e9 algo \u201cviciante\u201d, Voc\u00ea come\u00e7a e n\u00e3o quer mais parar, para se ter algo bem escrito \u00e9 preciso ter uma causa a atender e porque n\u00e3o dizer que se escreve melhor quando se est\u00e1 apaixonado, que nem o tema do filme? A paix\u00e3o tem variadas manifesta\u00e7\u00f5es e aqui me lembro de Dom Helder C\u00e2mara que dizia que o segredo da eterna juventude era ter um ideal. N\u00e3o quero aqui falar em livro meu, mas, quando o trabalho tem uma raz\u00e3o, ele flui. N\u00e3o simplesmente por acaso, como quando numa hora vaga escrevo um poema, busco uma ideia para uma cr\u00f4nica. E at\u00e9 esta cr\u00f4nica tem raz\u00f5es de ser. Primeiro, \u00e9 uma resposta; segundo, almejo que seja lida e seria estranho, mais uma vez citando o filme, \u201cum poeta sem palavras\u201d.<br \/>\nMeu caro leitor, Wagner Mello, n\u00e3o sei lhe dizer se h\u00e1 uma t\u00e9cnica. \u00c9 um mist\u00e9rio e lembrando Shakespeare, existem muitos \u201cmist\u00e9rios entre o c\u00e9u e a terra\u201d. A inspira\u00e7\u00e3o ajuda muito, uma raz\u00e3o, destina\u00e7\u00e3o tamb\u00e9m. Voc\u00ea n\u00e3o me diz no e-mail se escreve tamb\u00e9m ou se pretende escrever, mas, se puder dar alguma orienta\u00e7\u00e3o, \u00e9 interessante escrever de modo que todos entendam, nada de termos muito rebuscados. \u00c9 preciso ser entendido para poder ser lido, seja em texto po\u00e9tico, hist\u00f3rico, jornal\u00edstico, enfim, na cr\u00f4nica ou romance. E recordando a musa Rachel de Queiroz, ademais, se \u201cpena, padece e s\u00f3 ent\u00e3o escreve\u201d.<\/p>\n","protected":false},"excerpt":{"rendered":"<p>Um leitor me escreve (meu e-mail est\u00e1 na coluna e procuro dar resposta a todos&#8230;<\/p>\n","protected":false},"author":1,"featured_media":7874,"comment_status":"open","ping_status":"open","sticky":false,"template":"","format":"standard","meta":{"_jetpack_memberships_contains_paid_content":false,"footnotes":"","jetpack_publicize_message":"","jetpack_publicize_feature_enabled":true,"jetpack_social_post_already_shared":true,"jetpack_social_options":{"image_generator_settings":{"template":"highway","default_image_id":0,"font":"","enabled":false},"version":2}},"categories":[11,41],"tags":[],"class_list":["post-17365","post","type-post","status-publish","format-standard","has-post-thumbnail","hentry","category-artigos","category-jose-luis-lira"],"jetpack_publicize_connections":[],"jetpack_featured_media_url":"https:\/\/correiodasemana.com\/site\/wp-content\/uploads\/2018\/02\/Jose\u0301-1.jpg","jetpack-related-posts":[{"id":12231,"url":"https:\/\/correiodasemana.com\/site\/dia-do-escritor\/","url_meta":{"origin":17365,"position":0},"title":"DIA DO ESCRITOR","author":"","date":"Julho 25, 2020","format":false,"excerpt":"Esta coluna, n\u00e3o diria cr\u00f4nica, \u00e9 para Matusahila Santiago,\u00a0in memoriam. Nos dias que passaram, 20, tivemos o dia do amigo, da amizade; de Santa Maria Madalena, amiga de Jesus, tantas vezes erroneamente interpretada, 22; a reconstru\u00e7\u00e3o da face de Santa Maria Madalena, equipe que coordenei, em 2015, tendo \u00e0 frente\u2026","rel":"","context":"In &quot;Artigos&quot;","block_context":{"text":"Artigos","link":"https:\/\/correiodasemana.com\/site\/category\/artigos\/"},"img":{"alt_text":"","src":"https:\/\/i0.wp.com\/correiodasemana.com\/site\/wp-content\/uploads\/2019\/07\/Jose%CC%81-1.jpg?resize=350%2C200&ssl=1","width":350,"height":200,"srcset":"https:\/\/i0.wp.com\/correiodasemana.com\/site\/wp-content\/uploads\/2019\/07\/Jose%CC%81-1.jpg?resize=350%2C200&ssl=1 1x, https:\/\/i0.wp.com\/correiodasemana.com\/site\/wp-content\/uploads\/2019\/07\/Jose%CC%81-1.jpg?resize=525%2C300&ssl=1 1.5x, https:\/\/i0.wp.com\/correiodasemana.com\/site\/wp-content\/uploads\/2019\/07\/Jose%CC%81-1.jpg?resize=700%2C400&ssl=1 2x"},"classes":[]},{"id":10626,"url":"https:\/\/correiodasemana.com\/site\/canto-de-menestrel\/","url_meta":{"origin":17365,"position":1},"title":"CANTO DE MENESTREL","author":"","date":"Janeiro 27, 2020","format":false,"excerpt":"Nesta coluna, comentarei o livro de Neil Silveira, \u201cCanto de Menestrel\u201d, lan\u00e7ado semana passada na Academia Sobralense de Estudos e Letras. O autor exerce belas profiss\u00f5es, a advocacia e o jornalismo, n\u00e3o bastassem essas \u00e9 professor, participa de entidades de classe e \u00e9 imortal da Academia Cearense de Letras Virtual:\u2026","rel":"","context":"In &quot;Artigos&quot;","block_context":{"text":"Artigos","link":"https:\/\/correiodasemana.com\/site\/category\/artigos\/"},"img":{"alt_text":"","src":"https:\/\/i0.wp.com\/correiodasemana.com\/site\/wp-content\/uploads\/2019\/07\/Jose%CC%81-1.jpg?resize=350%2C200&ssl=1","width":350,"height":200,"srcset":"https:\/\/i0.wp.com\/correiodasemana.com\/site\/wp-content\/uploads\/2019\/07\/Jose%CC%81-1.jpg?resize=350%2C200&ssl=1 1x, https:\/\/i0.wp.com\/correiodasemana.com\/site\/wp-content\/uploads\/2019\/07\/Jose%CC%81-1.jpg?resize=525%2C300&ssl=1 1.5x, https:\/\/i0.wp.com\/correiodasemana.com\/site\/wp-content\/uploads\/2019\/07\/Jose%CC%81-1.jpg?resize=700%2C400&ssl=1 2x"},"classes":[]},{"id":15835,"url":"https:\/\/correiodasemana.com\/site\/de-poeta-para-poeta-santo-sao-francisco-de-assis-por-augusto-de-lima\/","url_meta":{"origin":17365,"position":2},"title":"DE POETA PARA POETA SANTO: S\u00c3O FRANCISCO DE ASSIS POR AUGUSTO DE LIMA\u00a0","author":"","date":"Fevereiro 28, 2021","format":false,"excerpt":"Em dezembro, encaminhei um cart\u00e3o personalizado de feliz ano de 2021 ao nobre irm\u00e3o na Nobre e Pontif\u00edcia Ordem Equestre do Santo Sepulcro de Jerusal\u00e9m, Comendador Arist\u00f3teles Drummond. O nobre Comendador e conceituado jornalista me pediu o endere\u00e7o. Dias depois recebi livro de seu bisav\u00f4, de quem seu av\u00f4, Augusto\u2026","rel":"","context":"In &quot;Artigos&quot;","block_context":{"text":"Artigos","link":"https:\/\/correiodasemana.com\/site\/category\/artigos\/"},"img":{"alt_text":"","src":"https:\/\/i0.wp.com\/correiodasemana.com\/site\/wp-content\/uploads\/2018\/02\/Jose%CC%81-1.jpg?resize=350%2C200&ssl=1","width":350,"height":200,"srcset":"https:\/\/i0.wp.com\/correiodasemana.com\/site\/wp-content\/uploads\/2018\/02\/Jose%CC%81-1.jpg?resize=350%2C200&ssl=1 1x, https:\/\/i0.wp.com\/correiodasemana.com\/site\/wp-content\/uploads\/2018\/02\/Jose%CC%81-1.jpg?resize=525%2C300&ssl=1 1.5x, https:\/\/i0.wp.com\/correiodasemana.com\/site\/wp-content\/uploads\/2018\/02\/Jose%CC%81-1.jpg?resize=700%2C400&ssl=1 2x"},"classes":[]},{"id":36663,"url":"https:\/\/correiodasemana.com\/site\/por-ary-albuquerque-11\/","url_meta":{"origin":17365,"position":3},"title":"por Ary Albuquerque","author":"adminredacao","date":"Dezembro 11, 2025","format":false,"excerpt":"QUANDO O R\u00c9U \u00c9 UM VIOL\u00c3O Relato para os leitores verdadeira cr\u00f4nica da vida real. Fato ver\u00eddico acontecido em Jo\u00e3o Pessoa, Para\u00edba, com o poeta e ex-governador, Ronaldo Cunha Lima, quando esse atuava como advogado militando no f\u00f3rum do vizinho estado. Transcrevo \u201cIPSIS LITTERIS\u201d a entrevista do poeta, ex -caus\u00eddico,\u2026","rel":"","context":"In &quot;Artigos&quot;","block_context":{"text":"Artigos","link":"https:\/\/correiodasemana.com\/site\/category\/artigos\/"},"img":{"alt_text":"","src":"https:\/\/i0.wp.com\/correiodasemana.com\/site\/wp-content\/uploads\/2025\/07\/Ary-Albuquerque.jpeg?resize=350%2C200&ssl=1","width":350,"height":200,"srcset":"https:\/\/i0.wp.com\/correiodasemana.com\/site\/wp-content\/uploads\/2025\/07\/Ary-Albuquerque.jpeg?resize=350%2C200&ssl=1 1x, https:\/\/i0.wp.com\/correiodasemana.com\/site\/wp-content\/uploads\/2025\/07\/Ary-Albuquerque.jpeg?resize=525%2C300&ssl=1 1.5x, https:\/\/i0.wp.com\/correiodasemana.com\/site\/wp-content\/uploads\/2025\/07\/Ary-Albuquerque.jpeg?resize=700%2C400&ssl=1 2x"},"classes":[]},{"id":20309,"url":"https:\/\/correiodasemana.com\/site\/sobral-sobral-93\/","url_meta":{"origin":17365,"position":4},"title":"Sobral, Sobral","author":"","date":"Julho 3, 2022","format":false,"excerpt":"S\u00d3 DEFENDE O ABORTO QUEM EST\u00c1 VIVO!! MINHAS PRECES... IR OU N\u00c3O \u00c0 IGREJA ? O frequentador de uma igreja escreveu a seguinte mensagem para um jornal: _\u201dEu tenho ido \u00e0 igreja por 30 anos e durante este tempo devo ter ouvido umas 3.000 prega\u00e7\u00f5es. Mas, com exce\u00e7\u00e3o de uma\u2026","rel":"","context":"In &quot;Artigos&quot;","block_context":{"text":"Artigos","link":"https:\/\/correiodasemana.com\/site\/category\/artigos\/"},"img":{"alt_text":"","src":"https:\/\/i0.wp.com\/correiodasemana.com\/site\/wp-content\/uploads\/2021\/02\/artigo-carolino-radio.png?resize=350%2C200&ssl=1","width":350,"height":200,"srcset":"https:\/\/i0.wp.com\/correiodasemana.com\/site\/wp-content\/uploads\/2021\/02\/artigo-carolino-radio.png?resize=350%2C200&ssl=1 1x, https:\/\/i0.wp.com\/correiodasemana.com\/site\/wp-content\/uploads\/2021\/02\/artigo-carolino-radio.png?resize=525%2C300&ssl=1 1.5x, https:\/\/i0.wp.com\/correiodasemana.com\/site\/wp-content\/uploads\/2021\/02\/artigo-carolino-radio.png?resize=700%2C400&ssl=1 2x"},"classes":[]},{"id":9914,"url":"https:\/\/correiodasemana.com\/site\/rachel-de-queiroz\/","url_meta":{"origin":17365,"position":5},"title":"RACHEL DE QUEIROZ","author":"","date":"Novembro 18, 2019","format":false,"excerpt":"Neste dia 17, a cearense Rachel de Queiroz, primeira imortal da Academia Brasileira de Letras, faria 109 anos. Inicia-se, portanto, o caminho preparat\u00f3rio dos 110 anos de nascimento dessa not\u00e1vel escritora que\u00a0t\u00e3o bem\u00a0retratou o nordeste em sua arte liter\u00e1ria. Muito j\u00e1 escrevi e falei sobre Rachel, mas, nada pode servir\u2026","rel":"","context":"In &quot;Artigos&quot;","block_context":{"text":"Artigos","link":"https:\/\/correiodasemana.com\/site\/category\/artigos\/"},"img":{"alt_text":"","src":"https:\/\/i0.wp.com\/correiodasemana.com\/site\/wp-content\/uploads\/2019\/07\/Jose%CC%81-1.jpg?resize=350%2C200&ssl=1","width":350,"height":200,"srcset":"https:\/\/i0.wp.com\/correiodasemana.com\/site\/wp-content\/uploads\/2019\/07\/Jose%CC%81-1.jpg?resize=350%2C200&ssl=1 1x, https:\/\/i0.wp.com\/correiodasemana.com\/site\/wp-content\/uploads\/2019\/07\/Jose%CC%81-1.jpg?resize=525%2C300&ssl=1 1.5x, https:\/\/i0.wp.com\/correiodasemana.com\/site\/wp-content\/uploads\/2019\/07\/Jose%CC%81-1.jpg?resize=700%2C400&ssl=1 2x"},"classes":[]}],"jetpack_sharing_enabled":true,"_links":{"self":[{"href":"https:\/\/correiodasemana.com\/site\/wp-json\/wp\/v2\/posts\/17365","targetHints":{"allow":["GET"]}}],"collection":[{"href":"https:\/\/correiodasemana.com\/site\/wp-json\/wp\/v2\/posts"}],"about":[{"href":"https:\/\/correiodasemana.com\/site\/wp-json\/wp\/v2\/types\/post"}],"author":[{"embeddable":true,"href":"https:\/\/correiodasemana.com\/site\/wp-json\/wp\/v2\/users\/1"}],"replies":[{"embeddable":true,"href":"https:\/\/correiodasemana.com\/site\/wp-json\/wp\/v2\/comments?post=17365"}],"version-history":[{"count":1,"href":"https:\/\/correiodasemana.com\/site\/wp-json\/wp\/v2\/posts\/17365\/revisions"}],"predecessor-version":[{"id":17366,"href":"https:\/\/correiodasemana.com\/site\/wp-json\/wp\/v2\/posts\/17365\/revisions\/17366"}],"wp:featuredmedia":[{"embeddable":true,"href":"https:\/\/correiodasemana.com\/site\/wp-json\/wp\/v2\/media\/7874"}],"wp:attachment":[{"href":"https:\/\/correiodasemana.com\/site\/wp-json\/wp\/v2\/media?parent=17365"}],"wp:term":[{"taxonomy":"category","embeddable":true,"href":"https:\/\/correiodasemana.com\/site\/wp-json\/wp\/v2\/categories?post=17365"},{"taxonomy":"post_tag","embeddable":true,"href":"https:\/\/correiodasemana.com\/site\/wp-json\/wp\/v2\/tags?post=17365"}],"curies":[{"name":"wp","href":"https:\/\/api.w.org\/{rel}","templated":true}]}}