{"id":17367,"date":"2021-08-30T01:14:04","date_gmt":"2021-08-30T04:14:04","guid":{"rendered":"https:\/\/correiodasemana.com\/site\/?p=17367"},"modified":"2021-08-30T01:14:04","modified_gmt":"2021-08-30T04:14:04","slug":"dicotomias-de-wescley-braga-em-quioto-japao","status":"publish","type":"post","link":"https:\/\/correiodasemana.com\/site\/dicotomias-de-wescley-braga-em-quioto-japao\/","title":{"rendered":"Dicotomias de Wescley Braga em Quioto Jap\u00e3o"},"content":{"rendered":"<p><img fetchpriority=\"high\" decoding=\"async\" class=\"alignleft size-medium wp-image-17368\" src=\"https:\/\/correiodasemana.com\/site\/wp-content\/uploads\/2021\/08\/artista-Wescley-Braga-2-300x222.jpg\" alt=\"\" width=\"300\" height=\"222\" srcset=\"https:\/\/correiodasemana.com\/site\/wp-content\/uploads\/2021\/08\/artista-Wescley-Braga-2-300x222.jpg 300w, https:\/\/correiodasemana.com\/site\/wp-content\/uploads\/2021\/08\/artista-Wescley-Braga-2-1024x757.jpg 1024w, https:\/\/correiodasemana.com\/site\/wp-content\/uploads\/2021\/08\/artista-Wescley-Braga-2-768x568.jpg 768w, https:\/\/correiodasemana.com\/site\/wp-content\/uploads\/2021\/08\/artista-Wescley-Braga-2-1536x1135.jpg 1536w, https:\/\/correiodasemana.com\/site\/wp-content\/uploads\/2021\/08\/artista-Wescley-Braga-2.jpg 1779w\" sizes=\"(max-width: 300px) 100vw, 300px\" \/> <img decoding=\"async\" class=\"alignleft size-medium wp-image-17369\" src=\"https:\/\/correiodasemana.com\/site\/wp-content\/uploads\/2021\/08\/Dicotomias-de-Wescley-Braga-2-300x200.jpg\" alt=\"\" width=\"300\" height=\"200\" srcset=\"https:\/\/correiodasemana.com\/site\/wp-content\/uploads\/2021\/08\/Dicotomias-de-Wescley-Braga-2-300x200.jpg 300w, https:\/\/correiodasemana.com\/site\/wp-content\/uploads\/2021\/08\/Dicotomias-de-Wescley-Braga-2-1024x683.jpg 1024w, https:\/\/correiodasemana.com\/site\/wp-content\/uploads\/2021\/08\/Dicotomias-de-Wescley-Braga-2-768x512.jpg 768w, https:\/\/correiodasemana.com\/site\/wp-content\/uploads\/2021\/08\/Dicotomias-de-Wescley-Braga-2-1536x1024.jpg 1536w, https:\/\/correiodasemana.com\/site\/wp-content\/uploads\/2021\/08\/Dicotomias-de-Wescley-Braga-2-2048x1365.jpg 2048w\" sizes=\"(max-width: 300px) 100vw, 300px\" \/>O artista Wescley Braga estar\u00e1 expondo pela segunda vez no Jap\u00e3o, a primeira exposi\u00e7\u00e3o aconteceu na galeria Calm and Punk em T\u00f3quio, devido ao sucesso da exposi\u00e7\u00e3o Non-Syntax, ser\u00e1 realizada outra exposi\u00e7\u00e3o desta vez no BnA Alter Museum em Quioto.<br \/>\nA obra Dicotomias de Wescley Braga \u00e9 um video arte que foi selecionado para o festival internacional Non-Syntax e tem como conceito o ser humano desafiando sua ess\u00eancia a assumir diversas formas, se misturando com o meio, se adaptando, se dividindo v\u00e1rias vezes em partes contr\u00e1rias que em certos momentos se tornam complementares.<br \/>\nO video arte \u00e9 animado Stopmotion pelo artista Wescley Braga, abordando diversas tem\u00e1ticas intr\u00ednsecas que abarca as transforma\u00e7\u00f5es do ser humano durante a vida enfrentando seus desafios de um modo po\u00e9tico atrav\u00e9s das cores que se misturam com as formas conduzindo movimentos que sintonizam com a trilha sonora originalmente composta pelo artista.<br \/>\n\u201c\u00c9 uma verdadeira alegria ter minha obra Dicotomias exposta em Quioto no BnA Alter Museum, admiro muito a arte japonesa assim como a sua cultura, para mim \u00e9 uma honra estar expondo ao lado de tantos artistas extraordin\u00e1rios.\u201d Wescley Braga<br \/>\nAs obras de Wescley Braga se diversificam em pinturas, desenhos, esculturas, arte digital, videoarte, instala\u00e7\u00e3o, elas foram expostas em v\u00e1rios locais do Brasil, tendo obras expostas nos Estados Unidos e em Portugal.<br \/>\nGanhou em 2020 o pr\u00eamio Funarte Respirarte com o videoarte Ciclos e em 2021 Destinos amb\u00edguos foi premiado em duas categorias: melhor cinematografia e melhor edi\u00e7\u00e3o pelo festival internacional do Narrative Film dos EUA.<br \/>\nA exposi\u00e7\u00e3o acontece do dia 28 de agosto ao dia 3 de setembro de 2021 a exposi\u00e7\u00e3o Non-Syntax \u00e9 composta de 66 artistas internacionais selecionados pelos curadores: Jin QIuyu, Hsu Chun Yi, BnA Alter Museum em Quioto.<br \/>\nMais sobre o artista Wescley Braga no instagram @artewescleybraga<\/p>\n<p>&nbsp;<\/p>\n","protected":false},"excerpt":{"rendered":"<p>O artista Wescley Braga estar\u00e1 expondo pela segunda vez no Jap\u00e3o, a primeira exposi\u00e7\u00e3o aconteceu&#8230;<\/p>\n","protected":false},"author":1,"featured_media":17368,"comment_status":"open","ping_status":"open","sticky":false,"template":"","format":"standard","meta":{"_jetpack_memberships_contains_paid_content":false,"footnotes":"","jetpack_publicize_message":"","jetpack_publicize_feature_enabled":true,"jetpack_social_post_already_shared":true,"jetpack_social_options":{"image_generator_settings":{"template":"highway","default_image_id":0,"font":"","enabled":false},"version":2}},"categories":[1],"tags":[],"class_list":["post-17367","post","type-post","status-publish","format-standard","has-post-thumbnail","hentry","category-atualidade"],"jetpack_publicize_connections":[],"jetpack_featured_media_url":"https:\/\/correiodasemana.com\/site\/wp-content\/uploads\/2021\/08\/artista-Wescley-Braga-2.jpg","jetpack-related-posts":[{"id":28502,"url":"https:\/\/correiodasemana.com\/site\/exposicao-sertao-contemporaneo-de-wescley-braga\/","url_meta":{"origin":17367,"position":0},"title":"Exposi\u00e7\u00e3o Sert\u00e3o Contempor\u00e2neo de Wescley Braga","author":"adminredacao","date":"Fevereiro 27, 2024","format":false,"excerpt":"A Galeria do Sesc de Sobral tem o prazer de apresentar a exposi\u00e7\u00e3o \u201cSert\u00e3o Contempor\u00e2neo\u201d, do renomado artista cearense Wescley Braga. A mostra, que \u00e9 resultado de experimenta\u00e7\u00f5es fotogr\u00e1ficas, interfer\u00eancias digitais e intelig\u00eancia artificial, traz uma nova perspectiva sobre a paisagem e os elementos do sert\u00e3o cearense. A exposi\u00e7\u00e3o ter\u00e1\u2026","rel":"","context":"In &quot;Atualidade&quot;","block_context":{"text":"Atualidade","link":"https:\/\/correiodasemana.com\/site\/category\/atualidade\/"},"img":{"alt_text":"","src":"https:\/\/i0.wp.com\/correiodasemana.com\/site\/wp-content\/uploads\/2024\/02\/exposicao-sertao-Contemporaneo-Wescley-Braga-21.jpg?resize=350%2C200&ssl=1","width":350,"height":200,"srcset":"https:\/\/i0.wp.com\/correiodasemana.com\/site\/wp-content\/uploads\/2024\/02\/exposicao-sertao-Contemporaneo-Wescley-Braga-21.jpg?resize=350%2C200&ssl=1 1x, https:\/\/i0.wp.com\/correiodasemana.com\/site\/wp-content\/uploads\/2024\/02\/exposicao-sertao-Contemporaneo-Wescley-Braga-21.jpg?resize=525%2C300&ssl=1 1.5x, https:\/\/i0.wp.com\/correiodasemana.com\/site\/wp-content\/uploads\/2024\/02\/exposicao-sertao-Contemporaneo-Wescley-Braga-21.jpg?resize=700%2C400&ssl=1 2x"},"classes":[]},{"id":38056,"url":"https:\/\/correiodasemana.com\/site\/humanidades-revela-a-forca-de-25-anos-de-criacao-de-wescley-braga\/","url_meta":{"origin":17367,"position":1},"title":"Humanidades revela a for\u00e7a de 25 anos de cria\u00e7\u00e3o de Wescley Braga","author":"adminredacao","date":"Abril 13, 2026","format":false,"excerpt":"A exposi\u00e7\u00e3o Humanidades, do artista cearense Wescley Braga, abriu ao p\u00fablico no dia 24 de abril, na Casa da Cultura de Sobral, consolidando-se como um dos momentos mais abrangentes e significativos de sua trajet\u00f3ria. Celebrando 25 anos de carreira, a mostra re\u00fane mais de 170 obras e apresenta um panorama\u2026","rel":"","context":"In &quot;Atualidade&quot;","block_context":{"text":"Atualidade","link":"https:\/\/correiodasemana.com\/site\/category\/atualidade\/"},"img":{"alt_text":"","src":"https:\/\/i0.wp.com\/correiodasemana.com\/site\/wp-content\/uploads\/2026\/04\/Fotografia-Breno-Araujo-1-scaled.jpg?resize=350%2C200&ssl=1","width":350,"height":200,"srcset":"https:\/\/i0.wp.com\/correiodasemana.com\/site\/wp-content\/uploads\/2026\/04\/Fotografia-Breno-Araujo-1-scaled.jpg?resize=350%2C200&ssl=1 1x, https:\/\/i0.wp.com\/correiodasemana.com\/site\/wp-content\/uploads\/2026\/04\/Fotografia-Breno-Araujo-1-scaled.jpg?resize=525%2C300&ssl=1 1.5x, https:\/\/i0.wp.com\/correiodasemana.com\/site\/wp-content\/uploads\/2026\/04\/Fotografia-Breno-Araujo-1-scaled.jpg?resize=700%2C400&ssl=1 2x, https:\/\/i0.wp.com\/correiodasemana.com\/site\/wp-content\/uploads\/2026\/04\/Fotografia-Breno-Araujo-1-scaled.jpg?resize=1050%2C600&ssl=1 3x, https:\/\/i0.wp.com\/correiodasemana.com\/site\/wp-content\/uploads\/2026\/04\/Fotografia-Breno-Araujo-1-scaled.jpg?resize=1400%2C800&ssl=1 4x"},"classes":[]},{"id":34329,"url":"https:\/\/correiodasemana.com\/site\/auditorio-lotado-marca-o-lancamento-do-livro-infinito-perfeito\/","url_meta":{"origin":17367,"position":2},"title":"Audit\u00f3rio lotado marca o lan\u00e7amento do livro Infinito Perfeito","author":"adminredacao","date":"Junho 23, 2025","format":false,"excerpt":"Com casa cheia e emo\u00e7\u00f5es \u00e0 flor da pele, o lan\u00e7amento do livro Infinito Perfeito foi um dos momentos mais marcantes da XXI Semana de Letras da Universidade Estadual Vale do Acara\u00fa (UVA). A obra po\u00e9tica, escrita a quatro m\u00e3os por Wescley Braga e Ana Paula Ferreira, foi apresentada ao\u2026","rel":"","context":"In &quot;Atualidade&quot;","block_context":{"text":"Atualidade","link":"https:\/\/correiodasemana.com\/site\/category\/atualidade\/"},"img":{"alt_text":"","src":"https:\/\/i0.wp.com\/correiodasemana.com\/site\/wp-content\/uploads\/2025\/06\/DSC09638.jpg?resize=350%2C200&ssl=1","width":350,"height":200,"srcset":"https:\/\/i0.wp.com\/correiodasemana.com\/site\/wp-content\/uploads\/2025\/06\/DSC09638.jpg?resize=350%2C200&ssl=1 1x, https:\/\/i0.wp.com\/correiodasemana.com\/site\/wp-content\/uploads\/2025\/06\/DSC09638.jpg?resize=525%2C300&ssl=1 1.5x, https:\/\/i0.wp.com\/correiodasemana.com\/site\/wp-content\/uploads\/2025\/06\/DSC09638.jpg?resize=700%2C400&ssl=1 2x, https:\/\/i0.wp.com\/correiodasemana.com\/site\/wp-content\/uploads\/2025\/06\/DSC09638.jpg?resize=1050%2C600&ssl=1 3x, https:\/\/i0.wp.com\/correiodasemana.com\/site\/wp-content\/uploads\/2025\/06\/DSC09638.jpg?resize=1400%2C800&ssl=1 4x"},"classes":[]},{"id":17669,"url":"https:\/\/correiodasemana.com\/site\/unimed-sobral-ira-investir-cerca-de-r-25-milhoes-em-novo-hospital\/","url_meta":{"origin":17367,"position":3},"title":"Unimed Sobral ir\u00e1 investir cerca de R$ 25 milh\u00f5es em novo hospital","author":"","date":"Outubro 4, 2021","format":false,"excerpt":"O presidente da Unimed Sobral, Dr. Carlos Arcanjo, acompanhado da diretora de Mercado, Dra. Gertrudes Teles, e do gerente executivo, Wescley Sousa, estiveram reunidos com o prefeito de Sobral, Ivo Gomes, para apresentar o projeto do novo e grande hospital que a Unimed vai construir em Sobral. O empreendimento receber\u00e1\u2026","rel":"","context":"In &quot;Atualidade&quot;","block_context":{"text":"Atualidade","link":"https:\/\/correiodasemana.com\/site\/category\/atualidade\/"},"img":{"alt_text":"","src":"https:\/\/i0.wp.com\/correiodasemana.com\/site\/wp-content\/uploads\/2021\/10\/243831773_644933373156590_1002082403874800951_n.webp.jpg?resize=350%2C200&ssl=1","width":350,"height":200,"srcset":"https:\/\/i0.wp.com\/correiodasemana.com\/site\/wp-content\/uploads\/2021\/10\/243831773_644933373156590_1002082403874800951_n.webp.jpg?resize=350%2C200&ssl=1 1x, https:\/\/i0.wp.com\/correiodasemana.com\/site\/wp-content\/uploads\/2021\/10\/243831773_644933373156590_1002082403874800951_n.webp.jpg?resize=525%2C300&ssl=1 1.5x"},"classes":[]},{"id":9130,"url":"https:\/\/correiodasemana.com\/site\/unimed-sobral-apoia-projeto-saude-bombeiros-e-sociedade\/","url_meta":{"origin":17367,"position":4},"title":"UNIMED SOBRAL APOIA PROJETO SA\u00daDE\u00a0BOMBEIROS E SOCIEDADE","author":"","date":"Setembro 15, 2019","format":false,"excerpt":"O Gerente-Executivo da Unimed Sobral, Wescley Sousa, recebeu na\u00a0\u00faltima semana, a visita do Major Roberto de Morais comandante da 1\u00aa Cia de Bombeiros\/3\u00ba Batalh\u00e3o de Bombeiro Militar e do Cabo Gustavo Carneiro. O objetivo da visita foi apresentar o \u201cProjeto Sa\u00fade Bombeiro e Sociedade\u201d desenvolvido pela corpora\u00e7\u00e3o e a sociedade\u2026","rel":"","context":"In &quot;Atualidade&quot;","block_context":{"text":"Atualidade","link":"https:\/\/correiodasemana.com\/site\/category\/atualidade\/"},"img":{"alt_text":"","src":"https:\/\/i0.wp.com\/correiodasemana.com\/site\/wp-content\/uploads\/2019\/09\/DSC_0001.jpg?resize=350%2C200&ssl=1","width":350,"height":200,"srcset":"https:\/\/i0.wp.com\/correiodasemana.com\/site\/wp-content\/uploads\/2019\/09\/DSC_0001.jpg?resize=350%2C200&ssl=1 1x, https:\/\/i0.wp.com\/correiodasemana.com\/site\/wp-content\/uploads\/2019\/09\/DSC_0001.jpg?resize=525%2C300&ssl=1 1.5x, https:\/\/i0.wp.com\/correiodasemana.com\/site\/wp-content\/uploads\/2019\/09\/DSC_0001.jpg?resize=700%2C400&ssl=1 2x, https:\/\/i0.wp.com\/correiodasemana.com\/site\/wp-content\/uploads\/2019\/09\/DSC_0001.jpg?resize=1050%2C600&ssl=1 3x, https:\/\/i0.wp.com\/correiodasemana.com\/site\/wp-content\/uploads\/2019\/09\/DSC_0001.jpg?resize=1400%2C800&ssl=1 4x"},"classes":[]},{"id":30549,"url":"https:\/\/correiodasemana.com\/site\/em-tempo-241\/","url_meta":{"origin":17367,"position":5},"title":"EM TEMPO \u2022","author":"adminredacao","date":"Setembro 2, 2024","format":false,"excerpt":"Encontro de professores de filosofia Com o tema \u201cFilosofia assim te quero\u201d, foi realizado, de 29 a 31 de agosto, em Sobral, o IV Encontro Cearense de Professores de Filosofia, na Universidade Estadual Vale do Acara\u00fa. A confer\u00eancia de abertura foi ministrada pela professora Patricia Velasco, no Audit\u00f3rio Central. Evento\u2026","rel":"","context":"In &quot;Artigos&quot;","block_context":{"text":"Artigos","link":"https:\/\/correiodasemana.com\/site\/category\/artigos\/"},"img":{"alt_text":"","src":"https:\/\/i0.wp.com\/correiodasemana.com\/site\/wp-content\/uploads\/2024\/09\/Premio-150x150.jpg?resize=350%2C200&ssl=1","width":350,"height":200,"srcset":"https:\/\/i0.wp.com\/correiodasemana.com\/site\/wp-content\/uploads\/2024\/09\/Premio-150x150.jpg?resize=350%2C200&ssl=1 1x, https:\/\/i0.wp.com\/correiodasemana.com\/site\/wp-content\/uploads\/2024\/09\/Premio-150x150.jpg?resize=525%2C300&ssl=1 1.5x, https:\/\/i0.wp.com\/correiodasemana.com\/site\/wp-content\/uploads\/2024\/09\/Premio-150x150.jpg?resize=700%2C400&ssl=1 2x, https:\/\/i0.wp.com\/correiodasemana.com\/site\/wp-content\/uploads\/2024\/09\/Premio-150x150.jpg?resize=1050%2C600&ssl=1 3x"},"classes":[]}],"jetpack_sharing_enabled":true,"_links":{"self":[{"href":"https:\/\/correiodasemana.com\/site\/wp-json\/wp\/v2\/posts\/17367","targetHints":{"allow":["GET"]}}],"collection":[{"href":"https:\/\/correiodasemana.com\/site\/wp-json\/wp\/v2\/posts"}],"about":[{"href":"https:\/\/correiodasemana.com\/site\/wp-json\/wp\/v2\/types\/post"}],"author":[{"embeddable":true,"href":"https:\/\/correiodasemana.com\/site\/wp-json\/wp\/v2\/users\/1"}],"replies":[{"embeddable":true,"href":"https:\/\/correiodasemana.com\/site\/wp-json\/wp\/v2\/comments?post=17367"}],"version-history":[{"count":1,"href":"https:\/\/correiodasemana.com\/site\/wp-json\/wp\/v2\/posts\/17367\/revisions"}],"predecessor-version":[{"id":17370,"href":"https:\/\/correiodasemana.com\/site\/wp-json\/wp\/v2\/posts\/17367\/revisions\/17370"}],"wp:featuredmedia":[{"embeddable":true,"href":"https:\/\/correiodasemana.com\/site\/wp-json\/wp\/v2\/media\/17368"}],"wp:attachment":[{"href":"https:\/\/correiodasemana.com\/site\/wp-json\/wp\/v2\/media?parent=17367"}],"wp:term":[{"taxonomy":"category","embeddable":true,"href":"https:\/\/correiodasemana.com\/site\/wp-json\/wp\/v2\/categories?post=17367"},{"taxonomy":"post_tag","embeddable":true,"href":"https:\/\/correiodasemana.com\/site\/wp-json\/wp\/v2\/tags?post=17367"}],"curies":[{"name":"wp","href":"https:\/\/api.w.org\/{rel}","templated":true}]}}