{"id":17371,"date":"2021-08-30T01:14:47","date_gmt":"2021-08-30T04:14:47","guid":{"rendered":"https:\/\/correiodasemana.com\/site\/?p=17371"},"modified":"2021-08-30T01:14:47","modified_gmt":"2021-08-30T04:14:47","slug":"enel-distribuicao-ceara-e-senai-inauguram-centro-de-treinamento-em-sobral","status":"publish","type":"post","link":"https:\/\/correiodasemana.com\/site\/enel-distribuicao-ceara-e-senai-inauguram-centro-de-treinamento-em-sobral\/","title":{"rendered":"Enel Distribui\u00e7\u00e3o Cear\u00e1 e Senai inauguram Centro de Treinamento  em Sobral"},"content":{"rendered":"<p>Por Ana Carolina Pires<br \/>\nDiretoria de Comunica\u00e7\u00e3o<br \/>\nA Enel Distribui\u00e7\u00e3o Cear\u00e1, em parceria com o\u00a0Servi\u00e7o Nacional de Aprendizagem Industrial (SENAI),\u00a0inaugurou na quarta-feira (25), um novo Centro de Treinamento para eletricistas em Sobral. A solenidade aconteceu \u00e0s 10h na sede do SENAI, e contou com a presen\u00e7a da Presidente da Enel Distribui\u00e7\u00e3o Cear\u00e1, M\u00e1rcia Sandra Vieira, o Diretor de Infraestrutura da Enel Distribui\u00e7\u00e3o Cear\u00e1, Charles de Capdeville, e Paulo Andr\u00e9 Holanda, Presidente do SENAI.<br \/>\nDurante a solenidade, foram apresentados a estrutura do equipamento, que vai auxiliar na capacita\u00e7\u00e3o dos eletricistas da distribuidora e das empresas parceiras, al\u00e9m disso vai promover a forma\u00e7\u00e3o de novos profissionais para o estado.<\/p>\n<p><strong>Sobre a Enel Distribui\u00e7\u00e3o Cear\u00e1<\/strong><br \/>\nA Enel Distribui\u00e7\u00e3o Cear\u00e1, subsidi\u00e1ria da multinacional italiana Enel, atende 184 munic\u00edpios, abrangendo 100% do territ\u00f3rio estadual, com cobertura de uma \u00e1rea de 148.826 km\u00b2. Atualmente a companhia possui cerca de 4,4 milh\u00f5es de clientes, 189 pontos de atendimento e 117 subesta\u00e7\u00f5es em todo o estado. A estrat\u00e9gia de atua\u00e7\u00e3o da Enel \u00e9 baseada no seu Plano de Sustentabilidade e nos compromissos assumidos com os Objetivos de Desenvolvimento Sustent\u00e1vel da Agenda 2030 da ONU.<\/p>\n","protected":false},"excerpt":{"rendered":"<p>Por Ana Carolina Pires Diretoria de Comunica\u00e7\u00e3o A Enel Distribui\u00e7\u00e3o Cear\u00e1, em parceria com o\u00a0Servi\u00e7o&#8230;<\/p>\n","protected":false},"author":1,"featured_media":16909,"comment_status":"open","ping_status":"open","sticky":false,"template":"","format":"standard","meta":{"_jetpack_memberships_contains_paid_content":false,"footnotes":"","jetpack_publicize_message":"","jetpack_publicize_feature_enabled":true,"jetpack_social_post_already_shared":true,"jetpack_social_options":{"image_generator_settings":{"template":"highway","default_image_id":0,"font":"","enabled":false},"version":2}},"categories":[1],"tags":[],"class_list":["post-17371","post","type-post","status-publish","format-standard","has-post-thumbnail","hentry","category-atualidade"],"jetpack_publicize_connections":[],"jetpack_featured_media_url":"https:\/\/correiodasemana.com\/site\/wp-content\/uploads\/2021\/07\/Enel.jpg","jetpack-related-posts":[{"id":26073,"url":"https:\/\/correiodasemana.com\/site\/enel-conta-de-energia-podera-ser-paga-com-pix-saiba-como\/","url_meta":{"origin":17371,"position":0},"title":"Enel: conta de energia poder\u00e1 ser paga com Pix; saiba como","author":"adminredacao","date":"Agosto 14, 2023","format":false,"excerpt":"Novo campo do PIX est\u00e1 localizado acima do c\u00f3digo de barras para pagamento banc\u00e1rio A conta de energia da Enel Distribui\u00e7\u00e3o Cear\u00e1 poder\u00e1 ser paga pelo Pix. Neste primeiro momento, o campo estar\u00e1 sinalizado com uma mensagem informando que o QR Code para pagamento ser\u00e1 disponibilizado em breve. Nesse novo\u2026","rel":"","context":"In &quot;Atualidade&quot;","block_context":{"text":"Atualidade","link":"https:\/\/correiodasemana.com\/site\/category\/atualidade\/"},"img":{"alt_text":"","src":"https:\/\/i0.wp.com\/correiodasemana.com\/site\/wp-content\/uploads\/2023\/08\/aaaa-1.jpg?resize=350%2C200&ssl=1","width":350,"height":200,"srcset":"https:\/\/i0.wp.com\/correiodasemana.com\/site\/wp-content\/uploads\/2023\/08\/aaaa-1.jpg?resize=350%2C200&ssl=1 1x, https:\/\/i0.wp.com\/correiodasemana.com\/site\/wp-content\/uploads\/2023\/08\/aaaa-1.jpg?resize=525%2C300&ssl=1 1.5x"},"classes":[]},{"id":10944,"url":"https:\/\/correiodasemana.com\/site\/camara-municipal-de-sobral-realiza-audiencia-publica-para-debater-reclamacoes-dos-clientes-da-enel\/","url_meta":{"origin":17371,"position":1},"title":"C\u00e2mara Municipal de Sobral realiza audi\u00eancia p\u00fablica para debater reclama\u00e7\u00f5es dos clientes da Enel","author":"","date":"Fevereiro 25, 2020","format":false,"excerpt":"Duplicidade de contas, cortes de fornecimento por contas j\u00e1 pagas, falta de energia, demora no atendimento ao servi\u00e7o p\u00fablico referente \u00e0 falta de energia s\u00e3o as reclama\u00e7\u00f5es mais frequentes dos clientes. Reda\u00e7\u00e3o Correio de Semana O vereador Tiago Ramos (MDB) abriu a tribuna da Audi\u00eancia P\u00fablica no Plen\u00e1rio 5 de\u2026","rel":"","context":"In &quot;Atualidade&quot;","block_context":{"text":"Atualidade","link":"https:\/\/correiodasemana.com\/site\/category\/atualidade\/"},"img":{"alt_text":"","src":"https:\/\/i0.wp.com\/correiodasemana.com\/site\/wp-content\/uploads\/2020\/02\/DSC_2130.jpg?resize=350%2C200&ssl=1","width":350,"height":200,"srcset":"https:\/\/i0.wp.com\/correiodasemana.com\/site\/wp-content\/uploads\/2020\/02\/DSC_2130.jpg?resize=350%2C200&ssl=1 1x, https:\/\/i0.wp.com\/correiodasemana.com\/site\/wp-content\/uploads\/2020\/02\/DSC_2130.jpg?resize=525%2C300&ssl=1 1.5x, https:\/\/i0.wp.com\/correiodasemana.com\/site\/wp-content\/uploads\/2020\/02\/DSC_2130.jpg?resize=700%2C400&ssl=1 2x"},"classes":[]},{"id":12842,"url":"https:\/\/correiodasemana.com\/site\/enel-realiza-agendamento-do-atendimento-em-sobral\/","url_meta":{"origin":17371,"position":2},"title":"Enel realiza agendamento do atendimento em Sobral","author":"","date":"Agosto 17, 2020","format":false,"excerpt":"O cliente pode escolher data, hor\u00e1rio e endere\u00e7o em que deseja atendimento para qualquer servi\u00e7o. A Enel Distribui\u00e7\u00e3o Cear\u00e1 informa retomou o atendimento presencial no munic\u00edpio de Sobral e est\u00e1 realizando o agendamento por meio do site www.enel.com.br ou nas pr\u00f3prias lojas. O cliente pode escolher data, hor\u00e1rio e endere\u00e7o\u2026","rel":"","context":"In &quot;Atualidade&quot;","block_context":{"text":"Atualidade","link":"https:\/\/correiodasemana.com\/site\/category\/atualidade\/"},"img":{"alt_text":"","src":"https:\/\/i0.wp.com\/correiodasemana.com\/site\/wp-content\/uploads\/2020\/08\/Image-0-Artigo-2358633-1.jpg?resize=350%2C200&ssl=1","width":350,"height":200,"srcset":"https:\/\/i0.wp.com\/correiodasemana.com\/site\/wp-content\/uploads\/2020\/08\/Image-0-Artigo-2358633-1.jpg?resize=350%2C200&ssl=1 1x, https:\/\/i0.wp.com\/correiodasemana.com\/site\/wp-content\/uploads\/2020\/08\/Image-0-Artigo-2358633-1.jpg?resize=525%2C300&ssl=1 1.5x"},"classes":[]},{"id":27507,"url":"https:\/\/correiodasemana.com\/site\/rua-de-itapipoca-e-transformada-pelo-programa-lab-cidades-criativas\/","url_meta":{"origin":17371,"position":3},"title":"Rua de Itapipoca \u00e9 transformada pelo programa LAB Cidades Criativas\u00a0","author":"adminredacao","date":"Dezembro 11, 2023","format":false,"excerpt":"\u00a0 \u00a0 \u00a0 \u00a0 \u00a0 \u00a0 A ressignifica\u00e7\u00e3o dos espa\u00e7os no Cear\u00e1 \u00e9 um projeto do Laborat\u00f3rio Cidades Criativas, que j\u00e1 transformou espa\u00e7os urbanos de cinco cidades no Rio de Janeiro\u00a0 Um corredor urbano de Itapipoca, sem uso pela popula\u00e7\u00e3o, passa por uma transforma\u00e7\u00e3o. O local est\u00e1 sendo revitalizado como\u2026","rel":"","context":"In &quot;Atualidade&quot;","block_context":{"text":"Atualidade","link":"https:\/\/correiodasemana.com\/site\/category\/atualidade\/"},"img":{"alt_text":"","src":"https:\/\/i0.wp.com\/correiodasemana.com\/site\/wp-content\/uploads\/2023\/12\/Beco-Cultural-Itapipoca-fotos-por-Guilherme-Tx-menor-9-scaled.jpg?resize=350%2C200&ssl=1","width":350,"height":200,"srcset":"https:\/\/i0.wp.com\/correiodasemana.com\/site\/wp-content\/uploads\/2023\/12\/Beco-Cultural-Itapipoca-fotos-por-Guilherme-Tx-menor-9-scaled.jpg?resize=350%2C200&ssl=1 1x, https:\/\/i0.wp.com\/correiodasemana.com\/site\/wp-content\/uploads\/2023\/12\/Beco-Cultural-Itapipoca-fotos-por-Guilherme-Tx-menor-9-scaled.jpg?resize=525%2C300&ssl=1 1.5x, https:\/\/i0.wp.com\/correiodasemana.com\/site\/wp-content\/uploads\/2023\/12\/Beco-Cultural-Itapipoca-fotos-por-Guilherme-Tx-menor-9-scaled.jpg?resize=700%2C400&ssl=1 2x, https:\/\/i0.wp.com\/correiodasemana.com\/site\/wp-content\/uploads\/2023\/12\/Beco-Cultural-Itapipoca-fotos-por-Guilherme-Tx-menor-9-scaled.jpg?resize=1050%2C600&ssl=1 3x, https:\/\/i0.wp.com\/correiodasemana.com\/site\/wp-content\/uploads\/2023\/12\/Beco-Cultural-Itapipoca-fotos-por-Guilherme-Tx-menor-9-scaled.jpg?resize=1400%2C800&ssl=1 4x"},"classes":[]},{"id":24159,"url":"https:\/\/correiodasemana.com\/site\/conta-de-luz-tera-aumento-de-1154-no-ceara\/","url_meta":{"origin":17371,"position":4},"title":"Conta de luz ter\u00e1 aumento de 11,54% no Cear\u00e1","author":"","date":"Abril 19, 2023","format":false,"excerpt":"Ag\u00eancia Nacional de Energia El\u00e9trica (Aneel) aprovou, nesta ter\u00e7a-feira, 18, a revis\u00e3o tarif\u00e1ria na conta de luz. O aumento ser\u00e1 de 4,60% para os clientes residenciais, e para o consumidor rural, a alta ser\u00e1 de 11,54%. Os novos valores passam a vigorar a partir deste s\u00e1bado, 22. \u2060 \u2060 O\u2026","rel":"","context":"In &quot;Atualidade&quot;","block_context":{"text":"Atualidade","link":"https:\/\/correiodasemana.com\/site\/category\/atualidade\/"},"img":{"alt_text":"","src":"https:\/\/i0.wp.com\/correiodasemana.com\/site\/wp-content\/uploads\/2023\/04\/lampada-energia-eletrica-conta-de-luz-1627657898726_v2_900x506.jpg?resize=350%2C200&ssl=1","width":350,"height":200,"srcset":"https:\/\/i0.wp.com\/correiodasemana.com\/site\/wp-content\/uploads\/2023\/04\/lampada-energia-eletrica-conta-de-luz-1627657898726_v2_900x506.jpg?resize=350%2C200&ssl=1 1x, https:\/\/i0.wp.com\/correiodasemana.com\/site\/wp-content\/uploads\/2023\/04\/lampada-energia-eletrica-conta-de-luz-1627657898726_v2_900x506.jpg?resize=525%2C300&ssl=1 1.5x, https:\/\/i0.wp.com\/correiodasemana.com\/site\/wp-content\/uploads\/2023\/04\/lampada-energia-eletrica-conta-de-luz-1627657898726_v2_900x506.jpg?resize=700%2C400&ssl=1 2x"},"classes":[]},{"id":29011,"url":"https:\/\/correiodasemana.com\/site\/becco-ponto-com-164\/","url_meta":{"origin":17371,"position":5},"title":"Becco Ponto Com","author":"adminredacao","date":"Abril 22, 2024","format":false,"excerpt":"Governador do Cear\u00e1, Elmano de Freitas perde a paci\u00eancia com a Enel e disse que a empresa pode n\u00e3o mais permanecer no Estado O governador Elmano de Freitas voltou a criticar a presta\u00e7\u00e3o de servi\u00e7os da Enel no Cear\u00e1. A fala do chefe do Executivo ocorreu ap\u00f3s reuni\u00e3o com presidente\u2026","rel":"","context":"In &quot;Artigos&quot;","block_context":{"text":"Artigos","link":"https:\/\/correiodasemana.com\/site\/category\/artigos\/"},"img":{"alt_text":"","src":"https:\/\/i0.wp.com\/correiodasemana.com\/site\/wp-content\/uploads\/2021\/09\/Dr-Chico-Prado-Trofeu-Dom-Jose-1.jpg?resize=350%2C200&ssl=1","width":350,"height":200,"srcset":"https:\/\/i0.wp.com\/correiodasemana.com\/site\/wp-content\/uploads\/2021\/09\/Dr-Chico-Prado-Trofeu-Dom-Jose-1.jpg?resize=350%2C200&ssl=1 1x, https:\/\/i0.wp.com\/correiodasemana.com\/site\/wp-content\/uploads\/2021\/09\/Dr-Chico-Prado-Trofeu-Dom-Jose-1.jpg?resize=525%2C300&ssl=1 1.5x, https:\/\/i0.wp.com\/correiodasemana.com\/site\/wp-content\/uploads\/2021\/09\/Dr-Chico-Prado-Trofeu-Dom-Jose-1.jpg?resize=700%2C400&ssl=1 2x, https:\/\/i0.wp.com\/correiodasemana.com\/site\/wp-content\/uploads\/2021\/09\/Dr-Chico-Prado-Trofeu-Dom-Jose-1.jpg?resize=1050%2C600&ssl=1 3x, https:\/\/i0.wp.com\/correiodasemana.com\/site\/wp-content\/uploads\/2021\/09\/Dr-Chico-Prado-Trofeu-Dom-Jose-1.jpg?resize=1400%2C800&ssl=1 4x"},"classes":[]}],"jetpack_sharing_enabled":true,"_links":{"self":[{"href":"https:\/\/correiodasemana.com\/site\/wp-json\/wp\/v2\/posts\/17371","targetHints":{"allow":["GET"]}}],"collection":[{"href":"https:\/\/correiodasemana.com\/site\/wp-json\/wp\/v2\/posts"}],"about":[{"href":"https:\/\/correiodasemana.com\/site\/wp-json\/wp\/v2\/types\/post"}],"author":[{"embeddable":true,"href":"https:\/\/correiodasemana.com\/site\/wp-json\/wp\/v2\/users\/1"}],"replies":[{"embeddable":true,"href":"https:\/\/correiodasemana.com\/site\/wp-json\/wp\/v2\/comments?post=17371"}],"version-history":[{"count":1,"href":"https:\/\/correiodasemana.com\/site\/wp-json\/wp\/v2\/posts\/17371\/revisions"}],"predecessor-version":[{"id":17372,"href":"https:\/\/correiodasemana.com\/site\/wp-json\/wp\/v2\/posts\/17371\/revisions\/17372"}],"wp:featuredmedia":[{"embeddable":true,"href":"https:\/\/correiodasemana.com\/site\/wp-json\/wp\/v2\/media\/16909"}],"wp:attachment":[{"href":"https:\/\/correiodasemana.com\/site\/wp-json\/wp\/v2\/media?parent=17371"}],"wp:term":[{"taxonomy":"category","embeddable":true,"href":"https:\/\/correiodasemana.com\/site\/wp-json\/wp\/v2\/categories?post=17371"},{"taxonomy":"post_tag","embeddable":true,"href":"https:\/\/correiodasemana.com\/site\/wp-json\/wp\/v2\/tags?post=17371"}],"curies":[{"name":"wp","href":"https:\/\/api.w.org\/{rel}","templated":true}]}}