{"id":17808,"date":"2021-10-24T19:19:31","date_gmt":"2021-10-24T22:19:31","guid":{"rendered":"https:\/\/correiodasemana.com\/site\/?p=17808"},"modified":"2021-10-24T19:19:31","modified_gmt":"2021-10-24T22:19:31","slug":"prefeitura-de-sobral-inaugura-largo-de-sao-jose","status":"publish","type":"post","link":"https:\/\/correiodasemana.com\/site\/prefeitura-de-sobral-inaugura-largo-de-sao-jose\/","title":{"rendered":"Prefeitura de Sobral inaugura Largo de S\u00e3o Jos\u00e9"},"content":{"rendered":"<p>Foi inaugurada, nesta quinta-feira (21\/10), as obras do Largo de S\u00e3o Jos\u00e9 (Raimunda da Silva Nascimento), no bairro Sumar\u00e9. O projeto contemplou a urbaniza\u00e7\u00e3o do entorno da igreja e a constru\u00e7\u00e3o de uma nova pra\u00e7a no bairro, com investimento superior a R$ 650 mil, de recursos municipais.<br \/>\nO prefeito Ivo Gomes aproveitou o momento para anunciar mais novidades para o bairro. \u201cAl\u00e9m de estarmos entregando hoje um espa\u00e7o lindo e agrad\u00e1vel de lazer, iremos inaugurar, nas pr\u00f3ximas semanas, o Centro Dia do Idoso e vamos construir tamb\u00e9m uma grande escola de tempo integral para os adolescentes\u201d.<br \/>\nA nova pra\u00e7a foi contemplada com piso intertravado, piso podot\u00e1til, academia, playground, anfiteatro, bancos, lixeiras e ilumina\u00e7\u00e3o em LED e \u00e1rvores frut\u00edferas. Ainda no projeto, pedra cariri no patamar e ao redor da igreja, al\u00e9m de piso sextavado nas ruas do entorno.<\/p>\n<p><img fetchpriority=\"high\" decoding=\"async\" class=\"alignleft size-medium wp-image-17809\" src=\"https:\/\/correiodasemana.com\/site\/wp-content\/uploads\/2021\/10\/largo-de-sao-jose-1-300x201.jpg\" alt=\"\" width=\"300\" height=\"201\" srcset=\"https:\/\/correiodasemana.com\/site\/wp-content\/uploads\/2021\/10\/largo-de-sao-jose-1-300x201.jpg 300w, https:\/\/correiodasemana.com\/site\/wp-content\/uploads\/2021\/10\/largo-de-sao-jose-1-768x514.jpg 768w, https:\/\/correiodasemana.com\/site\/wp-content\/uploads\/2021\/10\/largo-de-sao-jose-1.jpg 968w\" sizes=\"(max-width: 300px) 100vw, 300px\" \/> <img decoding=\"async\" class=\"alignleft size-medium wp-image-17810\" src=\"https:\/\/correiodasemana.com\/site\/wp-content\/uploads\/2021\/10\/largo-de-sao-jose-2-300x201.jpg\" alt=\"\" width=\"300\" height=\"201\" srcset=\"https:\/\/correiodasemana.com\/site\/wp-content\/uploads\/2021\/10\/largo-de-sao-jose-2-300x201.jpg 300w, https:\/\/correiodasemana.com\/site\/wp-content\/uploads\/2021\/10\/largo-de-sao-jose-2-768x514.jpg 768w, https:\/\/correiodasemana.com\/site\/wp-content\/uploads\/2021\/10\/largo-de-sao-jose-2.jpg 968w\" sizes=\"(max-width: 300px) 100vw, 300px\" \/> <img decoding=\"async\" class=\"alignleft size-medium wp-image-17811\" src=\"https:\/\/correiodasemana.com\/site\/wp-content\/uploads\/2021\/10\/largo-de-sao-jose-3-300x201.jpg\" alt=\"\" width=\"300\" height=\"201\" srcset=\"https:\/\/correiodasemana.com\/site\/wp-content\/uploads\/2021\/10\/largo-de-sao-jose-3-300x201.jpg 300w, https:\/\/correiodasemana.com\/site\/wp-content\/uploads\/2021\/10\/largo-de-sao-jose-3-768x514.jpg 768w, https:\/\/correiodasemana.com\/site\/wp-content\/uploads\/2021\/10\/largo-de-sao-jose-3.jpg 968w\" sizes=\"(max-width: 300px) 100vw, 300px\" \/> <img loading=\"lazy\" decoding=\"async\" class=\"alignleft size-medium wp-image-17812\" src=\"https:\/\/correiodasemana.com\/site\/wp-content\/uploads\/2021\/10\/largo-de-sao-jose-4-300x201.jpg\" alt=\"\" width=\"300\" height=\"201\" srcset=\"https:\/\/correiodasemana.com\/site\/wp-content\/uploads\/2021\/10\/largo-de-sao-jose-4-300x201.jpg 300w, https:\/\/correiodasemana.com\/site\/wp-content\/uploads\/2021\/10\/largo-de-sao-jose-4-768x514.jpg 768w, https:\/\/correiodasemana.com\/site\/wp-content\/uploads\/2021\/10\/largo-de-sao-jose-4.jpg 968w\" sizes=\"(max-width: 300px) 100vw, 300px\" \/> <img loading=\"lazy\" decoding=\"async\" class=\"alignleft size-medium wp-image-17813\" src=\"https:\/\/correiodasemana.com\/site\/wp-content\/uploads\/2021\/10\/largo-de-sao-jose-5-300x201.jpg\" alt=\"\" width=\"300\" height=\"201\" srcset=\"https:\/\/correiodasemana.com\/site\/wp-content\/uploads\/2021\/10\/largo-de-sao-jose-5-300x201.jpg 300w, https:\/\/correiodasemana.com\/site\/wp-content\/uploads\/2021\/10\/largo-de-sao-jose-5-768x514.jpg 768w, https:\/\/correiodasemana.com\/site\/wp-content\/uploads\/2021\/10\/largo-de-sao-jose-5.jpg 968w\" sizes=\"(max-width: 300px) 100vw, 300px\" \/> <img loading=\"lazy\" decoding=\"async\" class=\"alignleft size-medium wp-image-17814\" src=\"https:\/\/correiodasemana.com\/site\/wp-content\/uploads\/2021\/10\/largo-de-sao-jose-6-300x201.jpg\" alt=\"\" width=\"300\" height=\"201\" srcset=\"https:\/\/correiodasemana.com\/site\/wp-content\/uploads\/2021\/10\/largo-de-sao-jose-6-300x201.jpg 300w, https:\/\/correiodasemana.com\/site\/wp-content\/uploads\/2021\/10\/largo-de-sao-jose-6-768x514.jpg 768w, https:\/\/correiodasemana.com\/site\/wp-content\/uploads\/2021\/10\/largo-de-sao-jose-6.jpg 968w\" sizes=\"(max-width: 300px) 100vw, 300px\" \/> <img loading=\"lazy\" decoding=\"async\" class=\"alignleft size-medium wp-image-17815\" src=\"https:\/\/correiodasemana.com\/site\/wp-content\/uploads\/2021\/10\/largo-de-sao-jose-7-300x201.jpg\" alt=\"\" width=\"300\" height=\"201\" srcset=\"https:\/\/correiodasemana.com\/site\/wp-content\/uploads\/2021\/10\/largo-de-sao-jose-7-300x201.jpg 300w, https:\/\/correiodasemana.com\/site\/wp-content\/uploads\/2021\/10\/largo-de-sao-jose-7-768x514.jpg 768w, https:\/\/correiodasemana.com\/site\/wp-content\/uploads\/2021\/10\/largo-de-sao-jose-7.jpg 968w\" sizes=\"(max-width: 300px) 100vw, 300px\" \/><\/p>\n","protected":false},"excerpt":{"rendered":"<p>Foi inaugurada, nesta quinta-feira (21\/10), as obras do Largo de S\u00e3o Jos\u00e9 (Raimunda da Silva&#8230;<\/p>\n","protected":false},"author":1,"featured_media":17809,"comment_status":"open","ping_status":"open","sticky":false,"template":"","format":"standard","meta":{"_jetpack_memberships_contains_paid_content":false,"footnotes":"","jetpack_publicize_message":"","jetpack_publicize_feature_enabled":true,"jetpack_social_post_already_shared":true,"jetpack_social_options":{"image_generator_settings":{"template":"highway","default_image_id":0,"font":"","enabled":false},"version":2}},"categories":[1],"tags":[],"class_list":["post-17808","post","type-post","status-publish","format-standard","has-post-thumbnail","hentry","category-atualidade"],"jetpack_publicize_connections":[],"jetpack_featured_media_url":"https:\/\/correiodasemana.com\/site\/wp-content\/uploads\/2021\/10\/largo-de-sao-jose-1.jpg","jetpack-related-posts":[{"id":24229,"url":"https:\/\/correiodasemana.com\/site\/prefeitura-inaugura-nova-praca-no-bairro-dom-expedito-nesta-quarta-feira-19-04\/","url_meta":{"origin":17808,"position":0},"title":"Prefeitura inaugura nova pra\u00e7a no bairro Dom Expedito nesta quarta-feira (19\/04)","author":"adminredacao","date":"Abril 24, 2023","format":false,"excerpt":"Foi inaugurada nesta quarta-feira (19\/04), \u00e0s 18h, a nova Pra\u00e7a Francisco Rafael Maia Albuquerque, no bairro Dom Expedito, conhecida popularmente como Pra\u00e7a S\u00e3o Pedro. O novo espa\u00e7o \u00e9 a 72\u00aa pra\u00e7a inaugurada nesta gest\u00e3o, incentivando as pr\u00e1ticas recreativas, esportivas e de lazer na comunidade. O projeto do novo equipamento de\u2026","rel":"","context":"In &quot;Atualidade&quot;","block_context":{"text":"Atualidade","link":"https:\/\/correiodasemana.com\/site\/category\/atualidade\/"},"img":{"alt_text":"","src":"https:\/\/i0.wp.com\/correiodasemana.com\/site\/wp-content\/uploads\/2023\/04\/WhatsApp_Image_2023-04-18_at_135127.jpeg?resize=350%2C200&ssl=1","width":350,"height":200,"srcset":"https:\/\/i0.wp.com\/correiodasemana.com\/site\/wp-content\/uploads\/2023\/04\/WhatsApp_Image_2023-04-18_at_135127.jpeg?resize=350%2C200&ssl=1 1x, https:\/\/i0.wp.com\/correiodasemana.com\/site\/wp-content\/uploads\/2023\/04\/WhatsApp_Image_2023-04-18_at_135127.jpeg?resize=525%2C300&ssl=1 1.5x, https:\/\/i0.wp.com\/correiodasemana.com\/site\/wp-content\/uploads\/2023\/04\/WhatsApp_Image_2023-04-18_at_135127.jpeg?resize=700%2C400&ssl=1 2x, https:\/\/i0.wp.com\/correiodasemana.com\/site\/wp-content\/uploads\/2023\/04\/WhatsApp_Image_2023-04-18_at_135127.jpeg?resize=1050%2C600&ssl=1 3x, https:\/\/i0.wp.com\/correiodasemana.com\/site\/wp-content\/uploads\/2023\/04\/WhatsApp_Image_2023-04-18_at_135127.jpeg?resize=1400%2C800&ssl=1 4x"},"classes":[]},{"id":19891,"url":"https:\/\/correiodasemana.com\/site\/inaugurado-novo-miniestadio-eder-venancio-no-bairro-gerardo-cristino\/","url_meta":{"origin":17808,"position":1},"title":"Inaugurado novo miniest\u00e1dio Eder Ven\u00e2ncio no bairro Gerardo Cristino","author":"","date":"Maio 30, 2022","format":false,"excerpt":"A Prefeitura de Sobral, por meio das secretarias da Infraestrutura (Seinfra) e da Juventude, Esporte e Lazer (Secjel), inaugurou, nesta quarta-feira (25\/05), o novo miniest\u00e1dio Eder Ven\u00e2ncio, no bairro Gerardo Cristino. O momento contou com a presen\u00e7a do prefeito em exerc\u00edcio, Paulo Albuquerque, de vereadores, de secret\u00e1rios municipais e da\u2026","rel":"","context":"In &quot;Atualidade&quot;","block_context":{"text":"Atualidade","link":"https:\/\/correiodasemana.com\/site\/category\/atualidade\/"},"img":{"alt_text":"","src":"https:\/\/i0.wp.com\/correiodasemana.com\/site\/wp-content\/uploads\/2022\/05\/arena-sobral-2.jpeg?resize=350%2C200&ssl=1","width":350,"height":200,"srcset":"https:\/\/i0.wp.com\/correiodasemana.com\/site\/wp-content\/uploads\/2022\/05\/arena-sobral-2.jpeg?resize=350%2C200&ssl=1 1x, https:\/\/i0.wp.com\/correiodasemana.com\/site\/wp-content\/uploads\/2022\/05\/arena-sobral-2.jpeg?resize=525%2C300&ssl=1 1.5x, https:\/\/i0.wp.com\/correiodasemana.com\/site\/wp-content\/uploads\/2022\/05\/arena-sobral-2.jpeg?resize=700%2C400&ssl=1 2x, https:\/\/i0.wp.com\/correiodasemana.com\/site\/wp-content\/uploads\/2022\/05\/arena-sobral-2.jpeg?resize=1050%2C600&ssl=1 3x"},"classes":[]},{"id":22958,"url":"https:\/\/correiodasemana.com\/site\/praca-dom-aldo-pagotto-e-inaugurada-no-bairro-jeronimo-prado-em-sobral\/","url_meta":{"origin":17808,"position":2},"title":"Pra\u00e7a Dom Aldo Pagotto \u00e9 inaugurada no bairro Jer\u00f4nimo Prado em Sobral","author":"adminredacao","date":"Janeiro 22, 2023","format":false,"excerpt":"Fonte: Prefeitura de Sobral O prefeito Ivo Gomes inaugurou, na quinta-feira (19\/01), a Pra\u00e7a Dom Aldo Pagotto, do bairro Jer\u00f4nimo Prado (Bet\u00e2nia). O novo espa\u00e7o \u00e9 a 70\u00aa pra\u00e7a inaugurada nesta gest\u00e3o, e vem para incentivar as atividades recreativas, contemplativas e de conviv\u00eancia no bairro. Com cerca de 1705 m\u00b2\u2026","rel":"","context":"In &quot;Atualidade&quot;","block_context":{"text":"Atualidade","link":"https:\/\/correiodasemana.com\/site\/category\/atualidade\/"},"img":{"alt_text":"","src":"https:\/\/i0.wp.com\/correiodasemana.com\/site\/wp-content\/uploads\/2023\/01\/praca-sobral-750x430-1.jpg?resize=350%2C200&ssl=1","width":350,"height":200,"srcset":"https:\/\/i0.wp.com\/correiodasemana.com\/site\/wp-content\/uploads\/2023\/01\/praca-sobral-750x430-1.jpg?resize=350%2C200&ssl=1 1x, https:\/\/i0.wp.com\/correiodasemana.com\/site\/wp-content\/uploads\/2023\/01\/praca-sobral-750x430-1.jpg?resize=525%2C300&ssl=1 1.5x, https:\/\/i0.wp.com\/correiodasemana.com\/site\/wp-content\/uploads\/2023\/01\/praca-sobral-750x430-1.jpg?resize=700%2C400&ssl=1 2x"},"classes":[]},{"id":23884,"url":"https:\/\/correiodasemana.com\/site\/praca-dom-aldo-pagotto-e-inaugurada\/","url_meta":{"origin":17808,"position":3},"title":"Pra\u00e7a Dom Aldo Pagotto \u00e9 inaugurada","author":"adminredacao","date":"Abril 11, 2023","format":false,"excerpt":"Fonte: prefeitura de Sobral Foi inaugurada, na noite de quinta-feira (30\/03), a Pra\u00e7a Dom Aldo Pagotto, do bairro Jer\u00f4nimo Prado (Bet\u00e2nia). O novo espa\u00e7o \u00e9 a 71\u00aa pra\u00e7a inaugurada nesta gest\u00e3o e vem para incentivar as atividades recreativas, contemplativas e de conviv\u00eancia no bairro. O secret\u00e1rio da Infraestrutura, David Bastos,\u2026","rel":"","context":"In &quot;Atualidade&quot;","block_context":{"text":"Atualidade","link":"https:\/\/correiodasemana.com\/site\/category\/atualidade\/"},"img":{"alt_text":"","src":"https:\/\/i0.wp.com\/correiodasemana.com\/site\/wp-content\/uploads\/2023\/04\/PRACA-DOM-ALDO-PAGOTTO.jpg?resize=350%2C200&ssl=1","width":350,"height":200,"srcset":"https:\/\/i0.wp.com\/correiodasemana.com\/site\/wp-content\/uploads\/2023\/04\/PRACA-DOM-ALDO-PAGOTTO.jpg?resize=350%2C200&ssl=1 1x, https:\/\/i0.wp.com\/correiodasemana.com\/site\/wp-content\/uploads\/2023\/04\/PRACA-DOM-ALDO-PAGOTTO.jpg?resize=525%2C300&ssl=1 1.5x, https:\/\/i0.wp.com\/correiodasemana.com\/site\/wp-content\/uploads\/2023\/04\/PRACA-DOM-ALDO-PAGOTTO.jpg?resize=700%2C400&ssl=1 2x, https:\/\/i0.wp.com\/correiodasemana.com\/site\/wp-content\/uploads\/2023\/04\/PRACA-DOM-ALDO-PAGOTTO.jpg?resize=1050%2C600&ssl=1 3x, https:\/\/i0.wp.com\/correiodasemana.com\/site\/wp-content\/uploads\/2023\/04\/PRACA-DOM-ALDO-PAGOTTO.jpg?resize=1400%2C800&ssl=1 4x"},"classes":[]},{"id":18987,"url":"https:\/\/correiodasemana.com\/site\/praca-da-igreja-do-distrito-de-patriarca-e-inaugurada\/","url_meta":{"origin":17808,"position":4},"title":"Pra\u00e7a da Igreja do distrito de Patriarca \u00e9 inaugurada","author":"","date":"Fevereiro 21, 2022","format":false,"excerpt":"Investimento tem valor superior \u00e0 R$ 300 mil Por Samuel Carvalho - Reda\u00e7\u00e3o Correio da Semana Na \u00faltima quarta-feira (16), a prefeitura de Sobral inaugurou a nova Pra\u00e7a Jo\u00e3o Batista Gon\u00e7alves, situada em frente \u00e0 Capela do distrito de Patriarca. Com investimento superior a R$ 300 mil, com recursos pr\u00f3prios\u2026","rel":"","context":"In &quot;Atualidade&quot;","block_context":{"text":"Atualidade","link":"https:\/\/correiodasemana.com\/site\/category\/atualidade\/"},"img":{"alt_text":"","src":"https:\/\/i0.wp.com\/correiodasemana.com\/site\/wp-content\/uploads\/2022\/02\/praca-pref-sobral-1.jpg?resize=350%2C200&ssl=1","width":350,"height":200,"srcset":"https:\/\/i0.wp.com\/correiodasemana.com\/site\/wp-content\/uploads\/2022\/02\/praca-pref-sobral-1.jpg?resize=350%2C200&ssl=1 1x, https:\/\/i0.wp.com\/correiodasemana.com\/site\/wp-content\/uploads\/2022\/02\/praca-pref-sobral-1.jpg?resize=525%2C300&ssl=1 1.5x, https:\/\/i0.wp.com\/correiodasemana.com\/site\/wp-content\/uploads\/2022\/02\/praca-pref-sobral-1.jpg?resize=700%2C400&ssl=1 2x, https:\/\/i0.wp.com\/correiodasemana.com\/site\/wp-content\/uploads\/2022\/02\/praca-pref-sobral-1.jpg?resize=1050%2C600&ssl=1 3x"},"classes":[]},{"id":23531,"url":"https:\/\/correiodasemana.com\/site\/prefeitura-realiza-obras-de-drenagens-em-diferentes-bairros-investimento-das-obras-e-superior-a-r-55-milhoes\/","url_meta":{"origin":17808,"position":5},"title":"Prefeitura realiza obras de drenagens em diferentes bairros; investimento das obras \u00e9 superior a R$ 5,5 milh\u00f5es","author":"adminredacao","date":"Fevereiro 14, 2023","format":false,"excerpt":"A Prefeitura de Sobral, por meio da Secretaria da Infraestrutura, est\u00e1 realizando a constru\u00e7\u00e3o de tr\u00eas novas redes de drenagem em Sobral. As obras, que contemplam os bairros Renato Parente, Sinh\u00e1 Saboia e Vila Uni\u00e3o, s\u00e3o necess\u00e1rias para garantir o escoamento adequado das \u00e1guas das chuvas. No bairro Renato Parente,\u2026","rel":"","context":"In &quot;Atualidade&quot;","block_context":{"text":"Atualidade","link":"https:\/\/correiodasemana.com\/site\/category\/atualidade\/"},"img":{"alt_text":"","src":"https:\/\/i0.wp.com\/correiodasemana.com\/site\/wp-content\/uploads\/2023\/02\/saneamento.jpg?resize=350%2C200&ssl=1","width":350,"height":200,"srcset":"https:\/\/i0.wp.com\/correiodasemana.com\/site\/wp-content\/uploads\/2023\/02\/saneamento.jpg?resize=350%2C200&ssl=1 1x, https:\/\/i0.wp.com\/correiodasemana.com\/site\/wp-content\/uploads\/2023\/02\/saneamento.jpg?resize=525%2C300&ssl=1 1.5x"},"classes":[]}],"jetpack_sharing_enabled":true,"_links":{"self":[{"href":"https:\/\/correiodasemana.com\/site\/wp-json\/wp\/v2\/posts\/17808","targetHints":{"allow":["GET"]}}],"collection":[{"href":"https:\/\/correiodasemana.com\/site\/wp-json\/wp\/v2\/posts"}],"about":[{"href":"https:\/\/correiodasemana.com\/site\/wp-json\/wp\/v2\/types\/post"}],"author":[{"embeddable":true,"href":"https:\/\/correiodasemana.com\/site\/wp-json\/wp\/v2\/users\/1"}],"replies":[{"embeddable":true,"href":"https:\/\/correiodasemana.com\/site\/wp-json\/wp\/v2\/comments?post=17808"}],"version-history":[{"count":1,"href":"https:\/\/correiodasemana.com\/site\/wp-json\/wp\/v2\/posts\/17808\/revisions"}],"predecessor-version":[{"id":17816,"href":"https:\/\/correiodasemana.com\/site\/wp-json\/wp\/v2\/posts\/17808\/revisions\/17816"}],"wp:featuredmedia":[{"embeddable":true,"href":"https:\/\/correiodasemana.com\/site\/wp-json\/wp\/v2\/media\/17809"}],"wp:attachment":[{"href":"https:\/\/correiodasemana.com\/site\/wp-json\/wp\/v2\/media?parent=17808"}],"wp:term":[{"taxonomy":"category","embeddable":true,"href":"https:\/\/correiodasemana.com\/site\/wp-json\/wp\/v2\/categories?post=17808"},{"taxonomy":"post_tag","embeddable":true,"href":"https:\/\/correiodasemana.com\/site\/wp-json\/wp\/v2\/tags?post=17808"}],"curies":[{"name":"wp","href":"https:\/\/api.w.org\/{rel}","templated":true}]}}