{"id":17839,"date":"2021-10-24T19:44:30","date_gmt":"2021-10-24T22:44:30","guid":{"rendered":"https:\/\/correiodasemana.com\/site\/?p=17839"},"modified":"2021-10-24T19:44:30","modified_gmt":"2021-10-24T22:44:30","slug":"no-dia-do-medico-sala-de-recuperacao-pos-anestesica-da-santa-casa-de-sobral-ganha-nome-de-anestesiologista-falecido","status":"publish","type":"post","link":"https:\/\/correiodasemana.com\/site\/no-dia-do-medico-sala-de-recuperacao-pos-anestesica-da-santa-casa-de-sobral-ganha-nome-de-anestesiologista-falecido\/","title":{"rendered":"No Dia do M\u00e9dico, Sala de Recupera\u00e7\u00e3o P\u00f3s-Anest\u00e9sica da Santa Casa de Sobral ganha nome de anestesiologista falecido"},"content":{"rendered":"<p><em><strong>Dr. Jos\u00e9 de Ara\u00fajo Cruz exerceu sua fun\u00e7\u00e3o no hospital por v\u00e1rias d\u00e9cadas at\u00e9 falecer em setembro de 2020, agora seu legado marcado por profissionalismo e humildade \u00e9 eternizado com seu nome no Bloco Cir\u00fargico da Santa Casa de Miseric\u00f3rdia de Sobral.<\/strong><\/em><\/p>\n<p><img fetchpriority=\"high\" decoding=\"async\" class=\"alignleft size-medium wp-image-17840\" src=\"https:\/\/correiodasemana.com\/site\/wp-content\/uploads\/2021\/10\/inaugracao-santa-casa-de-sobral-1-300x200.jpg\" alt=\"\" width=\"300\" height=\"200\" srcset=\"https:\/\/correiodasemana.com\/site\/wp-content\/uploads\/2021\/10\/inaugracao-santa-casa-de-sobral-1-300x200.jpg 300w, https:\/\/correiodasemana.com\/site\/wp-content\/uploads\/2021\/10\/inaugracao-santa-casa-de-sobral-1-768x512.jpg 768w, https:\/\/correiodasemana.com\/site\/wp-content\/uploads\/2021\/10\/inaugracao-santa-casa-de-sobral-1.jpg 999w\" sizes=\"(max-width: 300px) 100vw, 300px\" \/> <img decoding=\"async\" class=\"alignleft size-medium wp-image-17841\" src=\"https:\/\/correiodasemana.com\/site\/wp-content\/uploads\/2021\/10\/inaugracao-santa-casa-de-sobral-2-300x200.jpg\" alt=\"\" width=\"300\" height=\"200\" srcset=\"https:\/\/correiodasemana.com\/site\/wp-content\/uploads\/2021\/10\/inaugracao-santa-casa-de-sobral-2-300x200.jpg 300w, https:\/\/correiodasemana.com\/site\/wp-content\/uploads\/2021\/10\/inaugracao-santa-casa-de-sobral-2-768x512.jpg 768w, https:\/\/correiodasemana.com\/site\/wp-content\/uploads\/2021\/10\/inaugracao-santa-casa-de-sobral-2.jpg 999w\" sizes=\"(max-width: 300px) 100vw, 300px\" \/> <img decoding=\"async\" class=\"alignleft size-medium wp-image-17842\" src=\"https:\/\/correiodasemana.com\/site\/wp-content\/uploads\/2021\/10\/inaugracao-santa-casa-de-sobral-3-300x239.jpg\" alt=\"\" width=\"300\" height=\"239\" srcset=\"https:\/\/correiodasemana.com\/site\/wp-content\/uploads\/2021\/10\/inaugracao-santa-casa-de-sobral-3-300x239.jpg 300w, https:\/\/correiodasemana.com\/site\/wp-content\/uploads\/2021\/10\/inaugracao-santa-casa-de-sobral-3-768x613.jpg 768w, https:\/\/correiodasemana.com\/site\/wp-content\/uploads\/2021\/10\/inaugracao-santa-casa-de-sobral-3.jpg 999w\" sizes=\"(max-width: 300px) 100vw, 300px\" \/><\/p>\n<p>Ascom Complexo SCMS<br \/>\nO in\u00edcio da pandemia da Covid-19 foi um desafio para toda a sociedade, principalmente para os profissionais que estiveram na linha de frente, dedicando sua vida ao pr\u00f3ximo e, na maioria das vezes, contraindo o v\u00edrus. Em setembro de 2020, faleceu o m\u00e9dico anestesiologista Dr. Jos\u00e9 de Ara\u00fajo Cruz, profissional que dedicou v\u00e1rios anos de sua carreira aos pacientes da Santa Casa de Miseric\u00f3rdia de Sobral.<br \/>\nNesta segunda-feira (18\/10), no dia em que celebra-se o Dia do M\u00e9dico, com a presen\u00e7a de familiares e ex-colegas de trabalho do Dr. Cruz, a unidade homenageou o profissional com uma nova placa no Bloco Cir\u00fargico &#8211; a Sala de Recupera\u00e7\u00e3o P\u00f3s-Anest\u00e9sica Dr. Jos\u00e9 de Ara\u00fajo Cruz.<br \/>\nA homenagem tamb\u00e9m contou com a presen\u00e7a do diretor t\u00e9cnico da Santa Casa, Dr. S\u00e1vio Arcanjo.\u00a0\u201cN\u00f3s, m\u00e9dicos, perdemos colegas de extrema compet\u00eancia e humanidade. N\u00e3o poder\u00edamos ter data melhor para essa homenagem do que o dia do m\u00e9dico. Que o bem que o Dr. Cruz proporcionou,\u00a0e as sementes que ele deixou sejam replicadas, pois era grande a compet\u00eancia e a vontade de fazer o bem que ele tinha\u201d, destacou o diretor.<br \/>\nDurante a solenidade, o filho do m\u00e9dico homenageado, Dr. Jos\u00e9 de Ara\u00fajo Cruz J\u00fanior tamb\u00e9m mencionou a saudade que sente do pai.<br \/>\n\u201cPerdi o meu pai. Apesar de passar muito tempo no hospital ajudando as pessoas, ele teve tempo suficiente para mostrar o grande homem que ele \u00e9, foi e continua sendo em nossos cora\u00e7\u00f5es. Eu perdi meu grande amigo, por isso a dor \u00e9 imensur\u00e1vel\u201d, disse.<br \/>\nAo final, o diretor t\u00e9cnico da Santa Casa, m\u00e9dicos e familiares de Dr. Jos\u00e9 de Ara\u00fajo Cruz descerraram a placa que homenageia o anestesiologista.<\/p>\n<p>Assessoria de Comunica\u00e7\u00e3o e Imprensa Complexo Santa Casa de Miseric\u00f3rdia de Sobral Ramal: 1517 |\u00a0Fixo.: 88 3112-0517<\/p>\n","protected":false},"excerpt":{"rendered":"<p>Dr. Jos\u00e9 de Ara\u00fajo Cruz exerceu sua fun\u00e7\u00e3o no hospital por v\u00e1rias d\u00e9cadas at\u00e9 falecer&#8230;<\/p>\n","protected":false},"author":1,"featured_media":17842,"comment_status":"open","ping_status":"open","sticky":false,"template":"","format":"standard","meta":{"_jetpack_memberships_contains_paid_content":false,"footnotes":"","jetpack_publicize_message":"","jetpack_publicize_feature_enabled":true,"jetpack_social_post_already_shared":true,"jetpack_social_options":{"image_generator_settings":{"template":"highway","default_image_id":0,"font":"","enabled":false},"version":2}},"categories":[1],"tags":[],"class_list":["post-17839","post","type-post","status-publish","format-standard","has-post-thumbnail","hentry","category-atualidade"],"jetpack_publicize_connections":[],"jetpack_featured_media_url":"https:\/\/correiodasemana.com\/site\/wp-content\/uploads\/2021\/10\/inaugracao-santa-casa-de-sobral-3.jpg","jetpack-related-posts":[{"id":16596,"url":"https:\/\/correiodasemana.com\/site\/padre-mailson-sousa-vigario-paroquial-de-massape-falece-em-decorrencia-de-complicacoes-por-covid-19\/","url_meta":{"origin":17839,"position":0},"title":"Padre Mailson Sousa, Vig\u00e1rio Paroquial de Massap\u00ea, falece em decorr\u00eancia de complica\u00e7\u00f5es por covid-19","author":"","date":"Maio 31, 2021","format":false,"excerpt":"O caix\u00e3o que ficou sempre dentro do carro funer\u00e1rio saiu do Hospital Santa Casa, onde ficou alguns minutos em frente \u00e0 casa dos seus pais. Seguiu em cortejo at\u00e9 a cidade de Massap\u00ea, quando l\u00e1 foi acolhido pela comunidade da par\u00f3quia. O Padre Marcos fez a encomenda\u00e7\u00e3o do corpo. Em\u2026","rel":"","context":"In &quot;Diocese&quot;","block_context":{"text":"Diocese","link":"https:\/\/correiodasemana.com\/site\/category\/diocese\/"},"img":{"alt_text":"","src":"https:\/\/i0.wp.com\/correiodasemana.com\/site\/wp-content\/uploads\/2021\/05\/Posse-Pe.-Mailson-em-Aranau-213-scaled.jpg?resize=350%2C200&ssl=1","width":350,"height":200,"srcset":"https:\/\/i0.wp.com\/correiodasemana.com\/site\/wp-content\/uploads\/2021\/05\/Posse-Pe.-Mailson-em-Aranau-213-scaled.jpg?resize=350%2C200&ssl=1 1x, https:\/\/i0.wp.com\/correiodasemana.com\/site\/wp-content\/uploads\/2021\/05\/Posse-Pe.-Mailson-em-Aranau-213-scaled.jpg?resize=525%2C300&ssl=1 1.5x, https:\/\/i0.wp.com\/correiodasemana.com\/site\/wp-content\/uploads\/2021\/05\/Posse-Pe.-Mailson-em-Aranau-213-scaled.jpg?resize=700%2C400&ssl=1 2x, https:\/\/i0.wp.com\/correiodasemana.com\/site\/wp-content\/uploads\/2021\/05\/Posse-Pe.-Mailson-em-Aranau-213-scaled.jpg?resize=1050%2C600&ssl=1 3x, https:\/\/i0.wp.com\/correiodasemana.com\/site\/wp-content\/uploads\/2021\/05\/Posse-Pe.-Mailson-em-Aranau-213-scaled.jpg?resize=1400%2C800&ssl=1 4x"},"classes":[]},{"id":30697,"url":"https:\/\/correiodasemana.com\/site\/poucas-e-boas-46\/","url_meta":{"origin":17839,"position":1},"title":"POUCAS E BOAS","author":"adminredacao","date":"Setembro 16, 2024","format":false,"excerpt":"\u201cA DEUS, Z\u00c9 WILSON! A Z\u00c9 WILSON, ADEUS!\u201d A frase acima intitulou a Coluna Poucas & Boas, publicada neste Seman\u00e1rio, edi\u00e7\u00e3o de 19.09.2009. E neste s\u00e1bado (14), v\u00e9spera de celebrarmos o d\u00e9cimo quinto anivers\u00e1rio da morte de Jos\u00e9 Wilson Brasil, resolvi reeditar a homenagem \u00e0quele amigo, ilustre cidad\u00e3o que deixou\u2026","rel":"","context":"In &quot;Artigos&quot;","block_context":{"text":"Artigos","link":"https:\/\/correiodasemana.com\/site\/category\/artigos\/"},"img":{"alt_text":"","src":"https:\/\/i0.wp.com\/correiodasemana.com\/site\/wp-content\/uploads\/2023\/05\/artemisio-da-costa-2.jpg?resize=350%2C200&ssl=1","width":350,"height":200},"classes":[]},{"id":18995,"url":"https:\/\/correiodasemana.com\/site\/tributo-a-evangelina-saboya\/","url_meta":{"origin":17839,"position":2},"title":"Tributo \u00e0 Evangelina Saboya\u00a0","author":"","date":"Fevereiro 21, 2022","format":false,"excerpt":"Com a alma em festa e embalada por forte sentimento de gratid\u00e3o \u00e0 Prefeitura Municipal de Sobral, na pessoa do Prefeito Ivo Ferreira Gomes, estamos aqui para prestar justa homenagem \u00e0 sobralense Evangelina Saboya, escolhida para nominar o Parque que hoje \u00e9 inaugurado, equipamento urbano que proporcionar\u00e1 melhor qualidade de\u2026","rel":"","context":"In &quot;Atualidade&quot;","block_context":{"text":"Atualidade","link":"https:\/\/correiodasemana.com\/site\/category\/atualidade\/"},"img":{"alt_text":"","src":"https:\/\/i0.wp.com\/correiodasemana.com\/site\/wp-content\/uploads\/2022\/02\/tributo-2.jpg?resize=350%2C200&ssl=1","width":350,"height":200},"classes":[]},{"id":35663,"url":"https:\/\/correiodasemana.com\/site\/santa-missa-na-catedral-recorda-66-anos-do-falecimento-de-dom-jose\/","url_meta":{"origin":17839,"position":3},"title":"Santa Missa na Catedral recorda 66 anos do falecimento de Dom Jos\u00e9","author":"adminredacao","date":"Setembro 28, 2025","format":false,"excerpt":"Unidos em torno da mesa do altar, a Diocese de Sobral celebrou, na noite desta quinta-feira (25), na Catedral da S\u00e9, a Santa Missa em mem\u00f3ria de Dom Jos\u00e9 Tupinamb\u00e1 da Frota, primeiro bispo desta Igreja Particular, por ocasi\u00e3o dos 66 anos de seu falecimento. A celebra\u00e7\u00e3o, presidida por Dom\u2026","rel":"","context":"In &quot;Atualidade&quot;","block_context":{"text":"Atualidade","link":"https:\/\/correiodasemana.com\/site\/category\/atualidade\/"},"img":{"alt_text":"","src":"https:\/\/i0.wp.com\/correiodasemana.com\/site\/wp-content\/uploads\/2025\/09\/WhatsApp-Image-2025-09-26-at-21.20.27-1-scaled.jpeg?resize=350%2C200&ssl=1","width":350,"height":200,"srcset":"https:\/\/i0.wp.com\/correiodasemana.com\/site\/wp-content\/uploads\/2025\/09\/WhatsApp-Image-2025-09-26-at-21.20.27-1-scaled.jpeg?resize=350%2C200&ssl=1 1x, https:\/\/i0.wp.com\/correiodasemana.com\/site\/wp-content\/uploads\/2025\/09\/WhatsApp-Image-2025-09-26-at-21.20.27-1-scaled.jpeg?resize=525%2C300&ssl=1 1.5x, https:\/\/i0.wp.com\/correiodasemana.com\/site\/wp-content\/uploads\/2025\/09\/WhatsApp-Image-2025-09-26-at-21.20.27-1-scaled.jpeg?resize=700%2C400&ssl=1 2x, https:\/\/i0.wp.com\/correiodasemana.com\/site\/wp-content\/uploads\/2025\/09\/WhatsApp-Image-2025-09-26-at-21.20.27-1-scaled.jpeg?resize=1050%2C600&ssl=1 3x, https:\/\/i0.wp.com\/correiodasemana.com\/site\/wp-content\/uploads\/2025\/09\/WhatsApp-Image-2025-09-26-at-21.20.27-1-scaled.jpeg?resize=1400%2C800&ssl=1 4x"},"classes":[]},{"id":13973,"url":"https:\/\/correiodasemana.com\/site\/profissionais-da-linha-de-frente-no-combate-a-covid-19-sao-homenageados-na-santa-casa-de-misericordia-de-sobral\/","url_meta":{"origin":17839,"position":4},"title":"Profissionais da linha de frente no combate \u00e0 Covid-19 s\u00e3o homenageados na Santa Casa de Miseric\u00f3rdia de Sobral","author":"","date":"Outubro 7, 2020","format":false,"excerpt":"Profissionais que atuaram nos servi\u00e7os assistenciais no combate \u00e0 Covid-19 foram homenageados na Santa Casa de Miseric\u00f3rdia de Sobral. Sob fortes emo\u00e7\u00f5es, a homenagem foi realizada nos dias 01 e 02 de outubro e contou com a presen\u00e7a de m\u00e9dicos, fisioterapeutas, enfermeiros, t\u00e9cnicos de enfermagem e agentes de limpeza que\u2026","rel":"","context":"In &quot;Atualidade&quot;","block_context":{"text":"Atualidade","link":"https:\/\/correiodasemana.com\/site\/category\/atualidade\/"},"img":{"alt_text":"","src":"https:\/\/i0.wp.com\/correiodasemana.com\/site\/wp-content\/uploads\/2020\/10\/25-768x585-1.jpg?resize=350%2C200&ssl=1","width":350,"height":200,"srcset":"https:\/\/i0.wp.com\/correiodasemana.com\/site\/wp-content\/uploads\/2020\/10\/25-768x585-1.jpg?resize=350%2C200&ssl=1 1x, https:\/\/i0.wp.com\/correiodasemana.com\/site\/wp-content\/uploads\/2020\/10\/25-768x585-1.jpg?resize=525%2C300&ssl=1 1.5x, https:\/\/i0.wp.com\/correiodasemana.com\/site\/wp-content\/uploads\/2020\/10\/25-768x585-1.jpg?resize=700%2C400&ssl=1 2x"},"classes":[]},{"id":17614,"url":"https:\/\/correiodasemana.com\/site\/dom-vasconcelos-preside-missa-solene-na-catedral-da-se-marcando-os-62-anos-de-falecimento-de-dom-jose-tupinamba-da-frota\/","url_meta":{"origin":17839,"position":5},"title":"Dom Vasconcelos preside missa solene na Catedral da S\u00e9 marcando os 62 anos de falecimento de Dom Jos\u00e9 Tupinamb\u00e1 da Frota","author":"","date":"Outubro 4, 2021","format":false,"excerpt":"Por Thais Helena (Portal de Comunica\u00e7\u00e3o) Antes da celebra\u00e7\u00e3o foi proferido um texto alusivo aos 62 anos de falecimento de Dom Jos\u00e9 Tupinamb\u00e1 da Frota, pelo comentarista. Os c\u00e2nticos da missa foram m\u00fasicas escolhidas especialmente para este momento saudoso. As celebra\u00e7\u00f5es que marcaram os 62 anos de falecimento de Dom\u2026","rel":"","context":"In &quot;Atualidade&quot;","block_context":{"text":"Atualidade","link":"https:\/\/correiodasemana.com\/site\/category\/atualidade\/"},"img":{"alt_text":"","src":"https:\/\/i0.wp.com\/correiodasemana.com\/site\/wp-content\/uploads\/2021\/10\/missa-aos-62-anos-de-falecimento-de-dom-jose-5.jpg?resize=350%2C200&ssl=1","width":350,"height":200,"srcset":"https:\/\/i0.wp.com\/correiodasemana.com\/site\/wp-content\/uploads\/2021\/10\/missa-aos-62-anos-de-falecimento-de-dom-jose-5.jpg?resize=350%2C200&ssl=1 1x, https:\/\/i0.wp.com\/correiodasemana.com\/site\/wp-content\/uploads\/2021\/10\/missa-aos-62-anos-de-falecimento-de-dom-jose-5.jpg?resize=525%2C300&ssl=1 1.5x, https:\/\/i0.wp.com\/correiodasemana.com\/site\/wp-content\/uploads\/2021\/10\/missa-aos-62-anos-de-falecimento-de-dom-jose-5.jpg?resize=700%2C400&ssl=1 2x"},"classes":[]}],"jetpack_sharing_enabled":true,"_links":{"self":[{"href":"https:\/\/correiodasemana.com\/site\/wp-json\/wp\/v2\/posts\/17839","targetHints":{"allow":["GET"]}}],"collection":[{"href":"https:\/\/correiodasemana.com\/site\/wp-json\/wp\/v2\/posts"}],"about":[{"href":"https:\/\/correiodasemana.com\/site\/wp-json\/wp\/v2\/types\/post"}],"author":[{"embeddable":true,"href":"https:\/\/correiodasemana.com\/site\/wp-json\/wp\/v2\/users\/1"}],"replies":[{"embeddable":true,"href":"https:\/\/correiodasemana.com\/site\/wp-json\/wp\/v2\/comments?post=17839"}],"version-history":[{"count":1,"href":"https:\/\/correiodasemana.com\/site\/wp-json\/wp\/v2\/posts\/17839\/revisions"}],"predecessor-version":[{"id":17843,"href":"https:\/\/correiodasemana.com\/site\/wp-json\/wp\/v2\/posts\/17839\/revisions\/17843"}],"wp:featuredmedia":[{"embeddable":true,"href":"https:\/\/correiodasemana.com\/site\/wp-json\/wp\/v2\/media\/17842"}],"wp:attachment":[{"href":"https:\/\/correiodasemana.com\/site\/wp-json\/wp\/v2\/media?parent=17839"}],"wp:term":[{"taxonomy":"category","embeddable":true,"href":"https:\/\/correiodasemana.com\/site\/wp-json\/wp\/v2\/categories?post=17839"},{"taxonomy":"post_tag","embeddable":true,"href":"https:\/\/correiodasemana.com\/site\/wp-json\/wp\/v2\/tags?post=17839"}],"curies":[{"name":"wp","href":"https:\/\/api.w.org\/{rel}","templated":true}]}}