{"id":17940,"date":"2021-11-07T23:38:00","date_gmt":"2021-11-08T02:38:00","guid":{"rendered":"https:\/\/correiodasemana.com\/site\/?p=17940"},"modified":"2021-11-07T23:38:00","modified_gmt":"2021-11-08T02:38:00","slug":"duas-cidades-do-interior-do-ceara-correm-risco-de-desabastecimento-de-agua","status":"publish","type":"post","link":"https:\/\/correiodasemana.com\/site\/duas-cidades-do-interior-do-ceara-correm-risco-de-desabastecimento-de-agua\/","title":{"rendered":"Duas cidades do interior do Cear\u00e1 correm risco de desabastecimento de \u00e1gua"},"content":{"rendered":"<p>Por Samuel Carvalho<br \/>\nReda\u00e7\u00e3o Correio da Semana<br \/>\nAs cidades de Monsenhor Tabosa (Vale do Jaguaribe) e Pedra Branca (Sert\u00e3o Central) apresentam situa\u00e7\u00e3o cr\u00edtica em rela\u00e7\u00e3o ao abastecimento de \u00e1gua. Al\u00e9m dessas, outras nove precisam manter a reserva atual at\u00e9 a pr\u00f3xima quadra chuvosa. A informa\u00e7\u00e3o \u00e9 da Companhia de Gest\u00e3o dos Recursos H\u00eddricos (Cogerh).<br \/>\nPara conter os maiores preju\u00edzos devido a falta de \u00e1gua, a Cogerh providenciou a perfura\u00e7\u00e3o de po\u00e7os e a visita de carros pipas. Cidades como Aquiraz e Guaiuba na Regi\u00e3o Metropolitana de Fortaleza como tamb\u00e9m Tau\u00e1, no Sert\u00e3o dos Inhamuns devem manter suas fontes de \u00e1gua at\u00e9 a pr\u00f3xima quadra chuvosa que deve come\u00e7ar no in\u00edcio de fevereiro.<br \/>\nA Cogerh monitora 155 a\u00e7udes e a situa\u00e7\u00e3o h\u00eddrica do Cear\u00e1 se encontra abaixo dos 25%. O Governo do Estado informou ainda que existe um comit\u00ea que monitoria a situa\u00e7\u00e3o dos principais reservat\u00f3rios do estado e que regi\u00f5es mais cr\u00edticas s\u00e3o visitadas por profissionais do \u00f3rg\u00e3o quinzenalmente.<br \/>\nNo in\u00edcio de outubro, a Secretaria Nacional de Prote\u00e7\u00e3o e Defesa Civil, do Governo Federal, reconheceu que 40 cidades cearenses em situa\u00e7\u00e3o de emerg\u00eancia por seca e estiagem.<br \/>\nDe acordo com o Sistema Integrado de Informa\u00e7\u00f5es sobre Desastres, a estiagem \u00e9 um per\u00edodo no qual h\u00e1 aus\u00eancia ou baixa incid\u00eancia de chuvas por mais tempo, com perda de umidade de solo. J\u00e1 a seca \u00e9 um per\u00edodo de tempo seco, prolongado e que causa desequil\u00edbrio hidrol\u00f3gico. Entre as cidades cearenses, oito est\u00e3o em situa\u00e7\u00e3o de emerg\u00eancia por seca e 32 munic\u00edpios s\u00e3o por conta da estiagem.<br \/>\nCom a publica\u00e7\u00e3o do reconhecimento federal, os munic\u00edpios afetados por desastre natural podem solicitar recursos do Minist\u00e9rio do Desenvolvimento Regional (MDR) para a\u00e7\u00f5es voltadas ao socorro, assist\u00eancia e restabelecimento de servi\u00e7os essenciais, e de reconstru\u00e7\u00e3o de infraestrutura atingida pelos desastres.<br \/>\nCom base nas informa\u00e7\u00f5es enviadas por meio do Sistema Integrado de Informa\u00e7\u00f5es sobre Desastres (S2iD), a equipe t\u00e9cnica da Defesa Civil Nacional avalia as metas e os valores solicitados. Com a aprova\u00e7\u00e3o, \u00e9 publicada portaria no DOU com a especifica\u00e7\u00e3o do valor a ser liberado.<\/p>\n","protected":false},"excerpt":{"rendered":"<p>Por Samuel Carvalho Reda\u00e7\u00e3o Correio da Semana As cidades de Monsenhor Tabosa (Vale do Jaguaribe)&#8230;<\/p>\n","protected":false},"author":1,"featured_media":12263,"comment_status":"open","ping_status":"open","sticky":false,"template":"","format":"standard","meta":{"_jetpack_memberships_contains_paid_content":false,"footnotes":"","jetpack_publicize_message":"","jetpack_publicize_feature_enabled":true,"jetpack_social_post_already_shared":true,"jetpack_social_options":{"image_generator_settings":{"template":"highway","default_image_id":0,"font":"","enabled":false},"version":2}},"categories":[1],"tags":[],"class_list":["post-17940","post","type-post","status-publish","format-standard","has-post-thumbnail","hentry","category-atualidade"],"jetpack_publicize_connections":[],"jetpack_featured_media_url":"https:\/\/correiodasemana.com\/site\/wp-content\/uploads\/2020\/07\/\u00e1gua.jpg","jetpack-related-posts":[{"id":28347,"url":"https:\/\/correiodasemana.com\/site\/nivel-de-agua-nos-reservatorios-do-ceara-e-estavel-mas-preocupa-gestores\/","url_meta":{"origin":17940,"position":0},"title":"N\u00edvel de \u00e1gua nos reservat\u00f3rios do Cear\u00e1 \u00e9 est\u00e1vel, mas preocupa gestores","author":"adminredacao","date":"Fevereiro 15, 2024","format":false,"excerpt":"SERT\u00c3O CONCENTRA MENOS \u00c1GUA Os 157 reservat\u00f3rios de \u00e1gua no Cear\u00e1 somam, ao total, 36,9% de toda a capacidade do estado, cerca de 6,86 bilh\u00f5es de metros c\u00fabicos. De acordo com a Cogerh, o cen\u00e1rio \u00e9 melhor do que o mesmo per\u00edodo do ano passado, quando o acumulado era de\u2026","rel":"","context":"In &quot;Atualidade&quot;","block_context":{"text":"Atualidade","link":"https:\/\/correiodasemana.com\/site\/category\/atualidade\/"},"img":{"alt_text":"","src":"https:\/\/i0.wp.com\/correiodasemana.com\/site\/wp-content\/uploads\/2024\/02\/56496352_2269084689817087_2091897330851643392_n.jpg?resize=350%2C200&ssl=1","width":350,"height":200,"srcset":"https:\/\/i0.wp.com\/correiodasemana.com\/site\/wp-content\/uploads\/2024\/02\/56496352_2269084689817087_2091897330851643392_n.jpg?resize=350%2C200&ssl=1 1x, https:\/\/i0.wp.com\/correiodasemana.com\/site\/wp-content\/uploads\/2024\/02\/56496352_2269084689817087_2091897330851643392_n.jpg?resize=525%2C300&ssl=1 1.5x"},"classes":[]},{"id":17415,"url":"https:\/\/correiodasemana.com\/site\/maioria-dos-acudes-do-ceara-esta-em-situacao-critica-de-reserva-de-agua-com-niveis-abaixo-de-30\/","url_meta":{"origin":17940,"position":1},"title":"Maioria dos a\u00e7udes do Cear\u00e1 est\u00e1 em situa\u00e7\u00e3o cr\u00edtica de reserva de \u00e1gua com n\u00edveis abaixo de 30%","author":"","date":"Setembro 6, 2021","format":false,"excerpt":"Por Samuel Carvalho Reda\u00e7\u00e3o Correio da Semana Segundo dados do Portal Hidrol\u00f3gico do Estado, gerenciado pela Companhia de Gest\u00e3o dos Recursos H\u00eddricos (Cogerh), extra\u00eddos na \u00faltima quarta-feira (01) a maioria dos reservat\u00f3rios do Cear\u00e1 est\u00e3o em n\u00edvel cr\u00edtico de volume h\u00eddrico. De acordo com a plataforma, dos 66 a\u00e7udes monitorados,\u2026","rel":"","context":"In &quot;Atualidade&quot;","block_context":{"text":"Atualidade","link":"https:\/\/correiodasemana.com\/site\/category\/atualidade\/"},"img":{"alt_text":"","src":"https:\/\/i0.wp.com\/correiodasemana.com\/site\/wp-content\/uploads\/2021\/09\/acude-ceara.jpg?resize=350%2C200&ssl=1","width":350,"height":200,"srcset":"https:\/\/i0.wp.com\/correiodasemana.com\/site\/wp-content\/uploads\/2021\/09\/acude-ceara.jpg?resize=350%2C200&ssl=1 1x, https:\/\/i0.wp.com\/correiodasemana.com\/site\/wp-content\/uploads\/2021\/09\/acude-ceara.jpg?resize=525%2C300&ssl=1 1.5x"},"classes":[]},{"id":17544,"url":"https:\/\/correiodasemana.com\/site\/ceara-registra-35-cidades-em-situacao-de-emergencia-devido-a-seca-ou-chuvas-intensas\/","url_meta":{"origin":17940,"position":2},"title":"Cear\u00e1 registra 35 cidades em situa\u00e7\u00e3o de emerg\u00eancia devido \u00e0 seca ou chuvas intensas","author":"","date":"Setembro 19, 2021","format":false,"excerpt":"Por Samuel Carvalho - Reda\u00e7\u00e3o Correio da Semana O Minist\u00e9rio do Desenvolvimento Regional (MDR) nesta segunda-feira (13) declarou situa\u00e7\u00e3o de emerg\u00eancia mais em tr\u00eas munic\u00edpios cearenses, Cascavel, Independ\u00eancia e Santa Quit\u00e9ria, devido a problemas de estiagem ou seca. Ao todo s\u00e3o 35 cidades que que tamb\u00e9m est\u00e3o com situa\u00e7\u00e3o de\u2026","rel":"","context":"In &quot;Atualidade&quot;","block_context":{"text":"Atualidade","link":"https:\/\/correiodasemana.com\/site\/category\/atualidade\/"},"img":{"alt_text":"","src":"https:\/\/i0.wp.com\/correiodasemana.com\/site\/wp-content\/uploads\/2021\/09\/seca-ne.jpg?resize=350%2C200&ssl=1","width":350,"height":200,"srcset":"https:\/\/i0.wp.com\/correiodasemana.com\/site\/wp-content\/uploads\/2021\/09\/seca-ne.jpg?resize=350%2C200&ssl=1 1x, https:\/\/i0.wp.com\/correiodasemana.com\/site\/wp-content\/uploads\/2021\/09\/seca-ne.jpg?resize=525%2C300&ssl=1 1.5x, https:\/\/i0.wp.com\/correiodasemana.com\/site\/wp-content\/uploads\/2021\/09\/seca-ne.jpg?resize=700%2C400&ssl=1 2x, https:\/\/i0.wp.com\/correiodasemana.com\/site\/wp-content\/uploads\/2021\/09\/seca-ne.jpg?resize=1050%2C600&ssl=1 3x"},"classes":[]},{"id":28854,"url":"https:\/\/correiodasemana.com\/site\/ceara-inicia-mes-de-abril-com-36-acudes-sangrando\/","url_meta":{"origin":17940,"position":3},"title":"Cear\u00e1 inicia m\u00eas de abril com 36 a\u00e7udes sangrando","author":"adminredacao","date":"Abril 2, 2024","format":false,"excerpt":"Fonte: Ascom Cogerh\u00a0- Texto e foto O m\u00eas de abril iniciou de forma positiva para os reservat\u00f3rios cearenses ap\u00f3s os registros das \u00faltimas precipita\u00e7\u00f5es. Subiu para 36 a quantidade de a\u00e7udes monitorados sangrando no Cear\u00e1. Os dados s\u00e3o desta segunda-feira (01\/04). Outros 15 reservat\u00f3rios registram mais de 90% da capacidade\u2026","rel":"","context":"In &quot;Atualidade&quot;","block_context":{"text":"Atualidade","link":"https:\/\/correiodasemana.com\/site\/category\/atualidade\/"},"img":{"alt_text":"","src":"https:\/\/i0.wp.com\/correiodasemana.com\/site\/wp-content\/uploads\/2024\/04\/Jornal-Correio-da-Semana-No-1013-Copia.jpg?resize=350%2C200&ssl=1","width":350,"height":200,"srcset":"https:\/\/i0.wp.com\/correiodasemana.com\/site\/wp-content\/uploads\/2024\/04\/Jornal-Correio-da-Semana-No-1013-Copia.jpg?resize=350%2C200&ssl=1 1x, https:\/\/i0.wp.com\/correiodasemana.com\/site\/wp-content\/uploads\/2024\/04\/Jornal-Correio-da-Semana-No-1013-Copia.jpg?resize=525%2C300&ssl=1 1.5x"},"classes":[]},{"id":37540,"url":"https:\/\/correiodasemana.com\/site\/acudes-do-ceara-tiveram-o-maior-aporte-de-2026-nesta-quinta-feira-19\/","url_meta":{"origin":17940,"position":4},"title":"A\u00e7udes do Cear\u00e1 tiveram o maior aporte de 2026 nesta quinta-feira (19)","author":"adminredacao","date":"Fevereiro 23, 2026","format":false,"excerpt":"Regi\u00f5es do Salgado e dos Sert\u00f5es de Crate\u00fas tiveram boa recarga\u00a0de volume Fonte: Ascom Cogerh - texto e fotos A semana do Carnaval trouxe ao Cear\u00e1 um cen\u00e1rio h\u00eddrico mais animador. Conforme dados do monitoramento di\u00e1rio da Companhia de Gest\u00e3o de Recursos H\u00eddricos (Cogerh), nesta quinta-feira (19) os 144 a\u00e7udes\u2026","rel":"","context":"In &quot;Atualidade&quot;","block_context":{"text":"Atualidade","link":"https:\/\/correiodasemana.com\/site\/category\/atualidade\/"},"img":{"alt_text":"","src":"https:\/\/i0.wp.com\/correiodasemana.com\/site\/wp-content\/uploads\/2026\/02\/acude-Sao-Jose-III-Ipaporanga-foto-tirada-dia-14.06.2023-1024x576-1.jpg?resize=350%2C200&ssl=1","width":350,"height":200,"srcset":"https:\/\/i0.wp.com\/correiodasemana.com\/site\/wp-content\/uploads\/2026\/02\/acude-Sao-Jose-III-Ipaporanga-foto-tirada-dia-14.06.2023-1024x576-1.jpg?resize=350%2C200&ssl=1 1x, https:\/\/i0.wp.com\/correiodasemana.com\/site\/wp-content\/uploads\/2026\/02\/acude-Sao-Jose-III-Ipaporanga-foto-tirada-dia-14.06.2023-1024x576-1.jpg?resize=525%2C300&ssl=1 1.5x, https:\/\/i0.wp.com\/correiodasemana.com\/site\/wp-content\/uploads\/2026\/02\/acude-Sao-Jose-III-Ipaporanga-foto-tirada-dia-14.06.2023-1024x576-1.jpg?resize=700%2C400&ssl=1 2x"},"classes":[]},{"id":23814,"url":"https:\/\/correiodasemana.com\/site\/ceara-chega-a-56-acudes-sangrando\/","url_meta":{"origin":17940,"position":5},"title":"Cear\u00e1 chega a 56 a\u00e7udes sangrando","author":"","date":"Abril 5, 2023","format":false,"excerpt":"56 dos 157 a\u00e7udes monitorados pela Companhia de Gest\u00e3o dos Recursos H\u00eddricos (Cogerh), est\u00e3o sangrando no Cear\u00e1. O \u00f3rg\u00e3o informou tamb\u00e9m que h\u00e1 66 barragens com volume acima de 90% e ainda come\u00e7o do terceiro e pen\u00faltimo m\u00eas da quadra chuvosa. A maioria desses 66 reservat\u00f3rios j\u00e1 chegou ao seu\u2026","rel":"","context":"In &quot;Atualidade&quot;","block_context":{"text":"Atualidade","link":"https:\/\/correiodasemana.com\/site\/category\/atualidade\/"},"img":{"alt_text":"","src":"https:\/\/i0.wp.com\/correiodasemana.com\/site\/wp-content\/uploads\/2023\/04\/sangria-1536x1152-1.jpg?resize=350%2C200&ssl=1","width":350,"height":200,"srcset":"https:\/\/i0.wp.com\/correiodasemana.com\/site\/wp-content\/uploads\/2023\/04\/sangria-1536x1152-1.jpg?resize=350%2C200&ssl=1 1x, https:\/\/i0.wp.com\/correiodasemana.com\/site\/wp-content\/uploads\/2023\/04\/sangria-1536x1152-1.jpg?resize=525%2C300&ssl=1 1.5x, https:\/\/i0.wp.com\/correiodasemana.com\/site\/wp-content\/uploads\/2023\/04\/sangria-1536x1152-1.jpg?resize=700%2C400&ssl=1 2x, https:\/\/i0.wp.com\/correiodasemana.com\/site\/wp-content\/uploads\/2023\/04\/sangria-1536x1152-1.jpg?resize=1050%2C600&ssl=1 3x, https:\/\/i0.wp.com\/correiodasemana.com\/site\/wp-content\/uploads\/2023\/04\/sangria-1536x1152-1.jpg?resize=1400%2C800&ssl=1 4x"},"classes":[]}],"jetpack_sharing_enabled":true,"_links":{"self":[{"href":"https:\/\/correiodasemana.com\/site\/wp-json\/wp\/v2\/posts\/17940","targetHints":{"allow":["GET"]}}],"collection":[{"href":"https:\/\/correiodasemana.com\/site\/wp-json\/wp\/v2\/posts"}],"about":[{"href":"https:\/\/correiodasemana.com\/site\/wp-json\/wp\/v2\/types\/post"}],"author":[{"embeddable":true,"href":"https:\/\/correiodasemana.com\/site\/wp-json\/wp\/v2\/users\/1"}],"replies":[{"embeddable":true,"href":"https:\/\/correiodasemana.com\/site\/wp-json\/wp\/v2\/comments?post=17940"}],"version-history":[{"count":1,"href":"https:\/\/correiodasemana.com\/site\/wp-json\/wp\/v2\/posts\/17940\/revisions"}],"predecessor-version":[{"id":17941,"href":"https:\/\/correiodasemana.com\/site\/wp-json\/wp\/v2\/posts\/17940\/revisions\/17941"}],"wp:featuredmedia":[{"embeddable":true,"href":"https:\/\/correiodasemana.com\/site\/wp-json\/wp\/v2\/media\/12263"}],"wp:attachment":[{"href":"https:\/\/correiodasemana.com\/site\/wp-json\/wp\/v2\/media?parent=17940"}],"wp:term":[{"taxonomy":"category","embeddable":true,"href":"https:\/\/correiodasemana.com\/site\/wp-json\/wp\/v2\/categories?post=17940"},{"taxonomy":"post_tag","embeddable":true,"href":"https:\/\/correiodasemana.com\/site\/wp-json\/wp\/v2\/tags?post=17940"}],"curies":[{"name":"wp","href":"https:\/\/api.w.org\/{rel}","templated":true}]}}