{"id":17942,"date":"2021-11-07T23:39:03","date_gmt":"2021-11-08T02:39:03","guid":{"rendered":"https:\/\/correiodasemana.com\/site\/?p=17942"},"modified":"2021-11-07T23:39:03","modified_gmt":"2021-11-08T02:39:03","slug":"dom-vasconcelos-preside-missa-solene-de-abertura-da-fase-diocesana-do-sinodo-dos-bispos","status":"publish","type":"post","link":"https:\/\/correiodasemana.com\/site\/dom-vasconcelos-preside-missa-solene-de-abertura-da-fase-diocesana-do-sinodo-dos-bispos\/","title":{"rendered":"Dom Vasconcelos preside missa solene de abertura da fase diocesana do S\u00ednodo dos Bispos"},"content":{"rendered":"<p>(Por: Thais Helena \u2013 Portal de Comunica\u00e7\u00e3o da Diocese de Sobral)<\/p>\n<p>No 31\u00ba Domingo do Tempo Comum a Diocese de Sobral abriu oficialmente a fase diocesana da 16\u00aa Assembleia Geral Ordin\u00e1ria do S\u00ednodo dos Bispos, que teve in\u00edcio nos dias 09 e 10 de outubro deste ano. Todas as par\u00f3quias que comp\u00f5em esta igreja singular s\u00e3o convocadas a trilharem o caminho sinodal.<br \/>\nA sinodalidade expressa a participa\u00e7\u00e3o e a comunh\u00e3o em vista da miss\u00e3o. Caminhar lado a lado e refletindo em conjunto sobre o caminho percorrido com o que for experimentando a Igreja poder\u00e1 aprender quais s\u00e3o os processos que podem ajudar a viver a comunh\u00e3o, a realizar a participa\u00e7\u00e3o e abrir-se a miss\u00e3o. O s\u00ednodo, portanto, \u00e9 a assembleia dos bispos que escolhidos por diversas regi\u00f5es do mundo re\u00fanem-se em determinado tempo para promover a estreita uni\u00e3o entre o romano pont\u00edfice e os bispos para auxiliarem com seus conselhos ao romano pont\u00edfice na preserva\u00e7\u00e3o e crescimento da f\u00e9 e dos costumes, na observ\u00e2ncia e consolida\u00e7\u00e3o da disciplina eclesi\u00e1stica e ainda para examinar quest\u00f5es que se referem a a\u00e7\u00e3o da Igreja no mundo. A 16\u00aa Assembleia Geral do S\u00ednodo dos Bispos acontecer\u00e1 em outubro de 2023 refletindo sobre o tema: \u201cPor uma Igreja sinodal, comunh\u00e3o participa\u00e7\u00e3o e miss\u00e3o\u201d.<br \/>\nSua Santidade o Papa Francisco convoca toda a Igreja a viver este caminho sinodal em tr\u00eas etapas: a primeira, nas igrejas particulares ser\u00e1 no per\u00edodo de outubro\/2021 e mar\u00e7o\/2022. A segunda fase \u00e9 a continental prevista para o per\u00edodo de setembro\/2022 a outubro\/2023 e a terceira fase \u00e9 a da Igreja Universal em outubro\/2023.<br \/>\nNa porta central da Catedral, Dom Vasconcelos iniciou a celebra\u00e7\u00e3o, saudou o povo presente e aqueles que estavam de forma s\u00edncrona atrav\u00e9s das redes sociais. Em seguida, convidou para a ben\u00e7\u00e3o da \u00e1gua, a renova\u00e7\u00e3o das promessas batismais e houve a aspers\u00e3o em todo o povo presente e foi rezado a ora\u00e7\u00e3o do s\u00ednodo. Estiveram presentes seminaristas, religiosas, consagradas, fi\u00e9is paroquianos e todo o povo de Deus.<br \/>\nPara dar seguimento a celebra\u00e7\u00e3o as representa\u00e7\u00f5es dos grupos, pastorais, movimentos e novas comunidades entraram em prociss\u00e3o juntamente com a comiss\u00e3o celebrativa. Concelebraram os Padres: Pe. Jo\u00e3o Paulo, P\u00e1roco da Par\u00f3quia de Nossa Senhora da Concei\u00e7\u00e3o, S\u00e9 Catedral; Pe. F\u00e1bio Soares, P\u00e1roco da Par\u00f3quia Nossa Senhora da Concei\u00e7\u00e3o \u2013 Meruoca\/CE e Vig\u00e1rio Episcopal da Regi\u00e3o do Corea\u00fa; Pe. Agnaldo da Silveira, P\u00e1roco da Par\u00f3quia de Nossa Senhora do Patroc\u00ednio e Vig\u00e1rio Geral da Diocese de Sobral e Episcopal da Regi\u00e3o Sede; Pe. Emanuel Franklin, P\u00e1roco da Par\u00f3quia Nossa Senhora da Concei\u00e7\u00e3o \u2013 Hidrol\u00e2ndia\/CE e Vig\u00e1rio Episcopal da Regi\u00e3o do Araras; Pe. Neto, Comunidade Shalom; Pe. Marcos Uch\u00f4a, P\u00e1roco da Par\u00f3quia Sagrado Cora\u00e7\u00e3o de Jesus; Pe. Francisco Edinardo, P\u00e1roco da Par\u00f3quia de Celsol\u00e2ndia em Acara\u00fa\/CE e Coordenador Diocesano de Evangeliza\u00e7\u00e3o e Monsenhor Gon\u00e7alo de Pinho, Capel\u00e3o da Capela do Cristo Rei e Vig\u00e1rio Geral das Voca\u00e7\u00f5es Religiosas.<br \/>\nDurante a homilia, Dom Vasconcelos mencionou a import\u00e2ncia da unidade entre os irm\u00e3os, mesmo diante das opini\u00f5es adversas. \u201cComo \u00e9 bom habitar todos juntos como irm\u00e3os e caminhar nos passos de Jesus. Foram realizados v\u00e1rios s\u00ednodos pelo Papa Francisco, como: S\u00ednodo da Fam\u00edlia, Juventude e recentemente da Amaz\u00f4nia. O Papa Francisco possui essa caracter\u00edstica, ele n\u00e3o quer consultar apenas os bispos, ele quer que seja ouvido todo o povo de Deus. Esse ano ele surpreendeu a todos n\u00f3s invocando o s\u00ednodo sobre a sinodalidade. Continuou: Como estar a nossa caminhada sinodal? N\u00f3s somos capazes de ouvir o esp\u00edrito santo? Somos capazes de ouvir a voz de Deus? Somos capazes de ouvir as pessoas que est\u00e3o ao nosso lado? O que a juventude pensa sobre a nossa igreja? Somos capazes de ouvir outras pessoas que pensam diferente de n\u00f3s? N\u00e3o podemos fazer distin\u00e7\u00e3o de pessoas. Todas devem ser ouvidas, devemos estar em unidade\u201d.<\/p>\n<p><img fetchpriority=\"high\" decoding=\"async\" class=\"alignleft size-medium wp-image-17943\" src=\"https:\/\/correiodasemana.com\/site\/wp-content\/uploads\/2021\/11\/WhatsApp-Image-2021-11-04-at-20.31.27-1-300x201.jpeg\" alt=\"\" width=\"300\" height=\"201\" srcset=\"https:\/\/correiodasemana.com\/site\/wp-content\/uploads\/2021\/11\/WhatsApp-Image-2021-11-04-at-20.31.27-1-300x201.jpeg 300w, https:\/\/correiodasemana.com\/site\/wp-content\/uploads\/2021\/11\/WhatsApp-Image-2021-11-04-at-20.31.27-1.jpeg 720w\" sizes=\"(max-width: 300px) 100vw, 300px\" \/> <img decoding=\"async\" class=\"alignleft size-medium wp-image-17944\" src=\"https:\/\/correiodasemana.com\/site\/wp-content\/uploads\/2021\/11\/WhatsApp-Image-2021-11-04-at-20.31.27-300x221.jpeg\" alt=\"\" width=\"300\" height=\"221\" srcset=\"https:\/\/correiodasemana.com\/site\/wp-content\/uploads\/2021\/11\/WhatsApp-Image-2021-11-04-at-20.31.27-300x221.jpeg 300w, https:\/\/correiodasemana.com\/site\/wp-content\/uploads\/2021\/11\/WhatsApp-Image-2021-11-04-at-20.31.27.jpeg 720w\" sizes=\"(max-width: 300px) 100vw, 300px\" \/> <img decoding=\"async\" class=\"alignleft size-medium wp-image-17945\" src=\"https:\/\/correiodasemana.com\/site\/wp-content\/uploads\/2021\/11\/WhatsApp-Image-2021-11-04-at-20.31.28-1-300x201.jpeg\" alt=\"\" width=\"300\" height=\"201\" srcset=\"https:\/\/correiodasemana.com\/site\/wp-content\/uploads\/2021\/11\/WhatsApp-Image-2021-11-04-at-20.31.28-1-300x201.jpeg 300w, https:\/\/correiodasemana.com\/site\/wp-content\/uploads\/2021\/11\/WhatsApp-Image-2021-11-04-at-20.31.28-1.jpeg 720w\" sizes=\"(max-width: 300px) 100vw, 300px\" \/> <img loading=\"lazy\" decoding=\"async\" class=\"alignleft size-medium wp-image-17946\" src=\"https:\/\/correiodasemana.com\/site\/wp-content\/uploads\/2021\/11\/WhatsApp-Image-2021-11-04-at-20.31.28-2-300x201.jpeg\" alt=\"\" width=\"300\" height=\"201\" srcset=\"https:\/\/correiodasemana.com\/site\/wp-content\/uploads\/2021\/11\/WhatsApp-Image-2021-11-04-at-20.31.28-2-300x201.jpeg 300w, https:\/\/correiodasemana.com\/site\/wp-content\/uploads\/2021\/11\/WhatsApp-Image-2021-11-04-at-20.31.28-2.jpeg 720w\" sizes=\"(max-width: 300px) 100vw, 300px\" \/> <img loading=\"lazy\" decoding=\"async\" class=\"alignleft size-medium wp-image-17947\" src=\"https:\/\/correiodasemana.com\/site\/wp-content\/uploads\/2021\/11\/WhatsApp-Image-2021-11-04-at-20.31.28-3-300x201.jpeg\" alt=\"\" width=\"300\" height=\"201\" srcset=\"https:\/\/correiodasemana.com\/site\/wp-content\/uploads\/2021\/11\/WhatsApp-Image-2021-11-04-at-20.31.28-3-300x201.jpeg 300w, https:\/\/correiodasemana.com\/site\/wp-content\/uploads\/2021\/11\/WhatsApp-Image-2021-11-04-at-20.31.28-3.jpeg 720w\" sizes=\"(max-width: 300px) 100vw, 300px\" \/> <img loading=\"lazy\" decoding=\"async\" class=\"alignleft size-medium wp-image-17948\" src=\"https:\/\/correiodasemana.com\/site\/wp-content\/uploads\/2021\/11\/WhatsApp-Image-2021-11-04-at-20.31.28-300x201.jpeg\" alt=\"\" width=\"300\" height=\"201\" srcset=\"https:\/\/correiodasemana.com\/site\/wp-content\/uploads\/2021\/11\/WhatsApp-Image-2021-11-04-at-20.31.28-300x201.jpeg 300w, https:\/\/correiodasemana.com\/site\/wp-content\/uploads\/2021\/11\/WhatsApp-Image-2021-11-04-at-20.31.28.jpeg 720w\" sizes=\"(max-width: 300px) 100vw, 300px\" \/><\/p>\n","protected":false},"excerpt":{"rendered":"<p>(Por: Thais Helena \u2013 Portal de Comunica\u00e7\u00e3o da Diocese de Sobral) No 31\u00ba Domingo do&#8230;<\/p>\n","protected":false},"author":1,"featured_media":17944,"comment_status":"open","ping_status":"open","sticky":false,"template":"","format":"standard","meta":{"_jetpack_memberships_contains_paid_content":false,"footnotes":"","jetpack_publicize_message":"","jetpack_publicize_feature_enabled":true,"jetpack_social_post_already_shared":true,"jetpack_social_options":{"image_generator_settings":{"template":"highway","default_image_id":0,"font":"","enabled":false},"version":2}},"categories":[1],"tags":[],"class_list":["post-17942","post","type-post","status-publish","format-standard","has-post-thumbnail","hentry","category-atualidade"],"jetpack_publicize_connections":[],"jetpack_featured_media_url":"https:\/\/correiodasemana.com\/site\/wp-content\/uploads\/2021\/11\/WhatsApp-Image-2021-11-04-at-20.31.27.jpeg","jetpack-related-posts":[{"id":16696,"url":"https:\/\/correiodasemana.com\/site\/sinodalidade-o-que-e\/","url_meta":{"origin":17942,"position":0},"title":"SINODALIDADE: O QUE \u00c9?","author":"","date":"Junho 7, 2021","format":false,"excerpt":"O tema da \u201csinodalidade\u201d \u00e9 de profunda atualidade, adquirindo especial import\u00e2ncia desde o Vaticano II, principalmente no pontificado do Papa Francisco. Ele ofereceu uma reflex\u00e3o teol\u00f3gica profunda e desafiadora sobre a sinodalidade da Igreja, aos 17 de outubro de 2015, na comemora\u00e7\u00e3o dos 50 anos da institui\u00e7\u00e3o do S\u00ednodo dos\u2026","rel":"","context":"In &quot;A voz do Pastor&quot;","block_context":{"text":"A voz do Pastor","link":"https:\/\/correiodasemana.com\/site\/category\/a-voz-do-pastor\/"},"img":{"alt_text":"","src":"https:\/\/i0.wp.com\/correiodasemana.com\/site\/wp-content\/uploads\/2019\/07\/Dom-Vasconcelos-posses.jpg?resize=350%2C200&ssl=1","width":350,"height":200,"srcset":"https:\/\/i0.wp.com\/correiodasemana.com\/site\/wp-content\/uploads\/2019\/07\/Dom-Vasconcelos-posses.jpg?resize=350%2C200&ssl=1 1x, https:\/\/i0.wp.com\/correiodasemana.com\/site\/wp-content\/uploads\/2019\/07\/Dom-Vasconcelos-posses.jpg?resize=525%2C300&ssl=1 1.5x, https:\/\/i0.wp.com\/correiodasemana.com\/site\/wp-content\/uploads\/2019\/07\/Dom-Vasconcelos-posses.jpg?resize=700%2C400&ssl=1 2x"},"classes":[]},{"id":17861,"url":"https:\/\/correiodasemana.com\/site\/reconstroi-a-igreja\/","url_meta":{"origin":17942,"position":1},"title":"RECONSTR\u00d3I A IGREJA","author":"","date":"Outubro 24, 2021","format":false,"excerpt":"A Igreja Cat\u00f3lica,\u00a0nos\u00a0seus mais de\u00a0dois mil anos\u00a0de hist\u00f3ria,\u00a0inspirada e interpelada, em primeiro lugar,\u00a0pela\u00a0Palavra de Deus \u2013\u00a0luz\u00a0luzente no caminho e\u00a0l\u00e2mpada para os p\u00e9s -, e pelas riquezas de\u00a0sua\u00a0tradi\u00e7\u00e3o,\u00a0acolhe o desafio de\u00a0buscar respostas necess\u00e1rias a\u00a0um mundo que precisa\u00a0ter o\u00a0sabor do Evangelho de Jesus Cristo.\u00a0A fidelidade ao Evangelho e \u00e0 Tradi\u00e7\u00e3o\u00a0alicer\u00e7am\u00a0a escuta desta\u00a0convoca\u00e7\u00e3o\u2026","rel":"","context":"In &quot;A voz do Pastor&quot;","block_context":{"text":"A voz do Pastor","link":"https:\/\/correiodasemana.com\/site\/category\/a-voz-do-pastor\/"},"img":{"alt_text":"","src":"https:\/\/i0.wp.com\/correiodasemana.com\/site\/wp-content\/uploads\/2018\/02\/Dom-Vasconcelos-posses.jpg?resize=350%2C200&ssl=1","width":350,"height":200,"srcset":"https:\/\/i0.wp.com\/correiodasemana.com\/site\/wp-content\/uploads\/2018\/02\/Dom-Vasconcelos-posses.jpg?resize=350%2C200&ssl=1 1x, https:\/\/i0.wp.com\/correiodasemana.com\/site\/wp-content\/uploads\/2018\/02\/Dom-Vasconcelos-posses.jpg?resize=525%2C300&ssl=1 1.5x, https:\/\/i0.wp.com\/correiodasemana.com\/site\/wp-content\/uploads\/2018\/02\/Dom-Vasconcelos-posses.jpg?resize=700%2C400&ssl=1 2x"},"classes":[]},{"id":17863,"url":"https:\/\/correiodasemana.com\/site\/o-sinodo-e-o-sensus-fidei\/","url_meta":{"origin":17942,"position":2},"title":"O S\u00cdNODO E O SENSUS FIDEI","author":"","date":"Outubro 24, 2021","format":false,"excerpt":"A Igreja, em todo o mundo, est\u00e1 se preparando para um significativo momento de reflex\u00e3o e de abertura ao Esp\u00edrito Santo: a 16\u00aa Assembl\u00e9ia Ordin\u00e1ria do S\u00ednodo dos Bispos, a ocorrer em outobro de 2023. O tema ser\u00e1: \u201cPor uma Igreja sinodal: comunh\u00e3o, participa\u00e7\u00e3o e miss\u00e3o\u201d. Ser\u00e1 um momento de\u2026","rel":"","context":"In &quot;Artigos&quot;","block_context":{"text":"Artigos","link":"https:\/\/correiodasemana.com\/site\/category\/artigos\/"},"img":{"alt_text":"","src":"https:\/\/i0.wp.com\/correiodasemana.com\/site\/wp-content\/uploads\/2018\/02\/editorial-cs.jpg?resize=350%2C200&ssl=1","width":350,"height":200,"srcset":"https:\/\/i0.wp.com\/correiodasemana.com\/site\/wp-content\/uploads\/2018\/02\/editorial-cs.jpg?resize=350%2C200&ssl=1 1x, https:\/\/i0.wp.com\/correiodasemana.com\/site\/wp-content\/uploads\/2018\/02\/editorial-cs.jpg?resize=525%2C300&ssl=1 1.5x"},"classes":[]},{"id":27145,"url":"https:\/\/correiodasemana.com\/site\/diocese-de-sobral-realiza-41a-assembleia-diocesana-de-evangelizacao\/","url_meta":{"origin":17942,"position":3},"title":"Diocese de Sobral realiza 41\u00aa Assembleia Diocesana de Evangeliza\u00e7\u00e3o","author":"adminredacao","date":"Novembro 6, 2023","format":false,"excerpt":"Entre os dias 3 e 4 de novembro, o clero, religiosas (os), e leigos, estiveram reunidos para a 41\u00aa Assembleia Diocesana de Evangeliza\u00e7\u00e3o no Centro de Treinamento de Sobral Dom Aldo Di Cillo Pagotto (CETRESO). O tema deste ano em curso foi: \u201cNo caminho sinodal, fortalecer os pilares da evangeliza\u00e7\u00e3o\u201d,\u2026","rel":"","context":"In &quot;Atualidade&quot;","block_context":{"text":"Atualidade","link":"https:\/\/correiodasemana.com\/site\/category\/atualidade\/"},"img":{"alt_text":"","src":"https:\/\/i0.wp.com\/correiodasemana.com\/site\/wp-content\/uploads\/2023\/11\/DSC8094-scaled.jpg?resize=350%2C200&ssl=1","width":350,"height":200,"srcset":"https:\/\/i0.wp.com\/correiodasemana.com\/site\/wp-content\/uploads\/2023\/11\/DSC8094-scaled.jpg?resize=350%2C200&ssl=1 1x, https:\/\/i0.wp.com\/correiodasemana.com\/site\/wp-content\/uploads\/2023\/11\/DSC8094-scaled.jpg?resize=525%2C300&ssl=1 1.5x, https:\/\/i0.wp.com\/correiodasemana.com\/site\/wp-content\/uploads\/2023\/11\/DSC8094-scaled.jpg?resize=700%2C400&ssl=1 2x, https:\/\/i0.wp.com\/correiodasemana.com\/site\/wp-content\/uploads\/2023\/11\/DSC8094-scaled.jpg?resize=1050%2C600&ssl=1 3x, https:\/\/i0.wp.com\/correiodasemana.com\/site\/wp-content\/uploads\/2023\/11\/DSC8094-scaled.jpg?resize=1400%2C800&ssl=1 4x"},"classes":[]},{"id":17893,"url":"https:\/\/correiodasemana.com\/site\/cnbb-nordeste-1-realiza-assembleia-do-conselho-episcopal-regional-conser-2021\/","url_meta":{"origin":17942,"position":4},"title":"CNBB NORDESTE 1 realiza assembleia do Conselho Episcopal Regional \u2013 CONSER 2021","author":"","date":"Outubro 31, 2021","format":false,"excerpt":"\u2022 Algumas fotos acima do ano de 1999: (In memoriam) Dom Aldo di Cillo\u00a0Pagotto, 4\u00ba bispo da Diocese Sobral; Monsenhor Jos\u00e9 Edison Magalh\u00e3es, por v\u00e1rios anos foi coordenador de Pastoral; Pe. Raimundo Cleano Tavares Moreira. Memoria saud\u00e1vel aos vivos que est\u00e3o entre os participantes da Diocese; Pe. Jo\u00e3o Batista Frota,\u2026","rel":"","context":"In &quot;Atualidade&quot;","block_context":{"text":"Atualidade","link":"https:\/\/correiodasemana.com\/site\/category\/atualidade\/"},"img":{"alt_text":"","src":"https:\/\/i0.wp.com\/correiodasemana.com\/site\/wp-content\/uploads\/2021\/10\/WhatsApp-Image-2021-10-28-at-21.46.34.jpeg?resize=350%2C200&ssl=1","width":350,"height":200,"srcset":"https:\/\/i0.wp.com\/correiodasemana.com\/site\/wp-content\/uploads\/2021\/10\/WhatsApp-Image-2021-10-28-at-21.46.34.jpeg?resize=350%2C200&ssl=1 1x, https:\/\/i0.wp.com\/correiodasemana.com\/site\/wp-content\/uploads\/2021\/10\/WhatsApp-Image-2021-10-28-at-21.46.34.jpeg?resize=525%2C300&ssl=1 1.5x, https:\/\/i0.wp.com\/correiodasemana.com\/site\/wp-content\/uploads\/2021\/10\/WhatsApp-Image-2021-10-28-at-21.46.34.jpeg?resize=700%2C400&ssl=1 2x"},"classes":[]},{"id":36338,"url":"https:\/\/correiodasemana.com\/site\/43a-assembleia-diocesana-de-evangelizacao-reune-cerca-de-200-participantes\/","url_meta":{"origin":17942,"position":5},"title":"43\u00aa Assembleia Diocesana de Evangeliza\u00e7\u00e3o re\u00fane cerca de 200 participantes","author":"adminredacao","date":"Novembro 12, 2025","format":false,"excerpt":"Com o tema \u201cCaminhar juntos: alegrias e desafios da sinodalidade\u201d, a Diocese de Sobral realizou, nos dias 7 e 8 de novembro, a 43\u00aa Assembleia Diocesana de Evangeliza\u00e7\u00e3o, no Centro de Treinamento Dom Aldo Di Cillo Pagotto (Cetreso), em Sobral. O encontro reuniu cerca de duzentos participantes, entre clero, religiosas\u2026","rel":"","context":"In &quot;Atualidade&quot;","block_context":{"text":"Atualidade","link":"https:\/\/correiodasemana.com\/site\/category\/atualidade\/"},"img":{"alt_text":"","src":"https:\/\/i0.wp.com\/correiodasemana.com\/site\/wp-content\/uploads\/2025\/11\/WhatsApp-Image-2025-11-10-at-00.04.41-4.jpeg?resize=350%2C200&ssl=1","width":350,"height":200,"srcset":"https:\/\/i0.wp.com\/correiodasemana.com\/site\/wp-content\/uploads\/2025\/11\/WhatsApp-Image-2025-11-10-at-00.04.41-4.jpeg?resize=350%2C200&ssl=1 1x, https:\/\/i0.wp.com\/correiodasemana.com\/site\/wp-content\/uploads\/2025\/11\/WhatsApp-Image-2025-11-10-at-00.04.41-4.jpeg?resize=525%2C300&ssl=1 1.5x, https:\/\/i0.wp.com\/correiodasemana.com\/site\/wp-content\/uploads\/2025\/11\/WhatsApp-Image-2025-11-10-at-00.04.41-4.jpeg?resize=700%2C400&ssl=1 2x, https:\/\/i0.wp.com\/correiodasemana.com\/site\/wp-content\/uploads\/2025\/11\/WhatsApp-Image-2025-11-10-at-00.04.41-4.jpeg?resize=1050%2C600&ssl=1 3x, https:\/\/i0.wp.com\/correiodasemana.com\/site\/wp-content\/uploads\/2025\/11\/WhatsApp-Image-2025-11-10-at-00.04.41-4.jpeg?resize=1400%2C800&ssl=1 4x"},"classes":[]}],"jetpack_sharing_enabled":true,"_links":{"self":[{"href":"https:\/\/correiodasemana.com\/site\/wp-json\/wp\/v2\/posts\/17942","targetHints":{"allow":["GET"]}}],"collection":[{"href":"https:\/\/correiodasemana.com\/site\/wp-json\/wp\/v2\/posts"}],"about":[{"href":"https:\/\/correiodasemana.com\/site\/wp-json\/wp\/v2\/types\/post"}],"author":[{"embeddable":true,"href":"https:\/\/correiodasemana.com\/site\/wp-json\/wp\/v2\/users\/1"}],"replies":[{"embeddable":true,"href":"https:\/\/correiodasemana.com\/site\/wp-json\/wp\/v2\/comments?post=17942"}],"version-history":[{"count":1,"href":"https:\/\/correiodasemana.com\/site\/wp-json\/wp\/v2\/posts\/17942\/revisions"}],"predecessor-version":[{"id":17949,"href":"https:\/\/correiodasemana.com\/site\/wp-json\/wp\/v2\/posts\/17942\/revisions\/17949"}],"wp:featuredmedia":[{"embeddable":true,"href":"https:\/\/correiodasemana.com\/site\/wp-json\/wp\/v2\/media\/17944"}],"wp:attachment":[{"href":"https:\/\/correiodasemana.com\/site\/wp-json\/wp\/v2\/media?parent=17942"}],"wp:term":[{"taxonomy":"category","embeddable":true,"href":"https:\/\/correiodasemana.com\/site\/wp-json\/wp\/v2\/categories?post=17942"},{"taxonomy":"post_tag","embeddable":true,"href":"https:\/\/correiodasemana.com\/site\/wp-json\/wp\/v2\/tags?post=17942"}],"curies":[{"name":"wp","href":"https:\/\/api.w.org\/{rel}","templated":true}]}}