{"id":17950,"date":"2021-11-07T23:40:20","date_gmt":"2021-11-08T02:40:20","guid":{"rendered":"https:\/\/correiodasemana.com\/site\/?p=17950"},"modified":"2021-11-07T23:40:20","modified_gmt":"2021-11-08T02:40:20","slug":"becco-ponto-com-60","status":"publish","type":"post","link":"https:\/\/correiodasemana.com\/site\/becco-ponto-com-60\/","title":{"rendered":"Becco ponto Com"},"content":{"rendered":"<p><strong>Librai-nos, senhor!<\/strong><br \/>\nDas rachadinhas dos poderosos no Brasil.<br \/>\nDas escolas modernas fabricando os pobres.<br \/>\nDe uma oposi\u00e7\u00e3o ovo frito, frio e sem gosto.<br \/>\nDas mulheres vestindo seus molambos novos<br \/>\nDa papagaiada dos pol\u00edticos na busca do voto.<br \/>\nDos morde assopra nos poderes deste interior.<br \/>\nDas faculdades formando seus analfas via pg.<br \/>\nDa luta pelo poder dos puxas-sacos de aluguel.<br \/>\nDa volta do carnaval e da corona de carona, ui!<br \/>\nDos forasteiros dando o tom na cidade Sobral.<\/p>\n<p><strong>Noticiando<\/strong><br \/>\nSaiu pesquisa na internet sobre audi\u00eancia do nosso r\u00e1dio a Para\u00edso foi a campe\u00e3 da cidade e a Educadora am 950 a campe\u00e3 da regi\u00e3o norte e por m\u00e9ritos de ouvintes. Valeu a not\u00edcia que deixou a cidade feliz com os diretores destas Emissoras cantando em verso e prosa este resultado.<br \/>\nVem a\u00ed dezembro a entrega do Trof\u00e9u Imprensa de Sobral, a honraria ser\u00e1 entregue nos programas das emissoras e seus diretores ao vivo e a cores nos seus est\u00fadios no final do ano. Emissoras e programas ser\u00e3o contemplados pelo Centro Cultural Dom Jos\u00e9 com Trof\u00e9u Jos\u00e9 Maria Soares.<br \/>\nA luta pela cadeira de presidente da oab Sobral continua movimentadas com os candidatos na reta final pedindo o Voto do Advogado da regi\u00e3o Norte. Dr. Ranulfo e a Bruna Frota na luta incans\u00e1vel pelo objetivo vencer e vencer. A elei\u00e7\u00e3o ser\u00e1 dia 17 na sede da oab sobral durante todo dia. Vamos \u00e0s urnas caros colegas!<br \/>\nO caro Elenilton Honorato, rep\u00f3rter da tv brasil e regi\u00e3o vem fazendo um trabalho de mestre na divulga\u00e7\u00e3o norte do estado, com aval do deputado Ferreira Arag\u00e3o, que faz tamb\u00e9m r\u00e1dio na Tupinamb\u00e1 aos s\u00e1bados, seu programa \u201cO Cart\u00e3o Vermelho\u201d com sucesso de audi\u00eancia marcante. Um profissional digno de registro pelo que faz pela cidade e toda regi\u00e3o norte com amor e carinho.<br \/>\nVoc\u00ea sabia que a m\u00fasica sucesso do momento brasileiro \u00e9 de um sobralense que participou do \u2018Canta Sobral\u201d um dia que canta e encanta com o uivo de um cachorro em sua m\u00fasica moderna e envolvente nas paradas do pa\u00eds. Ficou sabendo agora desta verdade e de Sobral para o mundo.<\/p>\n<p><strong>PERFIL: DEPUTADO FERREIRA ARAG\u00c3O<\/strong><br \/>\n<img decoding=\"async\" class=\"alignleft  wp-image-17951\" src=\"https:\/\/correiodasemana.com\/site\/wp-content\/uploads\/2021\/11\/FERREIRA-ARAGAO-300x201.jpg\" alt=\"\" width=\"218\" height=\"146\" srcset=\"https:\/\/correiodasemana.com\/site\/wp-content\/uploads\/2021\/11\/FERREIRA-ARAGAO-300x201.jpg 300w, https:\/\/correiodasemana.com\/site\/wp-content\/uploads\/2021\/11\/FERREIRA-ARAGAO-1024x685.jpg 1024w, https:\/\/correiodasemana.com\/site\/wp-content\/uploads\/2021\/11\/FERREIRA-ARAGAO-768x514.jpg 768w, https:\/\/correiodasemana.com\/site\/wp-content\/uploads\/2021\/11\/FERREIRA-ARAGAO-1536x1028.jpg 1536w, https:\/\/correiodasemana.com\/site\/wp-content\/uploads\/2021\/11\/FERREIRA-ARAGAO-2048x1371.jpg 2048w\" sizes=\"(max-width: 218px) 100vw, 218px\" \/>Um cidad\u00e3o com todas as letras, digno pol\u00edtico de Sobral, homem afeito a fazer o bem social e um deputado digno de registro na hist\u00f3ria da regi\u00e3o. Falo do caro Dr. Ferreira Arag\u00e3o, que faz um trabalho invej\u00e1vel pelo nosso estado h\u00e1 anos na constru\u00e7\u00e3o de dias melhores para nosso povo amigo e ordeiro. \u00c9 um entusiasta de Sobral, amigo.<br \/>\nLivre pensar: \u201cA morte tem o destino de um trem veloz na vida, passa e passa at\u00e9 a parada de sua \u00faltima esta\u00e7\u00e3o\u201d. (Poeta Chico Prado &#8211; Presidente do Centro Cultural Dom Jos\u00e9 de Sobral).<\/p>\n","protected":false},"excerpt":{"rendered":"<p>Librai-nos, senhor! Das rachadinhas dos poderosos no Brasil. Das escolas modernas fabricando os pobres. De&#8230;<\/p>\n","protected":false},"author":1,"featured_media":17508,"comment_status":"open","ping_status":"open","sticky":false,"template":"","format":"standard","meta":{"_jetpack_memberships_contains_paid_content":false,"footnotes":"","jetpack_publicize_message":"","jetpack_publicize_feature_enabled":true,"jetpack_social_post_already_shared":true,"jetpack_social_options":{"image_generator_settings":{"template":"highway","default_image_id":0,"font":"","enabled":false},"version":2}},"categories":[11,27],"tags":[],"class_list":["post-17950","post","type-post","status-publish","format-standard","has-post-thumbnail","hentry","category-artigos","category-becco-ponto-com"],"jetpack_publicize_connections":[],"jetpack_featured_media_url":"https:\/\/correiodasemana.com\/site\/wp-content\/uploads\/2021\/09\/Dr-Chico-Prado-Trofeu-Dom-Jose-1-1.jpg","jetpack-related-posts":[{"id":10044,"url":"https:\/\/correiodasemana.com\/site\/becco-ponto-com-20\/","url_meta":{"origin":17950,"position":0},"title":"Becco ponto Com","author":"","date":"Dezembro 2, 2019","format":false,"excerpt":"LIVRAI-NOS, SENHOR! Do camel\u00f3dromo a c\u00e9u aberto nas ruas. Do MI, MI, MI dos edis contra Ivo Gomes. Das campanhas COMERCIAIS enganosas. Dos PUXAS sacos trabalhando por amor. Da SAUDE na UTI contra a vida do pobre. Das FACULDADES formando os ANALFAS. Da caneta azul dos guardas MULTA ELES. Das\u2026","rel":"","context":"In &quot;Artigos&quot;","block_context":{"text":"Artigos","link":"https:\/\/correiodasemana.com\/site\/category\/artigos\/"},"img":{"alt_text":"","src":"https:\/\/i0.wp.com\/correiodasemana.com\/site\/wp-content\/uploads\/2019\/12\/Expedito-e-lourdinha-2.jpg?resize=350%2C200&ssl=1","width":350,"height":200,"srcset":"https:\/\/i0.wp.com\/correiodasemana.com\/site\/wp-content\/uploads\/2019\/12\/Expedito-e-lourdinha-2.jpg?resize=350%2C200&ssl=1 1x, https:\/\/i0.wp.com\/correiodasemana.com\/site\/wp-content\/uploads\/2019\/12\/Expedito-e-lourdinha-2.jpg?resize=525%2C300&ssl=1 1.5x, https:\/\/i0.wp.com\/correiodasemana.com\/site\/wp-content\/uploads\/2019\/12\/Expedito-e-lourdinha-2.jpg?resize=700%2C400&ssl=1 2x"},"classes":[]},{"id":9511,"url":"https:\/\/correiodasemana.com\/site\/becco-ponto-com-16\/","url_meta":{"origin":17950,"position":1},"title":"Becco ponto Com","author":"","date":"Outubro 22, 2019","format":false,"excerpt":"Livrai-nos, Senhor! Dos POLITICOS cara de pau nas pistas. Dos torcedores secadores do GUARANY. Da ruma de cursos formando s\u00f3 S\u00c1BIOS. Da RUMA de restaurantes nas cal\u00e7adas. Da tomada do pr\u00e9dio da UVA na marra. Da ruma de ANALFAS na fila da verean\u00e7a. Da maldade contra um tal BAR do\u2026","rel":"","context":"In &quot;Artigos&quot;","block_context":{"text":"Artigos","link":"https:\/\/correiodasemana.com\/site\/category\/artigos\/"},"img":{"alt_text":"","src":"https:\/\/i0.wp.com\/correiodasemana.com\/site\/wp-content\/uploads\/2019\/10\/376890_2997804163591_1222596120_n.jpg?resize=350%2C200&ssl=1","width":350,"height":200},"classes":[]},{"id":10853,"url":"https:\/\/correiodasemana.com\/site\/becco-ponto-com-30\/","url_meta":{"origin":17950,"position":2},"title":"Becco ponto Com","author":"","date":"Fevereiro 17, 2020","format":false,"excerpt":"Livrai-nos, Senhor! Dos mexericos pol\u00edticos de uma cidade de cenas fortes. Dos puxadores de sacos a pol\u00edticos em vez de carro\u00e7as. Da matan\u00e7a desenfreada de mulheres pacificamente, ui! Dos tais malas edis contr\u00e1rios a imprensa sobralense. Da novela p\u00e3o e circo no carnaval eleitoral do pa\u00eds. Da viol\u00eancia campeando a\u2026","rel":"","context":"In &quot;Artigos&quot;","block_context":{"text":"Artigos","link":"https:\/\/correiodasemana.com\/site\/category\/artigos\/"},"img":{"alt_text":"","src":"https:\/\/i0.wp.com\/correiodasemana.com\/site\/wp-content\/uploads\/2020\/02\/foto-carn-3.jpg?resize=350%2C200&ssl=1","width":350,"height":200,"srcset":"https:\/\/i0.wp.com\/correiodasemana.com\/site\/wp-content\/uploads\/2020\/02\/foto-carn-3.jpg?resize=350%2C200&ssl=1 1x, https:\/\/i0.wp.com\/correiodasemana.com\/site\/wp-content\/uploads\/2020\/02\/foto-carn-3.jpg?resize=525%2C300&ssl=1 1.5x, https:\/\/i0.wp.com\/correiodasemana.com\/site\/wp-content\/uploads\/2020\/02\/foto-carn-3.jpg?resize=700%2C400&ssl=1 2x, https:\/\/i0.wp.com\/correiodasemana.com\/site\/wp-content\/uploads\/2020\/02\/foto-carn-3.jpg?resize=1050%2C600&ssl=1 3x, https:\/\/i0.wp.com\/correiodasemana.com\/site\/wp-content\/uploads\/2020\/02\/foto-carn-3.jpg?resize=1400%2C800&ssl=1 4x"},"classes":[]},{"id":24595,"url":"https:\/\/correiodasemana.com\/site\/becco-ponto-com-121\/","url_meta":{"origin":17950,"position":3},"title":"Becco Ponto Com","author":"adminredacao","date":"Maio 14, 2023","format":false,"excerpt":"LIVRAI-NOS, SENHOR! Da viol\u00eancia urbana campeando o pa\u00eds. Do lix\u00e3o que virou o Becco do Cotovelo. Da onda de racismo exagerado no pa\u00eds. Da arma\u00e7\u00e3o pol\u00edtica via \u201celei\u00e7\u00f5es j\u00e1, 2023\u201d. Do festival de multas na nossa cidade, ui! Do centro morto e enterrado sem o CDL. Das c\u00e2maras aumentando seus\u2026","rel":"","context":"In &quot;Artigos&quot;","block_context":{"text":"Artigos","link":"https:\/\/correiodasemana.com\/site\/category\/artigos\/"},"img":{"alt_text":"","src":"https:\/\/i0.wp.com\/correiodasemana.com\/site\/wp-content\/uploads\/2021\/09\/Dr-Chico-Prado-Trofeu-Dom-Jose-1-1.jpg?resize=350%2C200&ssl=1","width":350,"height":200,"srcset":"https:\/\/i0.wp.com\/correiodasemana.com\/site\/wp-content\/uploads\/2021\/09\/Dr-Chico-Prado-Trofeu-Dom-Jose-1-1.jpg?resize=350%2C200&ssl=1 1x, https:\/\/i0.wp.com\/correiodasemana.com\/site\/wp-content\/uploads\/2021\/09\/Dr-Chico-Prado-Trofeu-Dom-Jose-1-1.jpg?resize=525%2C300&ssl=1 1.5x, https:\/\/i0.wp.com\/correiodasemana.com\/site\/wp-content\/uploads\/2021\/09\/Dr-Chico-Prado-Trofeu-Dom-Jose-1-1.jpg?resize=700%2C400&ssl=1 2x"},"classes":[]},{"id":9435,"url":"https:\/\/correiodasemana.com\/site\/becco-ponto-com-15\/","url_meta":{"origin":17950,"position":4},"title":"Becco ponto Com","author":"","date":"Outubro 14, 2019","format":false,"excerpt":"LIVRAI-NOS, SENHOR! Da IGREJA dando pito nos malas pol\u00edticos. Das CAMPANHAS antecipadas t\u00e3o fofocas. Da IMPRENSA global secando o Bolsonaro. Dos CAMARADAS do voto de ocasi\u00e3o aqui. Dos Puxa sacos de carteirinhas nas pistas. Da DESAPROPRIA\u00c7\u00c3O da UVA bem docinha. Das f\u00e1bricas de canudos para ANALFABETO. Da GANA do poder\u2026","rel":"","context":"In &quot;Artigos&quot;","block_context":{"text":"Artigos","link":"https:\/\/correiodasemana.com\/site\/category\/artigos\/"},"img":{"alt_text":"","src":"https:\/\/i0.wp.com\/correiodasemana.com\/site\/wp-content\/uploads\/2019\/10\/vereador-Jos%C3%A9-Johnson-Vasconcelos-Lima.jpg?resize=350%2C200&ssl=1","width":350,"height":200},"classes":[]},{"id":37925,"url":"https:\/\/correiodasemana.com\/site\/becco-ponto-com-254\/","url_meta":{"origin":17950,"position":5},"title":"Becco ponto Com","author":"adminredacao","date":"Abril 11, 2026","format":false,"excerpt":"LIVRAI-NOS, SENHOR! Dos conselheiros pol\u00edticos t\u00e3o corruptos. Do cano J\u00fanior Mano no Camilo, via cid, ufa! Das briguinhas de coron\u00e9is da pol\u00edtica do Cear\u00e1. Da ruma de vacaros (cover) soltos na pol\u00edtica nossa. Das briguinhas de araque Ciro x Cid ao Aboli\u00e7\u00e3o. Das faculdades produzindo chofer de pra\u00e7as. Do rombo\u2026","rel":"","context":"In &quot;Artigos&quot;","block_context":{"text":"Artigos","link":"https:\/\/correiodasemana.com\/site\/category\/artigos\/"},"img":{"alt_text":"","src":"https:\/\/i0.wp.com\/correiodasemana.com\/site\/wp-content\/uploads\/2021\/09\/Dr-Chico-Prado-Trofeu-Dom-Jose-1-1.jpg?resize=350%2C200&ssl=1","width":350,"height":200,"srcset":"https:\/\/i0.wp.com\/correiodasemana.com\/site\/wp-content\/uploads\/2021\/09\/Dr-Chico-Prado-Trofeu-Dom-Jose-1-1.jpg?resize=350%2C200&ssl=1 1x, https:\/\/i0.wp.com\/correiodasemana.com\/site\/wp-content\/uploads\/2021\/09\/Dr-Chico-Prado-Trofeu-Dom-Jose-1-1.jpg?resize=525%2C300&ssl=1 1.5x, https:\/\/i0.wp.com\/correiodasemana.com\/site\/wp-content\/uploads\/2021\/09\/Dr-Chico-Prado-Trofeu-Dom-Jose-1-1.jpg?resize=700%2C400&ssl=1 2x"},"classes":[]}],"jetpack_sharing_enabled":true,"_links":{"self":[{"href":"https:\/\/correiodasemana.com\/site\/wp-json\/wp\/v2\/posts\/17950","targetHints":{"allow":["GET"]}}],"collection":[{"href":"https:\/\/correiodasemana.com\/site\/wp-json\/wp\/v2\/posts"}],"about":[{"href":"https:\/\/correiodasemana.com\/site\/wp-json\/wp\/v2\/types\/post"}],"author":[{"embeddable":true,"href":"https:\/\/correiodasemana.com\/site\/wp-json\/wp\/v2\/users\/1"}],"replies":[{"embeddable":true,"href":"https:\/\/correiodasemana.com\/site\/wp-json\/wp\/v2\/comments?post=17950"}],"version-history":[{"count":1,"href":"https:\/\/correiodasemana.com\/site\/wp-json\/wp\/v2\/posts\/17950\/revisions"}],"predecessor-version":[{"id":17952,"href":"https:\/\/correiodasemana.com\/site\/wp-json\/wp\/v2\/posts\/17950\/revisions\/17952"}],"wp:featuredmedia":[{"embeddable":true,"href":"https:\/\/correiodasemana.com\/site\/wp-json\/wp\/v2\/media\/17508"}],"wp:attachment":[{"href":"https:\/\/correiodasemana.com\/site\/wp-json\/wp\/v2\/media?parent=17950"}],"wp:term":[{"taxonomy":"category","embeddable":true,"href":"https:\/\/correiodasemana.com\/site\/wp-json\/wp\/v2\/categories?post=17950"},{"taxonomy":"post_tag","embeddable":true,"href":"https:\/\/correiodasemana.com\/site\/wp-json\/wp\/v2\/tags?post=17950"}],"curies":[{"name":"wp","href":"https:\/\/api.w.org\/{rel}","templated":true}]}}