{"id":17953,"date":"2021-11-07T23:44:17","date_gmt":"2021-11-08T02:44:17","guid":{"rendered":"https:\/\/correiodasemana.com\/site\/?p=17953"},"modified":"2021-11-07T23:44:17","modified_gmt":"2021-11-08T02:44:17","slug":"clinica-odontologica-da-santa-casa-de-sobral-inicia-atendimentos","status":"publish","type":"post","link":"https:\/\/correiodasemana.com\/site\/clinica-odontologica-da-santa-casa-de-sobral-inicia-atendimentos\/","title":{"rendered":"Cl\u00ednica Odontol\u00f3gica da Santa Casa de Sobral inicia atendimentos"},"content":{"rendered":"<p><em><strong>Pacientes e colaboradores da institui\u00e7\u00e3o ser\u00e3o beneficiados.<\/strong><\/em><\/p>\n<p>Ascom Complexo SCMS<br \/>\nInaugurada recentemente, a Cl\u00ednica Odontol\u00f3gica da Santa Casa de Miseric\u00f3rdia de Sobral (SCMS) iniciou seus atendimentos nesta quinta-feira (04\/11). No primeiro dia foram atendidos seis pacientes, colaboradores da Santa Casa, do Hospital do Cora\u00e7\u00e3o e da Cl\u00ednica Dom Odelir. O projeto \u00e9 uma parceria com o Centro Universit\u00e1rio Inta (UNINTA) e apoio do Deputado Federal Moses Rodrigues, e vai atender colaboradores do Complexo Santa Casa de Miseric\u00f3rdia de Sobral, bem como pacientes da institui\u00e7\u00e3o.<br \/>\nPara o pontap\u00e9 inicial, os pacientes foram atendidos por duas duplas de estudantes do Curso de Odontologia do UNINTA, sob supervis\u00e3o do coordenador do curso\u00a0de Odontologia da institui\u00e7\u00e3o, Me. Arry Rocha de Oliveira J\u00fanior. No primeiro momento, est\u00e3o sendo agendados atendimentos a colaboradores que apresentem comorbidades e pacientes internados em Unidades de Terapia Intensiva (UTIs). O novo consult\u00f3rio conta com duas cadeiras odontol\u00f3gicas, uma autoclave, compressores, foco odontol\u00f3gico, fotopolimerizador entre outros instrumentais odontol\u00f3gicos. O projeto deve ofertar atendimento cl\u00ednico e cir\u00fargico.<br \/>\nDe acordo com o diretor-geral do Complexo SCMS, Klebson Carvalho, o in\u00edcio dos atendimentos refor\u00e7a a concretiza\u00e7\u00e3o de um sonho que deu certo.\u00a0\u201cOfertar atendimento odontol\u00f3gico a nossos pacientes e colaboradores era um sonho que se tornou realidade gra\u00e7as ao apoio de institui\u00e7\u00f5es e pessoas que acreditam em nossa miss\u00e3o. A parceria com o Uninta, que conta com o apoio do Deputado Moses Rodrigues, refor\u00e7a e colabora com o desenvolvimento de nossa miss\u00e3o de prestar uma assist\u00eancia de qualidade e humanizada para a popula\u00e7\u00e3o de Sobral e regi\u00e3o\u201d, destaca.<\/p>\n<p><img fetchpriority=\"high\" decoding=\"async\" class=\"alignleft size-medium wp-image-17956\" src=\"https:\/\/correiodasemana.com\/site\/wp-content\/uploads\/2021\/11\/Foto-1-300x200.jpg\" alt=\"\" width=\"300\" height=\"200\" srcset=\"https:\/\/correiodasemana.com\/site\/wp-content\/uploads\/2021\/11\/Foto-1-300x200.jpg 300w, https:\/\/correiodasemana.com\/site\/wp-content\/uploads\/2021\/11\/Foto-1-1024x683.jpg 1024w, https:\/\/correiodasemana.com\/site\/wp-content\/uploads\/2021\/11\/Foto-1-768x512.jpg 768w, https:\/\/correiodasemana.com\/site\/wp-content\/uploads\/2021\/11\/Foto-1-1536x1024.jpg 1536w, https:\/\/correiodasemana.com\/site\/wp-content\/uploads\/2021\/11\/Foto-1-2048x1365.jpg 2048w\" sizes=\"(max-width: 300px) 100vw, 300px\" \/> <img decoding=\"async\" class=\"alignleft size-medium wp-image-17958\" src=\"https:\/\/correiodasemana.com\/site\/wp-content\/uploads\/2021\/11\/Foto-2-300x204.jpg\" alt=\"\" width=\"300\" height=\"204\" srcset=\"https:\/\/correiodasemana.com\/site\/wp-content\/uploads\/2021\/11\/Foto-2-300x204.jpg 300w, https:\/\/correiodasemana.com\/site\/wp-content\/uploads\/2021\/11\/Foto-2-1024x696.jpg 1024w, https:\/\/correiodasemana.com\/site\/wp-content\/uploads\/2021\/11\/Foto-2-768x522.jpg 768w, https:\/\/correiodasemana.com\/site\/wp-content\/uploads\/2021\/11\/Foto-2-1536x1044.jpg 1536w, https:\/\/correiodasemana.com\/site\/wp-content\/uploads\/2021\/11\/Foto-2-2048x1392.jpg 2048w\" sizes=\"(max-width: 300px) 100vw, 300px\" \/><\/p>\n","protected":false},"excerpt":{"rendered":"<p>Pacientes e colaboradores da institui\u00e7\u00e3o ser\u00e3o beneficiados. Ascom Complexo SCMS Inaugurada recentemente, a Cl\u00ednica Odontol\u00f3gica&#8230;<\/p>\n","protected":false},"author":1,"featured_media":17956,"comment_status":"open","ping_status":"open","sticky":false,"template":"","format":"standard","meta":{"_jetpack_memberships_contains_paid_content":false,"footnotes":"","jetpack_publicize_message":"","jetpack_publicize_feature_enabled":true,"jetpack_social_post_already_shared":true,"jetpack_social_options":{"image_generator_settings":{"template":"highway","default_image_id":0,"font":"","enabled":false},"version":2}},"categories":[1],"tags":[],"class_list":["post-17953","post","type-post","status-publish","format-standard","has-post-thumbnail","hentry","category-atualidade"],"jetpack_publicize_connections":[],"jetpack_featured_media_url":"https:\/\/correiodasemana.com\/site\/wp-content\/uploads\/2021\/11\/Foto-1-scaled.jpg","jetpack-related-posts":[{"id":17301,"url":"https:\/\/correiodasemana.com\/site\/santa-casa-de-sobral-assina-convenio-com-clinica-de-odontologia-do-uninta-projeto-deve-beneficiar-pacientes-e-colaboradores\/","url_meta":{"origin":17953,"position":0},"title":"Santa Casa de Sobral assina conv\u00eanio com Cl\u00ednica de Odontologia do UNINTA; Projeto deve beneficiar pacientes e colaboradores","author":"","date":"Agosto 23, 2021","format":false,"excerpt":"A parceria prev\u00ea atender colaboradores e pacientes do hospital, contribuindo para sua sa\u00fade bucal e consequentemente melhorando sua qualidade de vida. Ascom Complexo SCMS Em solenidade realizada na quinta-feira (12\/08), a Santa Casa de Miseric\u00f3rdia de Sobral firmou conv\u00eanio com a Cl\u00ednica de Odontologia do Centro Universit\u00e1rio INTA (UNINTA). A\u2026","rel":"","context":"In &quot;Atualidade&quot;","block_context":{"text":"Atualidade","link":"https:\/\/correiodasemana.com\/site\/category\/atualidade\/"},"img":{"alt_text":"","src":"https:\/\/i0.wp.com\/correiodasemana.com\/site\/wp-content\/uploads\/2021\/08\/Odontologia-UNINTA-2.jpeg?resize=350%2C200&ssl=1","width":350,"height":200,"srcset":"https:\/\/i0.wp.com\/correiodasemana.com\/site\/wp-content\/uploads\/2021\/08\/Odontologia-UNINTA-2.jpeg?resize=350%2C200&ssl=1 1x, https:\/\/i0.wp.com\/correiodasemana.com\/site\/wp-content\/uploads\/2021\/08\/Odontologia-UNINTA-2.jpeg?resize=525%2C300&ssl=1 1.5x, https:\/\/i0.wp.com\/correiodasemana.com\/site\/wp-content\/uploads\/2021\/08\/Odontologia-UNINTA-2.jpeg?resize=700%2C400&ssl=1 2x, https:\/\/i0.wp.com\/correiodasemana.com\/site\/wp-content\/uploads\/2021\/08\/Odontologia-UNINTA-2.jpeg?resize=1050%2C600&ssl=1 3x"},"classes":[]},{"id":17890,"url":"https:\/\/correiodasemana.com\/site\/santa-casa-de-sobral-inaugura-clinica-odontologica-em-parceria-com-o-uninta-para-atendimento-gratuito-a-colaboradores-e-pacientes-internados\/","url_meta":{"origin":17953,"position":1},"title":"Santa Casa de Sobral inaugura Cl\u00ednica Odontol\u00f3gica em parceria com o UNINTA para atendimento gratuito a colaboradores e pacientes internados","author":"","date":"Outubro 31, 2021","format":false,"excerpt":"O novo servi\u00e7o deve oferecer atendimento cl\u00ednico e cir\u00fargico. Ascom Complexo SCMS O Complexo Santa Casa de Miseric\u00f3rdia de Sobral em parceria com o curso de Odontologia do Centro Universit\u00e1rio INTA (UNINTA) inaugurou, na sexta-feira (22\/10), a nova Cl\u00ednica Odontol\u00f3gica. A a\u00e7\u00e3o vem sendo discutida desde o ano de 2020\u2026","rel":"","context":"In &quot;Atualidade&quot;","block_context":{"text":"Atualidade","link":"https:\/\/correiodasemana.com\/site\/category\/atualidade\/"},"img":{"alt_text":"","src":"https:\/\/i0.wp.com\/correiodasemana.com\/site\/wp-content\/uploads\/2021\/10\/Foto-1-2-scaled.jpg?resize=350%2C200&ssl=1","width":350,"height":200,"srcset":"https:\/\/i0.wp.com\/correiodasemana.com\/site\/wp-content\/uploads\/2021\/10\/Foto-1-2-scaled.jpg?resize=350%2C200&ssl=1 1x, https:\/\/i0.wp.com\/correiodasemana.com\/site\/wp-content\/uploads\/2021\/10\/Foto-1-2-scaled.jpg?resize=525%2C300&ssl=1 1.5x, https:\/\/i0.wp.com\/correiodasemana.com\/site\/wp-content\/uploads\/2021\/10\/Foto-1-2-scaled.jpg?resize=700%2C400&ssl=1 2x, https:\/\/i0.wp.com\/correiodasemana.com\/site\/wp-content\/uploads\/2021\/10\/Foto-1-2-scaled.jpg?resize=1050%2C600&ssl=1 3x, https:\/\/i0.wp.com\/correiodasemana.com\/site\/wp-content\/uploads\/2021\/10\/Foto-1-2-scaled.jpg?resize=1400%2C800&ssl=1 4x"},"classes":[]},{"id":17467,"url":"https:\/\/correiodasemana.com\/site\/santa-casa-de-sobral-inicia-obras-de-revitalizacao-de-servicos-e-da-estrutura-externa-com-recuperacao-da-fachada-principal\/","url_meta":{"origin":17953,"position":2},"title":"Santa Casa de Sobral inicia obras de revitaliza\u00e7\u00e3o de Servi\u00e7os e da estrutura externa com recupera\u00e7\u00e3o da fachada principal","author":"","date":"Setembro 12, 2021","format":false,"excerpt":"As obras garantem maior conforto e qualidade no atendimento prestado pela institui\u00e7\u00e3o a pacientes de Sobral e regi\u00e3o. Ascom Complexo SCMS A Santa Casa de Miseric\u00f3rdia de Sobral (SCMS) iniciou no m\u00eas de agosto a revitaliza\u00e7\u00e3o da estrutura externa da institui\u00e7\u00e3o com a recupera\u00e7\u00e3o da fachada principal do pr\u00e9dio, que\u2026","rel":"","context":"In &quot;Atualidade&quot;","block_context":{"text":"Atualidade","link":"https:\/\/correiodasemana.com\/site\/category\/atualidade\/"},"img":{"alt_text":"","src":"https:\/\/i0.wp.com\/correiodasemana.com\/site\/wp-content\/uploads\/2021\/09\/Foto-1-300x200.jpg?resize=350%2C200&ssl=1","width":350,"height":200},"classes":[]},{"id":9364,"url":"https:\/\/correiodasemana.com\/site\/clinica-de-odontologia-da-universidade-federal-do-ceara-em-sobral-presta-servicos-a-comunidade\/","url_meta":{"origin":17953,"position":3},"title":"Cl\u00ednica de Odontologia da Universidade Federal do Cear\u00e1 em Sobral presta servi\u00e7os \u00e0 comunidade","author":"","date":"Outubro 7, 2019","format":false,"excerpt":"Cl\u00ednica de Odontologia da Universidade Federal do Cear\u00e1 em Sobral presta servi\u00e7os \u00e0 comunidade Com a vis\u00e3o de formar excelentes alunos e priorizar o servi\u00e7o de qualidade ao p\u00fablico, a Cl\u00ednica de Odontologia da Universidade Federal do Cear\u00e1 (UFC) em Sobral, oferece atendimentos gratuitos atendendo as necessidades da comunidade. O\u2026","rel":"","context":"In &quot;Atualidade&quot;","block_context":{"text":"Atualidade","link":"https:\/\/correiodasemana.com\/site\/category\/atualidade\/"},"img":{"alt_text":"","src":"https:\/\/i0.wp.com\/correiodasemana.com\/site\/wp-content\/uploads\/2019\/10\/odontologia-UFC-Sobral-12.jpg?resize=350%2C200&ssl=1","width":350,"height":200,"srcset":"https:\/\/i0.wp.com\/correiodasemana.com\/site\/wp-content\/uploads\/2019\/10\/odontologia-UFC-Sobral-12.jpg?resize=350%2C200&ssl=1 1x, https:\/\/i0.wp.com\/correiodasemana.com\/site\/wp-content\/uploads\/2019\/10\/odontologia-UFC-Sobral-12.jpg?resize=525%2C300&ssl=1 1.5x, https:\/\/i0.wp.com\/correiodasemana.com\/site\/wp-content\/uploads\/2019\/10\/odontologia-UFC-Sobral-12.jpg?resize=700%2C400&ssl=1 2x, https:\/\/i0.wp.com\/correiodasemana.com\/site\/wp-content\/uploads\/2019\/10\/odontologia-UFC-Sobral-12.jpg?resize=1050%2C600&ssl=1 3x, https:\/\/i0.wp.com\/correiodasemana.com\/site\/wp-content\/uploads\/2019\/10\/odontologia-UFC-Sobral-12.jpg?resize=1400%2C800&ssl=1 4x"},"classes":[]},{"id":11209,"url":"https:\/\/correiodasemana.com\/site\/complexo-santa-casa-de-misericordia-de-sobral-promove-lancamento-de-projeto-que-beneficia-funcionarios-com-bolsas-de-estudo\/","url_meta":{"origin":17953,"position":4},"title":"Complexo Santa Casa de Miseric\u00f3rdia de Sobral promove lan\u00e7amento de projeto que beneficia funcion\u00e1rios com bolsas de estudo","author":"","date":"Mar\u00e7o 18, 2020","format":false,"excerpt":"Com o objetivo beneficiar funcion\u00e1rios e seus filhos que possuam potencial acad\u00eamico, oportunizando um ensino de qualidade, com bolsas de estudos em Escolas particulares e Institui\u00e7\u00f5es de Ensino Superior privadas, o Complexo Santa Casa de Miseric\u00f3rdia de Sobral (SCMS) lan\u00e7ou, nesta quinta-feira (12\/03), o Projeto Filhos da Miseric\u00f3rdia. Ser\u00e3o beneficiados\u2026","rel":"","context":"In &quot;Atualidade&quot;","block_context":{"text":"Atualidade","link":"https:\/\/correiodasemana.com\/site\/category\/atualidade\/"},"img":{"alt_text":"","src":"https:\/\/i0.wp.com\/correiodasemana.com\/site\/wp-content\/uploads\/2020\/03\/Foto-1-1-scaled-e1584506858418.jpg?resize=350%2C200&ssl=1","width":350,"height":200,"srcset":"https:\/\/i0.wp.com\/correiodasemana.com\/site\/wp-content\/uploads\/2020\/03\/Foto-1-1-scaled-e1584506858418.jpg?resize=350%2C200&ssl=1 1x, https:\/\/i0.wp.com\/correiodasemana.com\/site\/wp-content\/uploads\/2020\/03\/Foto-1-1-scaled-e1584506858418.jpg?resize=525%2C300&ssl=1 1.5x, https:\/\/i0.wp.com\/correiodasemana.com\/site\/wp-content\/uploads\/2020\/03\/Foto-1-1-scaled-e1584506858418.jpg?resize=700%2C400&ssl=1 2x, https:\/\/i0.wp.com\/correiodasemana.com\/site\/wp-content\/uploads\/2020\/03\/Foto-1-1-scaled-e1584506858418.jpg?resize=1050%2C600&ssl=1 3x"},"classes":[]},{"id":20322,"url":"https:\/\/correiodasemana.com\/site\/santa-casa-de-sobral-realiza-atendimento-gratuito-a-pacientes-com-fissuras-labiopalatinas-em-parceria-com-a-smile-train\/","url_meta":{"origin":17953,"position":5},"title":"Santa Casa de Sobral realiza atendimento gratuito a pacientes com fissuras labiopalatinas em parceria com a Smile Train","author":"","date":"Julho 3, 2022","format":false,"excerpt":"Cerca de 30 pessoas, entre crian\u00e7as, adolescentes e adultos foram atendidas na campanha. A Santa Casa de Miseric\u00f3rdia de Sobral em parceria com a organiza\u00e7\u00e3o internacional filantr\u00f3pica Smile Train e com o curso de Odontologia do Centro Universit\u00e1rio INTA (UNINTA) promoveu na quarta-feira (29\/06) um mutir\u00e3o de avalia\u00e7\u00f5es pr\u00e9-cir\u00fargicas gratuitas\u2026","rel":"","context":"In &quot;Atualidade&quot;","block_context":{"text":"Atualidade","link":"https:\/\/correiodasemana.com\/site\/category\/atualidade\/"},"img":{"alt_text":"","src":"https:\/\/i0.wp.com\/correiodasemana.com\/site\/wp-content\/uploads\/2022\/07\/sta-casa-medcos.jpg?resize=350%2C200&ssl=1","width":350,"height":200,"srcset":"https:\/\/i0.wp.com\/correiodasemana.com\/site\/wp-content\/uploads\/2022\/07\/sta-casa-medcos.jpg?resize=350%2C200&ssl=1 1x, https:\/\/i0.wp.com\/correiodasemana.com\/site\/wp-content\/uploads\/2022\/07\/sta-casa-medcos.jpg?resize=525%2C300&ssl=1 1.5x, https:\/\/i0.wp.com\/correiodasemana.com\/site\/wp-content\/uploads\/2022\/07\/sta-casa-medcos.jpg?resize=700%2C400&ssl=1 2x, https:\/\/i0.wp.com\/correiodasemana.com\/site\/wp-content\/uploads\/2022\/07\/sta-casa-medcos.jpg?resize=1050%2C600&ssl=1 3x"},"classes":[]}],"jetpack_sharing_enabled":true,"_links":{"self":[{"href":"https:\/\/correiodasemana.com\/site\/wp-json\/wp\/v2\/posts\/17953","targetHints":{"allow":["GET"]}}],"collection":[{"href":"https:\/\/correiodasemana.com\/site\/wp-json\/wp\/v2\/posts"}],"about":[{"href":"https:\/\/correiodasemana.com\/site\/wp-json\/wp\/v2\/types\/post"}],"author":[{"embeddable":true,"href":"https:\/\/correiodasemana.com\/site\/wp-json\/wp\/v2\/users\/1"}],"replies":[{"embeddable":true,"href":"https:\/\/correiodasemana.com\/site\/wp-json\/wp\/v2\/comments?post=17953"}],"version-history":[{"count":1,"href":"https:\/\/correiodasemana.com\/site\/wp-json\/wp\/v2\/posts\/17953\/revisions"}],"predecessor-version":[{"id":17959,"href":"https:\/\/correiodasemana.com\/site\/wp-json\/wp\/v2\/posts\/17953\/revisions\/17959"}],"wp:featuredmedia":[{"embeddable":true,"href":"https:\/\/correiodasemana.com\/site\/wp-json\/wp\/v2\/media\/17956"}],"wp:attachment":[{"href":"https:\/\/correiodasemana.com\/site\/wp-json\/wp\/v2\/media?parent=17953"}],"wp:term":[{"taxonomy":"category","embeddable":true,"href":"https:\/\/correiodasemana.com\/site\/wp-json\/wp\/v2\/categories?post=17953"},{"taxonomy":"post_tag","embeddable":true,"href":"https:\/\/correiodasemana.com\/site\/wp-json\/wp\/v2\/tags?post=17953"}],"curies":[{"name":"wp","href":"https:\/\/api.w.org\/{rel}","templated":true}]}}