{"id":17960,"date":"2021-11-07T23:45:46","date_gmt":"2021-11-08T02:45:46","guid":{"rendered":"https:\/\/correiodasemana.com\/site\/?p=17960"},"modified":"2021-11-07T23:45:46","modified_gmt":"2021-11-08T02:45:46","slug":"direcao-do-hospital-do-coracao-de-sobral-se-reune-com-gestao-municipal-de-marco-para-firmar-convenio","status":"publish","type":"post","link":"https:\/\/correiodasemana.com\/site\/direcao-do-hospital-do-coracao-de-sobral-se-reune-com-gestao-municipal-de-marco-para-firmar-convenio\/","title":{"rendered":"Dire\u00e7\u00e3o do Hospital do Cora\u00e7\u00e3o de Sobral se re\u00fane com gest\u00e3o municipal de Marco para firmar conv\u00eanio"},"content":{"rendered":"<p><strong><em>A iniciativa proporcionar\u00e1 a realiza\u00e7\u00e3o de maior quantidade de procedimentos eletivos, de urg\u00eancia e cirurgias de grande porte, buscando trazer conforto e reduzir o tempo de espera.<\/em><\/strong><\/p>\n<p>Ascom Complexo SCMS<br \/>\nA dire\u00e7\u00e3o-geral do Complexo Santa Casa de Miseric\u00f3rdia de Sobral vem se reunindo com a gest\u00e3o do munic\u00edpio de Marco para firmarem conv\u00eanio com o Hospital do Cora\u00e7\u00e3o de Sobral visando promover melhor qualidade nos servi\u00e7os ofertados pela institui\u00e7\u00e3o \u00e0 popula\u00e7\u00e3o marquense. O Hospital do Cora\u00e7\u00e3o atende por meio de conv\u00eanios, particulares e SUS pacientes oriundos de todos os 55 munic\u00edpios da regi\u00e3o norte do estado do Cear\u00e1.<br \/>\nNa segunda-feira (04\/10) o diretor-geral do Complexo Santa Casa de Miseric\u00f3rdia de Sobral, Klebson Carvalho, o diretor T\u00e9cnico da Santa Casa, Dr. S\u00e1vio Arcanjo, e o Diretor T\u00e9cnico do Hospital do Cora\u00e7\u00e3o, Dr. David Carneiro Neto, receberam o prefeito de Marco Roger Aguiar, e o Secret\u00e1rio de Sa\u00fade Nelson Pinto, para uma visita t\u00e9cnica no Hospital do Cora\u00e7\u00e3o a fim de conhecer os servi\u00e7os oferecidos pela institui\u00e7\u00e3o.<br \/>\nUm segundo encontro aconteceu na quinta-feira (28\/10) na Santa Casa de Miseric\u00f3rdia de Sobral, onde a dire\u00e7\u00e3o-geral da institui\u00e7\u00e3o, e a gest\u00e3o do munic\u00edpio de Marco esbo\u00e7aram a tabela de procedimentos que far\u00e3o parte do conv\u00eanio, etapa importante para o seguimento da assinatura da parceria. Na ocasi\u00e3o, a diretora de Enfermagem do Complexo Santa Casa, Dra. Concei\u00e7\u00e3o Nunes, tamb\u00e9m os acompanhou em visita em alguns servi\u00e7os do hospital.<br \/>\nDe acordo com Roger Aguiar, a parceria com o Hospital do Cora\u00e7\u00e3o proporcionar\u00e1 maior qualidade nos servi\u00e7os ofertados \u00e0 popula\u00e7\u00e3o de Marco. \u201cCom o conv\u00eanio oficializado teremos maior quantidade de procedimentos eletivos, de urg\u00eancia e cirurgias de grande porte, buscando trazer conforto e reduzir o tempo de espera\u201d, aponta.<br \/>\nPara o diretor-geral do Complexo SCMS, Klebson Carvalho, o Hospital do Cora\u00e7\u00e3o de Sobral, assim como a Santa Casa, recebem uma popula\u00e7\u00e3o massiva, e o apoio de gestores que tenham um olhar para a sa\u00fade contribui ainda mais com o cumprimento da miss\u00e3o da institui\u00e7\u00e3o.\u00a0\u201cBuscamos parcerias para continuarmos oferecendo uma assist\u00eancia de qualidade, humanizada, segura e sustent\u00e1vel a todos os nossos pacientes\u201d, enfatiza.<\/p>\n<p><img fetchpriority=\"high\" decoding=\"async\" class=\"alignleft size-medium wp-image-17957\" src=\"https:\/\/correiodasemana.com\/site\/wp-content\/uploads\/2021\/11\/Foto-2-marco-300x200.jpg\" alt=\"\" width=\"300\" height=\"200\" srcset=\"https:\/\/correiodasemana.com\/site\/wp-content\/uploads\/2021\/11\/Foto-2-marco-300x200.jpg 300w, https:\/\/correiodasemana.com\/site\/wp-content\/uploads\/2021\/11\/Foto-2-marco-1024x683.jpg 1024w, https:\/\/correiodasemana.com\/site\/wp-content\/uploads\/2021\/11\/Foto-2-marco-768x512.jpg 768w, https:\/\/correiodasemana.com\/site\/wp-content\/uploads\/2021\/11\/Foto-2-marco-1536x1024.jpg 1536w, https:\/\/correiodasemana.com\/site\/wp-content\/uploads\/2021\/11\/Foto-2-marco-2048x1365.jpg 2048w\" sizes=\"(max-width: 300px) 100vw, 300px\" \/> <img decoding=\"async\" class=\"alignleft size-medium wp-image-17954\" src=\"https:\/\/correiodasemana.com\/site\/wp-content\/uploads\/2021\/11\/Foto-1-marco-300x249.jpeg\" alt=\"\" width=\"300\" height=\"249\" srcset=\"https:\/\/correiodasemana.com\/site\/wp-content\/uploads\/2021\/11\/Foto-1-marco-300x249.jpeg 300w, https:\/\/correiodasemana.com\/site\/wp-content\/uploads\/2021\/11\/Foto-1-marco-1024x850.jpeg 1024w, https:\/\/correiodasemana.com\/site\/wp-content\/uploads\/2021\/11\/Foto-1-marco-768x638.jpeg 768w, https:\/\/correiodasemana.com\/site\/wp-content\/uploads\/2021\/11\/Foto-1-marco.jpeg 1119w\" sizes=\"(max-width: 300px) 100vw, 300px\" \/><\/p>\n","protected":false},"excerpt":{"rendered":"<p>A iniciativa proporcionar\u00e1 a realiza\u00e7\u00e3o de maior quantidade de procedimentos eletivos, de urg\u00eancia e cirurgias&#8230;<\/p>\n","protected":false},"author":1,"featured_media":17957,"comment_status":"open","ping_status":"open","sticky":false,"template":"","format":"standard","meta":{"_jetpack_memberships_contains_paid_content":false,"footnotes":"","jetpack_publicize_message":"","jetpack_publicize_feature_enabled":true,"jetpack_social_post_already_shared":true,"jetpack_social_options":{"image_generator_settings":{"template":"highway","default_image_id":0,"font":"","enabled":false},"version":2}},"categories":[1],"tags":[],"class_list":["post-17960","post","type-post","status-publish","format-standard","has-post-thumbnail","hentry","category-atualidade"],"jetpack_publicize_connections":[],"jetpack_featured_media_url":"https:\/\/correiodasemana.com\/site\/wp-content\/uploads\/2021\/11\/Foto-2-marco-scaled.jpg","jetpack-related-posts":[{"id":19652,"url":"https:\/\/correiodasemana.com\/site\/hospital-do-coracao-de-sobral-firma-convenio-com-municipio-de-marco-para-realizacao-de-cirurgias-eletivas-de-urgencia-e-emergencia\/","url_meta":{"origin":17960,"position":0},"title":"Hospital do Cora\u00e7\u00e3o de Sobral firma conv\u00eanio com munic\u00edpio de Marco para realiza\u00e7\u00e3o de cirurgias eletivas, de urg\u00eancia e emerg\u00eancia","author":"","date":"Maio 1, 2022","format":false,"excerpt":"Conv\u00eanio \u00e9 no valor de R$ 1 milh\u00e3o e busca atender\u00a0demandas reprimidas do SUS. Ascom Complexo SCMS O Hospital do Cora\u00e7\u00e3o de Sobral firmou conv\u00eanio com o munic\u00edpio de Marco para realiza\u00e7\u00e3o de cirurgias eletivas, de urg\u00eancia e emerg\u00eancia, no valor de R$ 1 milh\u00e3o. O termo foi assinado pelo\u2026","rel":"","context":"In &quot;Atualidade&quot;","block_context":{"text":"Atualidade","link":"https:\/\/correiodasemana.com\/site\/category\/atualidade\/"},"img":{"alt_text":"","src":"https:\/\/i0.wp.com\/correiodasemana.com\/site\/wp-content\/uploads\/2022\/05\/encontro-santa-casa-scaled.jpg?resize=350%2C200&ssl=1","width":350,"height":200,"srcset":"https:\/\/i0.wp.com\/correiodasemana.com\/site\/wp-content\/uploads\/2022\/05\/encontro-santa-casa-scaled.jpg?resize=350%2C200&ssl=1 1x, https:\/\/i0.wp.com\/correiodasemana.com\/site\/wp-content\/uploads\/2022\/05\/encontro-santa-casa-scaled.jpg?resize=525%2C300&ssl=1 1.5x, https:\/\/i0.wp.com\/correiodasemana.com\/site\/wp-content\/uploads\/2022\/05\/encontro-santa-casa-scaled.jpg?resize=700%2C400&ssl=1 2x, https:\/\/i0.wp.com\/correiodasemana.com\/site\/wp-content\/uploads\/2022\/05\/encontro-santa-casa-scaled.jpg?resize=1050%2C600&ssl=1 3x, https:\/\/i0.wp.com\/correiodasemana.com\/site\/wp-content\/uploads\/2022\/05\/encontro-santa-casa-scaled.jpg?resize=1400%2C800&ssl=1 4x"},"classes":[]},{"id":8326,"url":"https:\/\/correiodasemana.com\/site\/inaugurada-nova-uti-do-hospital-do-coracao-de-sobral\/","url_meta":{"origin":17960,"position":1},"title":"Inaugurada nova UTI do Hospital do Cora\u00e7\u00e3o de Sobral","author":"","date":"Julho 16, 2019","format":false,"excerpt":"O Hospital do Cora\u00e7\u00e3o de Sobral (HC) inaugurou na noite desta ter\u00e7a-feira (9) sua nova UTI para atendimento de pacientes de conv\u00eanios e particulares. A cerim\u00f4nia, que contou com ben\u00e7\u00e3o do provedor da Santa Casa de Miseric\u00f3rdia de Sobral, bispo Dom Vasconcelos, reuniu diretores da Santa Casa de Miseric\u00f3rdia de\u2026","rel":"","context":"In &quot;Santa Casa&quot;","block_context":{"text":"Santa Casa","link":"https:\/\/correiodasemana.com\/site\/category\/santa-casa\/"},"img":{"alt_text":"","src":"https:\/\/i0.wp.com\/correiodasemana.com\/site\/wp-content\/uploads\/2019\/07\/inaugura%C3%A7%C3%A3o1.jpg?resize=350%2C200&ssl=1","width":350,"height":200,"srcset":"https:\/\/i0.wp.com\/correiodasemana.com\/site\/wp-content\/uploads\/2019\/07\/inaugura%C3%A7%C3%A3o1.jpg?resize=350%2C200&ssl=1 1x, https:\/\/i0.wp.com\/correiodasemana.com\/site\/wp-content\/uploads\/2019\/07\/inaugura%C3%A7%C3%A3o1.jpg?resize=525%2C300&ssl=1 1.5x, https:\/\/i0.wp.com\/correiodasemana.com\/site\/wp-content\/uploads\/2019\/07\/inaugura%C3%A7%C3%A3o1.jpg?resize=700%2C400&ssl=1 2x"},"classes":[]},{"id":20020,"url":"https:\/\/correiodasemana.com\/site\/hospital-do-coracao-de-sobral-promove-solenidade-para-comemorar-acreditacao-nivel-2-da-ona\/","url_meta":{"origin":17960,"position":2},"title":"Hospital do Cora\u00e7\u00e3o de Sobral promove solenidade para comemorar Acredita\u00e7\u00e3o N\u00edvel 2 da ONA","author":"","date":"Junho 12, 2022","format":false,"excerpt":"A institui\u00e7\u00e3o, que recebeu n\u00edvel 2 de acredita\u00e7\u00e3o, atende aos padr\u00f5es e requisitos de seguran\u00e7a do paciente e gest\u00e3o integrada em todas as \u00e1reas. Ascom Complexo SCMS Com foco na seguran\u00e7a do paciente e melhoria cont\u00ednua dos processos, o Hospital do Cora\u00e7\u00e3o de Sobral - Padre Jos\u00e9 Linhares passou por\u2026","rel":"","context":"In &quot;Atualidade&quot;","block_context":{"text":"Atualidade","link":"https:\/\/correiodasemana.com\/site\/category\/atualidade\/"},"img":{"alt_text":"","src":"https:\/\/i0.wp.com\/correiodasemana.com\/site\/wp-content\/uploads\/2022\/06\/comemoracoes-sta-casa-35.jpg?resize=350%2C200&ssl=1","width":350,"height":200,"srcset":"https:\/\/i0.wp.com\/correiodasemana.com\/site\/wp-content\/uploads\/2022\/06\/comemoracoes-sta-casa-35.jpg?resize=350%2C200&ssl=1 1x, https:\/\/i0.wp.com\/correiodasemana.com\/site\/wp-content\/uploads\/2022\/06\/comemoracoes-sta-casa-35.jpg?resize=525%2C300&ssl=1 1.5x, https:\/\/i0.wp.com\/correiodasemana.com\/site\/wp-content\/uploads\/2022\/06\/comemoracoes-sta-casa-35.jpg?resize=700%2C400&ssl=1 2x"},"classes":[]},{"id":17301,"url":"https:\/\/correiodasemana.com\/site\/santa-casa-de-sobral-assina-convenio-com-clinica-de-odontologia-do-uninta-projeto-deve-beneficiar-pacientes-e-colaboradores\/","url_meta":{"origin":17960,"position":3},"title":"Santa Casa de Sobral assina conv\u00eanio com Cl\u00ednica de Odontologia do UNINTA; Projeto deve beneficiar pacientes e colaboradores","author":"","date":"Agosto 23, 2021","format":false,"excerpt":"A parceria prev\u00ea atender colaboradores e pacientes do hospital, contribuindo para sua sa\u00fade bucal e consequentemente melhorando sua qualidade de vida. Ascom Complexo SCMS Em solenidade realizada na quinta-feira (12\/08), a Santa Casa de Miseric\u00f3rdia de Sobral firmou conv\u00eanio com a Cl\u00ednica de Odontologia do Centro Universit\u00e1rio INTA (UNINTA). A\u2026","rel":"","context":"In &quot;Atualidade&quot;","block_context":{"text":"Atualidade","link":"https:\/\/correiodasemana.com\/site\/category\/atualidade\/"},"img":{"alt_text":"","src":"https:\/\/i0.wp.com\/correiodasemana.com\/site\/wp-content\/uploads\/2021\/08\/Odontologia-UNINTA-2.jpeg?resize=350%2C200&ssl=1","width":350,"height":200,"srcset":"https:\/\/i0.wp.com\/correiodasemana.com\/site\/wp-content\/uploads\/2021\/08\/Odontologia-UNINTA-2.jpeg?resize=350%2C200&ssl=1 1x, https:\/\/i0.wp.com\/correiodasemana.com\/site\/wp-content\/uploads\/2021\/08\/Odontologia-UNINTA-2.jpeg?resize=525%2C300&ssl=1 1.5x, https:\/\/i0.wp.com\/correiodasemana.com\/site\/wp-content\/uploads\/2021\/08\/Odontologia-UNINTA-2.jpeg?resize=700%2C400&ssl=1 2x, https:\/\/i0.wp.com\/correiodasemana.com\/site\/wp-content\/uploads\/2021\/08\/Odontologia-UNINTA-2.jpeg?resize=1050%2C600&ssl=1 3x"},"classes":[]},{"id":10784,"url":"https:\/\/correiodasemana.com\/site\/santa-casa-de-misericordia-de-sobral-recebe-visita-do-prefeito-da-cidade\/","url_meta":{"origin":17960,"position":4},"title":"Santa Casa de Miseric\u00f3rdia de Sobral recebe visita do prefeito da cidade","author":"","date":"Fevereiro 10, 2020","format":false,"excerpt":"Visita teve como objetivo conhecer o funcionamento de alguns setores do Hospital e desenvolver planos para melhorar a qualidade da sa\u00fade em Sobral e regi\u00e3o Assessoria de Comunica\u00e7\u00e3o do Complexo SCMS A Santa Casa de Miseric\u00f3rdia de Sobral (SCMS) recebeu, na quarta-feira (05\/02), a visita do prefeito de Sobral, Ivo\u2026","rel":"","context":"In &quot;Atualidade&quot;","block_context":{"text":"Atualidade","link":"https:\/\/correiodasemana.com\/site\/category\/atualidade\/"},"img":{"alt_text":"","src":"https:\/\/i0.wp.com\/correiodasemana.com\/site\/wp-content\/uploads\/2020\/02\/Visita-2.jpg?resize=350%2C200&ssl=1","width":350,"height":200,"srcset":"https:\/\/i0.wp.com\/correiodasemana.com\/site\/wp-content\/uploads\/2020\/02\/Visita-2.jpg?resize=350%2C200&ssl=1 1x, https:\/\/i0.wp.com\/correiodasemana.com\/site\/wp-content\/uploads\/2020\/02\/Visita-2.jpg?resize=525%2C300&ssl=1 1.5x, https:\/\/i0.wp.com\/correiodasemana.com\/site\/wp-content\/uploads\/2020\/02\/Visita-2.jpg?resize=700%2C400&ssl=1 2x"},"classes":[]},{"id":15130,"url":"https:\/\/correiodasemana.com\/site\/missa-em-acao-de-gracas-celebra-24-anos-do-hospital-do-coracao-de-sobral\/","url_meta":{"origin":17960,"position":5},"title":"Missa em a\u00e7\u00e3o de gra\u00e7as celebra 24 anos do Hospital do Cora\u00e7\u00e3o de Sobral","author":"","date":"Dezembro 21, 2020","format":false,"excerpt":"Inaugurado em 20 de dezembro de 1996, o Hospital \u00e9 refer\u00eancia no atendimento cardiol\u00f3gico O Hospital do Cora\u00e7\u00e3o, unidade de sa\u00fade do Complexo Santa Casa de Miseric\u00f3rdia de Sobral, comemora 24 anos de funda\u00e7\u00e3o neste domingo (20\/12). Para celebrar o seu anivers\u00e1rio, a Institui\u00e7\u00e3o promoveu uma missa em a\u00e7\u00e3o de\u2026","rel":"","context":"In &quot;Santa Casa&quot;","block_context":{"text":"Santa Casa","link":"https:\/\/correiodasemana.com\/site\/category\/santa-casa\/"},"img":{"alt_text":"","src":"https:\/\/i0.wp.com\/correiodasemana.com\/site\/wp-content\/uploads\/2020\/12\/FOTO-1-1.jpg?resize=350%2C200&ssl=1","width":350,"height":200,"srcset":"https:\/\/i0.wp.com\/correiodasemana.com\/site\/wp-content\/uploads\/2020\/12\/FOTO-1-1.jpg?resize=350%2C200&ssl=1 1x, https:\/\/i0.wp.com\/correiodasemana.com\/site\/wp-content\/uploads\/2020\/12\/FOTO-1-1.jpg?resize=525%2C300&ssl=1 1.5x, https:\/\/i0.wp.com\/correiodasemana.com\/site\/wp-content\/uploads\/2020\/12\/FOTO-1-1.jpg?resize=700%2C400&ssl=1 2x"},"classes":[]}],"jetpack_sharing_enabled":true,"_links":{"self":[{"href":"https:\/\/correiodasemana.com\/site\/wp-json\/wp\/v2\/posts\/17960","targetHints":{"allow":["GET"]}}],"collection":[{"href":"https:\/\/correiodasemana.com\/site\/wp-json\/wp\/v2\/posts"}],"about":[{"href":"https:\/\/correiodasemana.com\/site\/wp-json\/wp\/v2\/types\/post"}],"author":[{"embeddable":true,"href":"https:\/\/correiodasemana.com\/site\/wp-json\/wp\/v2\/users\/1"}],"replies":[{"embeddable":true,"href":"https:\/\/correiodasemana.com\/site\/wp-json\/wp\/v2\/comments?post=17960"}],"version-history":[{"count":1,"href":"https:\/\/correiodasemana.com\/site\/wp-json\/wp\/v2\/posts\/17960\/revisions"}],"predecessor-version":[{"id":17961,"href":"https:\/\/correiodasemana.com\/site\/wp-json\/wp\/v2\/posts\/17960\/revisions\/17961"}],"wp:featuredmedia":[{"embeddable":true,"href":"https:\/\/correiodasemana.com\/site\/wp-json\/wp\/v2\/media\/17957"}],"wp:attachment":[{"href":"https:\/\/correiodasemana.com\/site\/wp-json\/wp\/v2\/media?parent=17960"}],"wp:term":[{"taxonomy":"category","embeddable":true,"href":"https:\/\/correiodasemana.com\/site\/wp-json\/wp\/v2\/categories?post=17960"},{"taxonomy":"post_tag","embeddable":true,"href":"https:\/\/correiodasemana.com\/site\/wp-json\/wp\/v2\/tags?post=17960"}],"curies":[{"name":"wp","href":"https:\/\/api.w.org\/{rel}","templated":true}]}}