{"id":17962,"date":"2021-11-07T23:46:28","date_gmt":"2021-11-08T02:46:28","guid":{"rendered":"https:\/\/correiodasemana.com\/site\/?p=17962"},"modified":"2021-11-07T23:46:28","modified_gmt":"2021-11-08T02:46:28","slug":"politica-em-evidencia-84","status":"publish","type":"post","link":"https:\/\/correiodasemana.com\/site\/politica-em-evidencia-84\/","title":{"rendered":"Pol\u00edtica em Evid\u00eancia"},"content":{"rendered":"<p>Pensando na melhoria da mobilidade\u00a0para os ciclistas do munic\u00edpio,\u00a0 a prefeitura de Sobral est\u00e1 preparando\u00a0a Ciclovia Pedro Mendes Carneiro Filho (Lela), localizada nos Bairros Junco e Parque Silvana, para inaugura\u00e7\u00e3o neste m\u00eas de novembro.\u00a0Pensando na melhoria da mobilidade\u00a0 para os ciclistas do munic\u00edpio,\u00a0 a prefeitura de Sobral est\u00e1 preparando a Ciclovia Pedro Mendes Carneiro Filho (Lela), localizada nos Bairros Junco e Parque Silvana, para inaugura\u00e7\u00e3o neste m\u00eas de novembro.<br \/>\nA prefeitura de Forquilha atrav\u00e9s da secretaria de Desenvolvimento Social, continua com inscri\u00e7\u00f5es abertas\u00a0para o Projeto \u00abPrimeiros Passos\u00bb, na modalidade Jovem Bolsista. O Projeto atende jovens na faixa et\u00e1ria de 15 a 29 anos, que sejam estudantes de escolas p\u00fablicas,\u00a0cursando o 8\u00b0 ou 9\u00b0 ano do Ensino Fundamental, e tamb\u00e9m beneficia que est\u00e1 estudando ou prestes a concluir o ensino m\u00e9dio.<br \/>\nAs inscri\u00e7\u00f5es para o curso se Inform\u00e1tica B\u00e1sica e totalmente presencial, vem sendo realizada no CRAS at\u00e9\u00a0 o dia 12 de novembro, e com vagas limitada. O in\u00edcio do curso de Inform\u00e1tica B\u00e1sica est\u00e1 previsto para come\u00e7ar no dia 16 de novembro, na Escola Elza Goersch, no per\u00edodo noturno.<\/p>\n<p>Presidente da C\u00e2mara de Sobral, Paulo Albuquerque ( Paul\u00e3o), lembra que o C\u00e2ncer de Pr\u00f3stata,\u00a0 tipo mais comum entre os homens, \u00e9\u00a0 a causa de morte de 28,6% da popula\u00e7\u00e3o masculina que desenvolve neoplasias malignas. \u00abNo Brasil um homem morreu cada 48 minutos\u00a0 devido o c\u00e2ncer de pr\u00f3stata, segundo os dados mais recentes\u00a0 do Instituto Nacional do C\u00e2ncer.<\/p>\n<p>O deputado estadual,\u00a0 Mois\u00e9s Braz (PT),\u00a0 parabenizou o ex-deputado federak, Eudes Xavier, pela ele para a secretaria de Combate ao Racismo do PT. De acordo com o deputado Mois\u00e9s\u00a0 \u00a0Eudes Xavier forma consensual\u00a0 durante o Encontro Estadual de Negras e Negos em Fortaleza. \u201cEle vai ter um grande desafio pela frente que \u00e9 conduzir a secretaria na luta contra o racismo.\u00a0 \u201cDesejo sorte e comunico que o novo secret\u00e1rio ter\u00e1\u00a0 do nosso mandato todo apoio para encampar as lutas e programa de trabalho que foi elaborado para fortalecer os movimentos sociais. Estamos juntos\u201d. Concluiu o deputado Mois\u00e9s Braz.<br \/>\nO presidente da C\u00e2mara de Alc\u00e2ntaras,\u00a0 Alexandre do Bonfim,\u00a0 comandou mais uma Sess\u00e3o Ordin\u00e1ria,\u00a0na sexta-feira (28\/10), quando os edis voltaram o Projeto de Lei do Executivo, que trata sobre a Lei Or\u00e7ament\u00e1ria Anual (LOAS), para o exerc\u00edcio de 2022, aprovado por unanimidade.\u00a0Durante a Sess\u00e3o Ordin\u00e1ria, os vereadores votaram ainda um Projeto de Lei do Legislativo e tr\u00eas Projetos de Indica\u00e7\u00e3o, al\u00e9m\u00a0 de utilizarem a tribuna do Parlamento municipal,\u00a0 para abordarem problemas\u00a0 existentes na municipalidade.<br \/>\nO vereador Thiago Marques (PDT), anunciando aos meruoquenses que estar\u00e1 se dedicando ao m\u00e1ximo\u00a0para conseguir apoio dos mun\u00edcipes nas elei\u00e7\u00f5es de 2022, para os pr\u00e9-candidatos a deputado estadual,\u00a0 S\u00e9rgio Aguiar e a deputado federal, Tadeu Oliveira.\u00a0\u00abEstamos fechando essas parcerias com estas lideran\u00e7as pol\u00edticas,\u00a0 para buscarmos melhorias para os meruoquenses.\u00a0 Esperamos fazer um grande trabalho e levarmos a mensagem destes dois l\u00edderes aos quatro cantos de Meruoca \u00ab. Concluiu Thiago Marques.<br \/>\nO deputado federal, Le\u00f4nidas Cristino (PDT), esteve na cidade de Meruoca, na \u00faltima sexta-feira (29\/10),\u00a0quando a convite da presidente da APAE no munic\u00edpio,\u00a0 Corrinha Fonteles, para entregar de forma oficial, um transporte e equipamentos para a institui\u00e7\u00e3o, que foi adquirido atrav\u00e9s de emenda parlamentar do deputado Le\u00f4nidas, no valor de R$ 150 mil reais.\u00a0O transporte \u00e9 os equipamentos atender\u00e3o com maior comodidade os profissionais e cerca de 90 crian\u00e7as especiais e que precisam de aten\u00e7\u00e3o necess\u00e1ria da Associa\u00e7\u00e3o dos Amigos dos Excepcionais de Meruoca.<br \/>\nO vereador de Camocim,\u00a0 Emanoel Vieira (PDT), comunicando e denunciando que seu WhatsApp e Instagram\u00a0foram clonados, e que est\u00e3o tentando aplicar golpes, pedindo dinheiro aos seus amigos, se fazendo passar por ele. \u00abEu e meu advogado Dr. Glaubesson j\u00e1 fomos a pol\u00edcia civil denunciar, e pedir investiga\u00e7\u00e3o para sabermos quem est\u00e1 cometendo este tipo de crime\u00bb. Afirmou o edil Emanoel.<br \/>\nO prefeito de Alc\u00e2ntaras,\u00a0 Joaquim do Quinca, acompanhou no domingo (31\/10), ao lado do secret\u00e1rio Tarc\u00edsio Gleidson, vereador Manoel Albuquerque e outras lideran\u00e7as pol\u00edticas,\u00a0 mais um servi\u00e7o de perfura\u00e7\u00e3o de po\u00e7o profundo na comunidade do S\u00edtio Santa Rosa. Usando as redes sociais,\u00a0 o prefeito Joaquim do Quinca seu compromisso de trabalhar pelos mun\u00edcipes. \u201cReafirmamos o nosso compromisso de estar sempre trabalhando pelo povo e Desenvolvimento do munic\u00edpio de Alc\u00e2ntaras\u201d. Concluiu Joaquinzim.<br \/>\nDica do Marcelo Marques. Leia mais em<br \/>\nwww.politicaemevidencia.com.br<\/p>\n","protected":false},"excerpt":{"rendered":"<p>Pensando na melhoria da mobilidade\u00a0para os ciclistas do munic\u00edpio,\u00a0 a prefeitura de Sobral est\u00e1 preparando\u00a0a&#8230;<\/p>\n","protected":false},"author":1,"featured_media":11615,"comment_status":"open","ping_status":"open","sticky":false,"template":"","format":"standard","meta":{"_jetpack_memberships_contains_paid_content":false,"footnotes":"","jetpack_publicize_message":"","jetpack_publicize_feature_enabled":true,"jetpack_social_post_already_shared":true,"jetpack_social_options":{"image_generator_settings":{"template":"highway","default_image_id":0,"font":"","enabled":false},"version":2}},"categories":[11,48],"tags":[],"class_list":["post-17962","post","type-post","status-publish","format-standard","has-post-thumbnail","hentry","category-artigos","category-politica-em-evidencia"],"jetpack_publicize_connections":[],"jetpack_featured_media_url":"https:\/\/correiodasemana.com\/site\/wp-content\/uploads\/2020\/07\/marcelo-marques-politica.jpg","jetpack-related-posts":[{"id":18024,"url":"https:\/\/correiodasemana.com\/site\/becco-ponto-com-61\/","url_meta":{"origin":17962,"position":0},"title":"Becco ponto Com","author":"","date":"Novembro 14, 2021","format":false,"excerpt":"COLUNA BECCO PONTO COM BR LIVRAI-NOS, SENHOR! Dos deputados Z\u00e9 Bolachinhas votando a PEC. Da candidatura do pato rouco o tal, Moro Juiz. Das audi\u00eancias Bl\u00e1, Bl\u00e1, Bl\u00e1, que viram em pizzas. Das faculdades pagas e passam formando analfas. Dos shows nos sert\u00f5es em tempo de Covid-19. Dos bab\u00f5es de\u2026","rel":"","context":"In &quot;Artigos&quot;","block_context":{"text":"Artigos","link":"https:\/\/correiodasemana.com\/site\/category\/artigos\/"},"img":{"alt_text":"","src":"https:\/\/i0.wp.com\/correiodasemana.com\/site\/wp-content\/uploads\/2021\/09\/Dr-Chico-Prado-Trofeu-Dom-Jose-1.jpg?resize=350%2C200&ssl=1","width":350,"height":200,"srcset":"https:\/\/i0.wp.com\/correiodasemana.com\/site\/wp-content\/uploads\/2021\/09\/Dr-Chico-Prado-Trofeu-Dom-Jose-1.jpg?resize=350%2C200&ssl=1 1x, https:\/\/i0.wp.com\/correiodasemana.com\/site\/wp-content\/uploads\/2021\/09\/Dr-Chico-Prado-Trofeu-Dom-Jose-1.jpg?resize=525%2C300&ssl=1 1.5x, https:\/\/i0.wp.com\/correiodasemana.com\/site\/wp-content\/uploads\/2021\/09\/Dr-Chico-Prado-Trofeu-Dom-Jose-1.jpg?resize=700%2C400&ssl=1 2x, https:\/\/i0.wp.com\/correiodasemana.com\/site\/wp-content\/uploads\/2021\/09\/Dr-Chico-Prado-Trofeu-Dom-Jose-1.jpg?resize=1050%2C600&ssl=1 3x, https:\/\/i0.wp.com\/correiodasemana.com\/site\/wp-content\/uploads\/2021\/09\/Dr-Chico-Prado-Trofeu-Dom-Jose-1.jpg?resize=1400%2C800&ssl=1 4x"},"classes":[]},{"id":16701,"url":"https:\/\/correiodasemana.com\/site\/assinada-ordem-de-servico-para-inicio-da-5a-etapa-de-substituicao-de-lampadas-de-vapor-por-led\/","url_meta":{"origin":17962,"position":1},"title":"Assinada ordem de servi\u00e7o para in\u00edcio da 5\u00aa etapa de substitui\u00e7\u00e3o de l\u00e2mpadas de vapor por LED","author":"","date":"Junho 14, 2021","format":false,"excerpt":"A Prefeitura de Sobral, por meio da Secretaria da Conserva\u00e7\u00e3o e Servi\u00e7os P\u00fablicos (SCSP), iniciar\u00e1, a partir da pr\u00f3xima semana, a 5\u00aa etapa de substitui\u00e7\u00e3o de l\u00e2mpadas de vapor met\u00e1lico por LED. A ordem de servi\u00e7o para o in\u00edcio da opera\u00e7\u00e3o foi assinada nesta ter\u00e7a-feira (01\/06) pelo secret\u00e1rio da SCSP,\u2026","rel":"","context":"In &quot;Atualidade&quot;","block_context":{"text":"Atualidade","link":"https:\/\/correiodasemana.com\/site\/category\/atualidade\/"},"img":{"alt_text":"","src":"https:\/\/i0.wp.com\/correiodasemana.com\/site\/wp-content\/uploads\/2021\/06\/ILUMINACAO-FOTO.jpeg?resize=350%2C200&ssl=1","width":350,"height":200,"srcset":"https:\/\/i0.wp.com\/correiodasemana.com\/site\/wp-content\/uploads\/2021\/06\/ILUMINACAO-FOTO.jpeg?resize=350%2C200&ssl=1 1x, https:\/\/i0.wp.com\/correiodasemana.com\/site\/wp-content\/uploads\/2021\/06\/ILUMINACAO-FOTO.jpeg?resize=525%2C300&ssl=1 1.5x"},"classes":[]},{"id":29686,"url":"https:\/\/correiodasemana.com\/site\/primeira-ponte-estaiada-do-ceara-e-inaugurada-em-sobral\/","url_meta":{"origin":17962,"position":2},"title":"Primeira ponte estaiada do Cear\u00e1 \u00e9 inaugurada em Sobral","author":"adminredacao","date":"Junho 18, 2024","format":false,"excerpt":"Na noite desta quarta-feira (12\/06), a Prefeitura de Sobral, por meio das secretarias da Infraestrutura (Seinfra) e do Tr\u00e2nsito e Transportes (Setran), inaugurou a Ponte Estaiada Martonio Vasconcelos, a primeira do Cear\u00e1. O evento, realizado na Margem Esquerda do Rio Acara\u00fa, reuniu centenas de pessoas que foram prestigiar a novidade.\u2026","rel":"","context":"In &quot;Atualidade&quot;","block_context":{"text":"Atualidade","link":"https:\/\/correiodasemana.com\/site\/category\/atualidade\/"},"img":{"alt_text":"","src":"https:\/\/i0.wp.com\/correiodasemana.com\/site\/wp-content\/uploads\/2024\/06\/ok-_2024-06-13_at_08.42.38.jpg?resize=350%2C200&ssl=1","width":350,"height":200,"srcset":"https:\/\/i0.wp.com\/correiodasemana.com\/site\/wp-content\/uploads\/2024\/06\/ok-_2024-06-13_at_08.42.38.jpg?resize=350%2C200&ssl=1 1x, https:\/\/i0.wp.com\/correiodasemana.com\/site\/wp-content\/uploads\/2024\/06\/ok-_2024-06-13_at_08.42.38.jpg?resize=525%2C300&ssl=1 1.5x, https:\/\/i0.wp.com\/correiodasemana.com\/site\/wp-content\/uploads\/2024\/06\/ok-_2024-06-13_at_08.42.38.jpg?resize=700%2C400&ssl=1 2x, https:\/\/i0.wp.com\/correiodasemana.com\/site\/wp-content\/uploads\/2024\/06\/ok-_2024-06-13_at_08.42.38.jpg?resize=1050%2C600&ssl=1 3x"},"classes":[]},{"id":9301,"url":"https:\/\/correiodasemana.com\/site\/politica-em-evidencia-10\/","url_meta":{"origin":17962,"position":3},"title":"Pol\u00edtica em Evid\u00eancia","author":"","date":"Setembro 30, 2019","format":false,"excerpt":"Vereador de Sobral, J\u00fanior Balreira, que est\u00e1 presidindo a Sess\u00e3o Especial pela XI Semana da Pessoa com defici\u00eancia, est\u00e1 usando da palavra na tribuna da C\u00e2mara Municipal, para falar do Projeto de Lei, criando o Estatuto Municipal da Pessoa com Defici\u00eancia de Sobral. Deputado federal, Le\u00f4nidas Cristino, filho de Corea\u00fa,\u2026","rel":"","context":"In &quot;Artigos&quot;","block_context":{"text":"Artigos","link":"https:\/\/correiodasemana.com\/site\/category\/artigos\/"},"img":{"alt_text":"","src":"https:\/\/i0.wp.com\/correiodasemana.com\/site\/wp-content\/uploads\/2019\/07\/23600_2_EL.jpg?resize=350%2C200&ssl=1","width":350,"height":200,"srcset":"https:\/\/i0.wp.com\/correiodasemana.com\/site\/wp-content\/uploads\/2019\/07\/23600_2_EL.jpg?resize=350%2C200&ssl=1 1x, https:\/\/i0.wp.com\/correiodasemana.com\/site\/wp-content\/uploads\/2019\/07\/23600_2_EL.jpg?resize=525%2C300&ssl=1 1.5x, https:\/\/i0.wp.com\/correiodasemana.com\/site\/wp-content\/uploads\/2019\/07\/23600_2_EL.jpg?resize=700%2C400&ssl=1 2x"},"classes":[]},{"id":17844,"url":"https:\/\/correiodasemana.com\/site\/politica-em-evidencia-82\/","url_meta":{"origin":17962,"position":4},"title":"Pol\u00edtica em Evid\u00eancia","author":"","date":"Outubro 24, 2021","format":false,"excerpt":"O Prefeito de Sobral, Ivo Gomes (PDT), tomou gosto pelo pedal desde a sua segunda campanha pol\u00edtica para a prefeitura municipal, e vem incentivando os sobralenses a utilizarem a bike para buscarem mais sa\u00fade e enfrentarem o dia a dia corrido no munic\u00edpio. Ivo tamb\u00e9m tem procurado em sua administra\u00e7\u00e3o,\u2026","rel":"","context":"In &quot;Artigos&quot;","block_context":{"text":"Artigos","link":"https:\/\/correiodasemana.com\/site\/category\/artigos\/"},"img":{"alt_text":"","src":"","width":0,"height":0},"classes":[]},{"id":17428,"url":"https:\/\/correiodasemana.com\/site\/politica-em-evidencia-75\/","url_meta":{"origin":17962,"position":5},"title":"Pol\u00edtica em Evid\u00eancia","author":"","date":"Setembro 6, 2021","format":false,"excerpt":"A Prefeitura de Sobral divulgou edital para contrata\u00e7\u00e3o tempor\u00e1ria de profissionais\u00a0para as secretarias da Infraestrutura (Seinfra) e do Tr\u00e2nsito e Transportes (Setran). ser\u00e3o 16 vagas para diferentes \u00e1reas (Edital n\u00ba 003 \/2021). As inscri\u00e7\u00f5es come\u00e7aram na segunda-feira (30\/08), e vai prosseguir at\u00e9 o dia 12 de setembro, de forma virtual,\u2026","rel":"","context":"In &quot;Artigos&quot;","block_context":{"text":"Artigos","link":"https:\/\/correiodasemana.com\/site\/category\/artigos\/"},"img":{"alt_text":"","src":"","width":0,"height":0},"classes":[]}],"jetpack_sharing_enabled":true,"_links":{"self":[{"href":"https:\/\/correiodasemana.com\/site\/wp-json\/wp\/v2\/posts\/17962","targetHints":{"allow":["GET"]}}],"collection":[{"href":"https:\/\/correiodasemana.com\/site\/wp-json\/wp\/v2\/posts"}],"about":[{"href":"https:\/\/correiodasemana.com\/site\/wp-json\/wp\/v2\/types\/post"}],"author":[{"embeddable":true,"href":"https:\/\/correiodasemana.com\/site\/wp-json\/wp\/v2\/users\/1"}],"replies":[{"embeddable":true,"href":"https:\/\/correiodasemana.com\/site\/wp-json\/wp\/v2\/comments?post=17962"}],"version-history":[{"count":1,"href":"https:\/\/correiodasemana.com\/site\/wp-json\/wp\/v2\/posts\/17962\/revisions"}],"predecessor-version":[{"id":17963,"href":"https:\/\/correiodasemana.com\/site\/wp-json\/wp\/v2\/posts\/17962\/revisions\/17963"}],"wp:featuredmedia":[{"embeddable":true,"href":"https:\/\/correiodasemana.com\/site\/wp-json\/wp\/v2\/media\/11615"}],"wp:attachment":[{"href":"https:\/\/correiodasemana.com\/site\/wp-json\/wp\/v2\/media?parent=17962"}],"wp:term":[{"taxonomy":"category","embeddable":true,"href":"https:\/\/correiodasemana.com\/site\/wp-json\/wp\/v2\/categories?post=17962"},{"taxonomy":"post_tag","embeddable":true,"href":"https:\/\/correiodasemana.com\/site\/wp-json\/wp\/v2\/tags?post=17962"}],"curies":[{"name":"wp","href":"https:\/\/api.w.org\/{rel}","templated":true}]}}