{"id":17964,"date":"2021-11-07T23:47:09","date_gmt":"2021-11-08T02:47:09","guid":{"rendered":"https:\/\/correiodasemana.com\/site\/?p=17964"},"modified":"2021-11-07T23:47:09","modified_gmt":"2021-11-08T02:47:09","slug":"campanha-de-novembro-azul-abre-espaco-para-dialogos-sobre-cuidados-e-prevencao-a-saude-masculina","status":"publish","type":"post","link":"https:\/\/correiodasemana.com\/site\/campanha-de-novembro-azul-abre-espaco-para-dialogos-sobre-cuidados-e-prevencao-a-saude-masculina\/","title":{"rendered":"Campanha de Novembro Azul abre espa\u00e7o para di\u00e1logos sobre cuidados e preven\u00e7\u00e3o \u00e0 sa\u00fade masculina"},"content":{"rendered":"<p>Por Samuel Carvalho<br \/>\nReda\u00e7\u00e3o Correio da Semana<br \/>\nA campanha Novembro Azul tem como objetivo promover a conscientiza\u00e7\u00e3o sobre os cuidados e preven\u00e7\u00e3o relativa \u00e0 sa\u00fade do homem. Durante todo o m\u00eas ser\u00e1 poss\u00edvel observar pr\u00e9dios e monumentos hist\u00f3ricos iluminados de azul. O foco \u00e9 chamar a aten\u00e7\u00e3o para o movimento global de conscientiza\u00e7\u00e3o no combate \u00e0 doen\u00e7as de g\u00eanero, sendo o c\u00e2ncer de pr\u00f3stata, o segundo mais comum entre os homens.<br \/>\nSegundo dados do INCA \u2013 Instituto Nacional do C\u00e2ncer \u2013 a estimativa \u00e9 de que, at\u00e9 o ano passado, foram estimados quase 66 mil novos casos da doen\u00e7a, com o n\u00famero de \u00f3bitos podendo chegar a quase 16 mil. \u201cAssim como em outros tumores, o diagn\u00f3stico precoce do c\u00e2ncer de pr\u00f3stata, em est\u00e1gios iniciais, ter\u00e1 repercuss\u00f5es em maiores taxas de cura e melhores sobrevidas. Por isso a import\u00e2ncia da conscientiza\u00e7\u00e3o e preven\u00e7\u00e3o da campanha do Novembro Azul\u201d, diz Dr. Adriano Saboia, oncologia da Oncovie.<br \/>\nO c\u00e2ncer de pr\u00f3stata \u00e9 considerado um c\u00e2ncer da terceira idade, sendo mais comum em homens a partir dos 50 anos ou 45 anos se considerar fatores de risco. De acordo com o INCA, 75% dos casos no mundo ocorrem a partir dos 65 anos. O INCA ainda explicita que o crescimento da incid\u00eancia no Brasil pode ser parcialmente justificado pela evolu\u00e7\u00e3o dos exames, pela melhoria na qualidade dos sistemas de informa\u00e7\u00e3o do pa\u00eds e pelo aumento na expectativa de vida.<br \/>\nNa fase inicial, o c\u00e2ncer de pr\u00f3stata n\u00e3o apresenta sintomas. Quando alguns sinais come\u00e7am a aparecer, cerca de 95% dos tumores j\u00e1 se encontram em fase avan\u00e7ada, o que pode dificultar o tratamento e cura da doen\u00e7a. Na fase avan\u00e7ada, os sintomas s\u00e3o: dor ossea, dores ao urinar, vontade de urinar com frequ\u00eancia e presen\u00e7a de sangue na urina ou s\u00eamen.<br \/>\nTer hist\u00f3rico familiar de c\u00e2ncer de pr\u00f3stata tamb\u00e9m deve ser levado em considera\u00e7\u00e3o com fator de risco. Os homens negros sofrem maior incid\u00eancia deste tipo de c\u00e2ncer segundo pesquisas. Por fim, segundo especialistas, a obesidade \u00e9 um fator importante que pode contribuir para o aparecimento da doen\u00e7a. Manter uma pr\u00e1tica constante de atividades f\u00edsicas e uma vida saud\u00e1vel com alimenta\u00e7\u00e3o balanceada \u00e9 indicada como medida preventiva ao c\u00e2ncer de pr\u00f3stata.<\/p>\n","protected":false},"excerpt":{"rendered":"<p>Por Samuel Carvalho Reda\u00e7\u00e3o Correio da Semana A campanha Novembro Azul tem como objetivo promover&#8230;<\/p>\n","protected":false},"author":1,"featured_media":17965,"comment_status":"open","ping_status":"open","sticky":false,"template":"","format":"standard","meta":{"_jetpack_memberships_contains_paid_content":false,"footnotes":"","jetpack_publicize_message":"","jetpack_publicize_feature_enabled":true,"jetpack_social_post_already_shared":true,"jetpack_social_options":{"image_generator_settings":{"template":"highway","default_image_id":0,"font":"","enabled":false},"version":2}},"categories":[1],"tags":[],"class_list":["post-17964","post","type-post","status-publish","format-standard","has-post-thumbnail","hentry","category-atualidade"],"jetpack_publicize_connections":[],"jetpack_featured_media_url":"https:\/\/correiodasemana.com\/site\/wp-content\/uploads\/2021\/11\/1-novembro-azul.jpg","jetpack-related-posts":[{"id":14519,"url":"https:\/\/correiodasemana.com\/site\/santa-casa-de-misericordia-de-sobral-promove-conscientizacao-sobre-cancer-de-prostata-para-seus-funcionarios\/","url_meta":{"origin":17964,"position":0},"title":"Santa Casa de Miseric\u00f3rdia de Sobral promove conscientiza\u00e7\u00e3o sobre c\u00e2ncer de pr\u00f3stata para seus funcion\u00e1rios","author":"","date":"Novembro 12, 2020","format":false,"excerpt":"Com o objetivo de conscientizar seus funcion\u00e1rios sobre a import\u00e2ncia do cuidado com a sa\u00fade, neste m\u00eas de novembro intensificando o olhar ao c\u00e2ncer de pr\u00f3stata, a Santa Casa de Miseric\u00f3rdia de Sobral (SCMS) realizou na quarta-feira (04\/11) uma mesa redonda sobre a doen\u00e7a com a presen\u00e7a de profissionais das\u2026","rel":"","context":"In &quot;Atualidade&quot;","block_context":{"text":"Atualidade","link":"https:\/\/correiodasemana.com\/site\/category\/atualidade\/"},"img":{"alt_text":"","src":"https:\/\/i0.wp.com\/correiodasemana.com\/site\/wp-content\/uploads\/2020\/11\/Novembro-Azul-1-scaled.jpg?resize=350%2C200&ssl=1","width":350,"height":200,"srcset":"https:\/\/i0.wp.com\/correiodasemana.com\/site\/wp-content\/uploads\/2020\/11\/Novembro-Azul-1-scaled.jpg?resize=350%2C200&ssl=1 1x, https:\/\/i0.wp.com\/correiodasemana.com\/site\/wp-content\/uploads\/2020\/11\/Novembro-Azul-1-scaled.jpg?resize=525%2C300&ssl=1 1.5x, https:\/\/i0.wp.com\/correiodasemana.com\/site\/wp-content\/uploads\/2020\/11\/Novembro-Azul-1-scaled.jpg?resize=700%2C400&ssl=1 2x, https:\/\/i0.wp.com\/correiodasemana.com\/site\/wp-content\/uploads\/2020\/11\/Novembro-Azul-1-scaled.jpg?resize=1050%2C600&ssl=1 3x, https:\/\/i0.wp.com\/correiodasemana.com\/site\/wp-content\/uploads\/2020\/11\/Novembro-Azul-1-scaled.jpg?resize=1400%2C800&ssl=1 4x"},"classes":[]},{"id":14550,"url":"https:\/\/correiodasemana.com\/site\/pacientes-do-servico-de-oncologia-da-santa-casa-de-misericordia-de-sobral-participam-de-acao-interativa-na-abertura-do-novembro-azul\/","url_meta":{"origin":17964,"position":1},"title":"Pacientes do servi\u00e7o de Oncologia da Santa Casa de Miseric\u00f3rdia de Sobral participam de a\u00e7\u00e3o interativa na abertura do Novembro Azul","author":"","date":"Novembro 16, 2020","format":false,"excerpt":"A a\u00e7\u00e3o marcou o encerramento da Campanha Outubro Rosa e abertura do Novembro Azul A Santa Casa de Miseric\u00f3rdia de Sobral vem atuando com humaniza\u00e7\u00e3o e empatia, tendo como objetivo principal, amenizar a\u00a0ang\u00fastia\u00a0dos seus pacientes durante tratamentos ou hospitaliza\u00e7\u00f5es. Pensando nisso, o setor de Triagem do servi\u00e7o de Oncologia realizou,\u2026","rel":"","context":"In &quot;Atualidade&quot;","block_context":{"text":"Atualidade","link":"https:\/\/correiodasemana.com\/site\/category\/atualidade\/"},"img":{"alt_text":"","src":"https:\/\/i0.wp.com\/correiodasemana.com\/site\/wp-content\/uploads\/2020\/11\/Foto-1-2-scaled.jpg?resize=350%2C200&ssl=1","width":350,"height":200,"srcset":"https:\/\/i0.wp.com\/correiodasemana.com\/site\/wp-content\/uploads\/2020\/11\/Foto-1-2-scaled.jpg?resize=350%2C200&ssl=1 1x, https:\/\/i0.wp.com\/correiodasemana.com\/site\/wp-content\/uploads\/2020\/11\/Foto-1-2-scaled.jpg?resize=525%2C300&ssl=1 1.5x, https:\/\/i0.wp.com\/correiodasemana.com\/site\/wp-content\/uploads\/2020\/11\/Foto-1-2-scaled.jpg?resize=700%2C400&ssl=1 2x, https:\/\/i0.wp.com\/correiodasemana.com\/site\/wp-content\/uploads\/2020\/11\/Foto-1-2-scaled.jpg?resize=1050%2C600&ssl=1 3x, https:\/\/i0.wp.com\/correiodasemana.com\/site\/wp-content\/uploads\/2020\/11\/Foto-1-2-scaled.jpg?resize=1400%2C800&ssl=1 4x"},"classes":[]},{"id":28536,"url":"https:\/\/correiodasemana.com\/site\/saude-alerta-sobre-cuidados-para-prevenir-cancer-de-penis\/","url_meta":{"origin":17964,"position":2},"title":"Sa\u00fade alerta sobre cuidados para prevenir c\u00e2ncer de p\u00eanis","author":"adminredacao","date":"Mar\u00e7o 4, 2024","format":false,"excerpt":"Nos \u00faltimos 10 anos foram registrados mais de 21 mil casos no pa\u00eds Por Ana Cristina Campos - Rep\u00f3rter da Ag\u00eancia Brasil - Rio de Janeiro Para finalizar o m\u00eas da\u00a0Campanha de Preven\u00e7\u00e3o ao C\u00e2ncer de P\u00eanis, o Minist\u00e9rio da Sa\u00fade em parceria com a Sociedade Brasileira de Urologia emitiu\u2026","rel":"","context":"In &quot;Atualidade&quot;","block_context":{"text":"Atualidade","link":"https:\/\/correiodasemana.com\/site\/category\/atualidade\/"},"img":{"alt_text":"","src":"https:\/\/i0.wp.com\/correiodasemana.com\/site\/wp-content\/uploads\/2023\/07\/ministerio-da-saude.webp?resize=350%2C200&ssl=1","width":350,"height":200,"srcset":"https:\/\/i0.wp.com\/correiodasemana.com\/site\/wp-content\/uploads\/2023\/07\/ministerio-da-saude.webp?resize=350%2C200&ssl=1 1x, https:\/\/i0.wp.com\/correiodasemana.com\/site\/wp-content\/uploads\/2023\/07\/ministerio-da-saude.webp?resize=525%2C300&ssl=1 1.5x, https:\/\/i0.wp.com\/correiodasemana.com\/site\/wp-content\/uploads\/2023\/07\/ministerio-da-saude.webp?resize=700%2C400&ssl=1 2x, https:\/\/i0.wp.com\/correiodasemana.com\/site\/wp-content\/uploads\/2023\/07\/ministerio-da-saude.webp?resize=1050%2C600&ssl=1 3x, https:\/\/i0.wp.com\/correiodasemana.com\/site\/wp-content\/uploads\/2023\/07\/ministerio-da-saude.webp?resize=1400%2C800&ssl=1 4x"},"classes":[]},{"id":27281,"url":"https:\/\/correiodasemana.com\/site\/educacao-e-cidadania-24\/","url_meta":{"origin":17964,"position":3},"title":"EDUCA\u00c7\u00c3O E CIDADANIA \u2022","author":"adminredacao","date":"Novembro 20, 2023","format":false,"excerpt":"Exames Laboratoriais, Pr\u00f3stata e C\u00e2nceres Em se tratando de exames m\u00e9dicos, as mulheres s\u00e3o bem mais frequentes na realiza\u00e7\u00e3o deles que o homem. A preven\u00e7\u00e3o \u00e9 uma das maiores amigas da nossa sa\u00fade. E, fazer exames anualmente pode salvar vidas. Segundo o medprev.online\/blog o homem deve fazer 18 tipos de\u2026","rel":"","context":"In &quot;Artigos&quot;","block_context":{"text":"Artigos","link":"https:\/\/correiodasemana.com\/site\/category\/artigos\/"},"img":{"alt_text":"","src":"https:\/\/i0.wp.com\/correiodasemana.com\/site\/wp-content\/uploads\/2022\/02\/Salmito-Campos-1-scaled.jpg?resize=350%2C200&ssl=1","width":350,"height":200,"srcset":"https:\/\/i0.wp.com\/correiodasemana.com\/site\/wp-content\/uploads\/2022\/02\/Salmito-Campos-1-scaled.jpg?resize=350%2C200&ssl=1 1x, https:\/\/i0.wp.com\/correiodasemana.com\/site\/wp-content\/uploads\/2022\/02\/Salmito-Campos-1-scaled.jpg?resize=525%2C300&ssl=1 1.5x, https:\/\/i0.wp.com\/correiodasemana.com\/site\/wp-content\/uploads\/2022\/02\/Salmito-Campos-1-scaled.jpg?resize=700%2C400&ssl=1 2x, https:\/\/i0.wp.com\/correiodasemana.com\/site\/wp-content\/uploads\/2022\/02\/Salmito-Campos-1-scaled.jpg?resize=1050%2C600&ssl=1 3x, https:\/\/i0.wp.com\/correiodasemana.com\/site\/wp-content\/uploads\/2022\/02\/Salmito-Campos-1-scaled.jpg?resize=1400%2C800&ssl=1 4x"},"classes":[]},{"id":35939,"url":"https:\/\/correiodasemana.com\/site\/santa-casa-de-sobral-destaca-a-importancia-da-prevencao-e-do-diagnostico-precoce-do-cancer-de-mama\/","url_meta":{"origin":17964,"position":4},"title":"Santa Casa de Sobral destaca a import\u00e2ncia da preven\u00e7\u00e3o e do diagn\u00f3stico precoce do c\u00e2ncer de mama","author":"adminredacao","date":"Outubro 29, 2025","format":false,"excerpt":"H\u00e1 sete anos, a professora aposentada Maria Eurenides Fernandes, 78 anos, luta contra o c\u00e2ncer. Ela descobriu um tumor maligno nas mamas durante uma consulta de rotina com o ginecologista e, ap\u00f3s o diagn\u00f3stico de c\u00e2ncer de mama, passou a ser acompanhada pelo Centro de Alta Complexidade em Oncologia (CACON)\u2026","rel":"","context":"In &quot;Atualidade&quot;","block_context":{"text":"Atualidade","link":"https:\/\/correiodasemana.com\/site\/category\/atualidade\/"},"img":{"alt_text":"","src":"https:\/\/i0.wp.com\/correiodasemana.com\/site\/wp-content\/uploads\/2025\/10\/outubro-rosa-1.jpeg?resize=350%2C200&ssl=1","width":350,"height":200,"srcset":"https:\/\/i0.wp.com\/correiodasemana.com\/site\/wp-content\/uploads\/2025\/10\/outubro-rosa-1.jpeg?resize=350%2C200&ssl=1 1x, https:\/\/i0.wp.com\/correiodasemana.com\/site\/wp-content\/uploads\/2025\/10\/outubro-rosa-1.jpeg?resize=525%2C300&ssl=1 1.5x, https:\/\/i0.wp.com\/correiodasemana.com\/site\/wp-content\/uploads\/2025\/10\/outubro-rosa-1.jpeg?resize=700%2C400&ssl=1 2x, https:\/\/i0.wp.com\/correiodasemana.com\/site\/wp-content\/uploads\/2025\/10\/outubro-rosa-1.jpeg?resize=1050%2C600&ssl=1 3x"},"classes":[]},{"id":20587,"url":"https:\/\/correiodasemana.com\/site\/residentes-de-cancerologia-da-santa-casa-de-sobral-promovem-acao-de-conscientizacao-sobre-prevencao-do-cancer-de-cabeca-e-pescoco\/","url_meta":{"origin":17964,"position":5},"title":"Residentes de Cancerologia da Santa Casa de Sobral promovem a\u00e7\u00e3o de conscientiza\u00e7\u00e3o sobre preven\u00e7\u00e3o do c\u00e2ncer de cabe\u00e7a e pesco\u00e7o","author":"","date":"Julho 31, 2022","format":false,"excerpt":"Detec\u00e7\u00e3o precoce da doen\u00e7a pode alcan\u00e7ar at\u00e9 90% das chances de cura. Em alus\u00e3o ao Dia Mundial de Conscientiza\u00e7\u00e3o e Combate ao\u00a0C\u00e2ncer de Cabe\u00e7a e Pesco\u00e7o, os residentes de Cancerologia da Santa Casa de Miseric\u00f3rdia de Sobral (SCMS) realizaram nesta quarta-feira (27\/07) uma a\u00e7\u00e3o para os colaboradores da institui\u00e7\u00e3o com\u2026","rel":"","context":"In &quot;Atualidade&quot;","block_context":{"text":"Atualidade","link":"https:\/\/correiodasemana.com\/site\/category\/atualidade\/"},"img":{"alt_text":"","src":"https:\/\/i0.wp.com\/correiodasemana.com\/site\/wp-content\/uploads\/2022\/07\/residente-sta-casa.jpg?resize=350%2C200&ssl=1","width":350,"height":200,"srcset":"https:\/\/i0.wp.com\/correiodasemana.com\/site\/wp-content\/uploads\/2022\/07\/residente-sta-casa.jpg?resize=350%2C200&ssl=1 1x, https:\/\/i0.wp.com\/correiodasemana.com\/site\/wp-content\/uploads\/2022\/07\/residente-sta-casa.jpg?resize=525%2C300&ssl=1 1.5x, https:\/\/i0.wp.com\/correiodasemana.com\/site\/wp-content\/uploads\/2022\/07\/residente-sta-casa.jpg?resize=700%2C400&ssl=1 2x"},"classes":[]}],"jetpack_sharing_enabled":true,"_links":{"self":[{"href":"https:\/\/correiodasemana.com\/site\/wp-json\/wp\/v2\/posts\/17964","targetHints":{"allow":["GET"]}}],"collection":[{"href":"https:\/\/correiodasemana.com\/site\/wp-json\/wp\/v2\/posts"}],"about":[{"href":"https:\/\/correiodasemana.com\/site\/wp-json\/wp\/v2\/types\/post"}],"author":[{"embeddable":true,"href":"https:\/\/correiodasemana.com\/site\/wp-json\/wp\/v2\/users\/1"}],"replies":[{"embeddable":true,"href":"https:\/\/correiodasemana.com\/site\/wp-json\/wp\/v2\/comments?post=17964"}],"version-history":[{"count":1,"href":"https:\/\/correiodasemana.com\/site\/wp-json\/wp\/v2\/posts\/17964\/revisions"}],"predecessor-version":[{"id":17966,"href":"https:\/\/correiodasemana.com\/site\/wp-json\/wp\/v2\/posts\/17964\/revisions\/17966"}],"wp:featuredmedia":[{"embeddable":true,"href":"https:\/\/correiodasemana.com\/site\/wp-json\/wp\/v2\/media\/17965"}],"wp:attachment":[{"href":"https:\/\/correiodasemana.com\/site\/wp-json\/wp\/v2\/media?parent=17964"}],"wp:term":[{"taxonomy":"category","embeddable":true,"href":"https:\/\/correiodasemana.com\/site\/wp-json\/wp\/v2\/categories?post=17964"},{"taxonomy":"post_tag","embeddable":true,"href":"https:\/\/correiodasemana.com\/site\/wp-json\/wp\/v2\/tags?post=17964"}],"curies":[{"name":"wp","href":"https:\/\/api.w.org\/{rel}","templated":true}]}}