{"id":17967,"date":"2021-11-07T23:47:44","date_gmt":"2021-11-08T02:47:44","guid":{"rendered":"https:\/\/correiodasemana.com\/site\/?p=17967"},"modified":"2021-11-07T23:47:44","modified_gmt":"2021-11-08T02:47:44","slug":"aulas-municipais-em-sobral-retornam-com-100-de-atividades-presenciais","status":"publish","type":"post","link":"https:\/\/correiodasemana.com\/site\/aulas-municipais-em-sobral-retornam-com-100-de-atividades-presenciais\/","title":{"rendered":"Aulas municipais em Sobral retornam com 100% de atividades presenciais"},"content":{"rendered":"<p>Por Samuel Carvalho<br \/>\nReda\u00e7\u00e3o Correio da Semana<\/p>\n<p>As escolas municipais de Sobral voltam a atender 100% dos estudantes presencialmente, na quarta-feira (03). S\u00e3o mais de de 33,7 mil estudantes voltar\u00e3o a ter aulas de segunda a sexta-feira, das 7h \u00e0s 11h e das 13h \u00e0s 17h, nas 70 escolas da rede p\u00fablica municipal de ensino. O retorno marca as primeiras atividades com totalidade geral de alunos, passados 596 dias desde o in\u00edcio da pandemia.<br \/>\nDesde o dia 1\u00ba de setembro, as escolas vinham atendendo a 50% dos estudantes em dias alternados da semana. As unidades escolares foram preparadas com a instala\u00e7\u00e3o de pias, abertura de janelas para garantir a reciclagem do ar, reorganiza\u00e7\u00e3o das salas e instala\u00e7\u00e3o de totens com \u00e1lcool em gel. Para os estudantes e profissionais tamb\u00e9m foi disponibilizado equipamento de prote\u00e7\u00e3o individual, como m\u00e1scaras e garrafas para \u00e1gua.<br \/>\nPara a volta das aulas presenciais da cidade conta o Plano de Retomada das Atividades de Educa\u00e7\u00e3o P\u00fablica composto por regras e organiza\u00e7\u00e3o interna; cuidados sanit\u00e1rios (aferi\u00e7\u00e3o de temperatura, uso de equipamentos de prote\u00e7\u00e3o individual, aten\u00e7\u00e3o e cuidado aos profissionais de grupo de risco, apoio \u00e0s fam\u00edlias, entre outros cuidados); e orienta\u00e7\u00f5es pedag\u00f3gicas.<\/p>\n","protected":false},"excerpt":{"rendered":"<p>Por Samuel Carvalho Reda\u00e7\u00e3o Correio da Semana As escolas municipais de Sobral voltam a atender&#8230;<\/p>\n","protected":false},"author":1,"featured_media":17968,"comment_status":"open","ping_status":"open","sticky":false,"template":"","format":"standard","meta":{"_jetpack_memberships_contains_paid_content":false,"footnotes":"","jetpack_publicize_message":"","jetpack_publicize_feature_enabled":true,"jetpack_social_post_already_shared":true,"jetpack_social_options":{"image_generator_settings":{"template":"highway","default_image_id":0,"font":"","enabled":false},"version":2}},"categories":[1],"tags":[],"class_list":["post-17967","post","type-post","status-publish","format-standard","has-post-thumbnail","hentry","category-atualidade"],"jetpack_publicize_connections":[],"jetpack_featured_media_url":"https:\/\/correiodasemana.com\/site\/wp-content\/uploads\/2021\/11\/Retorno_aulas_100.jpg","jetpack-related-posts":[{"id":12438,"url":"https:\/\/correiodasemana.com\/site\/nove-estados-e-df-podem-voltar-as-aulas-nas-escolas-particulares\/","url_meta":{"origin":17967,"position":0},"title":"Nove estados e DF podem voltar \u00e0s aulas nas escolas particulares","author":"","date":"Agosto 3, 2020","format":false,"excerpt":"Demais estados est\u00e3o sem data definida para retorno presencial Ap\u00f3s cerca de quatro meses com as aulas suspensas, estados come\u00e7am a sinalizar a volta \u00e0s aulas presenciais nas escolas. De um lado, melhor equipadas, de maneira geral, que as escolas p\u00fablicas, as escolas particulares defendem que est\u00e3o prontas para uma\u2026","rel":"","context":"In &quot;Atualidade&quot;","block_context":{"text":"Atualidade","link":"https:\/\/correiodasemana.com\/site\/category\/atualidade\/"},"img":{"alt_text":"","src":"https:\/\/i0.wp.com\/correiodasemana.com\/site\/wp-content\/uploads\/2020\/08\/2020-03-13t145129z_1265676104_rc22jf9wi6m7_rtrmadp_3_health-coronavirus-brazil.jpg?resize=350%2C200&ssl=1","width":350,"height":200,"srcset":"https:\/\/i0.wp.com\/correiodasemana.com\/site\/wp-content\/uploads\/2020\/08\/2020-03-13t145129z_1265676104_rc22jf9wi6m7_rtrmadp_3_health-coronavirus-brazil.jpg?resize=350%2C200&ssl=1 1x, https:\/\/i0.wp.com\/correiodasemana.com\/site\/wp-content\/uploads\/2020\/08\/2020-03-13t145129z_1265676104_rc22jf9wi6m7_rtrmadp_3_health-coronavirus-brazil.jpg?resize=525%2C300&ssl=1 1.5x, https:\/\/i0.wp.com\/correiodasemana.com\/site\/wp-content\/uploads\/2020\/08\/2020-03-13t145129z_1265676104_rc22jf9wi6m7_rtrmadp_3_health-coronavirus-brazil.jpg?resize=700%2C400&ssl=1 2x, https:\/\/i0.wp.com\/correiodasemana.com\/site\/wp-content\/uploads\/2020\/08\/2020-03-13t145129z_1265676104_rc22jf9wi6m7_rtrmadp_3_health-coronavirus-brazil.jpg?resize=1050%2C600&ssl=1 3x"},"classes":[]},{"id":14986,"url":"https:\/\/correiodasemana.com\/site\/mec-autoriza-aulas-nao-presenciais-ate-dezembro-de-2021\/","url_meta":{"origin":17967,"position":1},"title":"MEC autoriza aulas n\u00e3o presenciais at\u00e9 dezembro de 2021","author":"","date":"Dezembro 14, 2020","format":false,"excerpt":"Ministro homologou parecer do Conselho Nacional de Educa\u00e7\u00e3o O ministro da Educa\u00e7\u00e3o, Milton Ribeiro, homologou o Parecer n\u00ba 19, do Conselho Nacional de Educa\u00e7\u00e3o (CNE), que estende at\u00e9 31 de dezembro de 2021 a permiss\u00e3o para atividades remotas no ensino b\u00e1sico e superior em todo o pa\u00eds. A valida\u00e7\u00e3o da\u2026","rel":"","context":"In &quot;Atualidade&quot;","block_context":{"text":"Atualidade","link":"https:\/\/correiodasemana.com\/site\/category\/atualidade\/"},"img":{"alt_text":"","src":"https:\/\/i0.wp.com\/correiodasemana.com\/site\/wp-content\/uploads\/2020\/12\/2020-10-07t133205z_9098542_rc2pdj9kebuw_rtrmadp_3_health-coronavirus-brazil.jpg?resize=350%2C200&ssl=1","width":350,"height":200,"srcset":"https:\/\/i0.wp.com\/correiodasemana.com\/site\/wp-content\/uploads\/2020\/12\/2020-10-07t133205z_9098542_rc2pdj9kebuw_rtrmadp_3_health-coronavirus-brazil.jpg?resize=350%2C200&ssl=1 1x, https:\/\/i0.wp.com\/correiodasemana.com\/site\/wp-content\/uploads\/2020\/12\/2020-10-07t133205z_9098542_rc2pdj9kebuw_rtrmadp_3_health-coronavirus-brazil.jpg?resize=525%2C300&ssl=1 1.5x, https:\/\/i0.wp.com\/correiodasemana.com\/site\/wp-content\/uploads\/2020\/12\/2020-10-07t133205z_9098542_rc2pdj9kebuw_rtrmadp_3_health-coronavirus-brazil.jpg?resize=700%2C400&ssl=1 2x, https:\/\/i0.wp.com\/correiodasemana.com\/site\/wp-content\/uploads\/2020\/12\/2020-10-07t133205z_9098542_rc2pdj9kebuw_rtrmadp_3_health-coronavirus-brazil.jpg?resize=1050%2C600&ssl=1 3x"},"classes":[]},{"id":9430,"url":"https:\/\/correiodasemana.com\/site\/projeto-de-musica-da-universidade-federal-do-ceara-ufc-auxilia-no-aprendizado-de-estudantes-em-sobral\/","url_meta":{"origin":17967,"position":2},"title":"Projeto de m\u00fasica da Universidade Federal do Cear\u00e1 (UFC) auxilia no aprendizado de estudantes em Sobral","author":"","date":"Outubro 14, 2019","format":false,"excerpt":"A m\u00fasica \u00e9 reconhecida por muitos pesquisadores como uma esp\u00e9cie de modalidade que desenvolve a mente humana, promove o equil\u00edbrio, proporcionando um estado agrad\u00e1vel de bem-estar, facilitando a concentra\u00e7\u00e3o e o desenvolvimento do racioc\u00ednio. O uso correto da m\u00fasica pode dar bons resultados na sala de aula. Em Sobral, uma\u2026","rel":"","context":"In &quot;Atualidade&quot;","block_context":{"text":"Atualidade","link":"https:\/\/correiodasemana.com\/site\/category\/atualidade\/"},"img":{"alt_text":"","src":"https:\/\/i0.wp.com\/correiodasemana.com\/site\/wp-content\/uploads\/2019\/10\/FOTO-1.jpg?resize=350%2C200&ssl=1","width":350,"height":200,"srcset":"https:\/\/i0.wp.com\/correiodasemana.com\/site\/wp-content\/uploads\/2019\/10\/FOTO-1.jpg?resize=350%2C200&ssl=1 1x, https:\/\/i0.wp.com\/correiodasemana.com\/site\/wp-content\/uploads\/2019\/10\/FOTO-1.jpg?resize=525%2C300&ssl=1 1.5x, https:\/\/i0.wp.com\/correiodasemana.com\/site\/wp-content\/uploads\/2019\/10\/FOTO-1.jpg?resize=700%2C400&ssl=1 2x"},"classes":[]},{"id":10734,"url":"https:\/\/correiodasemana.com\/site\/prefeito-ivo-gomes-inaugura-nesta-sexta-feira-8a-escola-de-tempo-integral-de-sobral\/","url_meta":{"origin":17967,"position":3},"title":"Prefeito Ivo Gomes inaugura nesta sexta-feira 8\u00aa Escola de Tempo Integral de Sobral","author":"","date":"Fevereiro 10, 2020","format":false,"excerpt":"O prefeito Ivo Gomes e o secret\u00e1rio da Educa\u00e7\u00e3o de Sobral, Herbert Lima, inauguram na pr\u00f3xima sexta-feira (07\/02), \u00e0s 19h, a Escola Jos\u00e9 Peregrino de Vasconcelos, no distrito de Patriarca. Esta \u00e9 a oitava unidade escolar da rede municipal, que atender\u00e1 estudantes do 6\u00ba ao 9\u00ba ano do Ensino Fundamental\u2026","rel":"","context":"In &quot;Atualidade&quot;","block_context":{"text":"Atualidade","link":"https:\/\/correiodasemana.com\/site\/category\/atualidade\/"},"img":{"alt_text":"","src":"https:\/\/i0.wp.com\/correiodasemana.com\/site\/wp-content\/uploads\/2020\/02\/ESCOLA_PATRIARCA.jpeg?resize=350%2C200&ssl=1","width":350,"height":200,"srcset":"https:\/\/i0.wp.com\/correiodasemana.com\/site\/wp-content\/uploads\/2020\/02\/ESCOLA_PATRIARCA.jpeg?resize=350%2C200&ssl=1 1x, https:\/\/i0.wp.com\/correiodasemana.com\/site\/wp-content\/uploads\/2020\/02\/ESCOLA_PATRIARCA.jpeg?resize=525%2C300&ssl=1 1.5x, https:\/\/i0.wp.com\/correiodasemana.com\/site\/wp-content\/uploads\/2020\/02\/ESCOLA_PATRIARCA.jpeg?resize=700%2C400&ssl=1 2x, https:\/\/i0.wp.com\/correiodasemana.com\/site\/wp-content\/uploads\/2020\/02\/ESCOLA_PATRIARCA.jpeg?resize=1050%2C600&ssl=1 3x"},"classes":[]},{"id":15503,"url":"https:\/\/correiodasemana.com\/site\/sobral-propoe-retorno-de-aulas-no-municipio-em-fevereiro\/","url_meta":{"origin":17967,"position":4},"title":"Sobral prop\u00f5e retorno de aulas no munic\u00edpio em fevereiro","author":"","date":"Janeiro 24, 2021","format":false,"excerpt":"Secretaria da Educa\u00e7\u00e3o apresentou proposta de data para in\u00edcio da retomada das aulas presenciais das redes p\u00fablica e privada da cidade O cen\u00e1rio de retorno escolar com aulas presenciais, paralisado por conta da pandemia do coronav\u00edrus, come\u00e7a a ser desenhado em algumas cidades do Cear\u00e1. Em Sobral, o secret\u00e1rio da\u2026","rel":"","context":"In &quot;Atualidade&quot;","block_context":{"text":"Atualidade","link":"https:\/\/correiodasemana.com\/site\/category\/atualidade\/"},"img":{"alt_text":"","src":"https:\/\/i0.wp.com\/correiodasemana.com\/site\/wp-content\/uploads\/2021\/01\/estudantes.jpg?resize=350%2C200&ssl=1","width":350,"height":200,"srcset":"https:\/\/i0.wp.com\/correiodasemana.com\/site\/wp-content\/uploads\/2021\/01\/estudantes.jpg?resize=350%2C200&ssl=1 1x, https:\/\/i0.wp.com\/correiodasemana.com\/site\/wp-content\/uploads\/2021\/01\/estudantes.jpg?resize=525%2C300&ssl=1 1.5x, https:\/\/i0.wp.com\/correiodasemana.com\/site\/wp-content\/uploads\/2021\/01\/estudantes.jpg?resize=700%2C400&ssl=1 2x"},"classes":[]},{"id":18961,"url":"https:\/\/correiodasemana.com\/site\/segundo-laboratorio-google-for-education-e-inaugurado-em-sobral\/","url_meta":{"origin":17967,"position":5},"title":"Segundo laborat\u00f3rio Google for Education \u00e9 inaugurado em Sobral","author":"","date":"Fevereiro 21, 2022","format":false,"excerpt":"Por Samuel Carvalho Reda\u00e7\u00e3o Correio da Semana Foi inaugurado na \u00faltima ter\u00e7a-feira (15) o segundo laborat\u00f3rio Google for Education do munic\u00edpio, desta vez localizado na Escola de Tempo Integral Maria Dias Ibiapina. Na ocasi\u00e3o estiveram presentes o Prefeito Ivo Gomes e a vice-prefeita Christiane Coelho. O laborat\u00f3rio \u00e9 uma doa\u00e7\u00e3o\u2026","rel":"","context":"In &quot;Atualidade&quot;","block_context":{"text":"Atualidade","link":"https:\/\/correiodasemana.com\/site\/category\/atualidade\/"},"img":{"alt_text":"","src":"https:\/\/i0.wp.com\/correiodasemana.com\/site\/wp-content\/uploads\/2022\/02\/foto-google.jpg?resize=350%2C200&ssl=1","width":350,"height":200,"srcset":"https:\/\/i0.wp.com\/correiodasemana.com\/site\/wp-content\/uploads\/2022\/02\/foto-google.jpg?resize=350%2C200&ssl=1 1x, https:\/\/i0.wp.com\/correiodasemana.com\/site\/wp-content\/uploads\/2022\/02\/foto-google.jpg?resize=525%2C300&ssl=1 1.5x"},"classes":[]}],"jetpack_sharing_enabled":true,"_links":{"self":[{"href":"https:\/\/correiodasemana.com\/site\/wp-json\/wp\/v2\/posts\/17967","targetHints":{"allow":["GET"]}}],"collection":[{"href":"https:\/\/correiodasemana.com\/site\/wp-json\/wp\/v2\/posts"}],"about":[{"href":"https:\/\/correiodasemana.com\/site\/wp-json\/wp\/v2\/types\/post"}],"author":[{"embeddable":true,"href":"https:\/\/correiodasemana.com\/site\/wp-json\/wp\/v2\/users\/1"}],"replies":[{"embeddable":true,"href":"https:\/\/correiodasemana.com\/site\/wp-json\/wp\/v2\/comments?post=17967"}],"version-history":[{"count":1,"href":"https:\/\/correiodasemana.com\/site\/wp-json\/wp\/v2\/posts\/17967\/revisions"}],"predecessor-version":[{"id":17969,"href":"https:\/\/correiodasemana.com\/site\/wp-json\/wp\/v2\/posts\/17967\/revisions\/17969"}],"wp:featuredmedia":[{"embeddable":true,"href":"https:\/\/correiodasemana.com\/site\/wp-json\/wp\/v2\/media\/17968"}],"wp:attachment":[{"href":"https:\/\/correiodasemana.com\/site\/wp-json\/wp\/v2\/media?parent=17967"}],"wp:term":[{"taxonomy":"category","embeddable":true,"href":"https:\/\/correiodasemana.com\/site\/wp-json\/wp\/v2\/categories?post=17967"},{"taxonomy":"post_tag","embeddable":true,"href":"https:\/\/correiodasemana.com\/site\/wp-json\/wp\/v2\/tags?post=17967"}],"curies":[{"name":"wp","href":"https:\/\/api.w.org\/{rel}","templated":true}]}}