{"id":17970,"date":"2021-11-07T23:49:12","date_gmt":"2021-11-08T02:49:12","guid":{"rendered":"https:\/\/correiodasemana.com\/site\/?p=17970"},"modified":"2021-11-07T23:49:12","modified_gmt":"2021-11-08T02:49:12","slug":"em-tempo-107","status":"publish","type":"post","link":"https:\/\/correiodasemana.com\/site\/em-tempo-107\/","title":{"rendered":"Em Tempo"},"content":{"rendered":"<p><strong>Sele\u00e7\u00e3o para 515 estagi\u00e1rios em Sobral<\/strong><br \/>\nA Prefeitura de Sobral recebe, at\u00e9 10 de novembro, inscri\u00e7\u00f5es para a sele\u00e7\u00e3o de 515 estagi\u00e1rios. As vagas s\u00e3o destinadas para estudantes regularmente matriculados em cursos de n\u00edvel superior. A bolsa ser\u00e1 de R$ 488,12, com acr\u00e9scimo de R$ 50,00 do aux\u00edlio-transporte.<br \/>\nO tempo de contrata\u00e7\u00e3o \u00e9 de seis meses, podendo ser prorrogado por um per\u00edodo m\u00e1ximo de dois anos. Inscri\u00e7\u00f5es s\u00e3o realizadas, exclusivamente, pela internet (sele\u00e7\u00e3o.sobral.ce.gov.br). O edital com todas as informa\u00e7\u00f5es est\u00e1 dispon\u00edvel no\u00a0Di\u00e1rio Oficial\u00a0(DOM) n\u00ba 1187.<\/p>\n<p><strong>Asteroide 84342 Rubens de Azevedo<\/strong><br \/>\nRubens de Azevedo foi um dos mais importantes astr\u00f4nomos\u00a0do Brasil. No dia 29 de outubro, v\u00e9spera do que seria seu cent\u00e9simo anivers\u00e1rio, a Uni\u00e3o Brasileira da Astronomia anunciou que o asteroide 84342, descoberto em 2002, foi nomeado oficialmente com o seu nome.<br \/>\nEm algum lugar no c\u00e9u, o nome do astr\u00f4nomo cearense agora est\u00e1 imortalizado. Rubens de Azevedo foi autor do primeiro mapa lunar brasileiro, al\u00e9m de participar do programa LION, de suporte \u00e0s Miss\u00f5es Apollo que levaram o homem \u00e0 Lua no final da d\u00e9cada de 60.<\/p>\n<p><strong>Apontamentos sobre o Cultivo da Poesia<\/strong><br \/>\n<strong><img fetchpriority=\"high\" decoding=\"async\" class=\"alignleft size-medium wp-image-17971\" src=\"https:\/\/correiodasemana.com\/site\/wp-content\/uploads\/2021\/11\/POETA-imfg1-300x169.jpg\" alt=\"\" width=\"300\" height=\"169\" srcset=\"https:\/\/correiodasemana.com\/site\/wp-content\/uploads\/2021\/11\/POETA-imfg1-300x169.jpg 300w, https:\/\/correiodasemana.com\/site\/wp-content\/uploads\/2021\/11\/POETA-imfg1-768x432.jpg 768w, https:\/\/correiodasemana.com\/site\/wp-content\/uploads\/2021\/11\/POETA-imfg1.jpg 982w\" sizes=\"(max-width: 300px) 100vw, 300px\" \/>Foto &#8211; Arquivo pessoal <\/strong><br \/>\n<strong>Poeta Valdi Ferreira Lima tem tr\u00eas livros publicados e outros tr\u00eas in\u00e9ditos<\/strong><br \/>\nApontamentos sobre o Cultivo da Poesia \u00e9 o terceiro livro do poeta e escritor Valdi Ferreira Lima, publicado pela editora Radiadora. A obra apresenta v\u00e1rias propostas de leituras horizontais e verticais, com m\u00faltiplas signific\u00e2ncias e poemetos anexos ao poema principal.<br \/>\nEste e outros livros do poeta podem ser adquiridos no https:\/\/www.radiadora.com.br. As principais influ\u00eancias po\u00e9ticas de Ferreira Lima nascem do lirismo dos salmos b\u00edblicos e do realismo fant\u00e1stico das can\u00e7\u00f5es dos cantadores, passeando entre paisagens intimistas e coletivas.<\/p>\n<p><strong>Especializa\u00e7\u00e3o em Gest\u00e3o Ambiental<\/strong><br \/>\nO campus de Sobral do Instituto Federal de Educa\u00e7\u00e3o, Ci\u00eancia e Tecnologia do Cear\u00e1 (IFCE) lan\u00e7ou edital de sele\u00e7\u00e3o para curso de especializa\u00e7\u00e3o em Gest\u00e3o Ambiental. S\u00e3o ofertadas 30 vagas. A inscri\u00e7\u00e3o pode ser feita at\u00e9 21 de novembro, por meio de formul\u00e1rio eletr\u00f4nico.<br \/>\nO processo seletivo para a p\u00f3s-gradua\u00e7\u00e3o tem duas etapas: an\u00e1lise de pr\u00e9-projeto e an\u00e1lise do curr\u00edculo lattes. O resultado final ser\u00e1 divulgado no dia 4 de mar\u00e7o de 2022 e a aula inaugural est\u00e1 prevista para 21 de mar\u00e7o. O curso \u00e9 gratuito e tem dura\u00e7\u00e3o m\u00e1xima de dois anos.<\/p>\n<p><strong>Entrega do Pr\u00eamio Jo\u00e3o Pedroso 2021<\/strong><br \/>\nIntegrante do grupo de trabalho que desenvolveu\u00a0o dispositivo Elmo- capacete de respira\u00e7\u00e3o assistida desenvolvido em meio \u00e0 pandemia de Covid-19-, o engenheiro cl\u00ednico\u00a0David Guabiraba foi reconhecido com o Pr\u00eamio Jo\u00e3o Pedroso 2021 no dia 22 de outubro.<br \/>\nA premia\u00e7\u00e3o \u00e9 uma iniciativa da Associa\u00e7\u00e3o Brasileira de Engenharia Cl\u00ednica (ABEClin) e visa reconhecer\u00a0profissionais que fizeram a diferen\u00e7a\u00a0na \u00e1rea e apresentar a hist\u00f3ria deles como exemplo a outros profissionais do segmento. O capacete Elmo foi criado em 2020.<\/p>\n<p><strong>Dica da Coluna<\/strong><br \/>\nLeia o Blog do Edilson (www.blogdoedilson.com.br). Cultura, educa\u00e7\u00e3o, pol\u00edtica e utilidade p\u00fablica.<\/p>\n","protected":false},"excerpt":{"rendered":"<p>Sele\u00e7\u00e3o para 515 estagi\u00e1rios em Sobral A Prefeitura de Sobral recebe, at\u00e9 10 de novembro,&#8230;<\/p>\n","protected":false},"author":1,"featured_media":10199,"comment_status":"open","ping_status":"open","sticky":false,"template":"","format":"standard","meta":{"_jetpack_memberships_contains_paid_content":false,"footnotes":"","jetpack_publicize_message":"","jetpack_publicize_feature_enabled":true,"jetpack_social_post_already_shared":true,"jetpack_social_options":{"image_generator_settings":{"template":"highway","default_image_id":0,"font":"","enabled":false},"version":2}},"categories":[11,36],"tags":[],"class_list":["post-17970","post","type-post","status-publish","format-standard","has-post-thumbnail","hentry","category-artigos","category-em-tempo"],"jetpack_publicize_connections":[],"jetpack_featured_media_url":"https:\/\/correiodasemana.com\/site\/wp-content\/uploads\/2019\/12\/FOTO-EDILSON-SILVA-2.jpg","jetpack-related-posts":[{"id":18273,"url":"https:\/\/correiodasemana.com\/site\/estudante-sobralense-do-ifce-detecta-46-asteroides-em-projeto-da-nasa\/","url_meta":{"origin":17970,"position":0},"title":"Estudante sobralense do IFCE detecta 46 aster\u00f3ides em projeto da NASA","author":"","date":"Dezembro 12, 2021","format":false,"excerpt":"Por Samuel Carvalho Reda\u00e7\u00e3o Correio da Semana Geovana Sousa Ramos, de 21 anos, estudante do curso de Licenciatura em F\u00edsica do campus de Sobral participa do programa Ca\u00e7a Asteroides, projeto do Minist\u00e9rio da Ci\u00eancia, Tecnologia e Inova\u00e7\u00f5es (MCTI), em parceria com a Ag\u00eancia Espacial Norte-americana, a Nasa. Durante o per\u00edodo\u2026","rel":"","context":"In &quot;Atualidade&quot;","block_context":{"text":"Atualidade","link":"https:\/\/correiodasemana.com\/site\/category\/atualidade\/"},"img":{"alt_text":"","src":"https:\/\/i0.wp.com\/correiodasemana.com\/site\/wp-content\/uploads\/2021\/12\/WhatsApp-Image-2021-12-09-at-20.04.26.jpeg?resize=350%2C200&ssl=1","width":350,"height":200,"srcset":"https:\/\/i0.wp.com\/correiodasemana.com\/site\/wp-content\/uploads\/2021\/12\/WhatsApp-Image-2021-12-09-at-20.04.26.jpeg?resize=350%2C200&ssl=1 1x, https:\/\/i0.wp.com\/correiodasemana.com\/site\/wp-content\/uploads\/2021\/12\/WhatsApp-Image-2021-12-09-at-20.04.26.jpeg?resize=525%2C300&ssl=1 1.5x, https:\/\/i0.wp.com\/correiodasemana.com\/site\/wp-content\/uploads\/2021\/12\/WhatsApp-Image-2021-12-09-at-20.04.26.jpeg?resize=700%2C400&ssl=1 2x"},"classes":[]},{"id":19196,"url":"https:\/\/correiodasemana.com\/site\/em-tempo-124\/","url_meta":{"origin":17970,"position":1},"title":"Em Tempo","author":"","date":"Mar\u00e7o 14, 2022","format":false,"excerpt":"M\u00fasica para crian\u00e7as e adolescentes O\u00a0Projeto Musicou\u00a0acontece em Fortaleza com o objetivo de oferecer\u00a0educa\u00e7\u00e3o musical\u00a0a jovens. As atividades, que s\u00e3o gratuitas, ser\u00e3o focadas em crian\u00e7as e adolescentes de 6 a 18 anos. Os cursos ser\u00e3o:\u00a0inicia\u00e7\u00e3o musical,\u00a0canto coral,\u00a0percuss\u00e3o\u00a0e\u00a0acordeon. As inscri\u00e7\u00f5es come\u00e7am no dia 14 de mar\u00e7o, e podem ser realizadas no\u2026","rel":"","context":"In &quot;Artigos&quot;","block_context":{"text":"Artigos","link":"https:\/\/correiodasemana.com\/site\/category\/artigos\/"},"img":{"alt_text":"","src":"https:\/\/i0.wp.com\/correiodasemana.com\/site\/wp-content\/uploads\/2022\/03\/1_bem_vinda_a_quixeramobim_01-18251063-300x169.jpg?resize=350%2C200&ssl=1","width":350,"height":200},"classes":[]},{"id":11224,"url":"https:\/\/correiodasemana.com\/site\/em-tempo-35\/","url_meta":{"origin":17970,"position":2},"title":"Em Tempo","author":"","date":"Mar\u00e7o 18, 2020","format":false,"excerpt":"MPCE abre vagas para estagi\u00e1rios O Minist\u00e9rio P\u00fablico do Cear\u00e1 (MPCE) divulgou edital de sele\u00e7\u00e3o de estagi\u00e1rios. Os estudantes universit\u00e1rios podem\u00a0submeter candidatura\u00a0at\u00e9 10 de abril. O valor da bolsa \u00e9 de R$ 937, mais aux\u00edlio-transporte de R$ 140,80, com carga hor\u00e1ria de 25 horas semanais. A prova est\u00e1 prevista para\u2026","rel":"","context":"In &quot;Artigos&quot;","block_context":{"text":"Artigos","link":"https:\/\/correiodasemana.com\/site\/category\/artigos\/"},"img":{"alt_text":"","src":"https:\/\/i0.wp.com\/correiodasemana.com\/site\/wp-content\/uploads\/2020\/03\/image-1.jpg?resize=350%2C200&ssl=1","width":350,"height":200,"srcset":"https:\/\/i0.wp.com\/correiodasemana.com\/site\/wp-content\/uploads\/2020\/03\/image-1.jpg?resize=350%2C200&ssl=1 1x, https:\/\/i0.wp.com\/correiodasemana.com\/site\/wp-content\/uploads\/2020\/03\/image-1.jpg?resize=525%2C300&ssl=1 1.5x, https:\/\/i0.wp.com\/correiodasemana.com\/site\/wp-content\/uploads\/2020\/03\/image-1.jpg?resize=700%2C400&ssl=1 2x, https:\/\/i0.wp.com\/correiodasemana.com\/site\/wp-content\/uploads\/2020\/03\/image-1.jpg?resize=1050%2C600&ssl=1 3x, https:\/\/i0.wp.com\/correiodasemana.com\/site\/wp-content\/uploads\/2020\/03\/image-1.jpg?resize=1400%2C800&ssl=1 4x"},"classes":[]},{"id":28544,"url":"https:\/\/correiodasemana.com\/site\/em-tempo-217\/","url_meta":{"origin":17970,"position":3},"title":"EM TEMPO \u2022","author":"adminredacao","date":"Mar\u00e7o 4, 2024","format":false,"excerpt":"14\u00aa Bienal Internacional de Dan\u00e7a Quem pode dan\u00e7ar? Existe limite de idade para estar em cena? Em \u201cCorpos Velhos \u2013 Pra que servem?\u201d, que teve estreia em 2023, um grupo de grandes bailarinos de uma gera\u00e7\u00e3o pioneira da dan\u00e7a c\u00eanica brasileira vem mostrando que a dan\u00e7a n\u00e3o tem idade, n\u00e3o\u2026","rel":"","context":"In &quot;Artigos&quot;","block_context":{"text":"Artigos","link":"https:\/\/correiodasemana.com\/site\/category\/artigos\/"},"img":{"alt_text":"","src":"https:\/\/i0.wp.com\/correiodasemana.com\/site\/wp-content\/uploads\/2024\/03\/ednardo_serginho_-150x150.jpg?resize=350%2C200&ssl=1","width":350,"height":200,"srcset":"https:\/\/i0.wp.com\/correiodasemana.com\/site\/wp-content\/uploads\/2024\/03\/ednardo_serginho_-150x150.jpg?resize=350%2C200&ssl=1 1x, https:\/\/i0.wp.com\/correiodasemana.com\/site\/wp-content\/uploads\/2024\/03\/ednardo_serginho_-150x150.jpg?resize=525%2C300&ssl=1 1.5x, https:\/\/i0.wp.com\/correiodasemana.com\/site\/wp-content\/uploads\/2024\/03\/ednardo_serginho_-150x150.jpg?resize=700%2C400&ssl=1 2x"},"classes":[]},{"id":14395,"url":"https:\/\/correiodasemana.com\/site\/em-tempo-55\/","url_meta":{"origin":17970,"position":4},"title":"Em Tempo","author":"","date":"Novembro 3, 2020","format":false,"excerpt":"Bienal Internacional de Teatro A Bienal Internacional de Teatro do Cear\u00e1 realiza entre os dias 04 e 14 de novembro, a mostra internacional de espet\u00e1culos. O evento \u00e9 gratuito e a transmiss\u00e3o da programa\u00e7\u00e3o ser\u00e1 atrav\u00e9s do canal do Youtube e Facebook BITCE. As montagens trazem o tema \u201cTeatro e\u2026","rel":"","context":"In &quot;Artigos&quot;","block_context":{"text":"Artigos","link":"https:\/\/correiodasemana.com\/site\/category\/artigos\/"},"img":{"alt_text":"","src":"https:\/\/i0.wp.com\/correiodasemana.com\/site\/wp-content\/uploads\/2019\/12\/FOTO-EDILSON-SILVA-2.jpg?resize=350%2C200&ssl=1","width":350,"height":200,"srcset":"https:\/\/i0.wp.com\/correiodasemana.com\/site\/wp-content\/uploads\/2019\/12\/FOTO-EDILSON-SILVA-2.jpg?resize=350%2C200&ssl=1 1x, https:\/\/i0.wp.com\/correiodasemana.com\/site\/wp-content\/uploads\/2019\/12\/FOTO-EDILSON-SILVA-2.jpg?resize=525%2C300&ssl=1 1.5x, https:\/\/i0.wp.com\/correiodasemana.com\/site\/wp-content\/uploads\/2019\/12\/FOTO-EDILSON-SILVA-2.jpg?resize=700%2C400&ssl=1 2x"},"classes":[]},{"id":20602,"url":"https:\/\/correiodasemana.com\/site\/em-tempo-144\/","url_meta":{"origin":17970,"position":5},"title":"Em Tempo","author":"","date":"Julho 31, 2022","format":false,"excerpt":"Mestrado em Ci\u00eancia da Informa\u00e7\u00e3o O Programa de P\u00f3s-Gradua\u00e7\u00e3o em Ci\u00eancia da Informa\u00e7\u00e3o da Universidade Federal do Cear\u00e1 lan\u00e7ou edital referente ao processo seletivo para mestrado acad\u00eamico 2022.2. As inscri\u00e7\u00f5es estar\u00e3o abertas no per\u00edodo de\u00a01\u00ba a 31 de agosto. S\u00e3o ofertadas\u00a0at\u00e9 12 vagas, em Fortaleza. Podem participar profissionais portadores de\u2026","rel":"","context":"In &quot;Artigos&quot;","block_context":{"text":"Artigos","link":"https:\/\/correiodasemana.com\/site\/category\/artigos\/"},"img":{"alt_text":"","src":"https:\/\/i0.wp.com\/correiodasemana.com\/site\/wp-content\/uploads\/2022\/07\/col-em-tempo-1-300x168.jpg?resize=350%2C200&ssl=1","width":350,"height":200},"classes":[]}],"jetpack_sharing_enabled":true,"_links":{"self":[{"href":"https:\/\/correiodasemana.com\/site\/wp-json\/wp\/v2\/posts\/17970","targetHints":{"allow":["GET"]}}],"collection":[{"href":"https:\/\/correiodasemana.com\/site\/wp-json\/wp\/v2\/posts"}],"about":[{"href":"https:\/\/correiodasemana.com\/site\/wp-json\/wp\/v2\/types\/post"}],"author":[{"embeddable":true,"href":"https:\/\/correiodasemana.com\/site\/wp-json\/wp\/v2\/users\/1"}],"replies":[{"embeddable":true,"href":"https:\/\/correiodasemana.com\/site\/wp-json\/wp\/v2\/comments?post=17970"}],"version-history":[{"count":1,"href":"https:\/\/correiodasemana.com\/site\/wp-json\/wp\/v2\/posts\/17970\/revisions"}],"predecessor-version":[{"id":17972,"href":"https:\/\/correiodasemana.com\/site\/wp-json\/wp\/v2\/posts\/17970\/revisions\/17972"}],"wp:featuredmedia":[{"embeddable":true,"href":"https:\/\/correiodasemana.com\/site\/wp-json\/wp\/v2\/media\/10199"}],"wp:attachment":[{"href":"https:\/\/correiodasemana.com\/site\/wp-json\/wp\/v2\/media?parent=17970"}],"wp:term":[{"taxonomy":"category","embeddable":true,"href":"https:\/\/correiodasemana.com\/site\/wp-json\/wp\/v2\/categories?post=17970"},{"taxonomy":"post_tag","embeddable":true,"href":"https:\/\/correiodasemana.com\/site\/wp-json\/wp\/v2\/tags?post=17970"}],"curies":[{"name":"wp","href":"https:\/\/api.w.org\/{rel}","templated":true}]}}