{"id":18042,"date":"2021-11-14T23:21:22","date_gmt":"2021-11-15T02:21:22","guid":{"rendered":"https:\/\/correiodasemana.com\/site\/?p=18042"},"modified":"2021-11-14T23:21:22","modified_gmt":"2021-11-15T02:21:22","slug":"postos-de-saude-de-sobral-passarao-a-contar-com-vacinacao-fixa-contra-a-covid-19","status":"publish","type":"post","link":"https:\/\/correiodasemana.com\/site\/postos-de-saude-de-sobral-passarao-a-contar-com-vacinacao-fixa-contra-a-covid-19\/","title":{"rendered":"Postos de Sa\u00fade de Sobral passar\u00e3o a contar com vacina\u00e7\u00e3o fixa contra a Covid-19"},"content":{"rendered":"<p>A partir do dia 16 de novembro, os Centros de Sa\u00fade da Fam\u00edlia (CSF) de todo municipio passsar\u00e3o a contar com vacina\u00e7\u00e3o fica contra a Covid-19. \u00c9 necess\u00e1rio agendamento. Procure o CSF do seu bairro.<br \/>\nDe acordo com a coordenadora da Vigila\u0302ncia em Sau\u0301de, Leti\u0301cia Reichel, o agendamento e\u0301 necessa\u0301rio para garantir que na\u0303o haja desperdi\u0301cio dos imunizantes. \u201cQuando iniciamos um frasco, ele na\u0303o rende apenas uma dose. A Pfizer, por exemplo, rende seis doses, enquanto a CoronaVac rende 10 doses. Se abrimos um frasco, precisamos usar todas as doses para que na\u0303o haja perda do imunizante\u201d.<\/p>\n","protected":false},"excerpt":{"rendered":"<p>A partir do dia 16 de novembro, os Centros de Sa\u00fade da Fam\u00edlia (CSF) de&#8230;<\/p>\n","protected":false},"author":1,"featured_media":17050,"comment_status":"open","ping_status":"open","sticky":false,"template":"","format":"standard","meta":{"_jetpack_memberships_contains_paid_content":false,"footnotes":"","jetpack_publicize_message":"","jetpack_publicize_feature_enabled":true,"jetpack_social_post_already_shared":true,"jetpack_social_options":{"image_generator_settings":{"template":"highway","default_image_id":0,"font":"","enabled":false},"version":2}},"categories":[1],"tags":[],"class_list":["post-18042","post","type-post","status-publish","format-standard","has-post-thumbnail","hentry","category-atualidade"],"jetpack_publicize_connections":[],"jetpack_featured_media_url":"https:\/\/correiodasemana.com\/site\/wp-content\/uploads\/2021\/07\/vacinacao-covid-rodrigo-nagafuti-23-.jpg","jetpack-related-posts":[{"id":21442,"url":"https:\/\/correiodasemana.com\/site\/ministerio-da-saude-recebe-1-milhao-de-doses-de-vacina-contra-covid-19\/","url_meta":{"origin":18042,"position":0},"title":"Minist\u00e9rio da Sa\u00fade recebe 1 milh\u00e3o de doses de vacina contra covid-19","author":"","date":"Novembro 4, 2022","format":false,"excerpt":"O Minist\u00e9rio da Sa\u00fade informou hoje (3) que recebeu, na \u00faltima semana, 1 milh\u00e3o de doses da vacina contra a covid-19 destinadas para crian\u00e7as de seis meses a menores de 3 anos de idade com comorbidades. Segundo a pasta, o in\u00edcio do processo de distribui\u00e7\u00e3o aos estados est\u00e1 previsto para\u2026","rel":"","context":"In &quot;Atualidade&quot;","block_context":{"text":"Atualidade","link":"https:\/\/correiodasemana.com\/site\/category\/atualidade\/"},"img":{"alt_text":"","src":"https:\/\/i0.wp.com\/correiodasemana.com\/site\/wp-content\/uploads\/2022\/11\/0303.jpg?resize=350%2C200&ssl=1","width":350,"height":200,"srcset":"https:\/\/i0.wp.com\/correiodasemana.com\/site\/wp-content\/uploads\/2022\/11\/0303.jpg?resize=350%2C200&ssl=1 1x, https:\/\/i0.wp.com\/correiodasemana.com\/site\/wp-content\/uploads\/2022\/11\/0303.jpg?resize=525%2C300&ssl=1 1.5x, https:\/\/i0.wp.com\/correiodasemana.com\/site\/wp-content\/uploads\/2022\/11\/0303.jpg?resize=700%2C400&ssl=1 2x, https:\/\/i0.wp.com\/correiodasemana.com\/site\/wp-content\/uploads\/2022\/11\/0303.jpg?resize=1050%2C600&ssl=1 3x"},"classes":[]},{"id":18643,"url":"https:\/\/correiodasemana.com\/site\/sobral-iniciou-vacinacao-com-criancas-na-ultima-terca-feira-18-imunizacao-comecou-com-criancas-de-11-anos\/","url_meta":{"origin":18042,"position":1},"title":"Sobral iniciou vacina\u00e7\u00e3o com crian\u00e7as na \u00faltima ter\u00e7a-feira (18); Imuniza\u00e7\u00e3o come\u00e7ou com crian\u00e7as de 11 anos","author":"","date":"Janeiro 24, 2022","format":false,"excerpt":"Por Samuel Carvalho - Reda\u00e7\u00e3o Correio da Semana A vacina\u00e7\u00e3o do p\u00fablico infantil no munic\u00edpio de Sobral iniciou na \u00faltima ter\u00e7a-feira (18), no Centro de Educa\u00e7\u00e3o a Dist\u00e2ncia (CED) e em algumas escolas municipais. Durante a primeira etapa crian\u00e7as de 11 anos cadastradas at\u00e9 o dia 11 de janeiro ser\u00e3o\u2026","rel":"","context":"In &quot;Atualidade&quot;","block_context":{"text":"Atualidade","link":"https:\/\/correiodasemana.com\/site\/category\/atualidade\/"},"img":{"alt_text":"","src":"https:\/\/i0.wp.com\/correiodasemana.com\/site\/wp-content\/uploads\/2021\/06\/1611055102756.jpg?resize=350%2C200&ssl=1","width":350,"height":200,"srcset":"https:\/\/i0.wp.com\/correiodasemana.com\/site\/wp-content\/uploads\/2021\/06\/1611055102756.jpg?resize=350%2C200&ssl=1 1x, https:\/\/i0.wp.com\/correiodasemana.com\/site\/wp-content\/uploads\/2021\/06\/1611055102756.jpg?resize=525%2C300&ssl=1 1.5x, https:\/\/i0.wp.com\/correiodasemana.com\/site\/wp-content\/uploads\/2021\/06\/1611055102756.jpg?resize=700%2C400&ssl=1 2x"},"classes":[]},{"id":29381,"url":"https:\/\/correiodasemana.com\/site\/ibge-quase-94-da-populacao-brasileira-se-vacinou-contra-covid-19\/","url_meta":{"origin":18042,"position":2},"title":"IBGE: quase 94% da popula\u00e7\u00e3o brasileira se vacinou contra covid-19","author":"adminredacao","date":"Maio 27, 2024","format":false,"excerpt":"PNAD Cont\u00ednua Covid-19 mostra que mulheres se vacinaram mais Por Ana Cristina Campos \u2013 Rep\u00f3rter da Ag\u00eancia Brasil - Rio de Janeiro No primeiro trimestre de 2023, 188,3 milh\u00f5es de pessoas de 5 anos ou mais de idade tinham tomado pelo menos uma dose de vacina contra a covid-19, o\u2026","rel":"","context":"In &quot;Atualidade&quot;","block_context":{"text":"Atualidade","link":"https:\/\/correiodasemana.com\/site\/category\/atualidade\/"},"img":{"alt_text":"","src":"https:\/\/i0.wp.com\/correiodasemana.com\/site\/wp-content\/uploads\/2024\/05\/vacinacao_df.jpg?resize=350%2C200&ssl=1","width":350,"height":200,"srcset":"https:\/\/i0.wp.com\/correiodasemana.com\/site\/wp-content\/uploads\/2024\/05\/vacinacao_df.jpg?resize=350%2C200&ssl=1 1x, https:\/\/i0.wp.com\/correiodasemana.com\/site\/wp-content\/uploads\/2024\/05\/vacinacao_df.jpg?resize=525%2C300&ssl=1 1.5x, https:\/\/i0.wp.com\/correiodasemana.com\/site\/wp-content\/uploads\/2024\/05\/vacinacao_df.jpg?resize=700%2C400&ssl=1 2x"},"classes":[]},{"id":16565,"url":"https:\/\/correiodasemana.com\/site\/em-sobral-mais-de-20-mil-pessoas-estao-recuperadas-da-covid-19\/","url_meta":{"origin":18042,"position":3},"title":"Em Sobral, mais de 20 mil pessoas est\u00e3o recuperadas da covid-19","author":"","date":"Maio 24, 2021","format":false,"excerpt":"Vacina\u00e7\u00e3o continua na cidade imunizante AstraZeneca para pessoas com comorbidades Por Samuel Carvalho Reda\u00e7\u00e3o Correio da Semana Foi informado por meio das redes sociais da Prefeitura de Sobral que mais de 20 mil sobralenses j\u00e1 est\u00e3o recuperados do coronav\u00edrus. O primeiro caso na cidade foi registrado no dia 17 de\u2026","rel":"","context":"In &quot;Atualidade&quot;","block_context":{"text":"Atualidade","link":"https:\/\/correiodasemana.com\/site\/category\/atualidade\/"},"img":{"alt_text":"","src":"https:\/\/i0.wp.com\/correiodasemana.com\/site\/wp-content\/uploads\/2021\/05\/Maciel-Junior-saindo-do-hospital.jpeg?resize=350%2C200&ssl=1","width":350,"height":200,"srcset":"https:\/\/i0.wp.com\/correiodasemana.com\/site\/wp-content\/uploads\/2021\/05\/Maciel-Junior-saindo-do-hospital.jpeg?resize=350%2C200&ssl=1 1x, https:\/\/i0.wp.com\/correiodasemana.com\/site\/wp-content\/uploads\/2021\/05\/Maciel-Junior-saindo-do-hospital.jpeg?resize=525%2C300&ssl=1 1.5x, https:\/\/i0.wp.com\/correiodasemana.com\/site\/wp-content\/uploads\/2021\/05\/Maciel-Junior-saindo-do-hospital.jpeg?resize=700%2C400&ssl=1 2x, https:\/\/i0.wp.com\/correiodasemana.com\/site\/wp-content\/uploads\/2021\/05\/Maciel-Junior-saindo-do-hospital.jpeg?resize=1050%2C600&ssl=1 3x"},"classes":[]},{"id":18300,"url":"https:\/\/correiodasemana.com\/site\/ceara-detem-o-maior-numero-de-imunizados-no-nordeste-com-65-da-populacao-vacinada-contra-a-covid-19\/","url_meta":{"origin":18042,"position":4},"title":"Cear\u00e1 det\u00e9m o maior n\u00famero de imunizados no Nordeste, com 65% da popula\u00e7\u00e3o vacinada contra a covid-19","author":"","date":"Dezembro 12, 2021","format":false,"excerpt":"Por Samuel Carvalho Reda\u00e7\u00e3o Correio da Semana De acordo com levantamento de dados realizado pelo cons\u00f3rcio de ve\u00edculos de imprensa, a partir de dados divulgados pelas secretarias estaduais de Sa\u00fade o Cear\u00e1 tem 65,07% da popula\u00e7\u00e3o imunizada contra a Covid-19. Conta como imunizados pessoas que receberam as duas doses da\u2026","rel":"","context":"In &quot;Atualidade&quot;","block_context":{"text":"Atualidade","link":"https:\/\/correiodasemana.com\/site\/category\/atualidade\/"},"img":{"alt_text":"","src":"https:\/\/i0.wp.com\/correiodasemana.com\/site\/wp-content\/uploads\/2021\/12\/seis-meses-vacinacao-1.png?resize=350%2C200&ssl=1","width":350,"height":200,"srcset":"https:\/\/i0.wp.com\/correiodasemana.com\/site\/wp-content\/uploads\/2021\/12\/seis-meses-vacinacao-1.png?resize=350%2C200&ssl=1 1x, https:\/\/i0.wp.com\/correiodasemana.com\/site\/wp-content\/uploads\/2021\/12\/seis-meses-vacinacao-1.png?resize=525%2C300&ssl=1 1.5x, https:\/\/i0.wp.com\/correiodasemana.com\/site\/wp-content\/uploads\/2021\/12\/seis-meses-vacinacao-1.png?resize=700%2C400&ssl=1 2x"},"classes":[]},{"id":17309,"url":"https:\/\/correiodasemana.com\/site\/mais-de-60-da-populacao-de-sobral-ja-esta-vacinada-com-pelo-menos-uma-dose-do-imunizante-contra-a-covid-19\/","url_meta":{"origin":18042,"position":5},"title":"Mais de 60% da popula\u00e7\u00e3o de Sobral j\u00e1 est\u00e1 vacinada com pelo menos uma dose do imunizante contra a covid-19","author":"","date":"Agosto 23, 2021","format":false,"excerpt":"Por Samuel Carvalho Reda\u00e7\u00e3o Correio da Semana Sobral atingiu a marca de 63.2% da popula\u00e7\u00e3o vacinada com pelo menos uma dose do imunizante contra a covid-19, avan\u00e7ando quase 10 anos na faixa et\u00e1ria e iniciando a vacina\u00e7\u00e3o das pessoas com 21 anos durante esta semana. Segundo as \u00faltimas contagens foram\u2026","rel":"","context":"In &quot;Atualidade&quot;","block_context":{"text":"Atualidade","link":"https:\/\/correiodasemana.com\/site\/category\/atualidade\/"},"img":{"alt_text":"","src":"https:\/\/i0.wp.com\/correiodasemana.com\/site\/wp-content\/uploads\/2021\/08\/lp_080621___vacinacao__22_-9333698.jpg?resize=350%2C200&ssl=1","width":350,"height":200,"srcset":"https:\/\/i0.wp.com\/correiodasemana.com\/site\/wp-content\/uploads\/2021\/08\/lp_080621___vacinacao__22_-9333698.jpg?resize=350%2C200&ssl=1 1x, https:\/\/i0.wp.com\/correiodasemana.com\/site\/wp-content\/uploads\/2021\/08\/lp_080621___vacinacao__22_-9333698.jpg?resize=525%2C300&ssl=1 1.5x, https:\/\/i0.wp.com\/correiodasemana.com\/site\/wp-content\/uploads\/2021\/08\/lp_080621___vacinacao__22_-9333698.jpg?resize=700%2C400&ssl=1 2x"},"classes":[]}],"jetpack_sharing_enabled":true,"_links":{"self":[{"href":"https:\/\/correiodasemana.com\/site\/wp-json\/wp\/v2\/posts\/18042","targetHints":{"allow":["GET"]}}],"collection":[{"href":"https:\/\/correiodasemana.com\/site\/wp-json\/wp\/v2\/posts"}],"about":[{"href":"https:\/\/correiodasemana.com\/site\/wp-json\/wp\/v2\/types\/post"}],"author":[{"embeddable":true,"href":"https:\/\/correiodasemana.com\/site\/wp-json\/wp\/v2\/users\/1"}],"replies":[{"embeddable":true,"href":"https:\/\/correiodasemana.com\/site\/wp-json\/wp\/v2\/comments?post=18042"}],"version-history":[{"count":1,"href":"https:\/\/correiodasemana.com\/site\/wp-json\/wp\/v2\/posts\/18042\/revisions"}],"predecessor-version":[{"id":18043,"href":"https:\/\/correiodasemana.com\/site\/wp-json\/wp\/v2\/posts\/18042\/revisions\/18043"}],"wp:featuredmedia":[{"embeddable":true,"href":"https:\/\/correiodasemana.com\/site\/wp-json\/wp\/v2\/media\/17050"}],"wp:attachment":[{"href":"https:\/\/correiodasemana.com\/site\/wp-json\/wp\/v2\/media?parent=18042"}],"wp:term":[{"taxonomy":"category","embeddable":true,"href":"https:\/\/correiodasemana.com\/site\/wp-json\/wp\/v2\/categories?post=18042"},{"taxonomy":"post_tag","embeddable":true,"href":"https:\/\/correiodasemana.com\/site\/wp-json\/wp\/v2\/tags?post=18042"}],"curies":[{"name":"wp","href":"https:\/\/api.w.org\/{rel}","templated":true}]}}