{"id":18053,"date":"2021-11-14T23:26:54","date_gmt":"2021-11-15T02:26:54","guid":{"rendered":"https:\/\/correiodasemana.com\/site\/?p=18053"},"modified":"2021-11-14T23:26:54","modified_gmt":"2021-11-15T02:26:54","slug":"ecos-da-cop-26","status":"publish","type":"post","link":"https:\/\/correiodasemana.com\/site\/ecos-da-cop-26\/","title":{"rendered":"ECOS DA COP-26"},"content":{"rendered":"<p>A 26\u00aa Confer\u00eancia das Na\u00e7\u00f5es Unidas sobre as Mudan\u00e7as Clim\u00e1ticas (COP-26) precisa abrir um novo ciclo em que as propostas apresentadas por l\u00edderes governamentais sejam cumpridas ante \u00e0s urg\u00eancias clim\u00e1ticas que \u201cardem na pele\u201d da popula\u00e7\u00e3o. Essas urg\u00eancias revelam trope\u00e7os da humanidade e, particularmente, da sociedade brasileira. E n\u00e3o \u00e9 suficiente delegar a responsabilidade \u00e0s autoridades. A sociedade civil precisa assumir a sua insubstitu\u00edvel tarefa de acompanhar e interpelar os governantes sobre o adequado tratamento da casa comum. Tamb\u00e9m as inst\u00e2ncias parlamentares t\u00eam a importante responsabilidade legislativa de fazer avan\u00e7ar acordos que busquem a prote\u00e7\u00e3o do planeta. Nessa miss\u00e3o, \u00e9 muito necess\u00e1rio acompanhar as movimenta\u00e7\u00f5es sobre os processos que podem inviabilizar conquistas e at\u00e9 mesmo gerar preju\u00edzos significativos. No contexto da COP-26, por exemplo, presen\u00e7as e aus\u00eancias de autoridades convidadas j\u00e1 sinalizam a disponibilidade para efetivar, ou n\u00e3o, acordos estabelecidos na Confer\u00eancia. H\u00e1 de ser considerada, ainda, a for\u00e7a do mercado, vetor determinante para avan\u00e7os ou retrocessos na luta contra as mudan\u00e7as clim\u00e1ticas. Mercado e pol\u00edtica contracenam no desafio de alcan\u00e7ar avan\u00e7os na busca por um desenvolvimento sustent\u00e1vel e integral.<br \/>\nO contexto socioambiental exige interven\u00e7\u00f5es urgentes, pois a humanidade n\u00e3o pode mais permanecer envolta pela cegueira que o dinheiro provoca \u2013 o lucro ambicioso e perverso compromete muitas formas de vida no planeta. Por isso mesmo, as narrativas sobre a casa comum precisam entrar, com mais frequ\u00eancia e familiaridade, nas pautas cidad\u00e3s. \u00c9 preciso que a sociedade civil esteja bem informada para se posicionar, por meio dos mecanismos poss\u00edveis e dispon\u00edveis, a respeito dos compromissos assumidos por governos e organismos internacionais. Indispens\u00e1vel \u00e9 o horizonte rico e muito bem articulado da Carta Enc\u00edclica Laudato Si\u2019, do Papa Francisco, com arquitetura de um fundamental processo educativo. Essa aprendizagem viabilizada pela Carta Enc\u00edclica inspira sensibilidades e honestidade para as urg\u00eancias socioambientais. Um contraponto \u00e0s conveni\u00eancias e \u00e0s manipula\u00e7\u00f5es legislativas, \u00e0s leni\u00eancias e \u00e0s concess\u00f5es em desfavor do planeta, rumo \u00e0s cat\u00e1strofes clim\u00e1ticas.<br \/>\nQuando se considera a realidade brasileira, os n\u00fameros, as a\u00e7\u00f5es governamentais e as tentativas de flexibiliza\u00e7\u00e3o legislativa s\u00e3o preocupantes. Lamentavelmente, os discursos ainda s\u00e3o mais demag\u00f3gicos que incidentes \u2013 n\u00e3o possuem for\u00e7a para corre\u00e7\u00f5es. Considerando as informa\u00e7\u00f5es do Painel Intergovernamental sobre Mudan\u00e7as Clim\u00e1ticas (IPCC), o aumento da emiss\u00e3o de gases de efeito estufa j\u00e1 provoca transforma\u00e7\u00f5es prejudiciais irrevers\u00edveis no Brasil. Uma realidade que exige o compromisso \u00e9tico-moral de cada cidad\u00e3o brasileiro na tarefa de promover mudan\u00e7as no tratamento dos recursos naturais do Pa\u00eds. A desarvorada \u00e2nsia por riquezas e lucros leva a situa\u00e7\u00f5es clim\u00e1ticas cada vez mais danosas em todas macrorregi\u00f5es que integram o territ\u00f3rio nacional. O enriquecimento de alguns coabita com um crescente amargor da popula\u00e7\u00e3o que pode se acentuar nos dias vindouros.<br \/>\nPara se efetivar as solu\u00e7\u00f5es t\u00e9cnico-cient\u00edficas de modo a frear o aquecimento global \u00e9 preciso contar com a dedica\u00e7\u00e3o dos cidad\u00e3os e com a responsabilidade daqueles que ocupam as inst\u00e2ncias do poder. A sociedade brasileira, nos trilhos da esperada seriedade dos governantes, de coerentes escolhas legislativas e de decis\u00f5es judiciais inequ\u00edvocas, requer mais investimentos para efetivar uma educa\u00e7\u00e3o ambiental no horizonte inegoci\u00e1vel da ecologia integral. Assim, todos poder\u00e3o reconhecer que o peso dos efeitos prejudiciais\u00a0das mudan\u00e7as clim\u00e1ticas alcan\u00e7a cada pessoa, mas pagam o pre\u00e7o mais alto os empobrecidos e exclu\u00eddos, especialmente castigados pelas secas, enchentes, geadas e outros fen\u00f4menos clim\u00e1ticos.<br \/>\nH\u00e1 de crescer, mais aceleradamente, a sensibilidade para escutar os clamores dos pobres e da casa comum. Assim, sejam edificadas a\u00e7\u00f5es que ultrapassem a contempla\u00e7\u00e3o de interesses ego\u00edstas e a busca pelo enriquecimento predat\u00f3rio. \u00c9 hora de construir entendimentos a partir do di\u00e1logo, para corrigir descompassos que levam a um desenvolvimento parcial e excludente. Dentre os desafios, busque-se reconhecer a import\u00e2ncia dos povos ind\u00edgenas, na sua sabedoria inigual\u00e1vel na conserva\u00e7\u00e3o ambiental, para ir al\u00e9m dos interesses olig\u00e1rquicos miner\u00e1rios ou agropecu\u00e1rios. Um exerc\u00edcio urgente quando se sabe das movimenta\u00e7\u00f5es para derrubar o marco temporal constitucional, em nome de ambi\u00e7\u00f5es que desconsideram n\u00e3o somente os povos ind\u00edgenas, mas tamb\u00e9m o equil\u00edbrio do ecossistema na casa comum. A COP-26 precisa ser real sinal de esperan\u00e7a e abrir um novo ciclo no planeta, balizado por solidariedade e respeito. N\u00e3o se pode perder tempo, pois s\u00e3o urgentes novas posturas, rigoroso zelo para evitar retrocessos na preserva\u00e7\u00e3o ambiental, buscando sempre defender a vida no planeta. Os ecos da COP-26 inspirem profunda mudan\u00e7a no Brasil e no mundo, para que a humanidade viva um desenvolvimento integral e sustent\u00e1vel.<br \/>\nDom Walmor Oliveira de Azevedo &#8211; Arcebispo de Belo Horizonte (MG)<\/p>\n","protected":false},"excerpt":{"rendered":"<p>A 26\u00aa Confer\u00eancia das Na\u00e7\u00f5es Unidas sobre as Mudan\u00e7as Clim\u00e1ticas (COP-26) precisa abrir um novo&#8230;<\/p>\n","protected":false},"author":1,"featured_media":7687,"comment_status":"open","ping_status":"open","sticky":false,"template":"","format":"standard","meta":{"_jetpack_memberships_contains_paid_content":false,"footnotes":"","jetpack_publicize_message":"","jetpack_publicize_feature_enabled":true,"jetpack_social_post_already_shared":true,"jetpack_social_options":{"image_generator_settings":{"template":"highway","default_image_id":0,"font":"","enabled":false},"version":2}},"categories":[24,11,4,39],"tags":[],"class_list":["post-18053","post","type-post","status-publish","format-standard","has-post-thumbnail","hentry","category-a-voz-do-pastor","category-artigos","category-diocese","category-igreja"],"jetpack_publicize_connections":[],"jetpack_featured_media_url":"https:\/\/correiodasemana.com\/site\/wp-content\/uploads\/2018\/02\/Dom-Vasconcelos-posses.jpg","jetpack-related-posts":[{"id":35339,"url":"https:\/\/correiodasemana.com\/site\/representacao-da-cpt-da-diocese-de-sobral-participa-da-cupula-dos-povos-nordeste-na-cop-30\/","url_meta":{"origin":18053,"position":0},"title":"Representa\u00e7\u00e3o da CPT da Diocese de Sobral, Participa da C\u00fapula dos Povos Nordeste na COP 30","author":"adminredacao","date":"Agosto 25, 2025","format":false,"excerpt":"Acontece entre os dias 21 a 23 de agosto de 2025 em Fortaleza - II Semin\u00e1rio: Transi\u00e7\u00e3o ou Transa\u00e7\u00e3o energ\u00e9tica? Conflitos, viola\u00e7\u00f5es de direito, clima e poder digital. Chiquinho, agentes CPT e coordenador regional e Leandro, campon\u00eas da comunidades quilombola de Jardim do distrito do Patriarca. Participam da C\u00fapula dos\u2026","rel":"","context":"In &quot;Atualidade&quot;","block_context":{"text":"Atualidade","link":"https:\/\/correiodasemana.com\/site\/category\/atualidade\/"},"img":{"alt_text":"","src":"https:\/\/i0.wp.com\/correiodasemana.com\/site\/wp-content\/uploads\/2025\/08\/WhatsApp-Image-2025-08-22-at-19.03.56-2.jpeg?resize=350%2C200&ssl=1","width":350,"height":200,"srcset":"https:\/\/i0.wp.com\/correiodasemana.com\/site\/wp-content\/uploads\/2025\/08\/WhatsApp-Image-2025-08-22-at-19.03.56-2.jpeg?resize=350%2C200&ssl=1 1x, https:\/\/i0.wp.com\/correiodasemana.com\/site\/wp-content\/uploads\/2025\/08\/WhatsApp-Image-2025-08-22-at-19.03.56-2.jpeg?resize=525%2C300&ssl=1 1.5x, https:\/\/i0.wp.com\/correiodasemana.com\/site\/wp-content\/uploads\/2025\/08\/WhatsApp-Image-2025-08-22-at-19.03.56-2.jpeg?resize=700%2C400&ssl=1 2x, https:\/\/i0.wp.com\/correiodasemana.com\/site\/wp-content\/uploads\/2025\/08\/WhatsApp-Image-2025-08-22-at-19.03.56-2.jpeg?resize=1050%2C600&ssl=1 3x"},"classes":[]},{"id":34593,"url":"https:\/\/correiodasemana.com\/site\/igreja-rumo-a-cop-30-encontro-em-juazeiro-mobiliza-questoes-socioambientais\/","url_meta":{"origin":18053,"position":1},"title":"Igreja Rumo \u00e0 COP 30: Encontro em Juazeiro Mobiliza Quest\u00f5es Socioambientais","author":"adminredacao","date":"Julho 15, 2025","format":false,"excerpt":"Coordenadores da CPT Cear\u00e1 e C\u00e1ritas de Sobral participam de evento preparat\u00f3rio para a COP30 no Nordeste. Ambos est\u00e3o na delega\u00e7\u00e3o que est\u00e3o representando o Regional Nordeste 1 - CNBB Cear\u00e1. Juazeiro, BA \u2013 O Encontro da Pr\u00e9-COP30 Nordeste acontece de 10 a 12 de julho de 2025, reunindo l\u00edderes\u2026","rel":"","context":"In &quot;Atualidade&quot;","block_context":{"text":"Atualidade","link":"https:\/\/correiodasemana.com\/site\/category\/atualidade\/"},"img":{"alt_text":"","src":"https:\/\/i0.wp.com\/correiodasemana.com\/site\/wp-content\/uploads\/2025\/07\/WhatsApp-Image-2025-07-11-at-08.43.47.jpeg?resize=350%2C200&ssl=1","width":350,"height":200,"srcset":"https:\/\/i0.wp.com\/correiodasemana.com\/site\/wp-content\/uploads\/2025\/07\/WhatsApp-Image-2025-07-11-at-08.43.47.jpeg?resize=350%2C200&ssl=1 1x, https:\/\/i0.wp.com\/correiodasemana.com\/site\/wp-content\/uploads\/2025\/07\/WhatsApp-Image-2025-07-11-at-08.43.47.jpeg?resize=525%2C300&ssl=1 1.5x, https:\/\/i0.wp.com\/correiodasemana.com\/site\/wp-content\/uploads\/2025\/07\/WhatsApp-Image-2025-07-11-at-08.43.47.jpeg?resize=700%2C400&ssl=1 2x, https:\/\/i0.wp.com\/correiodasemana.com\/site\/wp-content\/uploads\/2025\/07\/WhatsApp-Image-2025-07-11-at-08.43.47.jpeg?resize=1050%2C600&ssl=1 3x"},"classes":[]},{"id":21691,"url":"https:\/\/correiodasemana.com\/site\/cop27-santa-se-as-decisoes-devem-ser-tomadas-com-urgencia-e-responsabilidade\/","url_meta":{"origin":18053,"position":2},"title":"COP27, Santa S\u00e9: as decis\u00f5es devem ser tomadas com urg\u00eancia e responsabilidade","author":"","date":"Novembro 17, 2022","format":false,"excerpt":"Discurso de Dom Nicolas Thevenin, N\u00fancio Apost\u00f3lico no Egito, na c\u00fapula de Sharm El Sheikh: deve ser promovido um modelo renovado de desenvolvimento e sustentabilidade baseado no cuidado, na fraternidade e na coopera\u00e7\u00e3o \u00a0 Amedeo Lomonaco \u2013 Vatican News Urg\u00eancia e responsabilidade s\u00e3o as duas diretrizes fundamentais para os trabalhos\u2026","rel":"","context":"In &quot;Atualidade&quot;","block_context":{"text":"Atualidade","link":"https:\/\/correiodasemana.com\/site\/category\/atualidade\/"},"img":{"alt_text":"","src":"https:\/\/i0.wp.com\/correiodasemana.com\/site\/wp-content\/uploads\/2022\/11\/cq5dam.thumbnail.cropped.750.422-1-1.jpeg?resize=350%2C200&ssl=1","width":350,"height":200,"srcset":"https:\/\/i0.wp.com\/correiodasemana.com\/site\/wp-content\/uploads\/2022\/11\/cq5dam.thumbnail.cropped.750.422-1-1.jpeg?resize=350%2C200&ssl=1 1x, https:\/\/i0.wp.com\/correiodasemana.com\/site\/wp-content\/uploads\/2022\/11\/cq5dam.thumbnail.cropped.750.422-1-1.jpeg?resize=525%2C300&ssl=1 1.5x, https:\/\/i0.wp.com\/correiodasemana.com\/site\/wp-content\/uploads\/2022\/11\/cq5dam.thumbnail.cropped.750.422-1-1.jpeg?resize=700%2C400&ssl=1 2x"},"classes":[]},{"id":32754,"url":"https:\/\/correiodasemana.com\/site\/ecologia-integral-dom-vasconcelos-presidira-missa-de-abertura-da-campanha-da-fraternidade\/","url_meta":{"origin":18053,"position":3},"title":"ECOLOGIA INTEGRAL: Dom Vasconcelos presidir\u00e1 missa de abertura da Campanha da Fraternidade","author":"adminredacao","date":"Mar\u00e7o 9, 2025","format":false,"excerpt":"A Campanha da Fraternidade 2025 nos convida a refletir sobre a urg\u00eancia de cuidar da nossa Casa Comum, promovendo uma ecologia integral que conecta a f\u00e9 crist\u00e3 com a responsabilidade socioambiental. No contexto de 10 anos de promulga\u00e7\u00e3o da Enc\u00edclica Laudato Si\u2019, dos 800 anos do C\u00e2ntico das Criaturas de\u2026","rel":"","context":"In &quot;Atualidade&quot;","block_context":{"text":"Atualidade","link":"https:\/\/correiodasemana.com\/site\/category\/atualidade\/"},"img":{"alt_text":"","src":"https:\/\/i0.wp.com\/correiodasemana.com\/site\/wp-content\/uploads\/2025\/03\/Jornal-Correio-da-Semana-No-1061-4.jpg?resize=350%2C200&ssl=1","width":350,"height":200,"srcset":"https:\/\/i0.wp.com\/correiodasemana.com\/site\/wp-content\/uploads\/2025\/03\/Jornal-Correio-da-Semana-No-1061-4.jpg?resize=350%2C200&ssl=1 1x, https:\/\/i0.wp.com\/correiodasemana.com\/site\/wp-content\/uploads\/2025\/03\/Jornal-Correio-da-Semana-No-1061-4.jpg?resize=525%2C300&ssl=1 1.5x, https:\/\/i0.wp.com\/correiodasemana.com\/site\/wp-content\/uploads\/2025\/03\/Jornal-Correio-da-Semana-No-1061-4.jpg?resize=700%2C400&ssl=1 2x"},"classes":[]},{"id":35887,"url":"https:\/\/correiodasemana.com\/site\/tres-cidades-cearenses-tem-projetos-de-resiliencia-climatica-selecionados-em-edital-nacional-da-fundacao-grupo-boticario-e-c40-cities\/","url_meta":{"origin":18053,"position":4},"title":"Tr\u00eas cidades cearenses t\u00eam projetos de resili\u00eancia clim\u00e1tica selecionados em edital nacional da Funda\u00e7\u00e3o Grupo Botic\u00e1rio e C40 Cities","author":"adminredacao","date":"Outubro 13, 2025","format":false,"excerpt":"Incubadora de Projetos Solu\u00e7\u00e3o Natureza conectar\u00e1 projetos urbanos sustent\u00e1veis com financiadores nacionais e internacionais Projetos urbanos com Solu\u00e7\u00f5es Baseadas na Natureza podem minimizar impactos de alagamentos, deslizamentos de terra, ondas de calor e estiagens prolongadas Tr\u00eas munic\u00edpios cearenses tiveram projetos urbanos de adapta\u00e7\u00e3o \u00e0s mudan\u00e7as clim\u00e1ticas selecionados pela Incubadora de\u2026","rel":"","context":"In &quot;Atualidade&quot;","block_context":{"text":"Atualidade","link":"https:\/\/correiodasemana.com\/site\/category\/atualidade\/"},"img":{"alt_text":"","src":"https:\/\/i0.wp.com\/correiodasemana.com\/site\/wp-content\/uploads\/2025\/10\/Sobral-CE-Reproducao.webp?resize=350%2C200&ssl=1","width":350,"height":200,"srcset":"https:\/\/i0.wp.com\/correiodasemana.com\/site\/wp-content\/uploads\/2025\/10\/Sobral-CE-Reproducao.webp?resize=350%2C200&ssl=1 1x, https:\/\/i0.wp.com\/correiodasemana.com\/site\/wp-content\/uploads\/2025\/10\/Sobral-CE-Reproducao.webp?resize=525%2C300&ssl=1 1.5x, https:\/\/i0.wp.com\/correiodasemana.com\/site\/wp-content\/uploads\/2025\/10\/Sobral-CE-Reproducao.webp?resize=700%2C400&ssl=1 2x"},"classes":[]},{"id":34159,"url":"https:\/\/correiodasemana.com\/site\/junho-verde-2025\/","url_meta":{"origin":18053,"position":5},"title":"Junho Verde 2025","author":"adminredacao","date":"Junho 16, 2025","format":false,"excerpt":"No m\u00eas de junho, a Confer\u00eancia Nacional dos Bispos do Brasil (CNBB) celebra a Campanha Junho Verde, um per\u00edodo dedicado \u00e0 conscientiza\u00e7\u00e3o sobre a import\u00e2ncia da preserva\u00e7\u00e3o dos ecossistemas naturais e de todos os seres vivos. Essa Campanha \u00e9 uma permanente interpela\u00e7\u00e3o a todos os segmentos da sociedade \u2013 poder\u2026","rel":"","context":"In &quot;Artigos&quot;","block_context":{"text":"Artigos","link":"https:\/\/correiodasemana.com\/site\/category\/artigos\/"},"img":{"alt_text":"","src":"https:\/\/i0.wp.com\/correiodasemana.com\/site\/wp-content\/uploads\/2018\/02\/editorial-cs.jpg?resize=350%2C200&ssl=1","width":350,"height":200,"srcset":"https:\/\/i0.wp.com\/correiodasemana.com\/site\/wp-content\/uploads\/2018\/02\/editorial-cs.jpg?resize=350%2C200&ssl=1 1x, https:\/\/i0.wp.com\/correiodasemana.com\/site\/wp-content\/uploads\/2018\/02\/editorial-cs.jpg?resize=525%2C300&ssl=1 1.5x"},"classes":[]}],"jetpack_sharing_enabled":true,"_links":{"self":[{"href":"https:\/\/correiodasemana.com\/site\/wp-json\/wp\/v2\/posts\/18053","targetHints":{"allow":["GET"]}}],"collection":[{"href":"https:\/\/correiodasemana.com\/site\/wp-json\/wp\/v2\/posts"}],"about":[{"href":"https:\/\/correiodasemana.com\/site\/wp-json\/wp\/v2\/types\/post"}],"author":[{"embeddable":true,"href":"https:\/\/correiodasemana.com\/site\/wp-json\/wp\/v2\/users\/1"}],"replies":[{"embeddable":true,"href":"https:\/\/correiodasemana.com\/site\/wp-json\/wp\/v2\/comments?post=18053"}],"version-history":[{"count":1,"href":"https:\/\/correiodasemana.com\/site\/wp-json\/wp\/v2\/posts\/18053\/revisions"}],"predecessor-version":[{"id":18054,"href":"https:\/\/correiodasemana.com\/site\/wp-json\/wp\/v2\/posts\/18053\/revisions\/18054"}],"wp:featuredmedia":[{"embeddable":true,"href":"https:\/\/correiodasemana.com\/site\/wp-json\/wp\/v2\/media\/7687"}],"wp:attachment":[{"href":"https:\/\/correiodasemana.com\/site\/wp-json\/wp\/v2\/media?parent=18053"}],"wp:term":[{"taxonomy":"category","embeddable":true,"href":"https:\/\/correiodasemana.com\/site\/wp-json\/wp\/v2\/categories?post=18053"},{"taxonomy":"post_tag","embeddable":true,"href":"https:\/\/correiodasemana.com\/site\/wp-json\/wp\/v2\/tags?post=18053"}],"curies":[{"name":"wp","href":"https:\/\/api.w.org\/{rel}","templated":true}]}}