{"id":18079,"date":"2021-11-22T00:30:47","date_gmt":"2021-11-22T03:30:47","guid":{"rendered":"https:\/\/correiodasemana.com\/site\/?p=18079"},"modified":"2021-11-22T00:30:47","modified_gmt":"2021-11-22T03:30:47","slug":"exposicao-reaviva-memoria-do-escritor-maximiano-campos","status":"publish","type":"post","link":"https:\/\/correiodasemana.com\/site\/exposicao-reaviva-memoria-do-escritor-maximiano-campos\/","title":{"rendered":"Exposi\u00e7\u00e3o reaviva mem\u00f3ria do escritor Maximiano Campos"},"content":{"rendered":"<p><strong><em>Promovida pela Biblioteca Blanche Knopf, da Fundaj, mostra ocupar\u00e1 Sala de Leitura Nilo Pereira a partir do dia 19, anivers\u00e1rio do autor de \u201cSem lei nem rei\u201d<\/em><\/strong><\/p>\n<p>No pr\u00f3ximo dia 19 de novembro, \u00e0s 17h, a Biblioteca Blanche Knopf, da Funda\u00e7\u00e3o Joaquim Nabuco (Fundaj), lan\u00e7a a exposi\u00e7\u00e3o \u201cO Domador de Sonhos: 80 anos de Maximiano Campos\u201d. A montagem marca a celebra\u00e7\u00e3o de anivers\u00e1rio de nascimento do autor do romance \u201cSem lei nem rei\u201d (1968) e de diversas outras obras. Um perfil do escritor e contista Maximiano Campos (1941-1998) ocupar\u00e1 a Sala de Leitura Nilo Pereira, no Campus Derby, fazendo um passeio pela vida privada do escritor recifense e todos os seus 17 t\u00edtulos publicados.<br \/>\nFilho de Maximiano, o presidente da Fundaj, Ant\u00f4nio Campos, recorda a trajet\u00f3ria do pai, saudado por Gilberto Freyre como \u201cmestre na especialidade do conto\u201d. \u201cEm um tempo de vulgaridade art\u00edstica que confunde talento com mercadoria, s\u00e3o poucos os que, como Maximiano, preservaram, na fic\u00e7\u00e3o e na poesia, a sua vis\u00e3o humanista primordial e digna, atrav\u00e9s da qual desenhou a vida\u201d, acentua ao destacar uma voca\u00e7\u00e3o e postura humanista na obra do pai, al\u00e9m de uma divis\u00e3o entre o divino e o humano.<br \/>\nNa montagem, estar\u00e3o diferentes edi\u00e7\u00f5es das obras de Maximiano. \u201cHaver\u00e1 um destaque especial para aquelas cujas dedicat\u00f3rias s\u00e3o especiais\u201d, assinala a coordenadora da Biblioteca, Nadja Ten\u00f3rio Pernambucano. Fragmentos de contos, cr\u00f4nicas e de seus romances ganhar\u00e3o destaque nas paredes, ao lado da letra do frevo \u201cSerpentina partida\u201d, co-autoria com Arthur Lima Cavalcanti. Outro recurso utilizado ser\u00e1 o audiovisual, em v\u00eddeos que re\u00fanem depoimentos.<br \/>\nEm julho de 2020, a Institui\u00e7\u00e3o recebeu a doa\u00e7\u00e3o do acervo pessoal do escritor, com mais de 5 mil livros catalogados. Al\u00e9m da biblioteca do autor, est\u00e3o tamb\u00e9m objetos, antigas comendas e outros arquivos. Para a coordenadora, muito al\u00e9m da homenagem, iniciativas como estas s\u00e3o um convite.\u201c\u00c9 uma oportunidade para conhecer esta importante cole\u00e7\u00e3o, que agora pertence \u00e0 Funda\u00e7\u00e3o, e que est\u00e1 dispon\u00edvel ao p\u00fablico na visita aos nossos acervos\u201d, refor\u00e7a Nadja.<\/p>\n<p>Sobre o homenageado<br \/>\nMaximiano Accioly Campos nasceu no Recife, em 19 de novembro de 1941. De acordo com Ant\u00f4nio Campos, ele come\u00e7ou a escrever muito cedo, desde os tempos do Col\u00e9gio S\u00e3o Jo\u00e3o, onde fez os estudos secund\u00e1rios e abriu-se para o mundo do conhecimento e da literatura. Foi um dos expoentes da Gera\u00e7\u00e3o 65 e um dos escritores que mais dialogou com Ariano Suassuna, tendo feito o posf\u00e1cio da primeira edi\u00e7\u00e3o da Pedra do Reino.<br \/>\nBacharel em Direito pela Universidade Cat\u00f3lica de Pernambuco, Maximiano foi ao longo de sua vida cronista do Diario de Pernambuco e superintendente do Instituto de Documenta\u00e7\u00e3o da Funda\u00e7\u00e3o Joaquim Nabuco. Entre janeiro de 1987 e dezembro de 1988, assumiu o cargo de secret\u00e1rio de Turismo, Cultura e Esportes do Governo de Pernambuco, durante a segunda gest\u00e3o do governador Miguel Arraes.<br \/>\nDo seu casamento com Ana Arraes, teve dois filhos: o ex-governador de Pernambuco Eduardo Campos (1965-2014) e o advogado e escritor, atual presidente da Funda\u00e7\u00e3o Joaquim Nabuco, Ant\u00f4nio Campos. Maximiano \u00e9 autor de 17 livros, alguns publicados postumamente. Sua primeira obra \u201cSem lei nem rei\u201d \u00e9 tamb\u00e9m a mais conhecida. Ela narra uma briga entre coron\u00e9is do sert\u00e3o e da zona da mata de Pernambuco.<\/p>\n<p>Depoimento<br \/>\nEx-superintendente do Instituto de Documenta\u00e7\u00e3o da Funda\u00e7\u00e3o Joaquim Nabuco, o escritor recifense Frederico Pernambucano de Mello conviveu com Maximiano Campos na pr\u00f3pria Fundaj. Uma amizade iniciada na d\u00e9cada de 70. \u201cMax, como os amigos o chamavam nesta Casa, era homem das chamadas letras art\u00edsticas. Para ele, literatura n\u00e3o era apenas a arte da palavra. Era tamb\u00e9m cultura\u201d, ressalta.<br \/>\n\u201cCada um fala de seu tempo. No de Max, que foi tamb\u00e9m o meu, iniciado em 1972, quando \u00e9ramos 80 servidores e pass\u00e1vamos de autarquia a funda\u00e7\u00e3o, o privil\u00e9gio ia al\u00e9m do norte intelectual dado pessoalmente por Gilberto Freyre, gabinete aberto a cada fim de tarde para troca de ideias e sugest\u00e3o de linhas de estudo, com aquele dom\u00ednio de bruxo que Gilberto possu\u00eda sobre o tempo\u201d, completa.<br \/>\nCom bagagem de atividades significativas na vida cultural de Pernambuco, Maximiano visitava ra\u00edzes, proje\u00e7\u00f5es, grandezas e mis\u00e9rias. \u201cA sua sali\u00eancia n\u00e3o despontou no deserto, coisa f\u00e1cil de acontecer em raz\u00e3o do contraste f\u00e1cil, deu-se em meio a uma constela\u00e7\u00e3o de talentos, o que \u00e9 fa\u00e7anha. Que a biblioteca, ora apropriada, chame ao presente novos exames do que foi sua contribui\u00e7\u00e3o a esta Casa e \u00e0 intelig\u00eancia da regi\u00e3o\u201d, pontua Frederico.<\/p>\n<p><strong>Servi\u00e7o<\/strong><br \/>\nExposi\u00e7\u00e3o \u201cO Domador de Sonhos: 80 anos de Maximiano Campos\u201d Data: 19 de novembro Hor\u00e1rio: 17h Local: Sala de Leitura Nilo Pereira Funda\u00e7\u00e3o Joaquim Nabuco \u2014 Campus Derby Entrada gratuita<\/p>\n<p><img fetchpriority=\"high\" decoding=\"async\" class=\"alignleft size-medium wp-image-18083\" src=\"https:\/\/correiodasemana.com\/site\/wp-content\/uploads\/2021\/11\/maximiano-campos-4-205x300.jpeg\" alt=\"\" width=\"205\" height=\"300\" srcset=\"https:\/\/correiodasemana.com\/site\/wp-content\/uploads\/2021\/11\/maximiano-campos-4-205x300.jpeg 205w, https:\/\/correiodasemana.com\/site\/wp-content\/uploads\/2021\/11\/maximiano-campos-4.jpeg 560w\" sizes=\"(max-width: 205px) 100vw, 205px\" \/> <img decoding=\"async\" class=\"alignleft size-medium wp-image-18082\" src=\"https:\/\/correiodasemana.com\/site\/wp-content\/uploads\/2021\/11\/maximiano-campos-3-300x230.jpeg\" alt=\"\" width=\"300\" height=\"230\" srcset=\"https:\/\/correiodasemana.com\/site\/wp-content\/uploads\/2021\/11\/maximiano-campos-3-300x230.jpeg 300w, https:\/\/correiodasemana.com\/site\/wp-content\/uploads\/2021\/11\/maximiano-campos-3-1024x786.jpeg 1024w, https:\/\/correiodasemana.com\/site\/wp-content\/uploads\/2021\/11\/maximiano-campos-3-768x589.jpeg 768w, https:\/\/correiodasemana.com\/site\/wp-content\/uploads\/2021\/11\/maximiano-campos-3.jpeg 1067w\" sizes=\"(max-width: 300px) 100vw, 300px\" \/> <img decoding=\"async\" class=\"alignleft size-medium wp-image-18081\" src=\"https:\/\/correiodasemana.com\/site\/wp-content\/uploads\/2021\/11\/maximiano-campos-2-219x300.jpeg\" alt=\"\" width=\"219\" height=\"300\" srcset=\"https:\/\/correiodasemana.com\/site\/wp-content\/uploads\/2021\/11\/maximiano-campos-2-219x300.jpeg 219w, https:\/\/correiodasemana.com\/site\/wp-content\/uploads\/2021\/11\/maximiano-campos-2.jpeg 600w\" sizes=\"(max-width: 219px) 100vw, 219px\" \/> <img loading=\"lazy\" decoding=\"async\" class=\"alignleft size-medium wp-image-18080\" src=\"https:\/\/correiodasemana.com\/site\/wp-content\/uploads\/2021\/11\/maximiano-campos-1-300x220.jpeg\" alt=\"\" width=\"300\" height=\"220\" srcset=\"https:\/\/correiodasemana.com\/site\/wp-content\/uploads\/2021\/11\/maximiano-campos-1-300x220.jpeg 300w, https:\/\/correiodasemana.com\/site\/wp-content\/uploads\/2021\/11\/maximiano-campos-1-1024x752.jpeg 1024w, https:\/\/correiodasemana.com\/site\/wp-content\/uploads\/2021\/11\/maximiano-campos-1-768x564.jpeg 768w, https:\/\/correiodasemana.com\/site\/wp-content\/uploads\/2021\/11\/maximiano-campos-1.jpeg 1115w\" sizes=\"(max-width: 300px) 100vw, 300px\" \/><\/p>\n","protected":false},"excerpt":{"rendered":"<p>Promovida pela Biblioteca Blanche Knopf, da Fundaj, mostra ocupar\u00e1 Sala de Leitura Nilo Pereira a&#8230;<\/p>\n","protected":false},"author":1,"featured_media":18082,"comment_status":"open","ping_status":"open","sticky":false,"template":"","format":"standard","meta":{"_jetpack_memberships_contains_paid_content":false,"footnotes":"","jetpack_publicize_message":"","jetpack_publicize_feature_enabled":true,"jetpack_social_post_already_shared":true,"jetpack_social_options":{"image_generator_settings":{"template":"highway","default_image_id":0,"font":"","enabled":false},"version":2}},"categories":[1],"tags":[],"class_list":["post-18079","post","type-post","status-publish","format-standard","has-post-thumbnail","hentry","category-atualidade"],"jetpack_publicize_connections":[],"jetpack_featured_media_url":"https:\/\/correiodasemana.com\/site\/wp-content\/uploads\/2021\/11\/maximiano-campos-3.jpeg","jetpack-related-posts":[{"id":16280,"url":"https:\/\/correiodasemana.com\/site\/webserie-e-exposicao-virtual-fazem-parte-da-programacao-da-ii-festa-digital-do-livro\/","url_meta":{"origin":18079,"position":0},"title":"Webserie e exposi\u00e7\u00e3o virtual fazem parte da programa\u00e7\u00e3o da II Festa Digital do Livro","author":"","date":"Abril 26, 2021","format":false,"excerpt":"Produ\u00e7\u00f5es feitas pela Biblioteca Blanche Knopf e Massangana AudioVisual ser\u00e3o disponibilizadas para o p\u00fablico no Dia Mundial do Livro Mem\u00f3ria, apre\u00e7o e v\u00ednculo. Mais do que uma porta para o aprendizado, os livros criam la\u00e7os e fortalecem conex\u00f5es. Para celebrar o Dia Mundial do Livro, no dia 23 de abril,\u2026","rel":"","context":"In &quot;Atualidade&quot;","block_context":{"text":"Atualidade","link":"https:\/\/correiodasemana.com\/site\/category\/atualidade\/"},"img":{"alt_text":"","src":"https:\/\/i0.wp.com\/correiodasemana.com\/site\/wp-content\/uploads\/2021\/04\/WhatsApp-Image-2021-04-22-at-13.30.10.jpeg?resize=350%2C200&ssl=1","width":350,"height":200,"srcset":"https:\/\/i0.wp.com\/correiodasemana.com\/site\/wp-content\/uploads\/2021\/04\/WhatsApp-Image-2021-04-22-at-13.30.10.jpeg?resize=350%2C200&ssl=1 1x, https:\/\/i0.wp.com\/correiodasemana.com\/site\/wp-content\/uploads\/2021\/04\/WhatsApp-Image-2021-04-22-at-13.30.10.jpeg?resize=525%2C300&ssl=1 1.5x, https:\/\/i0.wp.com\/correiodasemana.com\/site\/wp-content\/uploads\/2021\/04\/WhatsApp-Image-2021-04-22-at-13.30.10.jpeg?resize=700%2C400&ssl=1 2x, https:\/\/i0.wp.com\/correiodasemana.com\/site\/wp-content\/uploads\/2021\/04\/WhatsApp-Image-2021-04-22-at-13.30.10.jpeg?resize=1050%2C600&ssl=1 3x"},"classes":[]},{"id":15104,"url":"https:\/\/correiodasemana.com\/site\/exposicao-presente-da-natal-da-fundacao-joaquim-nabuco-resgata-periodico-simbolos-e-costumes-da-comemoracao\/","url_meta":{"origin":18079,"position":1},"title":"Exposi\u00e7\u00e3o Presente da Natal, da Funda\u00e7\u00e3o Joaquim Nabuco, resgata peri\u00f3dico, s\u00edmbolos e costumes da comemora\u00e7\u00e3o","author":"","date":"Dezembro 21, 2020","format":false,"excerpt":"No S\u00e9culo XX, a revista Presente da Natal ganhava as bancas recifenses todo m\u00eas de dezembro. Idealizado em 1930 pelo jornalista Luiz do Nascimento, autor da enciclop\u00e9dica Hist\u00f3ria da Imprensa de Pernambuco, o peri\u00f3dico tomava uma das principais celebra\u00e7\u00f5es do mundo para ent\u00e3o oferecer aos seus leitores. Quase um s\u00e9culo\u2026","rel":"","context":"In &quot;Atualidade&quot;","block_context":{"text":"Atualidade","link":"https:\/\/correiodasemana.com\/site\/category\/atualidade\/"},"img":{"alt_text":"","src":"https:\/\/i0.wp.com\/correiodasemana.com\/site\/wp-content\/uploads\/2020\/12\/expowaldemar3.jpeg?resize=350%2C200&ssl=1","width":350,"height":200,"srcset":"https:\/\/i0.wp.com\/correiodasemana.com\/site\/wp-content\/uploads\/2020\/12\/expowaldemar3.jpeg?resize=350%2C200&ssl=1 1x, https:\/\/i0.wp.com\/correiodasemana.com\/site\/wp-content\/uploads\/2020\/12\/expowaldemar3.jpeg?resize=525%2C300&ssl=1 1.5x, https:\/\/i0.wp.com\/correiodasemana.com\/site\/wp-content\/uploads\/2020\/12\/expowaldemar3.jpeg?resize=700%2C400&ssl=1 2x, https:\/\/i0.wp.com\/correiodasemana.com\/site\/wp-content\/uploads\/2020\/12\/expowaldemar3.jpeg?resize=1050%2C600&ssl=1 3x"},"classes":[]},{"id":19579,"url":"https:\/\/correiodasemana.com\/site\/fundaj-promove-a-iii-festa-literaria-do-livro-digital-com-discussoes-sobre-cultura-na-internet\/","url_meta":{"origin":18079,"position":2},"title":"Fundaj promove a III Festa Liter\u00e1ria do Livro Digital com discuss\u00f5es sobre cultura na internet","author":"","date":"Abril 24, 2022","format":false,"excerpt":"Evento promovido pela Funda\u00e7\u00e3o Joaquim Nabuco ter\u00e1 tr\u00eas pain\u00e9is, que ser\u00e3o exibidos no site criado para o evento, no YouTube e nas redes sociais da Institui\u00e7\u00e3o Conforme o mundo se transforma, novos h\u00e1bitos e formas de lazer surgem, moldando e refazendo as rela\u00e7\u00f5es do cotidiano. Basta ver, por exemplo, o\u2026","rel":"","context":"In &quot;Atualidade&quot;","block_context":{"text":"Atualidade","link":"https:\/\/correiodasemana.com\/site\/category\/atualidade\/"},"img":{"alt_text":"","src":"https:\/\/i0.wp.com\/correiodasemana.com\/site\/wp-content\/uploads\/2022\/04\/RSHS-student-art-collection.jpg?resize=350%2C200&ssl=1","width":350,"height":200,"srcset":"https:\/\/i0.wp.com\/correiodasemana.com\/site\/wp-content\/uploads\/2022\/04\/RSHS-student-art-collection.jpg?resize=350%2C200&ssl=1 1x, https:\/\/i0.wp.com\/correiodasemana.com\/site\/wp-content\/uploads\/2022\/04\/RSHS-student-art-collection.jpg?resize=525%2C300&ssl=1 1.5x, https:\/\/i0.wp.com\/correiodasemana.com\/site\/wp-content\/uploads\/2022\/04\/RSHS-student-art-collection.jpg?resize=700%2C400&ssl=1 2x, https:\/\/i0.wp.com\/correiodasemana.com\/site\/wp-content\/uploads\/2022\/04\/RSHS-student-art-collection.jpg?resize=1050%2C600&ssl=1 3x"},"classes":[]},{"id":21026,"url":"https:\/\/correiodasemana.com\/site\/necrobrasiliana-exposicao-na-fundaj-faz-uma-releitura-da-memoria-colonial\/","url_meta":{"origin":18079,"position":3},"title":"Necrobrasiliana: exposi\u00e7\u00e3o na Fundaj faz uma releitura da mem\u00f3ria colonial","author":"","date":"Setembro 18, 2022","format":false,"excerpt":"Abertura da mostra ser\u00e1 no pr\u00f3ximo dia 15 e contar\u00e1 com performance Angu, da artista maranhense G\u00ea Viana Novos olhares, tra\u00e7os, mem\u00f3rias e interpreta\u00e7\u00f5es nas telas. Reunindo 26 obras de 12 artistas contempor\u00e2neos, a exposi\u00e7\u00e3o \u201cNecrobrasiliana\u201d chega \u00e0 Galeria Vicente do Rego Monteiro, da Funda\u00e7\u00e3o Joaquim Nabuco (Fundaj), no dia\u2026","rel":"","context":"In &quot;Atualidade&quot;","block_context":{"text":"Atualidade","link":"https:\/\/correiodasemana.com\/site\/category\/atualidade\/"},"img":{"alt_text":"","src":"https:\/\/i0.wp.com\/correiodasemana.com\/site\/wp-content\/uploads\/2022\/09\/memorias-brasil.jpg?resize=350%2C200&ssl=1","width":350,"height":200,"srcset":"https:\/\/i0.wp.com\/correiodasemana.com\/site\/wp-content\/uploads\/2022\/09\/memorias-brasil.jpg?resize=350%2C200&ssl=1 1x, https:\/\/i0.wp.com\/correiodasemana.com\/site\/wp-content\/uploads\/2022\/09\/memorias-brasil.jpg?resize=525%2C300&ssl=1 1.5x"},"classes":[]},{"id":20737,"url":"https:\/\/correiodasemana.com\/site\/engenho-massangana-retoma-atividades-com-exposicoes-que-celebram-cultura-afro-brasileira\/","url_meta":{"origin":18079,"position":4},"title":"Engenho Massangana retoma atividades com exposi\u00e7\u00f5es que celebram cultura afro-brasileira","author":"","date":"Agosto 21, 2022","format":false,"excerpt":"Parque Nacional da Aboli\u00e7\u00e3o, situado no local onde Joaquim Nabuco passou parte da inf\u00e2ncia, no Cabo de Santo Agostinho, equipamento cultural foi inclu\u00eddo no estatuto da Fundaj, passou por reparos estruturais e ser\u00e1 reaberto no dia 19 de agosto com lan\u00e7amento de livro e de mostras Ap\u00f3s dois meses fechado\u2026","rel":"","context":"In &quot;Atualidade&quot;","block_context":{"text":"Atualidade","link":"https:\/\/correiodasemana.com\/site\/category\/atualidade\/"},"img":{"alt_text":"","src":"https:\/\/i0.wp.com\/correiodasemana.com\/site\/wp-content\/uploads\/2022\/08\/WhatsApp-Image-2022-08-18-at-19.22.06.jpeg?resize=350%2C200&ssl=1","width":350,"height":200,"srcset":"https:\/\/i0.wp.com\/correiodasemana.com\/site\/wp-content\/uploads\/2022\/08\/WhatsApp-Image-2022-08-18-at-19.22.06.jpeg?resize=350%2C200&ssl=1 1x, https:\/\/i0.wp.com\/correiodasemana.com\/site\/wp-content\/uploads\/2022\/08\/WhatsApp-Image-2022-08-18-at-19.22.06.jpeg?resize=525%2C300&ssl=1 1.5x, https:\/\/i0.wp.com\/correiodasemana.com\/site\/wp-content\/uploads\/2022\/08\/WhatsApp-Image-2022-08-18-at-19.22.06.jpeg?resize=700%2C400&ssl=1 2x, https:\/\/i0.wp.com\/correiodasemana.com\/site\/wp-content\/uploads\/2022\/08\/WhatsApp-Image-2022-08-18-at-19.22.06.jpeg?resize=1050%2C600&ssl=1 3x"},"classes":[]},{"id":27096,"url":"https:\/\/correiodasemana.com\/site\/biblioteca-da-uva-festeja-42-anos-com-extensa-programacao\/","url_meta":{"origin":18079,"position":5},"title":"Biblioteca da UVA festeja 42 anos com extensa programa\u00e7\u00e3o","author":"adminredacao","date":"Outubro 30, 2023","format":false,"excerpt":"Por F\u00e1tima Moura Palestras, minicursos, oficina, lan\u00e7amentos de livros, visita\u00e7\u00e3o, apresenta\u00e7\u00f5es musicais, feira de artesanato, exposi\u00e7\u00f5es e premia\u00e7\u00f5es compuseram a programa\u00e7\u00e3o da XIX Semana do Livro e da Biblioteca, evento coincidente com o 42\u00ba anivers\u00e1rio de funda\u00e7\u00e3o da Biblioteca da Universidade Estadual Vale do Acara\u00fa, no per\u00edodo de 24 a\u2026","rel":"","context":"In &quot;Atualidade&quot;","block_context":{"text":"Atualidade","link":"https:\/\/correiodasemana.com\/site\/category\/atualidade\/"},"img":{"alt_text":"","src":"https:\/\/i0.wp.com\/correiodasemana.com\/site\/wp-content\/uploads\/2023\/10\/IMG-20231025-WA0021-1-scaled.jpg?resize=350%2C200&ssl=1","width":350,"height":200,"srcset":"https:\/\/i0.wp.com\/correiodasemana.com\/site\/wp-content\/uploads\/2023\/10\/IMG-20231025-WA0021-1-scaled.jpg?resize=350%2C200&ssl=1 1x, https:\/\/i0.wp.com\/correiodasemana.com\/site\/wp-content\/uploads\/2023\/10\/IMG-20231025-WA0021-1-scaled.jpg?resize=525%2C300&ssl=1 1.5x, https:\/\/i0.wp.com\/correiodasemana.com\/site\/wp-content\/uploads\/2023\/10\/IMG-20231025-WA0021-1-scaled.jpg?resize=700%2C400&ssl=1 2x, https:\/\/i0.wp.com\/correiodasemana.com\/site\/wp-content\/uploads\/2023\/10\/IMG-20231025-WA0021-1-scaled.jpg?resize=1050%2C600&ssl=1 3x, https:\/\/i0.wp.com\/correiodasemana.com\/site\/wp-content\/uploads\/2023\/10\/IMG-20231025-WA0021-1-scaled.jpg?resize=1400%2C800&ssl=1 4x"},"classes":[]}],"jetpack_sharing_enabled":true,"_links":{"self":[{"href":"https:\/\/correiodasemana.com\/site\/wp-json\/wp\/v2\/posts\/18079","targetHints":{"allow":["GET"]}}],"collection":[{"href":"https:\/\/correiodasemana.com\/site\/wp-json\/wp\/v2\/posts"}],"about":[{"href":"https:\/\/correiodasemana.com\/site\/wp-json\/wp\/v2\/types\/post"}],"author":[{"embeddable":true,"href":"https:\/\/correiodasemana.com\/site\/wp-json\/wp\/v2\/users\/1"}],"replies":[{"embeddable":true,"href":"https:\/\/correiodasemana.com\/site\/wp-json\/wp\/v2\/comments?post=18079"}],"version-history":[{"count":1,"href":"https:\/\/correiodasemana.com\/site\/wp-json\/wp\/v2\/posts\/18079\/revisions"}],"predecessor-version":[{"id":18084,"href":"https:\/\/correiodasemana.com\/site\/wp-json\/wp\/v2\/posts\/18079\/revisions\/18084"}],"wp:featuredmedia":[{"embeddable":true,"href":"https:\/\/correiodasemana.com\/site\/wp-json\/wp\/v2\/media\/18082"}],"wp:attachment":[{"href":"https:\/\/correiodasemana.com\/site\/wp-json\/wp\/v2\/media?parent=18079"}],"wp:term":[{"taxonomy":"category","embeddable":true,"href":"https:\/\/correiodasemana.com\/site\/wp-json\/wp\/v2\/categories?post=18079"},{"taxonomy":"post_tag","embeddable":true,"href":"https:\/\/correiodasemana.com\/site\/wp-json\/wp\/v2\/tags?post=18079"}],"curies":[{"name":"wp","href":"https:\/\/api.w.org\/{rel}","templated":true}]}}