{"id":18094,"date":"2021-11-22T00:37:05","date_gmt":"2021-11-22T03:37:05","guid":{"rendered":"https:\/\/correiodasemana.com\/site\/?p=18094"},"modified":"2021-11-22T00:37:48","modified_gmt":"2021-11-22T03:37:48","slug":"becco-ponto-com-62","status":"publish","type":"post","link":"https:\/\/correiodasemana.com\/site\/becco-ponto-com-62\/","title":{"rendered":"Becco ponto Com"},"content":{"rendered":"<p><strong>Livrai-nos, senhor!<\/strong><br \/>\nDas a\u00e7\u00f5es nefastas dos aquinhoados do poder central.<br \/>\nDas cren\u00e7as modernas por um Deus de moedas reais, ui!<br \/>\nDos papagaios de piratas e dos pol\u00edticos caras de pau, ui!<br \/>\nDo ensino moderno formando analfabetos funcionais.<br \/>\nDos mortos-vivos salvos da pandemia pol\u00edtica nacional.<br \/>\nDos picaretas do voto, formando filas e ca\u00e7ando pobres.<br \/>\nDa briga pela presid\u00eancia t\u00e3o escancarada de v\u00edcios, ui!<br \/>\nDa chegada do tal black fraudes nos shopings da vida.<br \/>\nDa pobreza dos pol\u00edticos t\u00e3o fadados a corrup\u00e7\u00e3o, ufa!<br \/>\nDas ricas-pobres da sociedade vendendo uns retalhos.<\/p>\n<p><strong>Noticiando<\/strong><br \/>\nO centro cultural anunciando para dezembro a entrega da comenda trof\u00e9u imprensa 2021, em grande estilo na cidade, ser\u00e3o dez homenageados: emissoras e uns profissionais escolhidos por m\u00e9ritos em suas respectivas fun\u00e7\u00f5es no dia a dia. A entrega acontecer\u00e1 nos est\u00fadios das emissoras escolhidas para esta homenagem justa. Aguardar \u00e9 mesmo preciso caros confrades amigos t\u00e3o especiais para o ato homenagem do ano.<br \/>\nO digno professor Dr. Lu\u00eds Lira, comunicando a inclus\u00e3o de meu nome para participar de um Instituto Hist\u00f3rico Cultural de Sobral, com reuni\u00e3o de funda\u00e7\u00e3o, j\u00e1 marcada. \u00c9 bom ser lembrado para integrar uma seleta turma de cidad\u00e3os comprometidos com o futuro de uma cidade que tanto amamos. Obrigado professor pela considera\u00e7\u00e3o.<br \/>\nDizem por a\u00ed: que estamos fadados a convivermos com pol\u00edticos caras de pau ano a ano, de elei\u00e7\u00f5es em elei\u00e7\u00f5es. \u00c9 uma vergonha nacional n\u00e3o dispormos de homens dignos de palavras e compromissos com a verdade. Doa a quem doer. A maioria \u00e9 de palha\u00e7os sem circos e palcos t\u00e3o vazios, ufa! Brasil, brasileiro, salvem o nosso povo caros amigos!<br \/>\nEntre os projetos do ano vindouro, o Centro Cultural pensa em revitalizar o seu \u201cCanta Sobral Festival e d\u00e1 apoio ao lan\u00e7amentos de livros dos nossos membros com apoio da ecoa e da Secretaria de cultura e turismo do munic\u00edpio. O diretor maior da ECOA Dr. Mendes, dever\u00e1 ser o novo presidente da entidade e com sua diretoria nova. A sede do Centro continuar\u00e1 no piso inferior da C\u00e2mara de Sobral, por m\u00e9ritos.<br \/>\nO Becco continua triste e sem vida para o popular, onde anda o apoio para o caro Ivan Frota e seu programa t\u00e3o apreciado na cidade e toda regi\u00e3o Norte. Os caf\u00e9s e as merendeiras continuam vazias aos s\u00e1bados e sem gra\u00e7a. Culpar a quem tanta in\u00e9rcia no centro de nossa cidade Princesa. Ufa, Sobral de tantas propagandas pagas!<\/p>\n<p><strong><img fetchpriority=\"high\" decoding=\"async\" class=\"alignleft size-medium wp-image-18095\" src=\"https:\/\/correiodasemana.com\/site\/wp-content\/uploads\/2021\/11\/Prof.-Luis-Lira-300x300.jpg\" alt=\"\" width=\"300\" height=\"300\" srcset=\"https:\/\/correiodasemana.com\/site\/wp-content\/uploads\/2021\/11\/Prof.-Luis-Lira-300x300.jpg 300w, https:\/\/correiodasemana.com\/site\/wp-content\/uploads\/2021\/11\/Prof.-Luis-Lira-150x150.jpg 150w, https:\/\/correiodasemana.com\/site\/wp-content\/uploads\/2021\/11\/Prof.-Luis-Lira.jpg 600w\" sizes=\"(max-width: 300px) 100vw, 300px\" \/>PERFIL: PROFESSOR JOS\u00c9 LU\u00cdS LIRA<\/strong><br \/>\nUm cidad\u00e3o com todas as letras, digno estudioso do Direito, doutor em letras, um apaixonado por Sobral, membro da ASEL &#8211; Academia de Estudos e Letras de Sobral, amigo da cultura mundial, membro de v\u00e1rias academias e institutos hist\u00f3ricos nacionais. Falo do caro professor doutor Luis Lira, que hoje por m\u00e9ritos engalona nossa coluna como o perfil da semana neste noticioso centen\u00e1rio da diocese de Sobral.<\/p>\n<p><strong>Livre pensar:<\/strong> \u201cA morte \u00e9 o caminho mais breve da vida, caminha lado a lado com a ilus\u00e3o e a dor, por isso mata sempre com uma esperan\u00e7a futura\u201d. (Poeta Chico Prado &#8211; Presidente do Centro Cultural Dom Jos\u00e9 de Sobral).<\/p>\n","protected":false},"excerpt":{"rendered":"<p>Livrai-nos, senhor! Das a\u00e7\u00f5es nefastas dos aquinhoados do poder central. Das cren\u00e7as modernas por um&#8230;<\/p>\n","protected":false},"author":1,"featured_media":17508,"comment_status":"open","ping_status":"open","sticky":false,"template":"","format":"standard","meta":{"_jetpack_memberships_contains_paid_content":false,"footnotes":"","jetpack_publicize_message":"","jetpack_publicize_feature_enabled":true,"jetpack_social_post_already_shared":true,"jetpack_social_options":{"image_generator_settings":{"template":"highway","default_image_id":0,"font":"","enabled":false},"version":2}},"categories":[11,27],"tags":[],"class_list":["post-18094","post","type-post","status-publish","format-standard","has-post-thumbnail","hentry","category-artigos","category-becco-ponto-com"],"jetpack_publicize_connections":[],"jetpack_featured_media_url":"https:\/\/correiodasemana.com\/site\/wp-content\/uploads\/2021\/09\/Dr-Chico-Prado-Trofeu-Dom-Jose-1-1.jpg","jetpack-related-posts":[{"id":26087,"url":"https:\/\/correiodasemana.com\/site\/becco-ponto-com-133\/","url_meta":{"origin":18094,"position":0},"title":"Becco Ponto Com","author":"adminredacao","date":"Agosto 14, 2023","format":false,"excerpt":"LIVRAI-NOS, SENHOR! 01. dos candidatos buchas dos distritos. 02. Da ruma de cursos modernos hoje, ui! 03. Da matan\u00e7a de \u00edndios na Amaz\u00f4nia, ui! 04. Da f\u00e1brica de diplomas nos governos. 05. Da invas\u00e3o de sem tetos na cidade, Ufa! 06. Do Lulismo invadindo a democracia. 07. Do abandono do\u2026","rel":"","context":"In &quot;Artigos&quot;","block_context":{"text":"Artigos","link":"https:\/\/correiodasemana.com\/site\/category\/artigos\/"},"img":{"alt_text":"","src":"https:\/\/i0.wp.com\/correiodasemana.com\/site\/wp-content\/uploads\/2021\/09\/Dr-Chico-Prado-Trofeu-Dom-Jose-1.jpg?resize=350%2C200&ssl=1","width":350,"height":200,"srcset":"https:\/\/i0.wp.com\/correiodasemana.com\/site\/wp-content\/uploads\/2021\/09\/Dr-Chico-Prado-Trofeu-Dom-Jose-1.jpg?resize=350%2C200&ssl=1 1x, https:\/\/i0.wp.com\/correiodasemana.com\/site\/wp-content\/uploads\/2021\/09\/Dr-Chico-Prado-Trofeu-Dom-Jose-1.jpg?resize=525%2C300&ssl=1 1.5x, https:\/\/i0.wp.com\/correiodasemana.com\/site\/wp-content\/uploads\/2021\/09\/Dr-Chico-Prado-Trofeu-Dom-Jose-1.jpg?resize=700%2C400&ssl=1 2x, https:\/\/i0.wp.com\/correiodasemana.com\/site\/wp-content\/uploads\/2021\/09\/Dr-Chico-Prado-Trofeu-Dom-Jose-1.jpg?resize=1050%2C600&ssl=1 3x, https:\/\/i0.wp.com\/correiodasemana.com\/site\/wp-content\/uploads\/2021\/09\/Dr-Chico-Prado-Trofeu-Dom-Jose-1.jpg?resize=1400%2C800&ssl=1 4x"},"classes":[]},{"id":26219,"url":"https:\/\/correiodasemana.com\/site\/becco-ponto-com-134\/","url_meta":{"origin":18094,"position":1},"title":"Becco Ponto Com","author":"adminredacao","date":"Agosto 21, 2023","format":false,"excerpt":"LIVRAI-NOS, SENHOR! 01. dos candidatos buchas dos distritos. 02. Da ruma de cursos modernos hoje, ui! 03. Da matan\u00e7a de \u00edndios na Amaz\u00f4nia, ui! 04. Da f\u00e1brica de diplomas nos governos. 05. Da invas\u00e3o de sem tetos na cidade, ufa! 06. Do Lulismo invadindo a democracia. 07. Do abandono do\u2026","rel":"","context":"In &quot;Artigos&quot;","block_context":{"text":"Artigos","link":"https:\/\/correiodasemana.com\/site\/category\/artigos\/"},"img":{"alt_text":"","src":"https:\/\/i0.wp.com\/correiodasemana.com\/site\/wp-content\/uploads\/2021\/09\/Dr-Chico-Prado-Trofeu-Dom-Jose-1-1.jpg?resize=350%2C200&ssl=1","width":350,"height":200,"srcset":"https:\/\/i0.wp.com\/correiodasemana.com\/site\/wp-content\/uploads\/2021\/09\/Dr-Chico-Prado-Trofeu-Dom-Jose-1-1.jpg?resize=350%2C200&ssl=1 1x, https:\/\/i0.wp.com\/correiodasemana.com\/site\/wp-content\/uploads\/2021\/09\/Dr-Chico-Prado-Trofeu-Dom-Jose-1-1.jpg?resize=525%2C300&ssl=1 1.5x, https:\/\/i0.wp.com\/correiodasemana.com\/site\/wp-content\/uploads\/2021\/09\/Dr-Chico-Prado-Trofeu-Dom-Jose-1-1.jpg?resize=700%2C400&ssl=1 2x"},"classes":[]},{"id":17950,"url":"https:\/\/correiodasemana.com\/site\/becco-ponto-com-60\/","url_meta":{"origin":18094,"position":2},"title":"Becco ponto Com","author":"","date":"Novembro 7, 2021","format":false,"excerpt":"Librai-nos, senhor! Das rachadinhas dos poderosos no Brasil. Das escolas modernas fabricando os pobres. De uma oposi\u00e7\u00e3o ovo frito, frio e sem gosto. Das mulheres vestindo seus molambos novos Da papagaiada dos pol\u00edticos na busca do voto. Dos morde assopra nos poderes deste interior. Das faculdades formando seus analfas via\u2026","rel":"","context":"In &quot;Artigos&quot;","block_context":{"text":"Artigos","link":"https:\/\/correiodasemana.com\/site\/category\/artigos\/"},"img":{"alt_text":"","src":"https:\/\/i0.wp.com\/correiodasemana.com\/site\/wp-content\/uploads\/2021\/09\/Dr-Chico-Prado-Trofeu-Dom-Jose-1-1.jpg?resize=350%2C200&ssl=1","width":350,"height":200,"srcset":"https:\/\/i0.wp.com\/correiodasemana.com\/site\/wp-content\/uploads\/2021\/09\/Dr-Chico-Prado-Trofeu-Dom-Jose-1-1.jpg?resize=350%2C200&ssl=1 1x, https:\/\/i0.wp.com\/correiodasemana.com\/site\/wp-content\/uploads\/2021\/09\/Dr-Chico-Prado-Trofeu-Dom-Jose-1-1.jpg?resize=525%2C300&ssl=1 1.5x, https:\/\/i0.wp.com\/correiodasemana.com\/site\/wp-content\/uploads\/2021\/09\/Dr-Chico-Prado-Trofeu-Dom-Jose-1-1.jpg?resize=700%2C400&ssl=1 2x"},"classes":[]},{"id":19441,"url":"https:\/\/correiodasemana.com\/site\/becco-ponto-com-80\/","url_meta":{"origin":18094,"position":3},"title":"Becco ponto Com","author":"","date":"Abril 10, 2022","format":false,"excerpt":"Livrai-nos, senhor! Dos ataques pol\u00edticos dia a dia. Do ensino moderno t\u00e3o banal. Da pol\u00edtica do \u2018Toma L\u00e1 D\u00e1 C\u00e1\u2019, ui! Da m\u00fasica moderna uns lixos. Dos pobres morrendo de fome. Dos ricos-pobres de esp\u00edritos. Da luta pelo poder t\u00e3o pobre. Dos homens vazios nos bares. Da guerra mundial por\u2026","rel":"","context":"In &quot;Artigos&quot;","block_context":{"text":"Artigos","link":"https:\/\/correiodasemana.com\/site\/category\/artigos\/"},"img":{"alt_text":"","src":"https:\/\/i0.wp.com\/correiodasemana.com\/site\/wp-content\/uploads\/2021\/09\/Dr-Chico-Prado-Trofeu-Dom-Jose-1-1.jpg?resize=350%2C200&ssl=1","width":350,"height":200,"srcset":"https:\/\/i0.wp.com\/correiodasemana.com\/site\/wp-content\/uploads\/2021\/09\/Dr-Chico-Prado-Trofeu-Dom-Jose-1-1.jpg?resize=350%2C200&ssl=1 1x, https:\/\/i0.wp.com\/correiodasemana.com\/site\/wp-content\/uploads\/2021\/09\/Dr-Chico-Prado-Trofeu-Dom-Jose-1-1.jpg?resize=525%2C300&ssl=1 1.5x, https:\/\/i0.wp.com\/correiodasemana.com\/site\/wp-content\/uploads\/2021\/09\/Dr-Chico-Prado-Trofeu-Dom-Jose-1-1.jpg?resize=700%2C400&ssl=1 2x"},"classes":[]},{"id":22157,"url":"https:\/\/correiodasemana.com\/site\/becco-ponto-com-109\/","url_meta":{"origin":18094,"position":4},"title":"Becco ponto Com","author":"","date":"Dezembro 11, 2022","format":false,"excerpt":"LIVRAI-NOS, SENHOR! Das indu\u00e7\u00f5es pol\u00edticas partid\u00e1rias em tempo de posse. De uma \u201cCopa do Mundo\u201d materializada no com\u00e9rcio. Da viol\u00eancia tomando de conta do mundo das drogas. Dos poderosos dando ordens em tempo de golpes, ui! Dos apadrinhados do poder batendo palma ao l\u00edder. Da podrid\u00e3o da pol\u00edtica brasileira com\u2026","rel":"","context":"In &quot;Artigos&quot;","block_context":{"text":"Artigos","link":"https:\/\/correiodasemana.com\/site\/category\/artigos\/"},"img":{"alt_text":"","src":"https:\/\/i0.wp.com\/correiodasemana.com\/site\/wp-content\/uploads\/2021\/09\/Dr-Chico-Prado-Trofeu-Dom-Jose-1.jpg?resize=350%2C200&ssl=1","width":350,"height":200,"srcset":"https:\/\/i0.wp.com\/correiodasemana.com\/site\/wp-content\/uploads\/2021\/09\/Dr-Chico-Prado-Trofeu-Dom-Jose-1.jpg?resize=350%2C200&ssl=1 1x, https:\/\/i0.wp.com\/correiodasemana.com\/site\/wp-content\/uploads\/2021\/09\/Dr-Chico-Prado-Trofeu-Dom-Jose-1.jpg?resize=525%2C300&ssl=1 1.5x, https:\/\/i0.wp.com\/correiodasemana.com\/site\/wp-content\/uploads\/2021\/09\/Dr-Chico-Prado-Trofeu-Dom-Jose-1.jpg?resize=700%2C400&ssl=1 2x, https:\/\/i0.wp.com\/correiodasemana.com\/site\/wp-content\/uploads\/2021\/09\/Dr-Chico-Prado-Trofeu-Dom-Jose-1.jpg?resize=1050%2C600&ssl=1 3x, https:\/\/i0.wp.com\/correiodasemana.com\/site\/wp-content\/uploads\/2021\/09\/Dr-Chico-Prado-Trofeu-Dom-Jose-1.jpg?resize=1400%2C800&ssl=1 4x"},"classes":[]},{"id":26692,"url":"https:\/\/correiodasemana.com\/site\/becco-ponto-com-140\/","url_meta":{"origin":18094,"position":5},"title":"Becco Ponto Com","author":"adminredacao","date":"Outubro 1, 2023","format":false,"excerpt":"LIVRAI-NOS, SENHOR! Do crime organizado no estado do cear\u00e1-brasil; Do esvaziamento do centro da cidade, Ufa! Ufa! De uma oposi\u00e7\u00e3o feia, fraca e cheirando propina. Da invas\u00e3o imobili\u00e1ria de gringos em Jericoacoara. Do caloz\u00e3o de mais de \u201c40 graus\u201d em Sobral. Ui, Cear\u00e1! Dos pol\u00edticos de ocasi\u00e3o comprando os pobres.\u2026","rel":"","context":"In &quot;Artigos&quot;","block_context":{"text":"Artigos","link":"https:\/\/correiodasemana.com\/site\/category\/artigos\/"},"img":{"alt_text":"","src":"https:\/\/i0.wp.com\/correiodasemana.com\/site\/wp-content\/uploads\/2021\/09\/Dr-Chico-Prado-Trofeu-Dom-Jose-1.jpg?resize=350%2C200&ssl=1","width":350,"height":200,"srcset":"https:\/\/i0.wp.com\/correiodasemana.com\/site\/wp-content\/uploads\/2021\/09\/Dr-Chico-Prado-Trofeu-Dom-Jose-1.jpg?resize=350%2C200&ssl=1 1x, https:\/\/i0.wp.com\/correiodasemana.com\/site\/wp-content\/uploads\/2021\/09\/Dr-Chico-Prado-Trofeu-Dom-Jose-1.jpg?resize=525%2C300&ssl=1 1.5x, https:\/\/i0.wp.com\/correiodasemana.com\/site\/wp-content\/uploads\/2021\/09\/Dr-Chico-Prado-Trofeu-Dom-Jose-1.jpg?resize=700%2C400&ssl=1 2x, https:\/\/i0.wp.com\/correiodasemana.com\/site\/wp-content\/uploads\/2021\/09\/Dr-Chico-Prado-Trofeu-Dom-Jose-1.jpg?resize=1050%2C600&ssl=1 3x, https:\/\/i0.wp.com\/correiodasemana.com\/site\/wp-content\/uploads\/2021\/09\/Dr-Chico-Prado-Trofeu-Dom-Jose-1.jpg?resize=1400%2C800&ssl=1 4x"},"classes":[]}],"jetpack_sharing_enabled":true,"_links":{"self":[{"href":"https:\/\/correiodasemana.com\/site\/wp-json\/wp\/v2\/posts\/18094","targetHints":{"allow":["GET"]}}],"collection":[{"href":"https:\/\/correiodasemana.com\/site\/wp-json\/wp\/v2\/posts"}],"about":[{"href":"https:\/\/correiodasemana.com\/site\/wp-json\/wp\/v2\/types\/post"}],"author":[{"embeddable":true,"href":"https:\/\/correiodasemana.com\/site\/wp-json\/wp\/v2\/users\/1"}],"replies":[{"embeddable":true,"href":"https:\/\/correiodasemana.com\/site\/wp-json\/wp\/v2\/comments?post=18094"}],"version-history":[{"count":2,"href":"https:\/\/correiodasemana.com\/site\/wp-json\/wp\/v2\/posts\/18094\/revisions"}],"predecessor-version":[{"id":18097,"href":"https:\/\/correiodasemana.com\/site\/wp-json\/wp\/v2\/posts\/18094\/revisions\/18097"}],"wp:featuredmedia":[{"embeddable":true,"href":"https:\/\/correiodasemana.com\/site\/wp-json\/wp\/v2\/media\/17508"}],"wp:attachment":[{"href":"https:\/\/correiodasemana.com\/site\/wp-json\/wp\/v2\/media?parent=18094"}],"wp:term":[{"taxonomy":"category","embeddable":true,"href":"https:\/\/correiodasemana.com\/site\/wp-json\/wp\/v2\/categories?post=18094"},{"taxonomy":"post_tag","embeddable":true,"href":"https:\/\/correiodasemana.com\/site\/wp-json\/wp\/v2\/tags?post=18094"}],"curies":[{"name":"wp","href":"https:\/\/api.w.org\/{rel}","templated":true}]}}