{"id":18135,"date":"2021-11-28T21:04:54","date_gmt":"2021-11-29T00:04:54","guid":{"rendered":"https:\/\/correiodasemana.com\/site\/?p=18135"},"modified":"2021-11-28T21:04:54","modified_gmt":"2021-11-29T00:04:54","slug":"como-conviver-com-as-agressoes-verbais-ii","status":"publish","type":"post","link":"https:\/\/correiodasemana.com\/site\/como-conviver-com-as-agressoes-verbais-ii\/","title":{"rendered":"Como conviver com as agress\u00f5es verbais II"},"content":{"rendered":"<p>Vamos falar outra vez sobre a raiva, sobre esse sentimento que todos n\u00f3s temos de vez em quando, sobre as agress\u00f5es verbais que muitas vezes s\u00e3o piores at\u00e9 que uma agress\u00e3o f\u00edsica. Elas incomodam o interior mental das pessoas que podem chegar a ter ang\u00fastia, tormento, agonia, depress\u00e3o. Nessa vida agitada que vivemos temos que aprender a conviver com as pessoas sem que possamos agredi-las verbalmente e, \u00e9 claro, nem pensar agredi-las fisicamente. Devemos ter sempre o cuidado de vivermos em paz conosco para vivermos em paz com as pessoas da nossa conviv\u00eancia.<br \/>\nThomas Jefferson disse a famosa frase: \u201cQuando se est\u00e1 zangado, conte at\u00e9 10 antes de falar. Se estiver muito irritado, v\u00e1 at\u00e9 o 100\u201d. Segundo o professor de comunica\u00e7\u00e3o e psicologia da Universidade de Ohio, Brad Bushman, pessoas irritadas ficam altamente excitadas e acabam dizendo coisas que mais tarde v\u00e3o se arrepender. Ao contar lentamente, a sua press\u00e3o arterial e card\u00edaca t\u00eam a chance de voltar ao normal, diminuindo a excita\u00e7\u00e3o. (terra.com).<br \/>\nEstive numa bienal em Fortaleza e comprei o livro: A \u201cVirtude da Raiva\u201d de Arun Gandhi, neto de Mahatma Gandhi, onde ele aprendeu com o av\u00f4 como driblar a raiva. Recomendo a leitura do livro. Arun, um menino indiano que n\u00e3o sabia controlar a raiva, brigava por qualquer motivo com os amigos. Seu pai ent\u00e3o resolveu lev\u00e1-lo para morar com o seu av\u00f4 Gandhi para aprender a ser uma pessoa pac\u00edfica. Arun conta epis\u00f3dios sensacionais sobre como aprendeu com o l\u00edder da luta pela independ\u00eancia da \u00cdndia.<br \/>\nVeja uma passagem do livro que escolhi para voc\u00ea leitor. \u201cAs palavras podem causar m\u00e1goas irrepar\u00e1veis \u00e0s pessoas que mais dever\u00edamos tratar com gentileza e amor. O que n\u00e3o percebemos \u00e9 que a raiva nos fere tamb\u00e9m. Pense em como voc\u00ea se sente mal quando est\u00e1 insultando algu\u00e9m ou agindo de maneira cruel com outra pessoa. Seu corpo fica tenso e parece que sua mente est\u00e1 pegando fogo. Voc\u00ea fica de, tal forma, consumido pelo descontrole que n\u00e3o consegue pensar em mais nada. A raiva limita a sua vis\u00e3o e tudo o que voc\u00ea consegue enxergar \u00e9 a ofensa do momento. Pode ser que depois voc\u00ea se acalme e volte para pedir desculpas, mas o estrago j\u00e1 est\u00e1 feito. Quando reagimos de maneira impensada e descontrolada, \u00e9 como se estiv\u00e9ssemos disparado um tiro \u2013 n\u00e3o h\u00e1 como voltar atr\u00e1s e colocar as balas de volta na arma. Precisamos lembrar que temos a op\u00e7\u00e3o de responder de maneira diferente\u201d.<br \/>\nMesmo se voc\u00ea n\u00e3o esquecer o incidente, em \u00faltima an\u00e1lise, perdoar uma pessoa que o tenha provocado \u00e9 uma excelente maneira de dominar a raiva. O perd\u00e3o pode ajud\u00e1-lo a parar de ruminar, quando os pensamentos n\u00e3o saem da sua cabe\u00e7a como um pesadelo. \u201cIsso n\u00e3o significa que voc\u00ea tenha de achar que o que o outro lhe fez \u00e9 bem, apenas vai ajudar voc\u00ea a parar de se consumir pela raiva\u201d. (terra.com). Por isso, perdoe e tente esquecer. Por Salmito Campos \u2013 (salmitocamposs@gmail.com).<\/p>\n","protected":false},"excerpt":{"rendered":"<p>Vamos falar outra vez sobre a raiva, sobre esse sentimento que todos n\u00f3s temos de&#8230;<\/p>\n","protected":false},"author":1,"featured_media":17116,"comment_status":"open","ping_status":"open","sticky":false,"template":"","format":"standard","meta":{"_jetpack_memberships_contains_paid_content":false,"footnotes":"","jetpack_publicize_message":"","jetpack_publicize_feature_enabled":true,"jetpack_social_post_already_shared":true,"jetpack_social_options":{"image_generator_settings":{"template":"highway","default_image_id":0,"font":"","enabled":false},"version":2}},"categories":[11,81],"tags":[],"class_list":["post-18135","post","type-post","status-publish","format-standard","has-post-thumbnail","hentry","category-artigos","category-salmito-campos"],"jetpack_publicize_connections":[],"jetpack_featured_media_url":"https:\/\/correiodasemana.com\/site\/wp-content\/uploads\/2021\/08\/Salmito-Campos.jpg","jetpack-related-posts":[{"id":18085,"url":"https:\/\/correiodasemana.com\/site\/como-conviver-com-as-agressoes-verbais\/","url_meta":{"origin":18135,"position":0},"title":"Como conviver com as agress\u00f5es verbais","author":"","date":"Novembro 22, 2021","format":false,"excerpt":"A raiva \u00e9 muito comum na nossa vida. Todos n\u00f3s j\u00e1 tivemos raiva algum dia. Temos raiva at\u00e9 de n\u00f3s mesmos. Ou voc\u00ea nunca teve raiva de si mesmo? Quando fazemos alguma coisa errada, ou quando deixamos de faz\u00ea-la, temos um sentimento de raiva. Quando somos ofendidos por algu\u00e9m com\u2026","rel":"","context":"In &quot;Artigos&quot;","block_context":{"text":"Artigos","link":"https:\/\/correiodasemana.com\/site\/category\/artigos\/"},"img":{"alt_text":"","src":"https:\/\/i0.wp.com\/correiodasemana.com\/site\/wp-content\/uploads\/2021\/08\/Salmito-Campos.jpg?resize=350%2C200&ssl=1","width":350,"height":200,"srcset":"https:\/\/i0.wp.com\/correiodasemana.com\/site\/wp-content\/uploads\/2021\/08\/Salmito-Campos.jpg?resize=350%2C200&ssl=1 1x, https:\/\/i0.wp.com\/correiodasemana.com\/site\/wp-content\/uploads\/2021\/08\/Salmito-Campos.jpg?resize=525%2C300&ssl=1 1.5x, https:\/\/i0.wp.com\/correiodasemana.com\/site\/wp-content\/uploads\/2021\/08\/Salmito-Campos.jpg?resize=700%2C400&ssl=1 2x, https:\/\/i0.wp.com\/correiodasemana.com\/site\/wp-content\/uploads\/2021\/08\/Salmito-Campos.jpg?resize=1050%2C600&ssl=1 3x, https:\/\/i0.wp.com\/correiodasemana.com\/site\/wp-content\/uploads\/2021\/08\/Salmito-Campos.jpg?resize=1400%2C800&ssl=1 4x"},"classes":[]},{"id":28140,"url":"https:\/\/correiodasemana.com\/site\/educacao-e-cidadania-32\/","url_meta":{"origin":18135,"position":1},"title":"EDUCA\u00c7\u00c3O E CIDADANIA \u2022","author":"adminredacao","date":"Janeiro 22, 2024","format":false,"excerpt":"Como conviver com as agress\u00f5es verbais A raiva \u00e9 muito comum na nossa vida. Todos n\u00f3s j\u00e1 tivemos raiva algum dia. Temos raiva at\u00e9 de n\u00f3s mesmos. Ou voc\u00ea nunca teve raiva de si mesmo? Quando fazemos alguma coisa errada, ou quando deixamos de faz\u00ea-la, temos um sentimento de raiva.\u2026","rel":"","context":"In &quot;Artigos&quot;","block_context":{"text":"Artigos","link":"https:\/\/correiodasemana.com\/site\/category\/artigos\/"},"img":{"alt_text":"","src":"https:\/\/i0.wp.com\/correiodasemana.com\/site\/wp-content\/uploads\/2022\/02\/Salmito-Campos-1-scaled.jpg?resize=350%2C200&ssl=1","width":350,"height":200,"srcset":"https:\/\/i0.wp.com\/correiodasemana.com\/site\/wp-content\/uploads\/2022\/02\/Salmito-Campos-1-scaled.jpg?resize=350%2C200&ssl=1 1x, https:\/\/i0.wp.com\/correiodasemana.com\/site\/wp-content\/uploads\/2022\/02\/Salmito-Campos-1-scaled.jpg?resize=525%2C300&ssl=1 1.5x, https:\/\/i0.wp.com\/correiodasemana.com\/site\/wp-content\/uploads\/2022\/02\/Salmito-Campos-1-scaled.jpg?resize=700%2C400&ssl=1 2x, https:\/\/i0.wp.com\/correiodasemana.com\/site\/wp-content\/uploads\/2022\/02\/Salmito-Campos-1-scaled.jpg?resize=1050%2C600&ssl=1 3x, https:\/\/i0.wp.com\/correiodasemana.com\/site\/wp-content\/uploads\/2022\/02\/Salmito-Campos-1-scaled.jpg?resize=1400%2C800&ssl=1 4x"},"classes":[]},{"id":19263,"url":"https:\/\/correiodasemana.com\/site\/fala-com-sabedoria\/","url_meta":{"origin":18135,"position":2},"title":"Fala com sabedoria","author":"","date":"Mar\u00e7o 20, 2022","format":false,"excerpt":"\u201cFala com sabedoria\u201d, preciosa indica\u00e7\u00e3o da literatura sapiencial na tradi\u00e7\u00e3o da Sagrada Escritura, \u00e9 uma arte espiritual e humana que requer dedica\u00e7\u00e3o \u00e0 sua aprendizagem. Uma express\u00e3o que inspira, especialmente, o caminho quaresmal deste ano com a Campanha da Fraternidade 2022, de tema Fraternidade e Educa\u00e7\u00e3o. \u00a0A aprendizagem necess\u00e1ria para\u2026","rel":"","context":"In &quot;A voz do Pastor&quot;","block_context":{"text":"A voz do Pastor","link":"https:\/\/correiodasemana.com\/site\/category\/a-voz-do-pastor\/"},"img":{"alt_text":"","src":"https:\/\/i0.wp.com\/correiodasemana.com\/site\/wp-content\/uploads\/2019\/07\/Dom-Vasconcelos-posses.jpg?resize=350%2C200&ssl=1","width":350,"height":200,"srcset":"https:\/\/i0.wp.com\/correiodasemana.com\/site\/wp-content\/uploads\/2019\/07\/Dom-Vasconcelos-posses.jpg?resize=350%2C200&ssl=1 1x, https:\/\/i0.wp.com\/correiodasemana.com\/site\/wp-content\/uploads\/2019\/07\/Dom-Vasconcelos-posses.jpg?resize=525%2C300&ssl=1 1.5x, https:\/\/i0.wp.com\/correiodasemana.com\/site\/wp-content\/uploads\/2019\/07\/Dom-Vasconcelos-posses.jpg?resize=700%2C400&ssl=1 2x"},"classes":[]},{"id":19473,"url":"https:\/\/correiodasemana.com\/site\/fala-com-sabedoria-2\/","url_meta":{"origin":18135,"position":3},"title":"Fala com sabedoria","author":"","date":"Abril 10, 2022","format":false,"excerpt":"\u201cFala com sabedoria\u201d, preciosa indica\u00e7\u00e3o da literatura sapiencial na tradi\u00e7\u00e3o da Sagrada Escritura, \u00e9 uma arte espiritual e humana que requer dedica\u00e7\u00e3o \u00e0 sua aprendizagem. Uma express\u00e3o que inspira, especialmente, o caminho quaresmal deste ano com a Campanha da Fraternidade 2022, de tema Fraternidade e Educa\u00e7\u00e3o. \u00a0A aprendizagem necess\u00e1ria para\u2026","rel":"","context":"In &quot;A voz do Pastor&quot;","block_context":{"text":"A voz do Pastor","link":"https:\/\/correiodasemana.com\/site\/category\/a-voz-do-pastor\/"},"img":{"alt_text":"","src":"https:\/\/i0.wp.com\/correiodasemana.com\/site\/wp-content\/uploads\/2019\/07\/Dom-Vasconcelos-posses.jpg?resize=350%2C200&ssl=1","width":350,"height":200,"srcset":"https:\/\/i0.wp.com\/correiodasemana.com\/site\/wp-content\/uploads\/2019\/07\/Dom-Vasconcelos-posses.jpg?resize=350%2C200&ssl=1 1x, https:\/\/i0.wp.com\/correiodasemana.com\/site\/wp-content\/uploads\/2019\/07\/Dom-Vasconcelos-posses.jpg?resize=525%2C300&ssl=1 1.5x, https:\/\/i0.wp.com\/correiodasemana.com\/site\/wp-content\/uploads\/2019\/07\/Dom-Vasconcelos-posses.jpg?resize=700%2C400&ssl=1 2x"},"classes":[]},{"id":25749,"url":"https:\/\/correiodasemana.com\/site\/educacao-e-cidadania-7\/","url_meta":{"origin":18135,"position":4},"title":"EDUCA\u00c7\u00c3O E CIDADANIA \u2022","author":"adminredacao","date":"Julho 17, 2023","format":false,"excerpt":"Desenvolva Diariamente a Gratid\u00e3o Sin\u00f4nimos de gratid\u00e3o \u00e9 agradecimento, reconhecimento, gra\u00e7a. Uma das atitudes que podemos exercitar sempre \u00e9 agradecer, \u00e9 dizer um muito obrigado \u00e0s pessoas que nos fizeram algum favor ou mesmo nos deram uma aten\u00e7\u00e3o. Como \u00e9 maravilhoso a gente fazer algum tipo de cortesia a uma\u2026","rel":"","context":"In &quot;Artigos&quot;","block_context":{"text":"Artigos","link":"https:\/\/correiodasemana.com\/site\/category\/artigos\/"},"img":{"alt_text":"","src":"https:\/\/i0.wp.com\/correiodasemana.com\/site\/wp-content\/uploads\/2022\/02\/Salmito-Campos-1-scaled.jpg?resize=350%2C200&ssl=1","width":350,"height":200,"srcset":"https:\/\/i0.wp.com\/correiodasemana.com\/site\/wp-content\/uploads\/2022\/02\/Salmito-Campos-1-scaled.jpg?resize=350%2C200&ssl=1 1x, https:\/\/i0.wp.com\/correiodasemana.com\/site\/wp-content\/uploads\/2022\/02\/Salmito-Campos-1-scaled.jpg?resize=525%2C300&ssl=1 1.5x, https:\/\/i0.wp.com\/correiodasemana.com\/site\/wp-content\/uploads\/2022\/02\/Salmito-Campos-1-scaled.jpg?resize=700%2C400&ssl=1 2x, https:\/\/i0.wp.com\/correiodasemana.com\/site\/wp-content\/uploads\/2022\/02\/Salmito-Campos-1-scaled.jpg?resize=1050%2C600&ssl=1 3x, https:\/\/i0.wp.com\/correiodasemana.com\/site\/wp-content\/uploads\/2022\/02\/Salmito-Campos-1-scaled.jpg?resize=1400%2C800&ssl=1 4x"},"classes":[]},{"id":11125,"url":"https:\/\/correiodasemana.com\/site\/e-para-festejar-o-dia-da-mulher\/","url_meta":{"origin":18135,"position":5},"title":"\u00c9 para festejar o Dia da Mulher?","author":"","date":"Mar\u00e7o 9, 2020","format":false,"excerpt":"por F\u00e1tima Moura Desde 1909 os Estados Unidos seguidos por v\u00e1rios pa\u00edses da Europa encetaram movimentos em prol da institui\u00e7\u00e3o de uma data alusiva aos anseios femininos incluindo direitos civis, a igualdade de g\u00eanero, combate a viol\u00eancia f\u00edsica e psicol\u00f3gica e a explora\u00e7\u00e3o no trabalho. Em 1975, o dia 8\u2026","rel":"","context":"In &quot;Artigos&quot;","block_context":{"text":"Artigos","link":"https:\/\/correiodasemana.com\/site\/category\/artigos\/"},"img":{"alt_text":"","src":"https:\/\/i0.wp.com\/correiodasemana.com\/site\/wp-content\/uploads\/2020\/02\/fatimamoura9.jpg?resize=350%2C200&ssl=1","width":350,"height":200},"classes":[]}],"jetpack_sharing_enabled":true,"_links":{"self":[{"href":"https:\/\/correiodasemana.com\/site\/wp-json\/wp\/v2\/posts\/18135","targetHints":{"allow":["GET"]}}],"collection":[{"href":"https:\/\/correiodasemana.com\/site\/wp-json\/wp\/v2\/posts"}],"about":[{"href":"https:\/\/correiodasemana.com\/site\/wp-json\/wp\/v2\/types\/post"}],"author":[{"embeddable":true,"href":"https:\/\/correiodasemana.com\/site\/wp-json\/wp\/v2\/users\/1"}],"replies":[{"embeddable":true,"href":"https:\/\/correiodasemana.com\/site\/wp-json\/wp\/v2\/comments?post=18135"}],"version-history":[{"count":1,"href":"https:\/\/correiodasemana.com\/site\/wp-json\/wp\/v2\/posts\/18135\/revisions"}],"predecessor-version":[{"id":18136,"href":"https:\/\/correiodasemana.com\/site\/wp-json\/wp\/v2\/posts\/18135\/revisions\/18136"}],"wp:featuredmedia":[{"embeddable":true,"href":"https:\/\/correiodasemana.com\/site\/wp-json\/wp\/v2\/media\/17116"}],"wp:attachment":[{"href":"https:\/\/correiodasemana.com\/site\/wp-json\/wp\/v2\/media?parent=18135"}],"wp:term":[{"taxonomy":"category","embeddable":true,"href":"https:\/\/correiodasemana.com\/site\/wp-json\/wp\/v2\/categories?post=18135"},{"taxonomy":"post_tag","embeddable":true,"href":"https:\/\/correiodasemana.com\/site\/wp-json\/wp\/v2\/tags?post=18135"}],"curies":[{"name":"wp","href":"https:\/\/api.w.org\/{rel}","templated":true}]}}