{"id":18161,"date":"2021-11-28T21:16:15","date_gmt":"2021-11-29T00:16:15","guid":{"rendered":"https:\/\/correiodasemana.com\/site\/?p=18161"},"modified":"2021-11-28T21:16:15","modified_gmt":"2021-11-29T00:16:15","slug":"instalacao-e-posse-da-primeira-diretoria-da-academia-massapeense-de-letras-e-artes","status":"publish","type":"post","link":"https:\/\/correiodasemana.com\/site\/instalacao-e-posse-da-primeira-diretoria-da-academia-massapeense-de-letras-e-artes\/","title":{"rendered":"Instala\u00e7\u00e3o e posse da primeira Diretoria da Academia Massapeense de Letras e Artes\u00a0"},"content":{"rendered":"<p>Por Prof. Luis Lira<br \/>\nCorreio da Semana<\/p>\n<p>Na noite quinta-feira, 25, no Centro de Conven\u00e7\u00f5es Jarbas Aguiar, em Massap\u00ea, aconteceu a instala\u00e7\u00e3o da Academia Massapeense de Letras e Artes, fundada por iniciativa do Acad\u00eamico Francisco Eudes de Sousa, presidente da Entidade. Presentes, autoridades c\u00edveis e eclesi\u00e1sticas e a sociedade massapeense. A mesa foi composta pelo presidente eleito, Eudes de Sousa, pelo presidente da C\u00e2mara Municipal de Massap\u00ea, Francisco Auteri Albuquerque Moura, pelo Bispo Diocesano de Sobral, Dom Jos\u00e9 Luiz Gomes de Vasconcelos e pela Secret\u00e1ria de Educa\u00e7\u00e3o, Sandra Maria Mota do Nascimento. No p\u00fablico, o vig\u00e1rio paroquial de Massap\u00ea,\u00a0Pe. Ronaldo Marques, a Madre Antonieta Portela, acompanhada de religiosas da Congrega\u00e7\u00e3o das Mission\u00e1rias Reparadoras do Cora\u00e7\u00e3o de Jesus e o Prof. Jos\u00e9 Lu\u00eds Lira, professor da UVA e Diretor do Museu Dom Jos\u00e9.<br \/>\nIniciando os trabalhos, foi cantado o Hino Nacional Brasileiro e o Presidente Eudes de Sousa declarou: \u201cInvocando a Prote\u00e7\u00e3o Divina, as B\u00ean\u00e7\u00e3os de Deus, pela intercess\u00e3o de Nossa Senhora do Perp\u00e9tuo Socorro, Padroeira de Massap\u00ea, declaro aberta esta Sess\u00e3o Solene na qual realizaremos a Instala\u00e7\u00e3o, Posse da Diretoria e dos 12 primeiros imortais da Academia Massapeense de Letras e Artes\u201d.<br \/>\nNa sequ\u00eancia anunciou: \u201cConsiderando o contributo dado \u00e0 educa\u00e7\u00e3o e cultura dado ao povo dessa regi\u00e3o pela Diocese de Sobral, tenho a honra de convidar Sua Excel\u00eancia Reverend\u00edssima o Bispo Diocesano de Sobral, Dom Jos\u00e9 Luiz Gomes de Vasconcelos, para dar posse \u00e0 primeira diretoria e conselho desta Academia Massapeense de Letras e Artes\u201d.<br \/>\nUsando da palavra, Dom Vasconcelos afirmou: \u201cMuito honrado, pela defer\u00eancia do Excelent\u00edssimo Senhor Presidente eleito desta Academia, emposso a primeira Diretoria da\u00a0Academia Massapeense de Letras e Artes, composta por:<br \/>\nAcad\u00eamico Francisco Eudes de Sousa \u2013 Presidente; Acad\u00eamico Lucas Monteiro Barbosa \u2013 Vice-Presidente; Acad\u00eamico Francisco Alves Pereira \u2013 1\u00b0 Secret\u00e1rio; Acad\u00eamico Carlos Henriques Barbosa \u2013 2\u00ba Secret\u00e1rio; Acad\u00eamica Maria Marly Lopes Silva \u2013 1\u00aa Tesoureira; Acad\u00eamico Jos\u00e9 Deocleciano de Moura \u2013 2\u00ba Tesoureiro.<br \/>\nConselho:\u00a0Acad\u00eamico Manoel Salvador Marcelo da Silva; Acad\u00eamico Benedito Herculano Costa; Acad\u00eamico Davi Helder de Vasconcelos e Acad\u00eamico Pe. Lucas do Nascimento Moreira\u201d.<br \/>\nFinalmente, Dom Vasconcelos devolveu a presid\u00eancia ao Acad\u00eamico Eudes de Sousa, declarando: \u201cCumpridas as formalidades necess\u00e1rias, declaro empossados os membros da diretoria e do conselho da Academia Massapeense de Letras e Artes para o mandato 2021\/2025, e passo a presid\u00eancia dos trabalhos ao Acad\u00eamico Francisco Eudes de Sousa \u2013 Presidente\u201d.<br \/>\nNa sequ\u00eancia, os acad\u00eamicos fizeram o juramento, assinaram o termo de posse e receberam a pelerine e diploma acad\u00eamico.<br \/>\nDom Jos\u00e9 Luiz Gomes de Vasconcelos, Bispo Diocesano de Sobral e Presidente do Regional da CNBB, foi aclamado S\u00f3cio Benem\u00e9rito da\u00a0Academia Massapeense de Letras e Artes.<br \/>\nO Prof. Dr. Jos\u00e9 Lu\u00eds Ara\u00fajo Lira, fundador de Academias em n\u00edvel Municipal, em Sobral e Fortaleza, e Nacional, diretor do Museu Diocesano Dom Jos\u00e9, recebeu o t\u00edtulo de S\u00f3cio-Honor\u00e1rio, tamb\u00e9m recebido pela\u00a0Reverenda Irm\u00e3 Antonieta Carneiro Portela, Madre Geral da Congrega\u00e7\u00e3o das Mission\u00e1rias Reparadoras do Cora\u00e7\u00e3o de Jesus, fundada pelo sacerdote massapeense, hoje Servo de Deus, Mons. Joaquim Arn\u00f3bio de Andrade que foi homenageado com o Diploma de Honra ao M\u00e9rito.<br \/>\nPostumamente foi homenageado o escritor massapeense Edinardo Silveira, homenagem recebida pelo filho deste e acad\u00eamico Neil Silveira.<br \/>\nProjeto desenvolvido pelo pastor Ednardo, tamb\u00e9m foi homenageado.<br \/>\nFizeram uso da palavra o acad\u00eamico Pe. Lucas Moreira, o acad\u00eamico Neil Silveira, o Pastor Ednardo e, encerrando a solenidade, Sua Excel\u00eancia o Bispo Diocesano Dom Jos\u00e9 Luiz Gomes de Vasconcelos que, tamb\u00e9m, representou o Mons. Jo\u00e3o Batista Frota, na solenidade.<\/p>\n<p><img fetchpriority=\"high\" decoding=\"async\" class=\"alignleft size-medium wp-image-18159\" src=\"https:\/\/correiodasemana.com\/site\/wp-content\/uploads\/2021\/11\/escolhidas-12-300x201.jpg\" alt=\"\" width=\"300\" height=\"201\" srcset=\"https:\/\/correiodasemana.com\/site\/wp-content\/uploads\/2021\/11\/escolhidas-12-300x201.jpg 300w, https:\/\/correiodasemana.com\/site\/wp-content\/uploads\/2021\/11\/escolhidas-12-768x514.jpg 768w, https:\/\/correiodasemana.com\/site\/wp-content\/uploads\/2021\/11\/escolhidas-12.jpg 999w\" sizes=\"(max-width: 300px) 100vw, 300px\" \/> <img decoding=\"async\" class=\"alignleft size-medium wp-image-18158\" src=\"https:\/\/correiodasemana.com\/site\/wp-content\/uploads\/2021\/11\/escolhidas-11-300x201.jpg\" alt=\"\" width=\"300\" height=\"201\" srcset=\"https:\/\/correiodasemana.com\/site\/wp-content\/uploads\/2021\/11\/escolhidas-11-300x201.jpg 300w, https:\/\/correiodasemana.com\/site\/wp-content\/uploads\/2021\/11\/escolhidas-11-768x514.jpg 768w, https:\/\/correiodasemana.com\/site\/wp-content\/uploads\/2021\/11\/escolhidas-11.jpg 999w\" sizes=\"(max-width: 300px) 100vw, 300px\" \/> <img decoding=\"async\" class=\"alignleft size-medium wp-image-18157\" src=\"https:\/\/correiodasemana.com\/site\/wp-content\/uploads\/2021\/11\/escolhidas-10-300x201.jpg\" alt=\"\" width=\"300\" height=\"201\" srcset=\"https:\/\/correiodasemana.com\/site\/wp-content\/uploads\/2021\/11\/escolhidas-10-300x201.jpg 300w, https:\/\/correiodasemana.com\/site\/wp-content\/uploads\/2021\/11\/escolhidas-10-768x514.jpg 768w, https:\/\/correiodasemana.com\/site\/wp-content\/uploads\/2021\/11\/escolhidas-10.jpg 999w\" sizes=\"(max-width: 300px) 100vw, 300px\" \/> <img loading=\"lazy\" decoding=\"async\" class=\"alignleft size-medium wp-image-18156\" src=\"https:\/\/correiodasemana.com\/site\/wp-content\/uploads\/2021\/11\/escolhidas-9-300x201.jpg\" alt=\"\" width=\"300\" height=\"201\" srcset=\"https:\/\/correiodasemana.com\/site\/wp-content\/uploads\/2021\/11\/escolhidas-9-300x201.jpg 300w, https:\/\/correiodasemana.com\/site\/wp-content\/uploads\/2021\/11\/escolhidas-9-768x514.jpg 768w, https:\/\/correiodasemana.com\/site\/wp-content\/uploads\/2021\/11\/escolhidas-9.jpg 999w\" sizes=\"(max-width: 300px) 100vw, 300px\" \/> <img loading=\"lazy\" decoding=\"async\" class=\"alignleft size-medium wp-image-18155\" src=\"https:\/\/correiodasemana.com\/site\/wp-content\/uploads\/2021\/11\/escolhidas-8-300x201.jpg\" alt=\"\" width=\"300\" height=\"201\" srcset=\"https:\/\/correiodasemana.com\/site\/wp-content\/uploads\/2021\/11\/escolhidas-8-300x201.jpg 300w, https:\/\/correiodasemana.com\/site\/wp-content\/uploads\/2021\/11\/escolhidas-8-768x514.jpg 768w, https:\/\/correiodasemana.com\/site\/wp-content\/uploads\/2021\/11\/escolhidas-8.jpg 999w\" sizes=\"(max-width: 300px) 100vw, 300px\" \/> <img loading=\"lazy\" decoding=\"async\" class=\"alignleft size-medium wp-image-18154\" src=\"https:\/\/correiodasemana.com\/site\/wp-content\/uploads\/2021\/11\/escolhidas-7-300x201.jpg\" alt=\"\" width=\"300\" height=\"201\" srcset=\"https:\/\/correiodasemana.com\/site\/wp-content\/uploads\/2021\/11\/escolhidas-7-300x201.jpg 300w, https:\/\/correiodasemana.com\/site\/wp-content\/uploads\/2021\/11\/escolhidas-7-768x514.jpg 768w, https:\/\/correiodasemana.com\/site\/wp-content\/uploads\/2021\/11\/escolhidas-7.jpg 999w\" sizes=\"(max-width: 300px) 100vw, 300px\" \/> <img loading=\"lazy\" decoding=\"async\" class=\"alignleft size-medium wp-image-18153\" src=\"https:\/\/correiodasemana.com\/site\/wp-content\/uploads\/2021\/11\/escolhidas-6-300x201.jpg\" alt=\"\" width=\"300\" height=\"201\" srcset=\"https:\/\/correiodasemana.com\/site\/wp-content\/uploads\/2021\/11\/escolhidas-6-300x201.jpg 300w, https:\/\/correiodasemana.com\/site\/wp-content\/uploads\/2021\/11\/escolhidas-6-768x514.jpg 768w, https:\/\/correiodasemana.com\/site\/wp-content\/uploads\/2021\/11\/escolhidas-6.jpg 999w\" sizes=\"(max-width: 300px) 100vw, 300px\" \/> <img loading=\"lazy\" decoding=\"async\" class=\"alignleft size-medium wp-image-18152\" src=\"https:\/\/correiodasemana.com\/site\/wp-content\/uploads\/2021\/11\/escolhidas-5-300x201.jpg\" alt=\"\" width=\"300\" height=\"201\" srcset=\"https:\/\/correiodasemana.com\/site\/wp-content\/uploads\/2021\/11\/escolhidas-5-300x201.jpg 300w, https:\/\/correiodasemana.com\/site\/wp-content\/uploads\/2021\/11\/escolhidas-5-768x514.jpg 768w, https:\/\/correiodasemana.com\/site\/wp-content\/uploads\/2021\/11\/escolhidas-5.jpg 999w\" sizes=\"(max-width: 300px) 100vw, 300px\" \/> <img loading=\"lazy\" decoding=\"async\" class=\"alignleft size-medium wp-image-18151\" src=\"https:\/\/correiodasemana.com\/site\/wp-content\/uploads\/2021\/11\/escolhidas-4-300x201.jpg\" alt=\"\" width=\"300\" height=\"201\" srcset=\"https:\/\/correiodasemana.com\/site\/wp-content\/uploads\/2021\/11\/escolhidas-4-300x201.jpg 300w, https:\/\/correiodasemana.com\/site\/wp-content\/uploads\/2021\/11\/escolhidas-4-768x514.jpg 768w, https:\/\/correiodasemana.com\/site\/wp-content\/uploads\/2021\/11\/escolhidas-4.jpg 999w\" sizes=\"(max-width: 300px) 100vw, 300px\" \/> <img loading=\"lazy\" decoding=\"async\" class=\"alignleft size-medium wp-image-18150\" src=\"https:\/\/correiodasemana.com\/site\/wp-content\/uploads\/2021\/11\/escolhidas-3-300x201.jpg\" alt=\"\" width=\"300\" height=\"201\" srcset=\"https:\/\/correiodasemana.com\/site\/wp-content\/uploads\/2021\/11\/escolhidas-3-300x201.jpg 300w, https:\/\/correiodasemana.com\/site\/wp-content\/uploads\/2021\/11\/escolhidas-3-768x514.jpg 768w, https:\/\/correiodasemana.com\/site\/wp-content\/uploads\/2021\/11\/escolhidas-3.jpg 999w\" sizes=\"(max-width: 300px) 100vw, 300px\" \/> <img loading=\"lazy\" decoding=\"async\" class=\"alignleft size-medium wp-image-18149\" src=\"https:\/\/correiodasemana.com\/site\/wp-content\/uploads\/2021\/11\/escolhidas-2-300x201.jpg\" alt=\"\" width=\"300\" height=\"201\" srcset=\"https:\/\/correiodasemana.com\/site\/wp-content\/uploads\/2021\/11\/escolhidas-2-300x201.jpg 300w, https:\/\/correiodasemana.com\/site\/wp-content\/uploads\/2021\/11\/escolhidas-2-768x514.jpg 768w, https:\/\/correiodasemana.com\/site\/wp-content\/uploads\/2021\/11\/escolhidas-2.jpg 999w\" sizes=\"(max-width: 300px) 100vw, 300px\" \/> <img loading=\"lazy\" decoding=\"async\" class=\"alignleft size-medium wp-image-18148\" src=\"https:\/\/correiodasemana.com\/site\/wp-content\/uploads\/2021\/11\/escolhidas-1-300x201.jpg\" alt=\"\" width=\"300\" height=\"201\" srcset=\"https:\/\/correiodasemana.com\/site\/wp-content\/uploads\/2021\/11\/escolhidas-1-300x201.jpg 300w, https:\/\/correiodasemana.com\/site\/wp-content\/uploads\/2021\/11\/escolhidas-1-768x514.jpg 768w, https:\/\/correiodasemana.com\/site\/wp-content\/uploads\/2021\/11\/escolhidas-1.jpg 999w\" sizes=\"(max-width: 300px) 100vw, 300px\" \/> <img loading=\"lazy\" decoding=\"async\" class=\"alignleft size-medium wp-image-18147\" src=\"https:\/\/correiodasemana.com\/site\/wp-content\/uploads\/2021\/11\/DSC_4892-300x201.jpg\" alt=\"\" width=\"300\" height=\"201\" srcset=\"https:\/\/correiodasemana.com\/site\/wp-content\/uploads\/2021\/11\/DSC_4892-300x201.jpg 300w, https:\/\/correiodasemana.com\/site\/wp-content\/uploads\/2021\/11\/DSC_4892-768x514.jpg 768w, https:\/\/correiodasemana.com\/site\/wp-content\/uploads\/2021\/11\/DSC_4892.jpg 999w\" sizes=\"(max-width: 300px) 100vw, 300px\" \/><\/p>\n","protected":false},"excerpt":{"rendered":"<p>Por Prof. Luis Lira Correio da Semana Na noite quinta-feira, 25, no Centro de Conven\u00e7\u00f5es&#8230;<\/p>\n","protected":false},"author":1,"featured_media":18147,"comment_status":"open","ping_status":"open","sticky":false,"template":"","format":"standard","meta":{"_jetpack_memberships_contains_paid_content":false,"footnotes":"","jetpack_publicize_message":"","jetpack_publicize_feature_enabled":true,"jetpack_social_post_already_shared":true,"jetpack_social_options":{"image_generator_settings":{"template":"highway","default_image_id":0,"font":"","enabled":false},"version":2}},"categories":[1],"tags":[],"class_list":["post-18161","post","type-post","status-publish","format-standard","has-post-thumbnail","hentry","category-atualidade"],"jetpack_publicize_connections":[],"jetpack_featured_media_url":"https:\/\/correiodasemana.com\/site\/wp-content\/uploads\/2021\/11\/DSC_4892.jpg","jetpack-related-posts":[{"id":16808,"url":"https:\/\/correiodasemana.com\/site\/academia-massapeense-de-letras-e-artes\/","url_meta":{"origin":18161,"position":0},"title":"ACADEMIA MASSAPEENSE DE LETRAS E ARTES","author":"","date":"Junho 21, 2021","format":false,"excerpt":"Uma hist\u00f3ria de luta que se concretizou em Massap\u00ea Aos dez dias de junho de 2021, \u00e0s 20h, na sede da Ma\u00e7onaria, escritores, poetas, jornalistas e artes\u00e3os, em Assembleia Geral Ordin\u00e1ria, fundaram a Academia Massapeense de Letras e Artes. Na ocasi\u00e3o foi eleito para presidente, o jornalista e escritor Eudes\u2026","rel":"","context":"In &quot;Atualidade&quot;","block_context":{"text":"Atualidade","link":"https:\/\/correiodasemana.com\/site\/category\/atualidade\/"},"img":{"alt_text":"","src":"https:\/\/i0.wp.com\/correiodasemana.com\/site\/wp-content\/uploads\/2021\/06\/Eudes-Sousa-presidente-da-Academia-Massapeense-de-Letras-e-Artes.png?resize=350%2C200&ssl=1","width":350,"height":200,"srcset":"https:\/\/i0.wp.com\/correiodasemana.com\/site\/wp-content\/uploads\/2021\/06\/Eudes-Sousa-presidente-da-Academia-Massapeense-de-Letras-e-Artes.png?resize=350%2C200&ssl=1 1x, https:\/\/i0.wp.com\/correiodasemana.com\/site\/wp-content\/uploads\/2021\/06\/Eudes-Sousa-presidente-da-Academia-Massapeense-de-Letras-e-Artes.png?resize=525%2C300&ssl=1 1.5x"},"classes":[]},{"id":31326,"url":"https:\/\/correiodasemana.com\/site\/a-academia-massapeense-de-letras-e-artes-celebra-a-posse-de-novos-academicos-em-noite-de-emocao-e-cultura\/","url_meta":{"origin":18161,"position":1},"title":"A Academia Massapeense de Letras e Artes celebra a posse de novos acad\u00eamicos em noite de emo\u00e7\u00e3o e cultura","author":"adminredacao","date":"Novembro 3, 2024","format":false,"excerpt":"Na noite de quarta-feira, 30 de outubro, o Centro de Conven\u00e7\u00f5es Jarbas Aguiar, em Massap\u00ea, foi palco de uma sess\u00e3o solene que deu reuniu familiares, amigos, autoridades locais e personalidades da cultura para dar as boas-vindas aos novos acad\u00eamicos da Academia Massapeense de Letras e Artes. A cerim\u00f4nia foi aberta\u2026","rel":"","context":"In &quot;Atualidade&quot;","block_context":{"text":"Atualidade","link":"https:\/\/correiodasemana.com\/site\/category\/atualidade\/"},"img":{"alt_text":"","src":"https:\/\/i0.wp.com\/correiodasemana.com\/site\/wp-content\/uploads\/2024\/11\/WhatsApp-Image-2024-10-31-at-20.25.23-scaled.jpeg?resize=350%2C200&ssl=1","width":350,"height":200,"srcset":"https:\/\/i0.wp.com\/correiodasemana.com\/site\/wp-content\/uploads\/2024\/11\/WhatsApp-Image-2024-10-31-at-20.25.23-scaled.jpeg?resize=350%2C200&ssl=1 1x, https:\/\/i0.wp.com\/correiodasemana.com\/site\/wp-content\/uploads\/2024\/11\/WhatsApp-Image-2024-10-31-at-20.25.23-scaled.jpeg?resize=525%2C300&ssl=1 1.5x, https:\/\/i0.wp.com\/correiodasemana.com\/site\/wp-content\/uploads\/2024\/11\/WhatsApp-Image-2024-10-31-at-20.25.23-scaled.jpeg?resize=700%2C400&ssl=1 2x, https:\/\/i0.wp.com\/correiodasemana.com\/site\/wp-content\/uploads\/2024\/11\/WhatsApp-Image-2024-10-31-at-20.25.23-scaled.jpeg?resize=1050%2C600&ssl=1 3x, https:\/\/i0.wp.com\/correiodasemana.com\/site\/wp-content\/uploads\/2024\/11\/WhatsApp-Image-2024-10-31-at-20.25.23-scaled.jpeg?resize=1400%2C800&ssl=1 4x"},"classes":[]},{"id":20334,"url":"https:\/\/correiodasemana.com\/site\/academia-massapeense-de-letras-e-artes-empossa-novos-membros\/","url_meta":{"origin":18161,"position":2},"title":"Academia Massapeense de Letras e Artes empossa novos membros","author":"","date":"Julho 3, 2022","format":false,"excerpt":"Um bem cultural que se transmite de gera\u00e7\u00e3o a gera\u00e7\u00e3o, foram empossados os novos membros na Academia Massapeense de Letras e Artes, no dia 23 de junho, onde na oportunidade foram saudados pelo acad\u00eamico Francisco Alves Pereira. Em suas primeiras palavras fez um passeio pela hist\u00f3ria das intelectualidades nas Academias,\u2026","rel":"","context":"In &quot;Atualidade&quot;","block_context":{"text":"Atualidade","link":"https:\/\/correiodasemana.com\/site\/category\/atualidade\/"},"img":{"alt_text":"","src":"https:\/\/i0.wp.com\/correiodasemana.com\/site\/wp-content\/uploads\/2022\/07\/academia-massape.jpg?resize=350%2C200&ssl=1","width":350,"height":200,"srcset":"https:\/\/i0.wp.com\/correiodasemana.com\/site\/wp-content\/uploads\/2022\/07\/academia-massape.jpg?resize=350%2C200&ssl=1 1x, https:\/\/i0.wp.com\/correiodasemana.com\/site\/wp-content\/uploads\/2022\/07\/academia-massape.jpg?resize=525%2C300&ssl=1 1.5x, https:\/\/i0.wp.com\/correiodasemana.com\/site\/wp-content\/uploads\/2022\/07\/academia-massape.jpg?resize=700%2C400&ssl=1 2x"},"classes":[]},{"id":17291,"url":"https:\/\/correiodasemana.com\/site\/professora-marly-lopes-fez-aniversario\/","url_meta":{"origin":18161,"position":3},"title":"PROFESSORA MARLY LOPES FEZ ANIVERS\u00c1RIO","author":"","date":"Agosto 23, 2021","format":false,"excerpt":"A professora Marly Lopes, Diretora do NEJA - N\u00facleo de Educa\u00e7\u00e3o de Jovens e Adultos da cidade de Massap\u00ea, e membro eleita da Academia Massapeense de Letras e Artes, foi recebida com uma grande homenagem, no dia do seu anivers\u00e1rio, 16 de agosto, pelos professores e funcion\u00e1rios do NEJA, que\u2026","rel":"","context":"In &quot;Atualidade&quot;","block_context":{"text":"Atualidade","link":"https:\/\/correiodasemana.com\/site\/category\/atualidade\/"},"img":{"alt_text":"","src":"https:\/\/i0.wp.com\/correiodasemana.com\/site\/wp-content\/uploads\/2021\/08\/alunos-e-professores.png?resize=350%2C200&ssl=1","width":350,"height":200,"srcset":"https:\/\/i0.wp.com\/correiodasemana.com\/site\/wp-content\/uploads\/2021\/08\/alunos-e-professores.png?resize=350%2C200&ssl=1 1x, https:\/\/i0.wp.com\/correiodasemana.com\/site\/wp-content\/uploads\/2021\/08\/alunos-e-professores.png?resize=525%2C300&ssl=1 1.5x, https:\/\/i0.wp.com\/correiodasemana.com\/site\/wp-content\/uploads\/2021\/08\/alunos-e-professores.png?resize=700%2C400&ssl=1 2x, https:\/\/i0.wp.com\/correiodasemana.com\/site\/wp-content\/uploads\/2021\/08\/alunos-e-professores.png?resize=1050%2C600&ssl=1 3x, https:\/\/i0.wp.com\/correiodasemana.com\/site\/wp-content\/uploads\/2021\/08\/alunos-e-professores.png?resize=1400%2C800&ssl=1 4x"},"classes":[]},{"id":18492,"url":"https:\/\/correiodasemana.com\/site\/uma-academia-de-letras-e-artes-em-massape\/","url_meta":{"origin":18161,"position":4},"title":"UMA ACADEMIA DE LETRAS E ARTES EM MASSAP\u00ca","author":"","date":"Janeiro 10, 2022","format":false,"excerpt":"EUDES DE SOUSA Sa\u00ed das terras onde canta o Sabi\u00e1, l\u00e1 vivi parte de minha vida, onde o meu jornalismo sobre o social, ainda \u00e9 ecoado pelas centen\u00e1rias sacadas de ferros, que guardam a \u201cCan\u00e7\u00e3o do Ex\u00edlio\u201d, de Gon\u00e7alves Dias. Hoje, estou em terras onde canta a Jandaia, aos p\u00e9s\u2026","rel":"","context":"In &quot;Atualidade&quot;","block_context":{"text":"Atualidade","link":"https:\/\/correiodasemana.com\/site\/category\/atualidade\/"},"img":{"alt_text":"","src":"https:\/\/i0.wp.com\/correiodasemana.com\/site\/wp-content\/uploads\/2022\/01\/uma-academia-de-letras-em-masape-scaled.jpg?resize=350%2C200&ssl=1","width":350,"height":200,"srcset":"https:\/\/i0.wp.com\/correiodasemana.com\/site\/wp-content\/uploads\/2022\/01\/uma-academia-de-letras-em-masape-scaled.jpg?resize=350%2C200&ssl=1 1x, https:\/\/i0.wp.com\/correiodasemana.com\/site\/wp-content\/uploads\/2022\/01\/uma-academia-de-letras-em-masape-scaled.jpg?resize=525%2C300&ssl=1 1.5x, https:\/\/i0.wp.com\/correiodasemana.com\/site\/wp-content\/uploads\/2022\/01\/uma-academia-de-letras-em-masape-scaled.jpg?resize=700%2C400&ssl=1 2x, https:\/\/i0.wp.com\/correiodasemana.com\/site\/wp-content\/uploads\/2022\/01\/uma-academia-de-letras-em-masape-scaled.jpg?resize=1050%2C600&ssl=1 3x, https:\/\/i0.wp.com\/correiodasemana.com\/site\/wp-content\/uploads\/2022\/01\/uma-academia-de-letras-em-masape-scaled.jpg?resize=1400%2C800&ssl=1 4x"},"classes":[]},{"id":25527,"url":"https:\/\/correiodasemana.com\/site\/um-desafio-cultural\/","url_meta":{"origin":18161,"position":5},"title":"UM DESAFIO CULTURAL","author":"adminredacao","date":"Julho 3, 2023","format":false,"excerpt":"EUDES DE SOUSA Acreditamos que depois do \u201cI Encontro das Academias de Letras da Regi\u00e3o\u201d, em Massap\u00ea, possamos, atrav\u00e9s da participa\u00e7\u00e3o da Academia Massapeense de Letras e Artes, Academia Sobralense de Estudos e Letras, AcademiaForquilhense de Letras e Artes e Academia Groa\u00edrense de Letras, de coopera\u00e7\u00e3o e compartilhamento de conhecimento,\u2026","rel":"","context":"In &quot;Artigos&quot;","block_context":{"text":"Artigos","link":"https:\/\/correiodasemana.com\/site\/category\/artigos\/"},"img":{"alt_text":"","src":"https:\/\/i0.wp.com\/correiodasemana.com\/site\/wp-content\/uploads\/2021\/06\/Eudes-Sousa-presidente-da-Academia-Massapeense-de-Letras-e-Artes2.png?resize=350%2C200&ssl=1","width":350,"height":200,"srcset":"https:\/\/i0.wp.com\/correiodasemana.com\/site\/wp-content\/uploads\/2021\/06\/Eudes-Sousa-presidente-da-Academia-Massapeense-de-Letras-e-Artes2.png?resize=350%2C200&ssl=1 1x, https:\/\/i0.wp.com\/correiodasemana.com\/site\/wp-content\/uploads\/2021\/06\/Eudes-Sousa-presidente-da-Academia-Massapeense-de-Letras-e-Artes2.png?resize=525%2C300&ssl=1 1.5x"},"classes":[]}],"jetpack_sharing_enabled":true,"_links":{"self":[{"href":"https:\/\/correiodasemana.com\/site\/wp-json\/wp\/v2\/posts\/18161","targetHints":{"allow":["GET"]}}],"collection":[{"href":"https:\/\/correiodasemana.com\/site\/wp-json\/wp\/v2\/posts"}],"about":[{"href":"https:\/\/correiodasemana.com\/site\/wp-json\/wp\/v2\/types\/post"}],"author":[{"embeddable":true,"href":"https:\/\/correiodasemana.com\/site\/wp-json\/wp\/v2\/users\/1"}],"replies":[{"embeddable":true,"href":"https:\/\/correiodasemana.com\/site\/wp-json\/wp\/v2\/comments?post=18161"}],"version-history":[{"count":1,"href":"https:\/\/correiodasemana.com\/site\/wp-json\/wp\/v2\/posts\/18161\/revisions"}],"predecessor-version":[{"id":18162,"href":"https:\/\/correiodasemana.com\/site\/wp-json\/wp\/v2\/posts\/18161\/revisions\/18162"}],"wp:featuredmedia":[{"embeddable":true,"href":"https:\/\/correiodasemana.com\/site\/wp-json\/wp\/v2\/media\/18147"}],"wp:attachment":[{"href":"https:\/\/correiodasemana.com\/site\/wp-json\/wp\/v2\/media?parent=18161"}],"wp:term":[{"taxonomy":"category","embeddable":true,"href":"https:\/\/correiodasemana.com\/site\/wp-json\/wp\/v2\/categories?post=18161"},{"taxonomy":"post_tag","embeddable":true,"href":"https:\/\/correiodasemana.com\/site\/wp-json\/wp\/v2\/tags?post=18161"}],"curies":[{"name":"wp","href":"https:\/\/api.w.org\/{rel}","templated":true}]}}